{"id":39456,"date":"2021-02-04T21:04:49","date_gmt":"2021-02-04T20:04:49","guid":{"rendered":"https:\/\/vosgesinfo.fr\/saintdieinfo\/2021\/02\/point-travaux-de-renovation-de-lecole-baldensperger\/"},"modified":"2021-02-04T21:04:49","modified_gmt":"2021-02-04T20:04:49","slug":"point-travaux-de-renovation-de-lecole-baldensperger","status":"publish","type":"post","link":"https:\/\/vosgesinfo.fr\/saintdieinfo\/2021\/02\/point-travaux-de-renovation-de-lecole-baldensperger\/","title":{"rendered":"Le point sur les travaux de r\u00e9novation de l&rsquo;\u00e9cole Baldensperger"},"content":{"rendered":"<div id=\"attachment_166359\" style=\"width: 810px\" class=\"wp-caption aligncenter\"><a href=\"\/2021\/02\/Point_Travaux_Ecole_Baldensperger-2.jpg\" target=\"_blank\" rel=\"noopener\"><img decoding=\"async\" aria-describedby=\"caption-attachment-166359\" class=\"wp-image-166359 size-full\" src=\"\/2021\/02\/Point_Travaux_Ecole_Baldensperger-2.jpg\" alt=\"Point_Travaux_Ecole_Baldensperger (2)\" width=\"800\" height=\"534\" \/><\/a><p id=\"caption-attachment-166359\" class=\"wp-caption-text\">(Photographies Marc Fourniquet)<\/p><\/div>\n<h2><span style=\"font-size: 14pt;\"><strong>Dans la nuit du 9 f\u00e9vrier 2020, la temp\u00eate Ciara avait emport\u00e9 le toit du b\u00e2timent Est de l&rsquo;\u00e9cole Fernand-Baldensperge du quartier Saint-Roch, entra\u00eenant de nombreux d\u00e9g\u00e2ts \u00e0 l&rsquo;int\u00e9rieur. Ce jeudi en fin de journ\u00e9e, le maire David Valence a fait le point sur les travaux de r\u00e9novation de ce b\u00e2timent, d\u00e9but\u00e9s le 25 janvier dernier, en pr\u00e9sence de l&rsquo;adjointe \u00e0 l&rsquo;Education Boury Seck, de l&rsquo;adjoint aux Travaux Patrick Zanchetta, de l&rsquo;inspecteur d&rsquo;acad\u00e9mie Yann Kehl, et de Isabelle Nowakowski, directrice du groupe scolaire.<br \/>\n<\/strong><\/span><\/h2>\n<p><!--more--><\/p>\n<p><em>\u00ab\u00a0La Ville a souhait\u00e9 r\u00e9nover ce b\u00e2timent de fa\u00e7on exemplaire afin d&rsquo;am\u00e9liorer la qualit\u00e9 d&rsquo;accueil des \u00e9l\u00e8ves et des enseignants, notamment en termes d&rsquo;acoustique, par des plafonds et des cloisons anti-bruit, mais aussi l&rsquo;efficacit\u00e9 \u00e9nerg\u00e9tique du b\u00e2timent en isolant compl\u00e8tement son enveloppe, en ajoutant une centrale d&rsquo;aire double-flux et surtout en ajoutant une pompe \u00e0 chaleur qui permettra de chauffer l&rsquo;ensemble de l&rsquo;\u00e9cole \u00e0 moindre co\u00fbt.\u00a0\u00bb <\/em>Le montant global de la r\u00e9novation, y compris les diff\u00e9rents bureaux, est de 623 982 \u20ac HT soit 748 778,40 \u20ac TTC.<\/p>\n<p>Ce projet men\u00e9 par le bureau d&rsquo;\u00e9tude mutualis\u00e9 de la communaut\u00e9 d&rsquo;agglom\u00e9ration de Saint-Di\u00e9-des-Vosges b\u00e9n\u00e9ficie de subventions. A savoir une subvention maximum possible de 21 816 \u20ac TTC au titre du programme Climaxion, et une subvention \u00e0 hauteur de 40% du fond de soutien \u00e0 l&rsquo;investissement local, qui s&rsquo;inscrit dans le cadre du Grand Plan d&rsquo;Investissement 2020.<\/p>\n<p>Les travaux partag\u00e9s en 12 lots, dont la livraison est pr\u00e9vue en juillet 2021 ont \u00e9t\u00e9 confi\u00e9s \u00e0 des entreprises locales. Cet apr\u00e8s-midi, le maire David Valence a \u00e9galement indiqu\u00e9 que les travaux de v\u00e9g\u00e9talisation des cours d&rsquo;\u00e9cole d\u00e9buteraient en 2022 avec la m\u00eame \u00e9cole Fernand Baldensperger.<\/p>\n\n","protected":false},"excerpt":{"rendered":"<p>Dans la nuit du 9 f\u00e9vrier 2020, la temp\u00eate Ciara avait emport\u00e9 le toit du b\u00e2timent Est de l&rsquo;\u00e9cole Fernand-Baldensperge [&hellip;]<\/p>\n","protected":false},"author":44,"featured_media":39457,"comment_status":"open","ping_status":"open","sticky":false,"template":"","format":"standard","meta":{"footnotes":""},"categories":[460,6,2915],"tags":[7289,3121,7907],"class_list":["post-39456","post","type-post","status-publish","format-standard","has-post-thumbnail","hentry","category-a-la-une","category-education","category-saint-die-son-canton","tag-ecole-baldensperger","tag-quartier-saint-roch","tag-travaux-de-renovation"],"acf":[],"yoast_head":"<!-- This site is optimized with the Yoast SEO plugin v22.5 - https:\/\/yoast.com\/wordpress\/plugins\/seo\/ -->\n<title>Le point sur les travaux de r\u00e9novation de l&#039;\u00e9cole Baldensperger - Saint Die Info<\/title>\n<meta name=\"robots\" content=\"index, follow, max-snippet:-1, max-image-preview:large, max-video-preview:-1\" \/>\n<link rel=\"canonical\" href=\"https:\/\/vosgesinfo.fr\/saintdieinfo\/2021\/02\/point-travaux-de-renovation-de-lecole-baldensperger\/\" \/>\n<meta name=\"twitter:card\" content=\"summary_large_image\" \/>\n<meta name=\"twitter:title\" content=\"Le point sur les travaux de r\u00e9novation de l&#039;\u00e9cole Baldensperger - Saint Die Info\" \/>\n<meta name=\"twitter:description\" content=\"Dans la nuit du 9 f\u00e9vrier 2020, la temp\u00eate Ciara avait emport\u00e9 le toit du b\u00e2timent Est de l&rsquo;\u00e9cole Fernand-Baldensperge [&hellip;]\" \/>\n<meta name=\"twitter:image\" content=\"https:\/\/vosgesinfo.fr\/app\/uploads\/sites\/4\/2024\/08\/202102point-travaux-ecole-baldensperger-2.jpg\" \/>\n<meta name=\"twitter:creator\" content=\"@VosgesInfo88\" \/>\n<meta name=\"twitter:site\" content=\"@VosgesInfo88\" \/>\n<meta name=\"twitter:label1\" content=\"\u00c9crit par\" \/>\n\t<meta name=\"twitter:data1\" content=\"la r\u00e9daction\" \/>\n\t<meta name=\"twitter:label2\" content=\"Dur\u00e9e de lecture estim\u00e9e\" \/>\n\t<meta name=\"twitter:data2\" content=\"2 minutes\" \/>\n<script type=\"application\/ld+json\" class=\"yoast-schema-graph\">{\"@context\":\"https:\/\/schema.org\",\"@graph\":[{\"@type\":\"Article\",\"@id\":\"https:\/\/vosgesinfo.fr\/saintdieinfo\/2021\/02\/point-travaux-de-renovation-de-lecole-baldensperger\/#article\",\"isPartOf\":{\"@id\":\"https:\/\/vosgesinfo.fr\/saintdieinfo\/2021\/02\/point-travaux-de-renovation-de-lecole-baldensperger\/\"},\"author\":{\"name\":\"la r\u00e9daction\",\"@id\":\"https:\/\/vosgesinfo.fr\/saintdieinfo\/#\/schema\/person\/faee6704a21f3977511db84bd1cd450f\"},\"headline\":\"Le point sur les travaux de r\u00e9novation de l&rsquo;\u00e9cole Baldensperger\",\"datePublished\":\"2021-02-04T20:04:49+00:00\",\"dateModified\":\"2021-02-04T20:04:49+00:00\",\"mainEntityOfPage\":{\"@id\":\"https:\/\/vosgesinfo.fr\/saintdieinfo\/2021\/02\/point-travaux-de-renovation-de-lecole-baldensperger\/\"},\"wordCount\":336,\"commentCount\":0,\"publisher\":{\"@id\":\"https:\/\/vosgesinfo.fr\/saintdieinfo\/#organization\"},\"image\":{\"@id\":\"https:\/\/vosgesinfo.fr\/saintdieinfo\/2021\/02\/point-travaux-de-renovation-de-lecole-baldensperger\/#primaryimage\"},\"thumbnailUrl\":\"https:\/\/vosgesinfo.fr\/app\/uploads\/sites\/4\/2024\/08\/202102point-travaux-ecole-baldensperger-2.jpg\",\"keywords\":[\"Ecole Baldensperger\",\"Quartier Saint-Roch\",\"Travaux de r\u00e9novation\"],\"articleSection\":[\"A la Une\",\"\u00c9ducation\",\"Saint-Di\u00e9-des-Vosges et son Agglom\u00e9ration\"],\"inLanguage\":\"fr-FR\",\"potentialAction\":[{\"@type\":\"CommentAction\",\"name\":\"Comment\",\"target\":[\"https:\/\/vosgesinfo.fr\/saintdieinfo\/2021\/02\/point-travaux-de-renovation-de-lecole-baldensperger\/#respond\"]}]},{\"@type\":\"WebPage\",\"@id\":\"https:\/\/vosgesinfo.fr\/saintdieinfo\/2021\/02\/point-travaux-de-renovation-de-lecole-baldensperger\/\",\"url\":\"https:\/\/vosgesinfo.fr\/saintdieinfo\/2021\/02\/point-travaux-de-renovation-de-lecole-baldensperger\/\",\"name\":\"Le point sur les travaux de r\u00e9novation de l'\u00e9cole Baldensperger - Saint Die Info\",\"isPartOf\":{\"@id\":\"https:\/\/vosgesinfo.fr\/saintdieinfo\/#website\"},\"primaryImageOfPage\":{\"@id\":\"https:\/\/vosgesinfo.fr\/saintdieinfo\/2021\/02\/point-travaux-de-renovation-de-lecole-baldensperger\/#primaryimage\"},\"image\":{\"@id\":\"https:\/\/vosgesinfo.fr\/saintdieinfo\/2021\/02\/point-travaux-de-renovation-de-lecole-baldensperger\/#primaryimage\"},\"thumbnailUrl\":\"https:\/\/vosgesinfo.fr\/app\/uploads\/sites\/4\/2024\/08\/202102point-travaux-ecole-baldensperger-2.jpg\",\"datePublished\":\"2021-02-04T20:04:49+00:00\",\"dateModified\":\"2021-02-04T20:04:49+00:00\",\"breadcrumb\":{\"@id\":\"https:\/\/vosgesinfo.fr\/saintdieinfo\/2021\/02\/point-travaux-de-renovation-de-lecole-baldensperger\/#breadcrumb\"},\"inLanguage\":\"fr-FR\",\"potentialAction\":[{\"@type\":\"ReadAction\",\"target\":[\"https:\/\/vosgesinfo.fr\/saintdieinfo\/2021\/02\/point-travaux-de-renovation-de-lecole-baldensperger\/\"]}]},{\"@type\":\"ImageObject\",\"inLanguage\":\"fr-FR\",\"@id\":\"https:\/\/vosgesinfo.fr\/saintdieinfo\/2021\/02\/point-travaux-de-renovation-de-lecole-baldensperger\/#primaryimage\",\"url\":\"https:\/\/vosgesinfo.fr\/app\/uploads\/sites\/4\/2024\/08\/202102point-travaux-ecole-baldensperger-2.jpg\",\"contentUrl\":\"https:\/\/vosgesinfo.fr\/app\/uploads\/sites\/4\/2024\/08\/202102point-travaux-ecole-baldensperger-2.jpg\",\"width\":800,\"height\":534},{\"@type\":\"BreadcrumbList\",\"@id\":\"https:\/\/vosgesinfo.fr\/saintdieinfo\/2021\/02\/point-travaux-de-renovation-de-lecole-baldensperger\/#breadcrumb\",\"itemListElement\":[{\"@type\":\"ListItem\",\"position\":1,\"name\":\"Home\",\"item\":\"https:\/\/vosgesinfo.fr\/saintdieinfo\/\"},{\"@type\":\"ListItem\",\"position\":2,\"name\":\"Le point sur les travaux de r\u00e9novation de l&rsquo;\u00e9cole Baldensperger\"}]},{\"@type\":\"WebSite\",\"@id\":\"https:\/\/vosgesinfo.fr\/saintdieinfo\/#website\",\"url\":\"https:\/\/vosgesinfo.fr\/saintdieinfo\/\",\"name\":\"Saint Die Info\",\"description\":\"Toute l&#039;actualit\u00e9 de Saint-Di\u00e9-Des-Vosges\",\"publisher\":{\"@id\":\"https:\/\/vosgesinfo.fr\/saintdieinfo\/#organization\"},\"alternateName\":\"Toute l'actualit\u00e9 de Saint-Di\u00e9-Des-Vosges\",\"potentialAction\":[{\"@type\":\"SearchAction\",\"target\":{\"@type\":\"EntryPoint\",\"urlTemplate\":\"https:\/\/vosgesinfo.fr\/saintdieinfo\/?s={search_term_string}\"},\"query-input\":\"required name=search_term_string\"}],\"inLanguage\":\"fr-FR\"},{\"@type\":\"Organization\",\"@id\":\"https:\/\/vosgesinfo.fr\/saintdieinfo\/#organization\",\"name\":\"Saint Die Info\",\"url\":\"https:\/\/vosgesinfo.fr\/saintdieinfo\/\",\"logo\":{\"@type\":\"ImageObject\",\"inLanguage\":\"fr-FR\",\"@id\":\"https:\/\/vosgesinfo.fr\/saintdieinfo\/#\/schema\/logo\/image\/\",\"url\":\"https:\/\/vosgesinfo.fr\/app\/uploads\/sites\/4\/2024\/02\/logo-sdi.jpg\",\"contentUrl\":\"https:\/\/vosgesinfo.fr\/app\/uploads\/sites\/4\/2024\/02\/logo-sdi.jpg\",\"width\":600,\"height\":600,\"caption\":\"Saint Die Info\"},\"image\":{\"@id\":\"https:\/\/vosgesinfo.fr\/saintdieinfo\/#\/schema\/logo\/image\/\"},\"sameAs\":[\"https:\/\/www.facebook.com\/Saintdieinfofr\",\"https:\/\/x.com\/VosgesInfo88\",\"https:\/\/www.youtube.com\/@vosgesinfo\"]},{\"@type\":\"Person\",\"@id\":\"https:\/\/vosgesinfo.fr\/saintdieinfo\/#\/schema\/person\/faee6704a21f3977511db84bd1cd450f\",\"name\":\"la r\u00e9daction\",\"image\":{\"@type\":\"ImageObject\",\"inLanguage\":\"fr-FR\",\"@id\":\"https:\/\/vosgesinfo.fr\/saintdieinfo\/#\/schema\/person\/image\/\",\"url\":\"https:\/\/secure.gravatar.com\/avatar\/6673d8bc6a9c17fa9a453eaa3448de834fa308c2ec9635b7aa99441a7c8d2cf6?s=96&d=mm&r=g\",\"contentUrl\":\"https:\/\/secure.gravatar.com\/avatar\/6673d8bc6a9c17fa9a453eaa3448de834fa308c2ec9635b7aa99441a7c8d2cf6?s=96&d=mm&r=g\",\"caption\":\"la r\u00e9daction\"},\"url\":\"https:\/\/vosgesinfo.fr\/saintdieinfo\/author\/redac\/\"}]}<\/script>\n<!-- \/ Yoast SEO plugin. -->","yoast_head_json":{"title":"Le point sur les travaux de r\u00e9novation de l'\u00e9cole Baldensperger - Saint Die Info","robots":{"index":"index","follow":"follow","max-snippet":"max-snippet:-1","max-image-preview":"max-image-preview:large","max-video-preview":"max-video-preview:-1"},"canonical":"https:\/\/vosgesinfo.fr\/saintdieinfo\/2021\/02\/point-travaux-de-renovation-de-lecole-baldensperger\/","twitter_card":"summary_large_image","twitter_title":"Le point sur les travaux de r\u00e9novation de l'\u00e9cole Baldensperger - Saint Die Info","twitter_description":"Dans la nuit du 9 f\u00e9vrier 2020, la temp\u00eate Ciara avait emport\u00e9 le toit du b\u00e2timent Est de l&rsquo;\u00e9cole Fernand-Baldensperge [&hellip;]","twitter_image":"https:\/\/vosgesinfo.fr\/app\/uploads\/sites\/4\/2024\/08\/202102point-travaux-ecole-baldensperger-2.jpg","twitter_creator":"@VosgesInfo88","twitter_site":"@VosgesInfo88","twitter_misc":{"\u00c9crit par":"la r\u00e9daction","Dur\u00e9e de lecture estim\u00e9e":"2 minutes"},"schema":{"@context":"https:\/\/schema.org","@graph":[{"@type":"Article","@id":"https:\/\/vosgesinfo.fr\/saintdieinfo\/2021\/02\/point-travaux-de-renovation-de-lecole-baldensperger\/#article","isPartOf":{"@id":"https:\/\/vosgesinfo.fr\/saintdieinfo\/2021\/02\/point-travaux-de-renovation-de-lecole-baldensperger\/"},"author":{"name":"la r\u00e9daction","@id":"https:\/\/vosgesinfo.fr\/saintdieinfo\/#\/schema\/person\/faee6704a21f3977511db84bd1cd450f"},"headline":"Le point sur les travaux de r\u00e9novation de l&rsquo;\u00e9cole Baldensperger","datePublished":"2021-02-04T20:04:49+00:00","dateModified":"2021-02-04T20:04:49+00:00","mainEntityOfPage":{"@id":"https:\/\/vosgesinfo.fr\/saintdieinfo\/2021\/02\/point-travaux-de-renovation-de-lecole-baldensperger\/"},"wordCount":336,"commentCount":0,"publisher":{"@id":"https:\/\/vosgesinfo.fr\/saintdieinfo\/#organization"},"image":{"@id":"https:\/\/vosgesinfo.fr\/saintdieinfo\/2021\/02\/point-travaux-de-renovation-de-lecole-baldensperger\/#primaryimage"},"thumbnailUrl":"https:\/\/vosgesinfo.fr\/app\/uploads\/sites\/4\/2024\/08\/202102point-travaux-ecole-baldensperger-2.jpg","keywords":["Ecole Baldensperger","Quartier Saint-Roch","Travaux de r\u00e9novation"],"articleSection":["A la Une","\u00c9ducation","Saint-Di\u00e9-des-Vosges et son Agglom\u00e9ration"],"inLanguage":"fr-FR","potentialAction":[{"@type":"CommentAction","name":"Comment","target":["https:\/\/vosgesinfo.fr\/saintdieinfo\/2021\/02\/point-travaux-de-renovation-de-lecole-baldensperger\/#respond"]}]},{"@type":"WebPage","@id":"https:\/\/vosgesinfo.fr\/saintdieinfo\/2021\/02\/point-travaux-de-renovation-de-lecole-baldensperger\/","url":"https:\/\/vosgesinfo.fr\/saintdieinfo\/2021\/02\/point-travaux-de-renovation-de-lecole-baldensperger\/","name":"Le point sur les travaux de r\u00e9novation de l'\u00e9cole Baldensperger - Saint Die Info","isPartOf":{"@id":"https:\/\/vosgesinfo.fr\/saintdieinfo\/#website"},"primaryImageOfPage":{"@id":"https:\/\/vosgesinfo.fr\/saintdieinfo\/2021\/02\/point-travaux-de-renovation-de-lecole-baldensperger\/#primaryimage"},"image":{"@id":"https:\/\/vosgesinfo.fr\/saintdieinfo\/2021\/02\/point-travaux-de-renovation-de-lecole-baldensperger\/#primaryimage"},"thumbnailUrl":"https:\/\/vosgesinfo.fr\/app\/uploads\/sites\/4\/2024\/08\/202102point-travaux-ecole-baldensperger-2.jpg","datePublished":"2021-02-04T20:04:49+00:00","dateModified":"2021-02-04T20:04:49+00:00","breadcrumb":{"@id":"https:\/\/vosgesinfo.fr\/saintdieinfo\/2021\/02\/point-travaux-de-renovation-de-lecole-baldensperger\/#breadcrumb"},"inLanguage":"fr-FR","potentialAction":[{"@type":"ReadAction","target":["https:\/\/vosgesinfo.fr\/saintdieinfo\/2021\/02\/point-travaux-de-renovation-de-lecole-baldensperger\/"]}]},{"@type":"ImageObject","inLanguage":"fr-FR","@id":"https:\/\/vosgesinfo.fr\/saintdieinfo\/2021\/02\/point-travaux-de-renovation-de-lecole-baldensperger\/#primaryimage","url":"https:\/\/vosgesinfo.fr\/app\/uploads\/sites\/4\/2024\/08\/202102point-travaux-ecole-baldensperger-2.jpg","contentUrl":"https:\/\/vosgesinfo.fr\/app\/uploads\/sites\/4\/2024\/08\/202102point-travaux-ecole-baldensperger-2.jpg","width":800,"height":534},{"@type":"BreadcrumbList","@id":"https:\/\/vosgesinfo.fr\/saintdieinfo\/2021\/02\/point-travaux-de-renovation-de-lecole-baldensperger\/#breadcrumb","itemListElement":[{"@type":"ListItem","position":1,"name":"Home","item":"https:\/\/vosgesinfo.fr\/saintdieinfo\/"},{"@type":"ListItem","position":2,"name":"Le point sur les travaux de r\u00e9novation de l&rsquo;\u00e9cole Baldensperger"}]},{"@type":"WebSite","@id":"https:\/\/vosgesinfo.fr\/saintdieinfo\/#website","url":"https:\/\/vosgesinfo.fr\/saintdieinfo\/","name":"Saint Die Info","description":"Toute l&#039;actualit\u00e9 de Saint-Di\u00e9-Des-Vosges","publisher":{"@id":"https:\/\/vosgesinfo.fr\/saintdieinfo\/#organization"},"alternateName":"Toute l'actualit\u00e9 de Saint-Di\u00e9-Des-Vosges","potentialAction":[{"@type":"SearchAction","target":{"@type":"EntryPoint","urlTemplate":"https:\/\/vosgesinfo.fr\/saintdieinfo\/?s={search_term_string}"},"query-input":"required name=search_term_string"}],"inLanguage":"fr-FR"},{"@type":"Organization","@id":"https:\/\/vosgesinfo.fr\/saintdieinfo\/#organization","name":"Saint Die Info","url":"https:\/\/vosgesinfo.fr\/saintdieinfo\/","logo":{"@type":"ImageObject","inLanguage":"fr-FR","@id":"https:\/\/vosgesinfo.fr\/saintdieinfo\/#\/schema\/logo\/image\/","url":"https:\/\/vosgesinfo.fr\/app\/uploads\/sites\/4\/2024\/02\/logo-sdi.jpg","contentUrl":"https:\/\/vosgesinfo.fr\/app\/uploads\/sites\/4\/2024\/02\/logo-sdi.jpg","width":600,"height":600,"caption":"Saint Die Info"},"image":{"@id":"https:\/\/vosgesinfo.fr\/saintdieinfo\/#\/schema\/logo\/image\/"},"sameAs":["https:\/\/www.facebook.com\/Saintdieinfofr","https:\/\/x.com\/VosgesInfo88","https:\/\/www.youtube.com\/@vosgesinfo"]},{"@type":"Person","@id":"https:\/\/vosgesinfo.fr\/saintdieinfo\/#\/schema\/person\/faee6704a21f3977511db84bd1cd450f","name":"la r\u00e9daction","image":{"@type":"ImageObject","inLanguage":"fr-FR","@id":"https:\/\/vosgesinfo.fr\/saintdieinfo\/#\/schema\/person\/image\/","url":"https:\/\/secure.gravatar.com\/avatar\/6673d8bc6a9c17fa9a453eaa3448de834fa308c2ec9635b7aa99441a7c8d2cf6?s=96&d=mm&r=g","contentUrl":"https:\/\/secure.gravatar.com\/avatar\/6673d8bc6a9c17fa9a453eaa3448de834fa308c2ec9635b7aa99441a7c8d2cf6?s=96&d=mm&r=g","caption":"la r\u00e9daction"},"url":"https:\/\/vosgesinfo.fr\/saintdieinfo\/author\/redac\/"}]}},"_links":{"self":[{"href":"https:\/\/vosgesinfo.fr\/saintdieinfo\/wp-json\/wp\/v2\/posts\/39456","targetHints":{"allow":["GET"]}}],"collection":[{"href":"https:\/\/vosgesinfo.fr\/saintdieinfo\/wp-json\/wp\/v2\/posts"}],"about":[{"href":"https:\/\/vosgesinfo.fr\/saintdieinfo\/wp-json\/wp\/v2\/types\/post"}],"author":[{"embeddable":true,"href":"https:\/\/vosgesinfo.fr\/saintdieinfo\/wp-json\/wp\/v2\/users\/44"}],"replies":[{"embeddable":true,"href":"https:\/\/vosgesinfo.fr\/saintdieinfo\/wp-json\/wp\/v2\/comments?post=39456"}],"version-history":[{"count":0,"href":"https:\/\/vosgesinfo.fr\/saintdieinfo\/wp-json\/wp\/v2\/posts\/39456\/revisions"}],"wp:featuredmedia":[{"embeddable":true,"href":"https:\/\/vosgesinfo.fr\/saintdieinfo\/wp-json\/wp\/v2\/media\/39457"}],"wp:attachment":[{"href":"https:\/\/vosgesinfo.fr\/saintdieinfo\/wp-json\/wp\/v2\/media?parent=39456"}],"wp:term":[{"taxonomy":"category","embeddable":true,"href":"https:\/\/vosgesinfo.fr\/saintdieinfo\/wp-json\/wp\/v2\/categories?post=39456"},{"taxonomy":"post_tag","embeddable":true,"href":"https:\/\/vosgesinfo.fr\/saintdieinfo\/wp-json\/wp\/v2\/tags?post=39456"}],"curies":[{"name":"wp","href":"https:\/\/api.w.org\/{rel}","templated":true}]}}