{"id":39488,"date":"2021-02-09T11:49:21","date_gmt":"2021-02-09T10:49:21","guid":{"rendered":"https:\/\/vosgesinfo.fr\/saintdieinfo\/2021\/02\/vosges-letat-durgence-ne-justifie-toutes-privations-de-libertes-de-droits\/"},"modified":"2021-02-09T11:49:21","modified_gmt":"2021-02-09T10:49:21","slug":"vosges-letat-durgence-ne-justifie-toutes-privations-de-libertes-de-droits","status":"publish","type":"post","link":"https:\/\/vosgesinfo.fr\/saintdieinfo\/2021\/02\/vosges-letat-durgence-ne-justifie-toutes-privations-de-libertes-de-droits\/","title":{"rendered":"Vosges : \u00ab L\u2019\u00e9tat d\u2019urgence ne justifie pas toutes les privations de libert\u00e9s et de droits \u00bb"},"content":{"rendered":"<h2><strong>Les mesures prises par le gouvernement depuis maintenant pr\u00e8s d\u2019un an dans le cadre de la crise sanitaire impactent de nombreux secteur, et notamment le monde de la culture \u00ab\u00a0qui plus que jamais est menac\u00e9\u00a0\u00bb, selon le Collectif R\u00e9seau d\u2019\u00catres, qui a d\u00e9cid\u00e9, avec des artistes vosgiens, de rejoindre le Collectif du 23 janvier 2021.<\/strong><\/h2>\n<p>En pr\u00e9paration \u00e0 l\u2019Assembl\u00e9e G\u00e9n\u00e9rale Grand-Est qui se d\u00e9roulera \u00e0 Reims le lundi 15 f\u00e9vrier 2021, le Collectif R\u00e9seau d\u2019\u00catres organise une assembl\u00e9e vosgienne ouverte \u00e0 tous et \u00e0 toutes, artistes, acteurs culturels, citoyens et citoyennes, le samedi 13 f\u00e9vrier 2021 \u00e0 14h \u00e0 la Souris Verte, 17 rue des Etats-Unis, \u00e0 Epinal. Le Collectif du 23 Janvier rassemble<em> \u00ab\u00a0des personnes, simples citoyens, professionnels ou non, amateurs ou non\u00a0\u00bb, qui veulent \u00ab\u00a0d\u00e9fendre l\u2019art et la culture en tant que droits fondamentaux de notre soci\u00e9t\u00e9\u00a0\u00bb<\/em>. Ils se sont constitu\u00e9s en collectif le samedi 23 janvier 2021 \u00e0 Strasbourg.<\/p>\n","protected":false},"excerpt":{"rendered":"<p>Les mesures prises par le gouvernement depuis maintenant pr\u00e8s d\u2019un an dans le cadre de la crise sanitaire impactent de [&hellip;]<\/p>\n","protected":false},"author":44,"featured_media":39489,"comment_status":"open","ping_status":"open","sticky":false,"template":"","format":"standard","meta":{"footnotes":""},"categories":[460,7847],"tags":[7913],"class_list":["post-39488","post","type-post","status-publish","format-standard","has-post-thumbnail","hentry","category-a-la-une","category-art-culture","tag-collectif-reseau-detres"],"acf":[],"yoast_head":"<!-- This site is optimized with the Yoast SEO plugin v22.5 - https:\/\/yoast.com\/wordpress\/plugins\/seo\/ -->\n<title>Vosges : \u00ab L\u2019\u00e9tat d\u2019urgence ne justifie pas toutes les privations de libert\u00e9s et de droits \u00bb - Saint Die Info<\/title>\n<meta name=\"robots\" content=\"index, follow, max-snippet:-1, max-image-preview:large, max-video-preview:-1\" \/>\n<link rel=\"canonical\" href=\"https:\/\/vosgesinfo.fr\/saintdieinfo\/2021\/02\/vosges-letat-durgence-ne-justifie-toutes-privations-de-libertes-de-droits\/\" \/>\n<meta name=\"twitter:card\" content=\"summary_large_image\" \/>\n<meta name=\"twitter:title\" content=\"Vosges : \u00ab L\u2019\u00e9tat d\u2019urgence ne justifie pas toutes les privations de libert\u00e9s et de droits \u00bb - Saint Die Info\" \/>\n<meta name=\"twitter:description\" content=\"Les mesures prises par le gouvernement depuis maintenant pr\u00e8s d\u2019un an dans le cadre de la crise sanitaire impactent de [&hellip;]\" \/>\n<meta name=\"twitter:image\" content=\"https:\/\/vosgesinfo.fr\/app\/uploads\/sites\/4\/2024\/08\/202102manif-culture.jpg\" \/>\n<meta name=\"twitter:creator\" content=\"@VosgesInfo88\" \/>\n<meta name=\"twitter:site\" content=\"@VosgesInfo88\" \/>\n<meta name=\"twitter:label1\" content=\"\u00c9crit par\" \/>\n\t<meta name=\"twitter:data1\" content=\"la r\u00e9daction\" \/>\n\t<meta name=\"twitter:label2\" content=\"Dur\u00e9e de lecture estim\u00e9e\" \/>\n\t<meta name=\"twitter:data2\" content=\"1 minute\" \/>\n<script type=\"application\/ld+json\" class=\"yoast-schema-graph\">{\"@context\":\"https:\/\/schema.org\",\"@graph\":[{\"@type\":\"Article\",\"@id\":\"https:\/\/vosgesinfo.fr\/saintdieinfo\/2021\/02\/vosges-letat-durgence-ne-justifie-toutes-privations-de-libertes-de-droits\/#article\",\"isPartOf\":{\"@id\":\"https:\/\/vosgesinfo.fr\/saintdieinfo\/2021\/02\/vosges-letat-durgence-ne-justifie-toutes-privations-de-libertes-de-droits\/\"},\"author\":{\"name\":\"la r\u00e9daction\",\"@id\":\"https:\/\/vosgesinfo.fr\/saintdieinfo\/#\/schema\/person\/faee6704a21f3977511db84bd1cd450f\"},\"headline\":\"Vosges : \u00ab L\u2019\u00e9tat d\u2019urgence ne justifie pas toutes les privations de libert\u00e9s et de droits \u00bb\",\"datePublished\":\"2021-02-09T10:49:21+00:00\",\"dateModified\":\"2021-02-09T10:49:21+00:00\",\"mainEntityOfPage\":{\"@id\":\"https:\/\/vosgesinfo.fr\/saintdieinfo\/2021\/02\/vosges-letat-durgence-ne-justifie-toutes-privations-de-libertes-de-droits\/\"},\"wordCount\":171,\"commentCount\":0,\"publisher\":{\"@id\":\"https:\/\/vosgesinfo.fr\/saintdieinfo\/#organization\"},\"image\":{\"@id\":\"https:\/\/vosgesinfo.fr\/saintdieinfo\/2021\/02\/vosges-letat-durgence-ne-justifie-toutes-privations-de-libertes-de-droits\/#primaryimage\"},\"thumbnailUrl\":\"https:\/\/vosgesinfo.fr\/app\/uploads\/sites\/4\/2024\/08\/202102manif-culture.jpg\",\"keywords\":[\"Collectif R\u00e9seau d\u2019\u00catres\"],\"articleSection\":[\"A la Une\",\"Culture\"],\"inLanguage\":\"fr-FR\",\"potentialAction\":[{\"@type\":\"CommentAction\",\"name\":\"Comment\",\"target\":[\"https:\/\/vosgesinfo.fr\/saintdieinfo\/2021\/02\/vosges-letat-durgence-ne-justifie-toutes-privations-de-libertes-de-droits\/#respond\"]}]},{\"@type\":\"WebPage\",\"@id\":\"https:\/\/vosgesinfo.fr\/saintdieinfo\/2021\/02\/vosges-letat-durgence-ne-justifie-toutes-privations-de-libertes-de-droits\/\",\"url\":\"https:\/\/vosgesinfo.fr\/saintdieinfo\/2021\/02\/vosges-letat-durgence-ne-justifie-toutes-privations-de-libertes-de-droits\/\",\"name\":\"Vosges : \u00ab L\u2019\u00e9tat d\u2019urgence ne justifie pas toutes les privations de libert\u00e9s et de droits \u00bb - Saint Die Info\",\"isPartOf\":{\"@id\":\"https:\/\/vosgesinfo.fr\/saintdieinfo\/#website\"},\"primaryImageOfPage\":{\"@id\":\"https:\/\/vosgesinfo.fr\/saintdieinfo\/2021\/02\/vosges-letat-durgence-ne-justifie-toutes-privations-de-libertes-de-droits\/#primaryimage\"},\"image\":{\"@id\":\"https:\/\/vosgesinfo.fr\/saintdieinfo\/2021\/02\/vosges-letat-durgence-ne-justifie-toutes-privations-de-libertes-de-droits\/#primaryimage\"},\"thumbnailUrl\":\"https:\/\/vosgesinfo.fr\/app\/uploads\/sites\/4\/2024\/08\/202102manif-culture.jpg\",\"datePublished\":\"2021-02-09T10:49:21+00:00\",\"dateModified\":\"2021-02-09T10:49:21+00:00\",\"breadcrumb\":{\"@id\":\"https:\/\/vosgesinfo.fr\/saintdieinfo\/2021\/02\/vosges-letat-durgence-ne-justifie-toutes-privations-de-libertes-de-droits\/#breadcrumb\"},\"inLanguage\":\"fr-FR\",\"potentialAction\":[{\"@type\":\"ReadAction\",\"target\":[\"https:\/\/vosgesinfo.fr\/saintdieinfo\/2021\/02\/vosges-letat-durgence-ne-justifie-toutes-privations-de-libertes-de-droits\/\"]}]},{\"@type\":\"ImageObject\",\"inLanguage\":\"fr-FR\",\"@id\":\"https:\/\/vosgesinfo.fr\/saintdieinfo\/2021\/02\/vosges-letat-durgence-ne-justifie-toutes-privations-de-libertes-de-droits\/#primaryimage\",\"url\":\"https:\/\/vosgesinfo.fr\/app\/uploads\/sites\/4\/2024\/08\/202102manif-culture.jpg\",\"contentUrl\":\"https:\/\/vosgesinfo.fr\/app\/uploads\/sites\/4\/2024\/08\/202102manif-culture.jpg\",\"width\":800,\"height\":533},{\"@type\":\"BreadcrumbList\",\"@id\":\"https:\/\/vosgesinfo.fr\/saintdieinfo\/2021\/02\/vosges-letat-durgence-ne-justifie-toutes-privations-de-libertes-de-droits\/#breadcrumb\",\"itemListElement\":[{\"@type\":\"ListItem\",\"position\":1,\"name\":\"Home\",\"item\":\"https:\/\/vosgesinfo.fr\/saintdieinfo\/\"},{\"@type\":\"ListItem\",\"position\":2,\"name\":\"Vosges : \u00ab L\u2019\u00e9tat d\u2019urgence ne justifie pas toutes les privations de libert\u00e9s et de droits \u00bb\"}]},{\"@type\":\"WebSite\",\"@id\":\"https:\/\/vosgesinfo.fr\/saintdieinfo\/#website\",\"url\":\"https:\/\/vosgesinfo.fr\/saintdieinfo\/\",\"name\":\"Saint Die Info\",\"description\":\"Toute l&#039;actualit\u00e9 de Saint-Di\u00e9-Des-Vosges\",\"publisher\":{\"@id\":\"https:\/\/vosgesinfo.fr\/saintdieinfo\/#organization\"},\"alternateName\":\"Toute l'actualit\u00e9 de Saint-Di\u00e9-Des-Vosges\",\"potentialAction\":[{\"@type\":\"SearchAction\",\"target\":{\"@type\":\"EntryPoint\",\"urlTemplate\":\"https:\/\/vosgesinfo.fr\/saintdieinfo\/?s={search_term_string}\"},\"query-input\":\"required name=search_term_string\"}],\"inLanguage\":\"fr-FR\"},{\"@type\":\"Organization\",\"@id\":\"https:\/\/vosgesinfo.fr\/saintdieinfo\/#organization\",\"name\":\"Saint Die Info\",\"url\":\"https:\/\/vosgesinfo.fr\/saintdieinfo\/\",\"logo\":{\"@type\":\"ImageObject\",\"inLanguage\":\"fr-FR\",\"@id\":\"https:\/\/vosgesinfo.fr\/saintdieinfo\/#\/schema\/logo\/image\/\",\"url\":\"https:\/\/vosgesinfo.fr\/app\/uploads\/sites\/4\/2024\/02\/logo-sdi.jpg\",\"contentUrl\":\"https:\/\/vosgesinfo.fr\/app\/uploads\/sites\/4\/2024\/02\/logo-sdi.jpg\",\"width\":600,\"height\":600,\"caption\":\"Saint Die Info\"},\"image\":{\"@id\":\"https:\/\/vosgesinfo.fr\/saintdieinfo\/#\/schema\/logo\/image\/\"},\"sameAs\":[\"https:\/\/www.facebook.com\/Saintdieinfofr\",\"https:\/\/x.com\/VosgesInfo88\",\"https:\/\/www.youtube.com\/@vosgesinfo\"]},{\"@type\":\"Person\",\"@id\":\"https:\/\/vosgesinfo.fr\/saintdieinfo\/#\/schema\/person\/faee6704a21f3977511db84bd1cd450f\",\"name\":\"la r\u00e9daction\",\"image\":{\"@type\":\"ImageObject\",\"inLanguage\":\"fr-FR\",\"@id\":\"https:\/\/vosgesinfo.fr\/saintdieinfo\/#\/schema\/person\/image\/\",\"url\":\"https:\/\/secure.gravatar.com\/avatar\/6673d8bc6a9c17fa9a453eaa3448de834fa308c2ec9635b7aa99441a7c8d2cf6?s=96&d=mm&r=g\",\"contentUrl\":\"https:\/\/secure.gravatar.com\/avatar\/6673d8bc6a9c17fa9a453eaa3448de834fa308c2ec9635b7aa99441a7c8d2cf6?s=96&d=mm&r=g\",\"caption\":\"la r\u00e9daction\"},\"url\":\"https:\/\/vosgesinfo.fr\/saintdieinfo\/author\/redac\/\"}]}<\/script>\n<!-- \/ Yoast SEO plugin. -->","yoast_head_json":{"title":"Vosges : \u00ab L\u2019\u00e9tat d\u2019urgence ne justifie pas toutes les privations de libert\u00e9s et de droits \u00bb - Saint Die Info","robots":{"index":"index","follow":"follow","max-snippet":"max-snippet:-1","max-image-preview":"max-image-preview:large","max-video-preview":"max-video-preview:-1"},"canonical":"https:\/\/vosgesinfo.fr\/saintdieinfo\/2021\/02\/vosges-letat-durgence-ne-justifie-toutes-privations-de-libertes-de-droits\/","twitter_card":"summary_large_image","twitter_title":"Vosges : \u00ab L\u2019\u00e9tat d\u2019urgence ne justifie pas toutes les privations de libert\u00e9s et de droits \u00bb - Saint Die Info","twitter_description":"Les mesures prises par le gouvernement depuis maintenant pr\u00e8s d\u2019un an dans le cadre de la crise sanitaire impactent de [&hellip;]","twitter_image":"https:\/\/vosgesinfo.fr\/app\/uploads\/sites\/4\/2024\/08\/202102manif-culture.jpg","twitter_creator":"@VosgesInfo88","twitter_site":"@VosgesInfo88","twitter_misc":{"\u00c9crit par":"la r\u00e9daction","Dur\u00e9e de lecture estim\u00e9e":"1 minute"},"schema":{"@context":"https:\/\/schema.org","@graph":[{"@type":"Article","@id":"https:\/\/vosgesinfo.fr\/saintdieinfo\/2021\/02\/vosges-letat-durgence-ne-justifie-toutes-privations-de-libertes-de-droits\/#article","isPartOf":{"@id":"https:\/\/vosgesinfo.fr\/saintdieinfo\/2021\/02\/vosges-letat-durgence-ne-justifie-toutes-privations-de-libertes-de-droits\/"},"author":{"name":"la r\u00e9daction","@id":"https:\/\/vosgesinfo.fr\/saintdieinfo\/#\/schema\/person\/faee6704a21f3977511db84bd1cd450f"},"headline":"Vosges : \u00ab L\u2019\u00e9tat d\u2019urgence ne justifie pas toutes les privations de libert\u00e9s et de droits \u00bb","datePublished":"2021-02-09T10:49:21+00:00","dateModified":"2021-02-09T10:49:21+00:00","mainEntityOfPage":{"@id":"https:\/\/vosgesinfo.fr\/saintdieinfo\/2021\/02\/vosges-letat-durgence-ne-justifie-toutes-privations-de-libertes-de-droits\/"},"wordCount":171,"commentCount":0,"publisher":{"@id":"https:\/\/vosgesinfo.fr\/saintdieinfo\/#organization"},"image":{"@id":"https:\/\/vosgesinfo.fr\/saintdieinfo\/2021\/02\/vosges-letat-durgence-ne-justifie-toutes-privations-de-libertes-de-droits\/#primaryimage"},"thumbnailUrl":"https:\/\/vosgesinfo.fr\/app\/uploads\/sites\/4\/2024\/08\/202102manif-culture.jpg","keywords":["Collectif R\u00e9seau d\u2019\u00catres"],"articleSection":["A la Une","Culture"],"inLanguage":"fr-FR","potentialAction":[{"@type":"CommentAction","name":"Comment","target":["https:\/\/vosgesinfo.fr\/saintdieinfo\/2021\/02\/vosges-letat-durgence-ne-justifie-toutes-privations-de-libertes-de-droits\/#respond"]}]},{"@type":"WebPage","@id":"https:\/\/vosgesinfo.fr\/saintdieinfo\/2021\/02\/vosges-letat-durgence-ne-justifie-toutes-privations-de-libertes-de-droits\/","url":"https:\/\/vosgesinfo.fr\/saintdieinfo\/2021\/02\/vosges-letat-durgence-ne-justifie-toutes-privations-de-libertes-de-droits\/","name":"Vosges : \u00ab L\u2019\u00e9tat d\u2019urgence ne justifie pas toutes les privations de libert\u00e9s et de droits \u00bb - Saint Die Info","isPartOf":{"@id":"https:\/\/vosgesinfo.fr\/saintdieinfo\/#website"},"primaryImageOfPage":{"@id":"https:\/\/vosgesinfo.fr\/saintdieinfo\/2021\/02\/vosges-letat-durgence-ne-justifie-toutes-privations-de-libertes-de-droits\/#primaryimage"},"image":{"@id":"https:\/\/vosgesinfo.fr\/saintdieinfo\/2021\/02\/vosges-letat-durgence-ne-justifie-toutes-privations-de-libertes-de-droits\/#primaryimage"},"thumbnailUrl":"https:\/\/vosgesinfo.fr\/app\/uploads\/sites\/4\/2024\/08\/202102manif-culture.jpg","datePublished":"2021-02-09T10:49:21+00:00","dateModified":"2021-02-09T10:49:21+00:00","breadcrumb":{"@id":"https:\/\/vosgesinfo.fr\/saintdieinfo\/2021\/02\/vosges-letat-durgence-ne-justifie-toutes-privations-de-libertes-de-droits\/#breadcrumb"},"inLanguage":"fr-FR","potentialAction":[{"@type":"ReadAction","target":["https:\/\/vosgesinfo.fr\/saintdieinfo\/2021\/02\/vosges-letat-durgence-ne-justifie-toutes-privations-de-libertes-de-droits\/"]}]},{"@type":"ImageObject","inLanguage":"fr-FR","@id":"https:\/\/vosgesinfo.fr\/saintdieinfo\/2021\/02\/vosges-letat-durgence-ne-justifie-toutes-privations-de-libertes-de-droits\/#primaryimage","url":"https:\/\/vosgesinfo.fr\/app\/uploads\/sites\/4\/2024\/08\/202102manif-culture.jpg","contentUrl":"https:\/\/vosgesinfo.fr\/app\/uploads\/sites\/4\/2024\/08\/202102manif-culture.jpg","width":800,"height":533},{"@type":"BreadcrumbList","@id":"https:\/\/vosgesinfo.fr\/saintdieinfo\/2021\/02\/vosges-letat-durgence-ne-justifie-toutes-privations-de-libertes-de-droits\/#breadcrumb","itemListElement":[{"@type":"ListItem","position":1,"name":"Home","item":"https:\/\/vosgesinfo.fr\/saintdieinfo\/"},{"@type":"ListItem","position":2,"name":"Vosges : \u00ab L\u2019\u00e9tat d\u2019urgence ne justifie pas toutes les privations de libert\u00e9s et de droits \u00bb"}]},{"@type":"WebSite","@id":"https:\/\/vosgesinfo.fr\/saintdieinfo\/#website","url":"https:\/\/vosgesinfo.fr\/saintdieinfo\/","name":"Saint Die Info","description":"Toute l&#039;actualit\u00e9 de Saint-Di\u00e9-Des-Vosges","publisher":{"@id":"https:\/\/vosgesinfo.fr\/saintdieinfo\/#organization"},"alternateName":"Toute l'actualit\u00e9 de Saint-Di\u00e9-Des-Vosges","potentialAction":[{"@type":"SearchAction","target":{"@type":"EntryPoint","urlTemplate":"https:\/\/vosgesinfo.fr\/saintdieinfo\/?s={search_term_string}"},"query-input":"required name=search_term_string"}],"inLanguage":"fr-FR"},{"@type":"Organization","@id":"https:\/\/vosgesinfo.fr\/saintdieinfo\/#organization","name":"Saint Die Info","url":"https:\/\/vosgesinfo.fr\/saintdieinfo\/","logo":{"@type":"ImageObject","inLanguage":"fr-FR","@id":"https:\/\/vosgesinfo.fr\/saintdieinfo\/#\/schema\/logo\/image\/","url":"https:\/\/vosgesinfo.fr\/app\/uploads\/sites\/4\/2024\/02\/logo-sdi.jpg","contentUrl":"https:\/\/vosgesinfo.fr\/app\/uploads\/sites\/4\/2024\/02\/logo-sdi.jpg","width":600,"height":600,"caption":"Saint Die Info"},"image":{"@id":"https:\/\/vosgesinfo.fr\/saintdieinfo\/#\/schema\/logo\/image\/"},"sameAs":["https:\/\/www.facebook.com\/Saintdieinfofr","https:\/\/x.com\/VosgesInfo88","https:\/\/www.youtube.com\/@vosgesinfo"]},{"@type":"Person","@id":"https:\/\/vosgesinfo.fr\/saintdieinfo\/#\/schema\/person\/faee6704a21f3977511db84bd1cd450f","name":"la r\u00e9daction","image":{"@type":"ImageObject","inLanguage":"fr-FR","@id":"https:\/\/vosgesinfo.fr\/saintdieinfo\/#\/schema\/person\/image\/","url":"https:\/\/secure.gravatar.com\/avatar\/6673d8bc6a9c17fa9a453eaa3448de834fa308c2ec9635b7aa99441a7c8d2cf6?s=96&d=mm&r=g","contentUrl":"https:\/\/secure.gravatar.com\/avatar\/6673d8bc6a9c17fa9a453eaa3448de834fa308c2ec9635b7aa99441a7c8d2cf6?s=96&d=mm&r=g","caption":"la r\u00e9daction"},"url":"https:\/\/vosgesinfo.fr\/saintdieinfo\/author\/redac\/"}]}},"_links":{"self":[{"href":"https:\/\/vosgesinfo.fr\/saintdieinfo\/wp-json\/wp\/v2\/posts\/39488","targetHints":{"allow":["GET"]}}],"collection":[{"href":"https:\/\/vosgesinfo.fr\/saintdieinfo\/wp-json\/wp\/v2\/posts"}],"about":[{"href":"https:\/\/vosgesinfo.fr\/saintdieinfo\/wp-json\/wp\/v2\/types\/post"}],"author":[{"embeddable":true,"href":"https:\/\/vosgesinfo.fr\/saintdieinfo\/wp-json\/wp\/v2\/users\/44"}],"replies":[{"embeddable":true,"href":"https:\/\/vosgesinfo.fr\/saintdieinfo\/wp-json\/wp\/v2\/comments?post=39488"}],"version-history":[{"count":0,"href":"https:\/\/vosgesinfo.fr\/saintdieinfo\/wp-json\/wp\/v2\/posts\/39488\/revisions"}],"wp:featuredmedia":[{"embeddable":true,"href":"https:\/\/vosgesinfo.fr\/saintdieinfo\/wp-json\/wp\/v2\/media\/39489"}],"wp:attachment":[{"href":"https:\/\/vosgesinfo.fr\/saintdieinfo\/wp-json\/wp\/v2\/media?parent=39488"}],"wp:term":[{"taxonomy":"category","embeddable":true,"href":"https:\/\/vosgesinfo.fr\/saintdieinfo\/wp-json\/wp\/v2\/categories?post=39488"},{"taxonomy":"post_tag","embeddable":true,"href":"https:\/\/vosgesinfo.fr\/saintdieinfo\/wp-json\/wp\/v2\/tags?post=39488"}],"curies":[{"name":"wp","href":"https:\/\/api.w.org\/{rel}","templated":true}]}}