{"id":39524,"date":"2021-02-12T08:31:53","date_gmt":"2021-02-12T07:31:53","guid":{"rendered":"https:\/\/vosgesinfo.fr\/saintdieinfo\/2021\/02\/portes-ouvertes-etablissements-denseignement-superieur\/"},"modified":"2021-02-12T08:31:53","modified_gmt":"2021-02-12T07:31:53","slug":"portes-ouvertes-etablissements-denseignement-superieur","status":"publish","type":"post","link":"https:\/\/vosgesinfo.fr\/saintdieinfo\/2021\/02\/portes-ouvertes-etablissements-denseignement-superieur\/","title":{"rendered":"Portes ouvertes dans les \u00e9tablissements d\u2019enseignement sup\u00e9rieur"},"content":{"rendered":"<h2><span style=\"font-size: 14pt;\">E-p\u00f4le.sup est une association cr\u00e9\u00e9e \u00e0 l\u2019initiative de la ville d\u2019Epinal en 2001, est qui avait pour objectifs d\u2019initier\u00a0:<\/span><\/h2>\n<ul>\n<li>La concertation pour soutenir les actions de promotion des \u00e9tablissements spinaliens et de la vie \u00e9tudiante<\/li>\n<li>La facilitation pour l\u2019implantation de nouvelles fili\u00e8res, et l\u2019acquisition par les fili\u00e8res existantes de moyens suppl\u00e9mentaires de fonctionnement et d\u2019expansion<\/li>\n<li>L\u2019\u00e9laboration d\u2019outils communs de promotion ext\u00e9rieure (plaquettes, portes ouvertes\u2026)<\/li>\n<li>Les \u00e9changes avec le monde de l\u2019entreprise sur la coh\u00e9rence entre les formations propos\u00e9es sur le territoire et le march\u00e9 de l\u2019emploi<\/li>\n<\/ul>\n<p>D\u00e9velopper des conditions propices au d\u00e9veloppement de l\u2019enseignement sup\u00e9rieur et universitaire \u00e0 Epinal est une priorit\u00e9, retenir les \u00e9tudiants et en attirer de nouveaux est indispensable.<\/p>\n<p>C\u2019est pourquoi l\u2019association e-p\u00f4le.sup s\u2019efforce de mettre en place des actions de promotion des fili\u00e8res universitaires, de l\u2019enseignement sup\u00e9rieur et de la vie \u00e9tudiante spinalienne.<\/p>\n<p><strong>L\u2019enseignement sup\u00e9rieur en quelques chiffres <\/strong><\/p>\n<p>Pr\u00e8s de 2800 \u00e9tudiants<\/p>\n<p>20 \u00e9tablissements adh\u00e9rents \u00e0 e-p\u00f4le.sup<\/p>\n<ul>\n<li>76 formations au total (DUT, BTS, Licences, Master 2, Ing\u00e9nieur, ISFI, ESPE, DCG, Ecole Sup\u00e9rieure d\u2019Art, \u2026)<\/li>\n<li>1 Maison de l\u2019Etudiant et ses nombreux services, 2 restaurants universitaires 4 r\u00e9sidences universitaires, ainsi qu\u2019un ensemble d\u2019\u00e9quipements et d\u2019animations que bien des grandes villes universitaires ne peuvent offrir \u00e0 leurs \u00e9tudiants.<\/li>\n<\/ul>\n<h2>Des Portes Ouvertes innovantes labellis\u00e9es Covid<\/h2>\n<p><strong>Le Covid change les r\u00e8gles, les \u00e9tablissements s\u2019adaptent. <\/strong><\/p>\n<p>Les \u00e9tablissements ont d\u00fb s\u2019adapter, r\u00e9sultat, des Portes ouvertes en distanciel pour la plupart, des Portes ouvertes qui se prolongent quelques fois<\/p>\n<p>Les objectifs\u00a0des Portes ouvertes reste le m\u00eame en pr\u00e9sentiel comme en virtuel :<\/p>\n<ul>\n<li>Permettre aux \u00e9tudiants dans ce contexte d\u2019avoir une id\u00e9e des formations du territoire<\/li>\n<li>Les aider dans leur orientation.<\/li>\n<\/ul>\n<p>Les possibilit\u00e9s en la mati\u00e8re d\u2019enseignement sont nombreuses et de qualit\u00e9 \u00e0 Epinal.<\/p>\n<p>Et la Ville a des atouts et propose des conditions d\u2019\u00e9tudes particuli\u00e8rement attrayantes.<\/p>\n<p><strong>La Maison de l\u2019Etudiant aime les \u00e9tudiants mais le Covid n\u2019aime pas la Maison de l\u2019Etudiant<\/strong><\/p>\n<p>Son concept est fond\u00e9 sur la proximit\u00e9, l\u2019\u00e9change, les rencontres\u2026, tout ce que le virus d\u00e9teste\u00a0J<\/p>\n<p><strong>Visites virtuelles<\/strong><\/p>\n<p>La Maison de l\u2019Etudiant via son facebook proposera des visites virtuelles des 4 r\u00e9sidences pour \u00e9tudiants (Voivre 1, Voivre 2, Clair Matin et Colombier).<\/p>\n<p><strong>Visites sur RV<\/strong><\/p>\n<p>Des visites seront possibles sur rendez-vous jusqu\u2019aux vacances d\u2019\u00e9t\u00e9.<\/p>\n<p><strong>Permanence t\u00e9l\u00e9phonique, mail<\/strong><\/p>\n<p>Le personnel est disponible du lundi au vendredi de 9h \u00e0 17h par t\u00e9l\u00e9phone 03 29 24 14 40, mail <a href=\"mailto:sandrine.kordic@maisonetudiant.fr\">sandrine.kordic@maisonetudiant.fr<\/a> pour r\u00e9pondre \u00e0 toutes les questions que les familles et les futurs \u00e9tudiants se posent (logement, restauration, sant\u00e9, sport, les actions culturelles\u2026).<\/p>\n<p><strong><u>Programme et liens des Portes ouvertes<\/u><\/strong><\/p>\n<p><strong><u>Universit\u00e9s<\/u><\/strong><\/p>\n<p><strong>INSPE <\/strong><\/p>\n<p>JPO virtuel sur <a href=\"http:\/\/inspe.univ-lorraine.fr\/actualite\/vers-le-master-meef\">http:\/\/inspe.univ-lorraine.fr\/actualite\/vers-le-master-meef<\/a><\/p>\n<p><strong>13 f\u00e9vrier<\/strong><\/p>\n<p><strong>10h-10h35<\/strong><strong>\u00a0 :\u00a0 <\/strong><a href=\"https:\/\/teams.microsoft.com\/l\/meetup-join\/19%3ameeting_MzQ2ODUzODUtZTc2Mi00Y2UwLTg2MGMtZmUzY2YwYmM1Yzhi%40thread.v2\/0?context=%7b%22Tid%22%3a%22158716cf-46b9-48ca-8c49-c7bb67e575f3%22%2c%22Oid%22%3a%2266ebe374-5925-4ef0-bc2f-8d247c5098ab%22%7d\"><strong>MEEF 1er degr\u00e9 <em>\u00ab\u00a0Professorat des \u00c9coles\u00a0\u00bb<\/em><\/strong><\/a> avec Laurent Husson, directeur-adjoint de l\u2019INSP\u00c9 de Lorraine en charge du P\u00f4le1er degr\u00e9<\/p>\n<p><strong>11h-11h30<\/strong><strong> :\u00a0\u00a0 <\/strong><a href=\"https:\/\/teams.microsoft.com\/l\/meetup-join\/19%3ameeting_MzJlMmQxM2ItNjVhZi00NGI0LWE4ZTgtY2IwYmU2ZTBiOTg0%40thread.v2\/0?context=%7b%22Tid%22%3a%22158716cf-46b9-48ca-8c49-c7bb67e575f3%22%2c%22Oid%22%3a%2266ebe374-5925-4ef0-bc2f-8d247c5098ab%22%7d\"><strong><em>\u00ab\u00a0Pr\u00e9sentation du site d\u2019\u00c9pinal\u00a0\u00bb<\/em><\/strong><\/a>, avec Gilles Leuvrey, directeur p\u00e9dagogique du site d\u2019Epinal.<\/p>\n<p><strong>IUT\u00a0 Hubert Curien<\/strong><\/p>\n<p>JPO Virtuelle sur <a href=\"http:\/\/iut-epinal.univ-lorraine.fr\/\">http:\/\/iut-epinal.univ-lorraine.fr\/<\/a><\/p>\n<p>13 f\u00e9vrier de 9h00 \u2013 17h<\/p>\n<p><strong>FAC SCIENCES <\/strong><\/p>\n<p><strong>Licence Pro M\u00e9tiers de la mode<\/strong><\/p>\n<p>JPO virtuelle sur <a href=\"http:\/\/www.fst-epinal.univ-lorraine.fr\">www.fst-epinal.univ-lorraine.fr<\/a><\/p>\n<p>samedi 13 f\u00e9vrier<br \/>\n9h50-10h30<br \/>\n14h50-15h30<\/p>\n<p><strong>Licence Pro Am\u00e9nagement Paysager<\/strong><br \/>\n<strong>JPO virtuelle sur <\/strong><a href=\"http:\/\/www.fst-epinal.univ-lorraine.fr\"><strong>www.fst-epinal.univ-lorraine.fr<\/strong><\/a><\/p>\n<p>9h50-10h30<br \/>\n<strong>Licence Pro Infographie Paysag\u00e8re<\/strong><\/p>\n<p>pas de rendez-vous fix\u00e9 mais contact possible \u00e0 tout moment par email<\/p>\n<p><a href=\"http:\/\/www.infographie-paysagere.fr\/\">http:\/\/www.infographie-paysagere.fr\/<\/a><\/p>\n<p><strong>Fac sport <\/strong><\/p>\n<p>JPO Virtuelles sur <a href=\"http:\/\/staps-nancy.univ-lorraine.fr\/\">http:\/\/staps-nancy.univ-lorraine.fr\/<\/a><\/p>\n<p>13 f\u00e9vrier9h \u2013 16h<\/p>\n<p><strong>ENSTIB \u00a0<\/strong><\/p>\n<p>JPO virtuelles sur https:\/\/jpo-lorraine-inp.envirtuel.fr\/<\/p>\n<p>L\u2019ENSTIB s\u2019associe cette ann\u00e9e \u00e0 Lorraine INP, pour une JPO d\u00e9di\u00e9e aux 11 \u00e9coles d\u2019ing\u00e9nieurs de l\u2019Universit\u00e9 de Lorraine<\/p>\n<p>13 f\u00e9vrier de 9h00 \u00e0 18h00<\/p>\n<p><strong>FAC DROIT <\/strong><\/p>\n<p>Pas de JPO.<\/p>\n<p><strong><u>LYCEES<\/u><\/strong><\/p>\n<p><strong>Notre Dame St Jo <\/strong><\/p>\n<p>JPO virtuelle<\/p>\n<p>18 f\u00e9vrier \u00e0 18h30<\/p>\n<p>Le lien pour suivre, se trouvera sur le site internet, FACEBOOK, Instagram<\/p>\n<p><strong>Lapicque<\/strong><\/p>\n<p>JPO virtuelle<\/p>\n<p>Samedi 20 mars<\/p>\n<p>Mise en place de docs sur site, vid\u00e9os et r\u00e9ponses en diff\u00e9r\u00e9es aux questions.<\/p>\n<p><strong>Claude Gell\u00e9e<\/strong><\/p>\n<p>JPO virtuel<\/p>\n<p>\u00e0 compter du 20 mars<\/p>\n<p>Mise en ligne de capsules pr\u00e9sentant les Enseignements de Sp\u00e9cialit\u00e9, les options et autres dispositifs particuliers.<\/p>\n<p><strong>Pierre Mend\u00e8s France<\/strong><\/p>\n<p>Pas d\u2019infos<\/p>\n<p><strong><u>AUTRES<\/u><\/strong><\/p>\n<p><strong>Gugn\u00e9court \u00a0<\/strong><\/p>\n<p>JPO en pr\u00e9sentiel<\/p>\n<p>Samedis 13 et 20 f\u00e9vrier de 9h00 \u00e0 17h00 dans le strict respect des mesures en vigueur (port du masque, SHA \u00e0 l\u2019entr\u00e9e des salles, flux g\u00e9r\u00e9s, et surtout RDV individuels horaires).<strong><br \/>\n<\/strong><\/p>\n<p><strong>IFSI <\/strong><\/p>\n<p>Pas de JPO<\/p>\n<p><strong>ESAL <\/strong><\/p>\n<p>JPO virtuelle<\/p>\n<p>Samedi 13 f\u00e9vrier de 10h \u00e0 18h en ligne sur <a href=\"http:\/\/www.esalorraine.fr\">www.esalorraine.fr<\/a><strong> et sur<\/strong> Instagram &gt;\u00a0<a href=\"https:\/\/esalorraine.us13.list-manage.com\/track\/click?u=71735847f8052e6da9c53bc56&amp;id=0ed1caec30&amp;e=4a66f0b8f8\">@esal_jpo <\/a><\/p>\n<p><strong>Des pr\u00e9sentations, des v<strong>isites en live comment\u00e9es par\u00a0les \u00e9tudiants de l\u2019\u00c9SAL<\/strong><\/strong><\/p>\n<p><strong>H\u00e9lios gaming<\/strong><\/p>\n<p>JPO virtuelles jusqu\u2019\u00e0 ce que la situation s\u2019am\u00e9liore sur www.heliosgamingschool.fr<\/p>\n<p>Samedi 13 F\u00e9vrier<br \/>\nMercredi 24 F\u00e9vrier<br \/>\nSamedi 13 Mars<br \/>\nMercredi 24 Mars<\/p>\n<p>Samedi 10 Avril<\/p>\n<p>Mercredi 21 Avril<\/p>\n<p>Samedi 8 Mai<\/p>\n<p>Mercredi 19 Mai<\/p>\n<p>Samedi 12 juin<\/p>\n<p>Mercredi 23 Juin<\/p>\n<p><strong>CNAM <\/strong><\/p>\n<p>JPO virtuel sur <a href=\"http:\/\/www.cnam-grandest.fr\/jpo-alternance\">www.cnam-grandest.fr\/jpo-alternance<\/a>.<\/p>\n<p>12 et 13 f\u00e9vrier<\/p>\n<p><strong>ROVILLE <\/strong><\/p>\n<p>3 journ\u00e9es d\u2019information :<\/p>\n<p>Samedi 13 f\u00e9vrier, r\u00e9serv\u00e9 aux renseignements sur l\u2019enseignement sup\u00e9rieur. <strong>En pr\u00e9sentiel sur rendez-vous uniquement le matin (rendez-vous \u00e0 prendre en ligne sur notre site, max 2 familles par salle) et en visio l\u2019apr\u00e8s-midi<\/strong>, connexion libre aux horaires indiqu\u00e9s<\/p>\n<p>Samedi 13 mars, renseignements sur toutes nos formations. La formule n\u2019est pas encore compl\u00e8tement d\u00e9finie mais certainement <strong>mix visio et en rendez-vous pr\u00e9sentiel<\/strong>.<\/p>\n<p>Jeudi 13 mai, portes ouvertes en pr\u00e9sentiel. Formule qui sera d\u00e9finie selon l\u2019\u00e9volution du contexte sanitaire.<\/p>\n<p><strong>CFA papetier<\/strong><\/p>\n<p>JPO en pr\u00e9sentiel (pour l\u2019instant)<\/p>\n<p>27 mars<\/p>\n<p>Possibilit\u00e9 de visiter le CFA toute l\u2019ann\u00e9e sur rendez-vous.<\/p>\n","protected":false},"excerpt":{"rendered":"<p>E-p\u00f4le.sup est une association cr\u00e9\u00e9e \u00e0 l\u2019initiative de la ville d\u2019Epinal en 2001, est qui avait pour objectifs d\u2019initier\u00a0: La [&hellip;]<\/p>\n","protected":false},"author":39,"featured_media":39525,"comment_status":"open","ping_status":"open","sticky":false,"template":"","format":"standard","meta":{"footnotes":""},"categories":[460,18],"tags":[7917],"class_list":["post-39524","post","type-post","status-publish","format-standard","has-post-thumbnail","hentry","category-a-la-une","category-vosges","tag-e-pole-sup"],"acf":[],"yoast_head":"<!-- This site is optimized with the Yoast SEO plugin v22.5 - https:\/\/yoast.com\/wordpress\/plugins\/seo\/ -->\n<title>Portes ouvertes dans les \u00e9tablissements d\u2019enseignement sup\u00e9rieur - Saint Die Info<\/title>\n<meta name=\"robots\" content=\"index, follow, max-snippet:-1, max-image-preview:large, max-video-preview:-1\" \/>\n<link rel=\"canonical\" href=\"https:\/\/vosgesinfo.fr\/saintdieinfo\/2021\/02\/portes-ouvertes-etablissements-denseignement-superieur\/\" \/>\n<meta name=\"twitter:card\" content=\"summary_large_image\" \/>\n<meta name=\"twitter:title\" content=\"Portes ouvertes dans les \u00e9tablissements d\u2019enseignement sup\u00e9rieur - Saint Die Info\" \/>\n<meta name=\"twitter:description\" content=\"E-p\u00f4le.sup est une association cr\u00e9\u00e9e \u00e0 l\u2019initiative de la ville d\u2019Epinal en 2001, est qui avait pour objectifs d\u2019initier\u00a0: La [&hellip;]\" \/>\n<meta name=\"twitter:image\" content=\"https:\/\/vosgesinfo.fr\/app\/uploads\/sites\/4\/2024\/08\/202102enseignementsup-responsive-951x1024-1.jpg\" \/>\n<meta name=\"twitter:creator\" content=\"@VosgesInfo88\" \/>\n<meta name=\"twitter:site\" content=\"@VosgesInfo88\" \/>\n<meta name=\"twitter:label1\" content=\"\u00c9crit par\" \/>\n\t<meta name=\"twitter:data1\" content=\"Phj\" \/>\n\t<meta name=\"twitter:label2\" content=\"Dur\u00e9e de lecture estim\u00e9e\" \/>\n\t<meta name=\"twitter:data2\" content=\"5 minutes\" \/>\n<script type=\"application\/ld+json\" class=\"yoast-schema-graph\">{\"@context\":\"https:\/\/schema.org\",\"@graph\":[{\"@type\":\"Article\",\"@id\":\"https:\/\/vosgesinfo.fr\/saintdieinfo\/2021\/02\/portes-ouvertes-etablissements-denseignement-superieur\/#article\",\"isPartOf\":{\"@id\":\"https:\/\/vosgesinfo.fr\/saintdieinfo\/2021\/02\/portes-ouvertes-etablissements-denseignement-superieur\/\"},\"author\":{\"name\":\"Phj\",\"@id\":\"https:\/\/vosgesinfo.fr\/saintdieinfo\/#\/schema\/person\/4f57dc393faf2ac8b9f1cab30ad79250\"},\"headline\":\"Portes ouvertes dans les \u00e9tablissements d\u2019enseignement sup\u00e9rieur\",\"datePublished\":\"2021-02-12T07:31:53+00:00\",\"dateModified\":\"2021-02-12T07:31:53+00:00\",\"mainEntityOfPage\":{\"@id\":\"https:\/\/vosgesinfo.fr\/saintdieinfo\/2021\/02\/portes-ouvertes-etablissements-denseignement-superieur\/\"},\"wordCount\":985,\"commentCount\":0,\"publisher\":{\"@id\":\"https:\/\/vosgesinfo.fr\/saintdieinfo\/#organization\"},\"image\":{\"@id\":\"https:\/\/vosgesinfo.fr\/saintdieinfo\/2021\/02\/portes-ouvertes-etablissements-denseignement-superieur\/#primaryimage\"},\"thumbnailUrl\":\"https:\/\/vosgesinfo.fr\/app\/uploads\/sites\/4\/2024\/08\/202102enseignementsup-responsive-951x1024-1.jpg\",\"keywords\":[\"E-P\u00f4le.Sup\"],\"articleSection\":[\"A la Une\",\"Vosges\"],\"inLanguage\":\"fr-FR\",\"potentialAction\":[{\"@type\":\"CommentAction\",\"name\":\"Comment\",\"target\":[\"https:\/\/vosgesinfo.fr\/saintdieinfo\/2021\/02\/portes-ouvertes-etablissements-denseignement-superieur\/#respond\"]}]},{\"@type\":\"WebPage\",\"@id\":\"https:\/\/vosgesinfo.fr\/saintdieinfo\/2021\/02\/portes-ouvertes-etablissements-denseignement-superieur\/\",\"url\":\"https:\/\/vosgesinfo.fr\/saintdieinfo\/2021\/02\/portes-ouvertes-etablissements-denseignement-superieur\/\",\"name\":\"Portes ouvertes dans les \u00e9tablissements d\u2019enseignement sup\u00e9rieur - Saint Die Info\",\"isPartOf\":{\"@id\":\"https:\/\/vosgesinfo.fr\/saintdieinfo\/#website\"},\"primaryImageOfPage\":{\"@id\":\"https:\/\/vosgesinfo.fr\/saintdieinfo\/2021\/02\/portes-ouvertes-etablissements-denseignement-superieur\/#primaryimage\"},\"image\":{\"@id\":\"https:\/\/vosgesinfo.fr\/saintdieinfo\/2021\/02\/portes-ouvertes-etablissements-denseignement-superieur\/#primaryimage\"},\"thumbnailUrl\":\"https:\/\/vosgesinfo.fr\/app\/uploads\/sites\/4\/2024\/08\/202102enseignementsup-responsive-951x1024-1.jpg\",\"datePublished\":\"2021-02-12T07:31:53+00:00\",\"dateModified\":\"2021-02-12T07:31:53+00:00\",\"breadcrumb\":{\"@id\":\"https:\/\/vosgesinfo.fr\/saintdieinfo\/2021\/02\/portes-ouvertes-etablissements-denseignement-superieur\/#breadcrumb\"},\"inLanguage\":\"fr-FR\",\"potentialAction\":[{\"@type\":\"ReadAction\",\"target\":[\"https:\/\/vosgesinfo.fr\/saintdieinfo\/2021\/02\/portes-ouvertes-etablissements-denseignement-superieur\/\"]}]},{\"@type\":\"ImageObject\",\"inLanguage\":\"fr-FR\",\"@id\":\"https:\/\/vosgesinfo.fr\/saintdieinfo\/2021\/02\/portes-ouvertes-etablissements-denseignement-superieur\/#primaryimage\",\"url\":\"https:\/\/vosgesinfo.fr\/app\/uploads\/sites\/4\/2024\/08\/202102enseignementsup-responsive-951x1024-1.jpg\",\"contentUrl\":\"https:\/\/vosgesinfo.fr\/app\/uploads\/sites\/4\/2024\/08\/202102enseignementsup-responsive-951x1024-1.jpg\",\"width\":743,\"height\":800},{\"@type\":\"BreadcrumbList\",\"@id\":\"https:\/\/vosgesinfo.fr\/saintdieinfo\/2021\/02\/portes-ouvertes-etablissements-denseignement-superieur\/#breadcrumb\",\"itemListElement\":[{\"@type\":\"ListItem\",\"position\":1,\"name\":\"Home\",\"item\":\"https:\/\/vosgesinfo.fr\/saintdieinfo\/\"},{\"@type\":\"ListItem\",\"position\":2,\"name\":\"Portes ouvertes dans les \u00e9tablissements d\u2019enseignement sup\u00e9rieur\"}]},{\"@type\":\"WebSite\",\"@id\":\"https:\/\/vosgesinfo.fr\/saintdieinfo\/#website\",\"url\":\"https:\/\/vosgesinfo.fr\/saintdieinfo\/\",\"name\":\"Saint Die Info\",\"description\":\"Toute l&#039;actualit\u00e9 de Saint-Di\u00e9-Des-Vosges\",\"publisher\":{\"@id\":\"https:\/\/vosgesinfo.fr\/saintdieinfo\/#organization\"},\"alternateName\":\"Toute l'actualit\u00e9 de Saint-Di\u00e9-Des-Vosges\",\"potentialAction\":[{\"@type\":\"SearchAction\",\"target\":{\"@type\":\"EntryPoint\",\"urlTemplate\":\"https:\/\/vosgesinfo.fr\/saintdieinfo\/?s={search_term_string}\"},\"query-input\":\"required name=search_term_string\"}],\"inLanguage\":\"fr-FR\"},{\"@type\":\"Organization\",\"@id\":\"https:\/\/vosgesinfo.fr\/saintdieinfo\/#organization\",\"name\":\"Saint Die Info\",\"url\":\"https:\/\/vosgesinfo.fr\/saintdieinfo\/\",\"logo\":{\"@type\":\"ImageObject\",\"inLanguage\":\"fr-FR\",\"@id\":\"https:\/\/vosgesinfo.fr\/saintdieinfo\/#\/schema\/logo\/image\/\",\"url\":\"https:\/\/vosgesinfo.fr\/app\/uploads\/sites\/4\/2024\/02\/logo-sdi.jpg\",\"contentUrl\":\"https:\/\/vosgesinfo.fr\/app\/uploads\/sites\/4\/2024\/02\/logo-sdi.jpg\",\"width\":600,\"height\":600,\"caption\":\"Saint Die Info\"},\"image\":{\"@id\":\"https:\/\/vosgesinfo.fr\/saintdieinfo\/#\/schema\/logo\/image\/\"},\"sameAs\":[\"https:\/\/www.facebook.com\/Saintdieinfofr\",\"https:\/\/x.com\/VosgesInfo88\",\"https:\/\/www.youtube.com\/@vosgesinfo\"]},{\"@type\":\"Person\",\"@id\":\"https:\/\/vosgesinfo.fr\/saintdieinfo\/#\/schema\/person\/4f57dc393faf2ac8b9f1cab30ad79250\",\"name\":\"Phj\",\"image\":{\"@type\":\"ImageObject\",\"inLanguage\":\"fr-FR\",\"@id\":\"https:\/\/vosgesinfo.fr\/saintdieinfo\/#\/schema\/person\/image\/\",\"url\":\"https:\/\/secure.gravatar.com\/avatar\/ada60265080fb9a89c9809bf0abb1f448a128cb85db1c08905baa5038fbe3cfe?s=96&d=mm&r=g\",\"contentUrl\":\"https:\/\/secure.gravatar.com\/avatar\/ada60265080fb9a89c9809bf0abb1f448a128cb85db1c08905baa5038fbe3cfe?s=96&d=mm&r=g\",\"caption\":\"Phj\"},\"url\":\"https:\/\/vosgesinfo.fr\/saintdieinfo\/author\/phj\/\"}]}<\/script>\n<!-- \/ Yoast SEO plugin. -->","yoast_head_json":{"title":"Portes ouvertes dans les \u00e9tablissements d\u2019enseignement sup\u00e9rieur - Saint Die Info","robots":{"index":"index","follow":"follow","max-snippet":"max-snippet:-1","max-image-preview":"max-image-preview:large","max-video-preview":"max-video-preview:-1"},"canonical":"https:\/\/vosgesinfo.fr\/saintdieinfo\/2021\/02\/portes-ouvertes-etablissements-denseignement-superieur\/","twitter_card":"summary_large_image","twitter_title":"Portes ouvertes dans les \u00e9tablissements d\u2019enseignement sup\u00e9rieur - Saint Die Info","twitter_description":"E-p\u00f4le.sup est une association cr\u00e9\u00e9e \u00e0 l\u2019initiative de la ville d\u2019Epinal en 2001, est qui avait pour objectifs d\u2019initier\u00a0: La [&hellip;]","twitter_image":"https:\/\/vosgesinfo.fr\/app\/uploads\/sites\/4\/2024\/08\/202102enseignementsup-responsive-951x1024-1.jpg","twitter_creator":"@VosgesInfo88","twitter_site":"@VosgesInfo88","twitter_misc":{"\u00c9crit par":"Phj","Dur\u00e9e de lecture estim\u00e9e":"5 minutes"},"schema":{"@context":"https:\/\/schema.org","@graph":[{"@type":"Article","@id":"https:\/\/vosgesinfo.fr\/saintdieinfo\/2021\/02\/portes-ouvertes-etablissements-denseignement-superieur\/#article","isPartOf":{"@id":"https:\/\/vosgesinfo.fr\/saintdieinfo\/2021\/02\/portes-ouvertes-etablissements-denseignement-superieur\/"},"author":{"name":"Phj","@id":"https:\/\/vosgesinfo.fr\/saintdieinfo\/#\/schema\/person\/4f57dc393faf2ac8b9f1cab30ad79250"},"headline":"Portes ouvertes dans les \u00e9tablissements d\u2019enseignement sup\u00e9rieur","datePublished":"2021-02-12T07:31:53+00:00","dateModified":"2021-02-12T07:31:53+00:00","mainEntityOfPage":{"@id":"https:\/\/vosgesinfo.fr\/saintdieinfo\/2021\/02\/portes-ouvertes-etablissements-denseignement-superieur\/"},"wordCount":985,"commentCount":0,"publisher":{"@id":"https:\/\/vosgesinfo.fr\/saintdieinfo\/#organization"},"image":{"@id":"https:\/\/vosgesinfo.fr\/saintdieinfo\/2021\/02\/portes-ouvertes-etablissements-denseignement-superieur\/#primaryimage"},"thumbnailUrl":"https:\/\/vosgesinfo.fr\/app\/uploads\/sites\/4\/2024\/08\/202102enseignementsup-responsive-951x1024-1.jpg","keywords":["E-P\u00f4le.Sup"],"articleSection":["A la Une","Vosges"],"inLanguage":"fr-FR","potentialAction":[{"@type":"CommentAction","name":"Comment","target":["https:\/\/vosgesinfo.fr\/saintdieinfo\/2021\/02\/portes-ouvertes-etablissements-denseignement-superieur\/#respond"]}]},{"@type":"WebPage","@id":"https:\/\/vosgesinfo.fr\/saintdieinfo\/2021\/02\/portes-ouvertes-etablissements-denseignement-superieur\/","url":"https:\/\/vosgesinfo.fr\/saintdieinfo\/2021\/02\/portes-ouvertes-etablissements-denseignement-superieur\/","name":"Portes ouvertes dans les \u00e9tablissements d\u2019enseignement sup\u00e9rieur - Saint Die Info","isPartOf":{"@id":"https:\/\/vosgesinfo.fr\/saintdieinfo\/#website"},"primaryImageOfPage":{"@id":"https:\/\/vosgesinfo.fr\/saintdieinfo\/2021\/02\/portes-ouvertes-etablissements-denseignement-superieur\/#primaryimage"},"image":{"@id":"https:\/\/vosgesinfo.fr\/saintdieinfo\/2021\/02\/portes-ouvertes-etablissements-denseignement-superieur\/#primaryimage"},"thumbnailUrl":"https:\/\/vosgesinfo.fr\/app\/uploads\/sites\/4\/2024\/08\/202102enseignementsup-responsive-951x1024-1.jpg","datePublished":"2021-02-12T07:31:53+00:00","dateModified":"2021-02-12T07:31:53+00:00","breadcrumb":{"@id":"https:\/\/vosgesinfo.fr\/saintdieinfo\/2021\/02\/portes-ouvertes-etablissements-denseignement-superieur\/#breadcrumb"},"inLanguage":"fr-FR","potentialAction":[{"@type":"ReadAction","target":["https:\/\/vosgesinfo.fr\/saintdieinfo\/2021\/02\/portes-ouvertes-etablissements-denseignement-superieur\/"]}]},{"@type":"ImageObject","inLanguage":"fr-FR","@id":"https:\/\/vosgesinfo.fr\/saintdieinfo\/2021\/02\/portes-ouvertes-etablissements-denseignement-superieur\/#primaryimage","url":"https:\/\/vosgesinfo.fr\/app\/uploads\/sites\/4\/2024\/08\/202102enseignementsup-responsive-951x1024-1.jpg","contentUrl":"https:\/\/vosgesinfo.fr\/app\/uploads\/sites\/4\/2024\/08\/202102enseignementsup-responsive-951x1024-1.jpg","width":743,"height":800},{"@type":"BreadcrumbList","@id":"https:\/\/vosgesinfo.fr\/saintdieinfo\/2021\/02\/portes-ouvertes-etablissements-denseignement-superieur\/#breadcrumb","itemListElement":[{"@type":"ListItem","position":1,"name":"Home","item":"https:\/\/vosgesinfo.fr\/saintdieinfo\/"},{"@type":"ListItem","position":2,"name":"Portes ouvertes dans les \u00e9tablissements d\u2019enseignement sup\u00e9rieur"}]},{"@type":"WebSite","@id":"https:\/\/vosgesinfo.fr\/saintdieinfo\/#website","url":"https:\/\/vosgesinfo.fr\/saintdieinfo\/","name":"Saint Die Info","description":"Toute l&#039;actualit\u00e9 de Saint-Di\u00e9-Des-Vosges","publisher":{"@id":"https:\/\/vosgesinfo.fr\/saintdieinfo\/#organization"},"alternateName":"Toute l'actualit\u00e9 de Saint-Di\u00e9-Des-Vosges","potentialAction":[{"@type":"SearchAction","target":{"@type":"EntryPoint","urlTemplate":"https:\/\/vosgesinfo.fr\/saintdieinfo\/?s={search_term_string}"},"query-input":"required name=search_term_string"}],"inLanguage":"fr-FR"},{"@type":"Organization","@id":"https:\/\/vosgesinfo.fr\/saintdieinfo\/#organization","name":"Saint Die Info","url":"https:\/\/vosgesinfo.fr\/saintdieinfo\/","logo":{"@type":"ImageObject","inLanguage":"fr-FR","@id":"https:\/\/vosgesinfo.fr\/saintdieinfo\/#\/schema\/logo\/image\/","url":"https:\/\/vosgesinfo.fr\/app\/uploads\/sites\/4\/2024\/02\/logo-sdi.jpg","contentUrl":"https:\/\/vosgesinfo.fr\/app\/uploads\/sites\/4\/2024\/02\/logo-sdi.jpg","width":600,"height":600,"caption":"Saint Die Info"},"image":{"@id":"https:\/\/vosgesinfo.fr\/saintdieinfo\/#\/schema\/logo\/image\/"},"sameAs":["https:\/\/www.facebook.com\/Saintdieinfofr","https:\/\/x.com\/VosgesInfo88","https:\/\/www.youtube.com\/@vosgesinfo"]},{"@type":"Person","@id":"https:\/\/vosgesinfo.fr\/saintdieinfo\/#\/schema\/person\/4f57dc393faf2ac8b9f1cab30ad79250","name":"Phj","image":{"@type":"ImageObject","inLanguage":"fr-FR","@id":"https:\/\/vosgesinfo.fr\/saintdieinfo\/#\/schema\/person\/image\/","url":"https:\/\/secure.gravatar.com\/avatar\/ada60265080fb9a89c9809bf0abb1f448a128cb85db1c08905baa5038fbe3cfe?s=96&d=mm&r=g","contentUrl":"https:\/\/secure.gravatar.com\/avatar\/ada60265080fb9a89c9809bf0abb1f448a128cb85db1c08905baa5038fbe3cfe?s=96&d=mm&r=g","caption":"Phj"},"url":"https:\/\/vosgesinfo.fr\/saintdieinfo\/author\/phj\/"}]}},"_links":{"self":[{"href":"https:\/\/vosgesinfo.fr\/saintdieinfo\/wp-json\/wp\/v2\/posts\/39524","targetHints":{"allow":["GET"]}}],"collection":[{"href":"https:\/\/vosgesinfo.fr\/saintdieinfo\/wp-json\/wp\/v2\/posts"}],"about":[{"href":"https:\/\/vosgesinfo.fr\/saintdieinfo\/wp-json\/wp\/v2\/types\/post"}],"author":[{"embeddable":true,"href":"https:\/\/vosgesinfo.fr\/saintdieinfo\/wp-json\/wp\/v2\/users\/39"}],"replies":[{"embeddable":true,"href":"https:\/\/vosgesinfo.fr\/saintdieinfo\/wp-json\/wp\/v2\/comments?post=39524"}],"version-history":[{"count":0,"href":"https:\/\/vosgesinfo.fr\/saintdieinfo\/wp-json\/wp\/v2\/posts\/39524\/revisions"}],"wp:featuredmedia":[{"embeddable":true,"href":"https:\/\/vosgesinfo.fr\/saintdieinfo\/wp-json\/wp\/v2\/media\/39525"}],"wp:attachment":[{"href":"https:\/\/vosgesinfo.fr\/saintdieinfo\/wp-json\/wp\/v2\/media?parent=39524"}],"wp:term":[{"taxonomy":"category","embeddable":true,"href":"https:\/\/vosgesinfo.fr\/saintdieinfo\/wp-json\/wp\/v2\/categories?post=39524"},{"taxonomy":"post_tag","embeddable":true,"href":"https:\/\/vosgesinfo.fr\/saintdieinfo\/wp-json\/wp\/v2\/tags?post=39524"}],"curies":[{"name":"wp","href":"https:\/\/api.w.org\/{rel}","templated":true}]}}