{"id":39553,"date":"2021-02-15T10:22:52","date_gmt":"2021-02-15T09:22:52","guid":{"rendered":"https:\/\/vosgesinfo.fr\/saintdieinfo\/2021\/02\/universite-jean-hingray-parle-de-non-assistance-a-generation-danger\/"},"modified":"2021-02-15T10:22:52","modified_gmt":"2021-02-15T09:22:52","slug":"universite-jean-hingray-parle-de-non-assistance-a-generation-danger","status":"publish","type":"post","link":"https:\/\/vosgesinfo.fr\/saintdieinfo\/2021\/02\/universite-jean-hingray-parle-de-non-assistance-a-generation-danger\/","title":{"rendered":"Universit\u00e9 : Jean Hingray parle de \u00ab non-assistance \u00e0 g\u00e9n\u00e9ration en danger \u00bb"},"content":{"rendered":"<h3><a href=\"\/2021\/02\/J.-Hingray-senat.png\"><img decoding=\"async\" class=\"aligncenter size-full wp-image-166512\" src=\"\/2021\/02\/J.-Hingray-senat.png\" alt=\"J. Hingray senat\" width=\"800\" height=\"524\" \/><\/a><\/h3>\n<h3><strong>Lors d\u2019un d\u00e9bat au S\u00e9nat sur le th\u00e8me du fonctionnement des universit\u00e9s lors de la crise de la Covid-19 et le malaise et les difficult\u00e9s pour les \u00e9tudiants, le s\u00e9nateur Jean Hingray a appuy\u00e9 l\u2019id\u00e9e d\u2019une vaccination des \u00e9tudiants et d\u2019un retour des cours en amphi.<\/strong><\/h3>\n<p><em>\u00ab\u00a0Il faut ouvrir au plus vite les universit\u00e9s\u00a0\u00bb<\/em>, a affirme le s\u00e9nateur Jean Hingray, s\u2019adressant \u00e0 la ministre de l\u2019enseignement sup\u00e9rieur, de la recherche et de l\u2019innovation Fr\u00e9d\u00e9rique Vidal. <em>\u00ab\u00a0Trop de destins, trop d\u2019histoires, trop de vies, trop d\u2019avenirs sont en jeu (\u2026) <\/em><em>Les artistes, des chercheurs, des entrepreneurs, des praticiens en herbe sont en pleine r\u00e9gression, en pause prolong\u00e9e\u00a0\u00bb<\/em>. L\u2019\u00e9lu vosgien a \u00e9voqu\u00e9 la situation de nombreux jeunes <em>\u00ab\u00a0en d\u00e9tresse, pr\u00e9caris\u00e9s, hors sol, d\u00e9sorbit\u00e9s, sacrifi\u00e9s\u00a0\u00bb <\/em>\u00e0 l\u2019occasion de cette crise.<\/p>\n<p><em>\u00ab\u00a0On pr\u00e9f\u00e8re faire l\u2019aum\u00f4ne d\u2019un psy plut\u00f4t que l\u2019offre d\u2019un vaccin\u00a0\u00bb<\/em>, affirme-t-il, \u00e9voquant une <em>\u00ab\u00a0n<\/em><em>on-assistance \u00e0 g\u00e9n\u00e9ration en danger\u00a0\u00bb<\/em>. Jean Hingray propose donc une vaccination et un retour en amphi, avec respect des gestes barri\u00e8res.<em> \u00ab\u00a0J\u2019entends de grands m\u00e9decins plaider pour une vaccination des \u00e9tudiants\u00a0\u00bb<\/em>, affirme-t-il.<em> \u00ab\u00a0Si le distanciel est devenu une modalit\u00e9, voire une consigne, luttons de toutes nos forces pour que le pr\u00e9sentiel demeure un acquis. C\u2019est aussi la condition de la sant\u00e9 mentale de toute une g\u00e9n\u00e9ration en danger\u00a0\u00bb. <\/em><\/p>\n<p>Retrouvez <a href=\"http:\/\/videos.senat.fr\/video.2108908_6023dcf304ca1.seance-publique-du-10-fevrier-2021-apres-midi?timecode=18400000&amp;fbclid=IwAR1dpQqSpC8_Kf03-texb4fYj6G8tjn3bw_K_nDMlT6FOb2yuV_yD4_-BlA\">l\u2019int\u00e9gralit\u00e9 de l\u2019intervention sur vid\u00e9o.senat.fr<\/a><\/p>\n","protected":false},"excerpt":{"rendered":"<p>Lors d\u2019un d\u00e9bat au S\u00e9nat sur le th\u00e8me du fonctionnement des universit\u00e9s lors de la crise de la Covid-19 et [&hellip;]<\/p>\n","protected":false},"author":44,"featured_media":39554,"comment_status":"open","ping_status":"open","sticky":false,"template":"","format":"standard","meta":{"footnotes":""},"categories":[460,10],"tags":[3801],"class_list":["post-39553","post","type-post","status-publish","format-standard","has-post-thumbnail","hentry","category-a-la-une","category-politique","tag-jean-hingray"],"acf":[],"yoast_head":"<!-- This site is optimized with the Yoast SEO plugin v22.5 - https:\/\/yoast.com\/wordpress\/plugins\/seo\/ -->\n<title>Universit\u00e9 : Jean Hingray parle de \u00ab non-assistance \u00e0 g\u00e9n\u00e9ration en danger \u00bb - Saint Die Info<\/title>\n<meta name=\"robots\" content=\"index, follow, max-snippet:-1, max-image-preview:large, max-video-preview:-1\" \/>\n<link rel=\"canonical\" href=\"https:\/\/vosgesinfo.fr\/saintdieinfo\/2021\/02\/universite-jean-hingray-parle-de-non-assistance-a-generation-danger\/\" \/>\n<meta name=\"twitter:card\" content=\"summary_large_image\" \/>\n<meta name=\"twitter:title\" content=\"Universit\u00e9 : Jean Hingray parle de \u00ab non-assistance \u00e0 g\u00e9n\u00e9ration en danger \u00bb - Saint Die Info\" \/>\n<meta name=\"twitter:description\" content=\"Lors d\u2019un d\u00e9bat au S\u00e9nat sur le th\u00e8me du fonctionnement des universit\u00e9s lors de la crise de la Covid-19 et [&hellip;]\" \/>\n<meta name=\"twitter:image\" content=\"https:\/\/vosgesinfo.fr\/app\/uploads\/sites\/4\/2024\/08\/202102j.-hingray-senat.png\" \/>\n<meta name=\"twitter:creator\" content=\"@VosgesInfo88\" \/>\n<meta name=\"twitter:site\" content=\"@VosgesInfo88\" \/>\n<meta name=\"twitter:label1\" content=\"\u00c9crit par\" \/>\n\t<meta name=\"twitter:data1\" content=\"la r\u00e9daction\" \/>\n\t<meta name=\"twitter:label2\" content=\"Dur\u00e9e de lecture estim\u00e9e\" \/>\n\t<meta name=\"twitter:data2\" content=\"1 minute\" \/>\n<script type=\"application\/ld+json\" class=\"yoast-schema-graph\">{\"@context\":\"https:\/\/schema.org\",\"@graph\":[{\"@type\":\"Article\",\"@id\":\"https:\/\/vosgesinfo.fr\/saintdieinfo\/2021\/02\/universite-jean-hingray-parle-de-non-assistance-a-generation-danger\/#article\",\"isPartOf\":{\"@id\":\"https:\/\/vosgesinfo.fr\/saintdieinfo\/2021\/02\/universite-jean-hingray-parle-de-non-assistance-a-generation-danger\/\"},\"author\":{\"name\":\"la r\u00e9daction\",\"@id\":\"https:\/\/vosgesinfo.fr\/saintdieinfo\/#\/schema\/person\/faee6704a21f3977511db84bd1cd450f\"},\"headline\":\"Universit\u00e9 : Jean Hingray parle de \u00ab non-assistance \u00e0 g\u00e9n\u00e9ration en danger \u00bb\",\"datePublished\":\"2021-02-15T09:22:52+00:00\",\"dateModified\":\"2021-02-15T09:22:52+00:00\",\"mainEntityOfPage\":{\"@id\":\"https:\/\/vosgesinfo.fr\/saintdieinfo\/2021\/02\/universite-jean-hingray-parle-de-non-assistance-a-generation-danger\/\"},\"wordCount\":277,\"commentCount\":0,\"publisher\":{\"@id\":\"https:\/\/vosgesinfo.fr\/saintdieinfo\/#organization\"},\"image\":{\"@id\":\"https:\/\/vosgesinfo.fr\/saintdieinfo\/2021\/02\/universite-jean-hingray-parle-de-non-assistance-a-generation-danger\/#primaryimage\"},\"thumbnailUrl\":\"https:\/\/vosgesinfo.fr\/app\/uploads\/sites\/4\/2024\/08\/202102j.-hingray-senat.png\",\"keywords\":[\"Jean Hingray\"],\"articleSection\":[\"A la Une\",\"Politique\"],\"inLanguage\":\"fr-FR\",\"potentialAction\":[{\"@type\":\"CommentAction\",\"name\":\"Comment\",\"target\":[\"https:\/\/vosgesinfo.fr\/saintdieinfo\/2021\/02\/universite-jean-hingray-parle-de-non-assistance-a-generation-danger\/#respond\"]}]},{\"@type\":\"WebPage\",\"@id\":\"https:\/\/vosgesinfo.fr\/saintdieinfo\/2021\/02\/universite-jean-hingray-parle-de-non-assistance-a-generation-danger\/\",\"url\":\"https:\/\/vosgesinfo.fr\/saintdieinfo\/2021\/02\/universite-jean-hingray-parle-de-non-assistance-a-generation-danger\/\",\"name\":\"Universit\u00e9 : Jean Hingray parle de \u00ab non-assistance \u00e0 g\u00e9n\u00e9ration en danger \u00bb - Saint Die Info\",\"isPartOf\":{\"@id\":\"https:\/\/vosgesinfo.fr\/saintdieinfo\/#website\"},\"primaryImageOfPage\":{\"@id\":\"https:\/\/vosgesinfo.fr\/saintdieinfo\/2021\/02\/universite-jean-hingray-parle-de-non-assistance-a-generation-danger\/#primaryimage\"},\"image\":{\"@id\":\"https:\/\/vosgesinfo.fr\/saintdieinfo\/2021\/02\/universite-jean-hingray-parle-de-non-assistance-a-generation-danger\/#primaryimage\"},\"thumbnailUrl\":\"https:\/\/vosgesinfo.fr\/app\/uploads\/sites\/4\/2024\/08\/202102j.-hingray-senat.png\",\"datePublished\":\"2021-02-15T09:22:52+00:00\",\"dateModified\":\"2021-02-15T09:22:52+00:00\",\"breadcrumb\":{\"@id\":\"https:\/\/vosgesinfo.fr\/saintdieinfo\/2021\/02\/universite-jean-hingray-parle-de-non-assistance-a-generation-danger\/#breadcrumb\"},\"inLanguage\":\"fr-FR\",\"potentialAction\":[{\"@type\":\"ReadAction\",\"target\":[\"https:\/\/vosgesinfo.fr\/saintdieinfo\/2021\/02\/universite-jean-hingray-parle-de-non-assistance-a-generation-danger\/\"]}]},{\"@type\":\"ImageObject\",\"inLanguage\":\"fr-FR\",\"@id\":\"https:\/\/vosgesinfo.fr\/saintdieinfo\/2021\/02\/universite-jean-hingray-parle-de-non-assistance-a-generation-danger\/#primaryimage\",\"url\":\"https:\/\/vosgesinfo.fr\/app\/uploads\/sites\/4\/2024\/08\/202102j.-hingray-senat.png\",\"contentUrl\":\"https:\/\/vosgesinfo.fr\/app\/uploads\/sites\/4\/2024\/08\/202102j.-hingray-senat.png\",\"width\":800,\"height\":524},{\"@type\":\"BreadcrumbList\",\"@id\":\"https:\/\/vosgesinfo.fr\/saintdieinfo\/2021\/02\/universite-jean-hingray-parle-de-non-assistance-a-generation-danger\/#breadcrumb\",\"itemListElement\":[{\"@type\":\"ListItem\",\"position\":1,\"name\":\"Home\",\"item\":\"https:\/\/vosgesinfo.fr\/saintdieinfo\/\"},{\"@type\":\"ListItem\",\"position\":2,\"name\":\"Universit\u00e9 : Jean Hingray parle de \u00ab non-assistance \u00e0 g\u00e9n\u00e9ration en danger \u00bb\"}]},{\"@type\":\"WebSite\",\"@id\":\"https:\/\/vosgesinfo.fr\/saintdieinfo\/#website\",\"url\":\"https:\/\/vosgesinfo.fr\/saintdieinfo\/\",\"name\":\"Saint Die Info\",\"description\":\"Toute l&#039;actualit\u00e9 de Saint-Di\u00e9-Des-Vosges\",\"publisher\":{\"@id\":\"https:\/\/vosgesinfo.fr\/saintdieinfo\/#organization\"},\"alternateName\":\"Toute l'actualit\u00e9 de Saint-Di\u00e9-Des-Vosges\",\"potentialAction\":[{\"@type\":\"SearchAction\",\"target\":{\"@type\":\"EntryPoint\",\"urlTemplate\":\"https:\/\/vosgesinfo.fr\/saintdieinfo\/?s={search_term_string}\"},\"query-input\":\"required name=search_term_string\"}],\"inLanguage\":\"fr-FR\"},{\"@type\":\"Organization\",\"@id\":\"https:\/\/vosgesinfo.fr\/saintdieinfo\/#organization\",\"name\":\"Saint Die Info\",\"url\":\"https:\/\/vosgesinfo.fr\/saintdieinfo\/\",\"logo\":{\"@type\":\"ImageObject\",\"inLanguage\":\"fr-FR\",\"@id\":\"https:\/\/vosgesinfo.fr\/saintdieinfo\/#\/schema\/logo\/image\/\",\"url\":\"https:\/\/vosgesinfo.fr\/app\/uploads\/sites\/4\/2024\/02\/logo-sdi.jpg\",\"contentUrl\":\"https:\/\/vosgesinfo.fr\/app\/uploads\/sites\/4\/2024\/02\/logo-sdi.jpg\",\"width\":600,\"height\":600,\"caption\":\"Saint Die Info\"},\"image\":{\"@id\":\"https:\/\/vosgesinfo.fr\/saintdieinfo\/#\/schema\/logo\/image\/\"},\"sameAs\":[\"https:\/\/www.facebook.com\/Saintdieinfofr\",\"https:\/\/x.com\/VosgesInfo88\",\"https:\/\/www.youtube.com\/@vosgesinfo\"]},{\"@type\":\"Person\",\"@id\":\"https:\/\/vosgesinfo.fr\/saintdieinfo\/#\/schema\/person\/faee6704a21f3977511db84bd1cd450f\",\"name\":\"la r\u00e9daction\",\"image\":{\"@type\":\"ImageObject\",\"inLanguage\":\"fr-FR\",\"@id\":\"https:\/\/vosgesinfo.fr\/saintdieinfo\/#\/schema\/person\/image\/\",\"url\":\"https:\/\/secure.gravatar.com\/avatar\/6673d8bc6a9c17fa9a453eaa3448de834fa308c2ec9635b7aa99441a7c8d2cf6?s=96&d=mm&r=g\",\"contentUrl\":\"https:\/\/secure.gravatar.com\/avatar\/6673d8bc6a9c17fa9a453eaa3448de834fa308c2ec9635b7aa99441a7c8d2cf6?s=96&d=mm&r=g\",\"caption\":\"la r\u00e9daction\"},\"url\":\"https:\/\/vosgesinfo.fr\/saintdieinfo\/author\/redac\/\"}]}<\/script>\n<!-- \/ Yoast SEO plugin. -->","yoast_head_json":{"title":"Universit\u00e9 : Jean Hingray parle de \u00ab non-assistance \u00e0 g\u00e9n\u00e9ration en danger \u00bb - Saint Die Info","robots":{"index":"index","follow":"follow","max-snippet":"max-snippet:-1","max-image-preview":"max-image-preview:large","max-video-preview":"max-video-preview:-1"},"canonical":"https:\/\/vosgesinfo.fr\/saintdieinfo\/2021\/02\/universite-jean-hingray-parle-de-non-assistance-a-generation-danger\/","twitter_card":"summary_large_image","twitter_title":"Universit\u00e9 : Jean Hingray parle de \u00ab non-assistance \u00e0 g\u00e9n\u00e9ration en danger \u00bb - Saint Die Info","twitter_description":"Lors d\u2019un d\u00e9bat au S\u00e9nat sur le th\u00e8me du fonctionnement des universit\u00e9s lors de la crise de la Covid-19 et [&hellip;]","twitter_image":"https:\/\/vosgesinfo.fr\/app\/uploads\/sites\/4\/2024\/08\/202102j.-hingray-senat.png","twitter_creator":"@VosgesInfo88","twitter_site":"@VosgesInfo88","twitter_misc":{"\u00c9crit par":"la r\u00e9daction","Dur\u00e9e de lecture estim\u00e9e":"1 minute"},"schema":{"@context":"https:\/\/schema.org","@graph":[{"@type":"Article","@id":"https:\/\/vosgesinfo.fr\/saintdieinfo\/2021\/02\/universite-jean-hingray-parle-de-non-assistance-a-generation-danger\/#article","isPartOf":{"@id":"https:\/\/vosgesinfo.fr\/saintdieinfo\/2021\/02\/universite-jean-hingray-parle-de-non-assistance-a-generation-danger\/"},"author":{"name":"la r\u00e9daction","@id":"https:\/\/vosgesinfo.fr\/saintdieinfo\/#\/schema\/person\/faee6704a21f3977511db84bd1cd450f"},"headline":"Universit\u00e9 : Jean Hingray parle de \u00ab non-assistance \u00e0 g\u00e9n\u00e9ration en danger \u00bb","datePublished":"2021-02-15T09:22:52+00:00","dateModified":"2021-02-15T09:22:52+00:00","mainEntityOfPage":{"@id":"https:\/\/vosgesinfo.fr\/saintdieinfo\/2021\/02\/universite-jean-hingray-parle-de-non-assistance-a-generation-danger\/"},"wordCount":277,"commentCount":0,"publisher":{"@id":"https:\/\/vosgesinfo.fr\/saintdieinfo\/#organization"},"image":{"@id":"https:\/\/vosgesinfo.fr\/saintdieinfo\/2021\/02\/universite-jean-hingray-parle-de-non-assistance-a-generation-danger\/#primaryimage"},"thumbnailUrl":"https:\/\/vosgesinfo.fr\/app\/uploads\/sites\/4\/2024\/08\/202102j.-hingray-senat.png","keywords":["Jean Hingray"],"articleSection":["A la Une","Politique"],"inLanguage":"fr-FR","potentialAction":[{"@type":"CommentAction","name":"Comment","target":["https:\/\/vosgesinfo.fr\/saintdieinfo\/2021\/02\/universite-jean-hingray-parle-de-non-assistance-a-generation-danger\/#respond"]}]},{"@type":"WebPage","@id":"https:\/\/vosgesinfo.fr\/saintdieinfo\/2021\/02\/universite-jean-hingray-parle-de-non-assistance-a-generation-danger\/","url":"https:\/\/vosgesinfo.fr\/saintdieinfo\/2021\/02\/universite-jean-hingray-parle-de-non-assistance-a-generation-danger\/","name":"Universit\u00e9 : Jean Hingray parle de \u00ab non-assistance \u00e0 g\u00e9n\u00e9ration en danger \u00bb - Saint Die Info","isPartOf":{"@id":"https:\/\/vosgesinfo.fr\/saintdieinfo\/#website"},"primaryImageOfPage":{"@id":"https:\/\/vosgesinfo.fr\/saintdieinfo\/2021\/02\/universite-jean-hingray-parle-de-non-assistance-a-generation-danger\/#primaryimage"},"image":{"@id":"https:\/\/vosgesinfo.fr\/saintdieinfo\/2021\/02\/universite-jean-hingray-parle-de-non-assistance-a-generation-danger\/#primaryimage"},"thumbnailUrl":"https:\/\/vosgesinfo.fr\/app\/uploads\/sites\/4\/2024\/08\/202102j.-hingray-senat.png","datePublished":"2021-02-15T09:22:52+00:00","dateModified":"2021-02-15T09:22:52+00:00","breadcrumb":{"@id":"https:\/\/vosgesinfo.fr\/saintdieinfo\/2021\/02\/universite-jean-hingray-parle-de-non-assistance-a-generation-danger\/#breadcrumb"},"inLanguage":"fr-FR","potentialAction":[{"@type":"ReadAction","target":["https:\/\/vosgesinfo.fr\/saintdieinfo\/2021\/02\/universite-jean-hingray-parle-de-non-assistance-a-generation-danger\/"]}]},{"@type":"ImageObject","inLanguage":"fr-FR","@id":"https:\/\/vosgesinfo.fr\/saintdieinfo\/2021\/02\/universite-jean-hingray-parle-de-non-assistance-a-generation-danger\/#primaryimage","url":"https:\/\/vosgesinfo.fr\/app\/uploads\/sites\/4\/2024\/08\/202102j.-hingray-senat.png","contentUrl":"https:\/\/vosgesinfo.fr\/app\/uploads\/sites\/4\/2024\/08\/202102j.-hingray-senat.png","width":800,"height":524},{"@type":"BreadcrumbList","@id":"https:\/\/vosgesinfo.fr\/saintdieinfo\/2021\/02\/universite-jean-hingray-parle-de-non-assistance-a-generation-danger\/#breadcrumb","itemListElement":[{"@type":"ListItem","position":1,"name":"Home","item":"https:\/\/vosgesinfo.fr\/saintdieinfo\/"},{"@type":"ListItem","position":2,"name":"Universit\u00e9 : Jean Hingray parle de \u00ab non-assistance \u00e0 g\u00e9n\u00e9ration en danger \u00bb"}]},{"@type":"WebSite","@id":"https:\/\/vosgesinfo.fr\/saintdieinfo\/#website","url":"https:\/\/vosgesinfo.fr\/saintdieinfo\/","name":"Saint Die Info","description":"Toute l&#039;actualit\u00e9 de Saint-Di\u00e9-Des-Vosges","publisher":{"@id":"https:\/\/vosgesinfo.fr\/saintdieinfo\/#organization"},"alternateName":"Toute l'actualit\u00e9 de Saint-Di\u00e9-Des-Vosges","potentialAction":[{"@type":"SearchAction","target":{"@type":"EntryPoint","urlTemplate":"https:\/\/vosgesinfo.fr\/saintdieinfo\/?s={search_term_string}"},"query-input":"required name=search_term_string"}],"inLanguage":"fr-FR"},{"@type":"Organization","@id":"https:\/\/vosgesinfo.fr\/saintdieinfo\/#organization","name":"Saint Die Info","url":"https:\/\/vosgesinfo.fr\/saintdieinfo\/","logo":{"@type":"ImageObject","inLanguage":"fr-FR","@id":"https:\/\/vosgesinfo.fr\/saintdieinfo\/#\/schema\/logo\/image\/","url":"https:\/\/vosgesinfo.fr\/app\/uploads\/sites\/4\/2024\/02\/logo-sdi.jpg","contentUrl":"https:\/\/vosgesinfo.fr\/app\/uploads\/sites\/4\/2024\/02\/logo-sdi.jpg","width":600,"height":600,"caption":"Saint Die Info"},"image":{"@id":"https:\/\/vosgesinfo.fr\/saintdieinfo\/#\/schema\/logo\/image\/"},"sameAs":["https:\/\/www.facebook.com\/Saintdieinfofr","https:\/\/x.com\/VosgesInfo88","https:\/\/www.youtube.com\/@vosgesinfo"]},{"@type":"Person","@id":"https:\/\/vosgesinfo.fr\/saintdieinfo\/#\/schema\/person\/faee6704a21f3977511db84bd1cd450f","name":"la r\u00e9daction","image":{"@type":"ImageObject","inLanguage":"fr-FR","@id":"https:\/\/vosgesinfo.fr\/saintdieinfo\/#\/schema\/person\/image\/","url":"https:\/\/secure.gravatar.com\/avatar\/6673d8bc6a9c17fa9a453eaa3448de834fa308c2ec9635b7aa99441a7c8d2cf6?s=96&d=mm&r=g","contentUrl":"https:\/\/secure.gravatar.com\/avatar\/6673d8bc6a9c17fa9a453eaa3448de834fa308c2ec9635b7aa99441a7c8d2cf6?s=96&d=mm&r=g","caption":"la r\u00e9daction"},"url":"https:\/\/vosgesinfo.fr\/saintdieinfo\/author\/redac\/"}]}},"_links":{"self":[{"href":"https:\/\/vosgesinfo.fr\/saintdieinfo\/wp-json\/wp\/v2\/posts\/39553","targetHints":{"allow":["GET"]}}],"collection":[{"href":"https:\/\/vosgesinfo.fr\/saintdieinfo\/wp-json\/wp\/v2\/posts"}],"about":[{"href":"https:\/\/vosgesinfo.fr\/saintdieinfo\/wp-json\/wp\/v2\/types\/post"}],"author":[{"embeddable":true,"href":"https:\/\/vosgesinfo.fr\/saintdieinfo\/wp-json\/wp\/v2\/users\/44"}],"replies":[{"embeddable":true,"href":"https:\/\/vosgesinfo.fr\/saintdieinfo\/wp-json\/wp\/v2\/comments?post=39553"}],"version-history":[{"count":0,"href":"https:\/\/vosgesinfo.fr\/saintdieinfo\/wp-json\/wp\/v2\/posts\/39553\/revisions"}],"wp:featuredmedia":[{"embeddable":true,"href":"https:\/\/vosgesinfo.fr\/saintdieinfo\/wp-json\/wp\/v2\/media\/39554"}],"wp:attachment":[{"href":"https:\/\/vosgesinfo.fr\/saintdieinfo\/wp-json\/wp\/v2\/media?parent=39553"}],"wp:term":[{"taxonomy":"category","embeddable":true,"href":"https:\/\/vosgesinfo.fr\/saintdieinfo\/wp-json\/wp\/v2\/categories?post=39553"},{"taxonomy":"post_tag","embeddable":true,"href":"https:\/\/vosgesinfo.fr\/saintdieinfo\/wp-json\/wp\/v2\/tags?post=39553"}],"curies":[{"name":"wp","href":"https:\/\/api.w.org\/{rel}","templated":true}]}}