{"id":39580,"date":"2021-02-17T18:28:51","date_gmt":"2021-02-17T17:28:51","guid":{"rendered":"https:\/\/vosgesinfo.fr\/saintdieinfo\/2021\/02\/baptiser-enfant-cest-actuellement-possible-a-cathedrale-deodatienne\/"},"modified":"2021-02-17T18:28:51","modified_gmt":"2021-02-17T17:28:51","slug":"baptiser-enfant-cest-actuellement-possible-a-cathedrale-deodatienne","status":"publish","type":"post","link":"https:\/\/vosgesinfo.fr\/saintdieinfo\/2021\/02\/baptiser-enfant-cest-actuellement-possible-a-cathedrale-deodatienne\/","title":{"rendered":"Baptiser un enfant, c&rsquo;est actuellement possible \u00e0 la cath\u00e9drale d\u00e9odatienne"},"content":{"rendered":"<h2><strong><span style=\"font-size: 14pt;\">Vous envisagiez le bapt\u00eame d&rsquo;un enfant ? Vous attendez une situation sanitaire plus favorable, en vous disant que ce n&rsquo;est pas possible aujourd&rsquo;hui ?\u00a0 La c\u00e9l\u00e9bration du bapt\u00eame d&rsquo;un enfant est actuellement possible \u00e0 la cath\u00e9drale de Saint-Di\u00e9-des-Vosges, m\u00eame en petit comit\u00e9.<\/span><\/strong><\/h2>\n<p><!--more--><\/p>\n<p>Pour ce qui est de la cath\u00e9drale et des autres \u00e9glises, nous disposons de suffisamment de places pour recevoir les assembl\u00e9es habituelles des bapt\u00eames. Sauf exception (P\u00e2ques, Pentec\u00f4te), la c\u00e9l\u00e9bration ne comportera qu&rsquo;un seul bapt\u00eame (pas d&rsquo;autres enfants).<\/p>\n<p>De plus, la pr\u00e9paration des parents, parrain et marraine ne se fera plus en groupe (comme auparavant, le vendredi), mais avec le pr\u00eatre ou le diacre qui pr\u00e9sidera la c\u00e9l\u00e9bration du sacrement, soit chez vous, soit au si\u00e8ge de la paroisse.<\/p>\n<p>N&rsquo;h\u00e9sitez pas \u00e0 vous signaler au secr\u00e9tariat de la paroisse cath\u00e9drale, t\u00e9l\u00e9phone 03-29-56-12-88.<\/p>\n","protected":false},"excerpt":{"rendered":"<p>Vous envisagiez le bapt\u00eame d&rsquo;un enfant ? Vous attendez une situation sanitaire plus favorable, en vous disant que ce n&rsquo;est [&hellip;]<\/p>\n","protected":false},"author":44,"featured_media":39581,"comment_status":"open","ping_status":"open","sticky":false,"template":"","format":"standard","meta":{"footnotes":""},"categories":[3900,2915],"tags":[7929,2980,7918],"class_list":["post-39580","post","type-post","status-publish","format-standard","has-post-thumbnail","hentry","category-breves","category-saint-die-son-canton","tag-bapteme-catholique","tag-cathedrale-de-saint-die-des-vosges","tag-paroisse-catholique-de-saint-die-des-vosges"],"acf":[],"yoast_head":"<!-- This site is optimized with the Yoast SEO plugin v22.5 - https:\/\/yoast.com\/wordpress\/plugins\/seo\/ -->\n<title>Baptiser un enfant, c&#039;est actuellement possible \u00e0 la cath\u00e9drale d\u00e9odatienne - Saint Die Info<\/title>\n<meta name=\"robots\" content=\"index, follow, max-snippet:-1, max-image-preview:large, max-video-preview:-1\" \/>\n<link rel=\"canonical\" href=\"https:\/\/vosgesinfo.fr\/saintdieinfo\/2021\/02\/baptiser-enfant-cest-actuellement-possible-a-cathedrale-deodatienne\/\" \/>\n<meta name=\"twitter:card\" content=\"summary_large_image\" \/>\n<meta name=\"twitter:title\" content=\"Baptiser un enfant, c&#039;est actuellement possible \u00e0 la cath\u00e9drale d\u00e9odatienne - Saint Die Info\" \/>\n<meta name=\"twitter:description\" content=\"Vous envisagiez le bapt\u00eame d&rsquo;un enfant ? Vous attendez une situation sanitaire plus favorable, en vous disant que ce n&rsquo;est [&hellip;]\" \/>\n<meta name=\"twitter:image\" content=\"https:\/\/vosgesinfo.fr\/app\/uploads\/sites\/4\/2024\/08\/201701cathedrale-sddv-01-2.jpg\" \/>\n<meta name=\"twitter:creator\" content=\"@VosgesInfo88\" \/>\n<meta name=\"twitter:site\" content=\"@VosgesInfo88\" \/>\n<meta name=\"twitter:label1\" content=\"\u00c9crit par\" \/>\n\t<meta name=\"twitter:data1\" content=\"la r\u00e9daction\" \/>\n\t<meta name=\"twitter:label2\" content=\"Dur\u00e9e de lecture estim\u00e9e\" \/>\n\t<meta name=\"twitter:data2\" content=\"1 minute\" \/>\n<script type=\"application\/ld+json\" class=\"yoast-schema-graph\">{\"@context\":\"https:\/\/schema.org\",\"@graph\":[{\"@type\":\"Article\",\"@id\":\"https:\/\/vosgesinfo.fr\/saintdieinfo\/2021\/02\/baptiser-enfant-cest-actuellement-possible-a-cathedrale-deodatienne\/#article\",\"isPartOf\":{\"@id\":\"https:\/\/vosgesinfo.fr\/saintdieinfo\/2021\/02\/baptiser-enfant-cest-actuellement-possible-a-cathedrale-deodatienne\/\"},\"author\":{\"name\":\"la r\u00e9daction\",\"@id\":\"https:\/\/vosgesinfo.fr\/saintdieinfo\/#\/schema\/person\/faee6704a21f3977511db84bd1cd450f\"},\"headline\":\"Baptiser un enfant, c&rsquo;est actuellement possible \u00e0 la cath\u00e9drale d\u00e9odatienne\",\"datePublished\":\"2021-02-17T17:28:51+00:00\",\"dateModified\":\"2021-02-17T17:28:51+00:00\",\"mainEntityOfPage\":{\"@id\":\"https:\/\/vosgesinfo.fr\/saintdieinfo\/2021\/02\/baptiser-enfant-cest-actuellement-possible-a-cathedrale-deodatienne\/\"},\"wordCount\":178,\"commentCount\":0,\"publisher\":{\"@id\":\"https:\/\/vosgesinfo.fr\/saintdieinfo\/#organization\"},\"image\":{\"@id\":\"https:\/\/vosgesinfo.fr\/saintdieinfo\/2021\/02\/baptiser-enfant-cest-actuellement-possible-a-cathedrale-deodatienne\/#primaryimage\"},\"thumbnailUrl\":\"https:\/\/vosgesinfo.fr\/app\/uploads\/sites\/4\/2024\/08\/201701cathedrale-sddv-01-2.jpg\",\"keywords\":[\"Bapt\u00eame catholique\",\"Cath\u00e9drale de Saint-Di\u00e9-des-Vosges\",\"Paroisse catholique de Saint-Di\u00e9-des-Vosges\"],\"articleSection\":[\"Br\u00e8ves\",\"Saint-Di\u00e9-des-Vosges et son Agglom\u00e9ration\"],\"inLanguage\":\"fr-FR\",\"potentialAction\":[{\"@type\":\"CommentAction\",\"name\":\"Comment\",\"target\":[\"https:\/\/vosgesinfo.fr\/saintdieinfo\/2021\/02\/baptiser-enfant-cest-actuellement-possible-a-cathedrale-deodatienne\/#respond\"]}]},{\"@type\":\"WebPage\",\"@id\":\"https:\/\/vosgesinfo.fr\/saintdieinfo\/2021\/02\/baptiser-enfant-cest-actuellement-possible-a-cathedrale-deodatienne\/\",\"url\":\"https:\/\/vosgesinfo.fr\/saintdieinfo\/2021\/02\/baptiser-enfant-cest-actuellement-possible-a-cathedrale-deodatienne\/\",\"name\":\"Baptiser un enfant, c'est actuellement possible \u00e0 la cath\u00e9drale d\u00e9odatienne - Saint Die Info\",\"isPartOf\":{\"@id\":\"https:\/\/vosgesinfo.fr\/saintdieinfo\/#website\"},\"primaryImageOfPage\":{\"@id\":\"https:\/\/vosgesinfo.fr\/saintdieinfo\/2021\/02\/baptiser-enfant-cest-actuellement-possible-a-cathedrale-deodatienne\/#primaryimage\"},\"image\":{\"@id\":\"https:\/\/vosgesinfo.fr\/saintdieinfo\/2021\/02\/baptiser-enfant-cest-actuellement-possible-a-cathedrale-deodatienne\/#primaryimage\"},\"thumbnailUrl\":\"https:\/\/vosgesinfo.fr\/app\/uploads\/sites\/4\/2024\/08\/201701cathedrale-sddv-01-2.jpg\",\"datePublished\":\"2021-02-17T17:28:51+00:00\",\"dateModified\":\"2021-02-17T17:28:51+00:00\",\"breadcrumb\":{\"@id\":\"https:\/\/vosgesinfo.fr\/saintdieinfo\/2021\/02\/baptiser-enfant-cest-actuellement-possible-a-cathedrale-deodatienne\/#breadcrumb\"},\"inLanguage\":\"fr-FR\",\"potentialAction\":[{\"@type\":\"ReadAction\",\"target\":[\"https:\/\/vosgesinfo.fr\/saintdieinfo\/2021\/02\/baptiser-enfant-cest-actuellement-possible-a-cathedrale-deodatienne\/\"]}]},{\"@type\":\"ImageObject\",\"inLanguage\":\"fr-FR\",\"@id\":\"https:\/\/vosgesinfo.fr\/saintdieinfo\/2021\/02\/baptiser-enfant-cest-actuellement-possible-a-cathedrale-deodatienne\/#primaryimage\",\"url\":\"https:\/\/vosgesinfo.fr\/app\/uploads\/sites\/4\/2024\/08\/201701cathedrale-sddv-01-2.jpg\",\"contentUrl\":\"https:\/\/vosgesinfo.fr\/app\/uploads\/sites\/4\/2024\/08\/201701cathedrale-sddv-01-2.jpg\",\"width\":1024,\"height\":682},{\"@type\":\"BreadcrumbList\",\"@id\":\"https:\/\/vosgesinfo.fr\/saintdieinfo\/2021\/02\/baptiser-enfant-cest-actuellement-possible-a-cathedrale-deodatienne\/#breadcrumb\",\"itemListElement\":[{\"@type\":\"ListItem\",\"position\":1,\"name\":\"Home\",\"item\":\"https:\/\/vosgesinfo.fr\/saintdieinfo\/\"},{\"@type\":\"ListItem\",\"position\":2,\"name\":\"Baptiser un enfant, c&rsquo;est actuellement possible \u00e0 la cath\u00e9drale d\u00e9odatienne\"}]},{\"@type\":\"WebSite\",\"@id\":\"https:\/\/vosgesinfo.fr\/saintdieinfo\/#website\",\"url\":\"https:\/\/vosgesinfo.fr\/saintdieinfo\/\",\"name\":\"Saint Die Info\",\"description\":\"Toute l&#039;actualit\u00e9 de Saint-Di\u00e9-Des-Vosges\",\"publisher\":{\"@id\":\"https:\/\/vosgesinfo.fr\/saintdieinfo\/#organization\"},\"alternateName\":\"Toute l'actualit\u00e9 de Saint-Di\u00e9-Des-Vosges\",\"potentialAction\":[{\"@type\":\"SearchAction\",\"target\":{\"@type\":\"EntryPoint\",\"urlTemplate\":\"https:\/\/vosgesinfo.fr\/saintdieinfo\/?s={search_term_string}\"},\"query-input\":\"required name=search_term_string\"}],\"inLanguage\":\"fr-FR\"},{\"@type\":\"Organization\",\"@id\":\"https:\/\/vosgesinfo.fr\/saintdieinfo\/#organization\",\"name\":\"Saint Die Info\",\"url\":\"https:\/\/vosgesinfo.fr\/saintdieinfo\/\",\"logo\":{\"@type\":\"ImageObject\",\"inLanguage\":\"fr-FR\",\"@id\":\"https:\/\/vosgesinfo.fr\/saintdieinfo\/#\/schema\/logo\/image\/\",\"url\":\"https:\/\/vosgesinfo.fr\/app\/uploads\/sites\/4\/2024\/02\/logo-sdi.jpg\",\"contentUrl\":\"https:\/\/vosgesinfo.fr\/app\/uploads\/sites\/4\/2024\/02\/logo-sdi.jpg\",\"width\":600,\"height\":600,\"caption\":\"Saint Die Info\"},\"image\":{\"@id\":\"https:\/\/vosgesinfo.fr\/saintdieinfo\/#\/schema\/logo\/image\/\"},\"sameAs\":[\"https:\/\/www.facebook.com\/Saintdieinfofr\",\"https:\/\/x.com\/VosgesInfo88\",\"https:\/\/www.youtube.com\/@vosgesinfo\"]},{\"@type\":\"Person\",\"@id\":\"https:\/\/vosgesinfo.fr\/saintdieinfo\/#\/schema\/person\/faee6704a21f3977511db84bd1cd450f\",\"name\":\"la r\u00e9daction\",\"image\":{\"@type\":\"ImageObject\",\"inLanguage\":\"fr-FR\",\"@id\":\"https:\/\/vosgesinfo.fr\/saintdieinfo\/#\/schema\/person\/image\/\",\"url\":\"https:\/\/secure.gravatar.com\/avatar\/6673d8bc6a9c17fa9a453eaa3448de834fa308c2ec9635b7aa99441a7c8d2cf6?s=96&d=mm&r=g\",\"contentUrl\":\"https:\/\/secure.gravatar.com\/avatar\/6673d8bc6a9c17fa9a453eaa3448de834fa308c2ec9635b7aa99441a7c8d2cf6?s=96&d=mm&r=g\",\"caption\":\"la r\u00e9daction\"},\"url\":\"https:\/\/vosgesinfo.fr\/saintdieinfo\/author\/redac\/\"}]}<\/script>\n<!-- \/ Yoast SEO plugin. -->","yoast_head_json":{"title":"Baptiser un enfant, c'est actuellement possible \u00e0 la cath\u00e9drale d\u00e9odatienne - Saint Die Info","robots":{"index":"index","follow":"follow","max-snippet":"max-snippet:-1","max-image-preview":"max-image-preview:large","max-video-preview":"max-video-preview:-1"},"canonical":"https:\/\/vosgesinfo.fr\/saintdieinfo\/2021\/02\/baptiser-enfant-cest-actuellement-possible-a-cathedrale-deodatienne\/","twitter_card":"summary_large_image","twitter_title":"Baptiser un enfant, c'est actuellement possible \u00e0 la cath\u00e9drale d\u00e9odatienne - Saint Die Info","twitter_description":"Vous envisagiez le bapt\u00eame d&rsquo;un enfant ? Vous attendez une situation sanitaire plus favorable, en vous disant que ce n&rsquo;est [&hellip;]","twitter_image":"https:\/\/vosgesinfo.fr\/app\/uploads\/sites\/4\/2024\/08\/201701cathedrale-sddv-01-2.jpg","twitter_creator":"@VosgesInfo88","twitter_site":"@VosgesInfo88","twitter_misc":{"\u00c9crit par":"la r\u00e9daction","Dur\u00e9e de lecture estim\u00e9e":"1 minute"},"schema":{"@context":"https:\/\/schema.org","@graph":[{"@type":"Article","@id":"https:\/\/vosgesinfo.fr\/saintdieinfo\/2021\/02\/baptiser-enfant-cest-actuellement-possible-a-cathedrale-deodatienne\/#article","isPartOf":{"@id":"https:\/\/vosgesinfo.fr\/saintdieinfo\/2021\/02\/baptiser-enfant-cest-actuellement-possible-a-cathedrale-deodatienne\/"},"author":{"name":"la r\u00e9daction","@id":"https:\/\/vosgesinfo.fr\/saintdieinfo\/#\/schema\/person\/faee6704a21f3977511db84bd1cd450f"},"headline":"Baptiser un enfant, c&rsquo;est actuellement possible \u00e0 la cath\u00e9drale d\u00e9odatienne","datePublished":"2021-02-17T17:28:51+00:00","dateModified":"2021-02-17T17:28:51+00:00","mainEntityOfPage":{"@id":"https:\/\/vosgesinfo.fr\/saintdieinfo\/2021\/02\/baptiser-enfant-cest-actuellement-possible-a-cathedrale-deodatienne\/"},"wordCount":178,"commentCount":0,"publisher":{"@id":"https:\/\/vosgesinfo.fr\/saintdieinfo\/#organization"},"image":{"@id":"https:\/\/vosgesinfo.fr\/saintdieinfo\/2021\/02\/baptiser-enfant-cest-actuellement-possible-a-cathedrale-deodatienne\/#primaryimage"},"thumbnailUrl":"https:\/\/vosgesinfo.fr\/app\/uploads\/sites\/4\/2024\/08\/201701cathedrale-sddv-01-2.jpg","keywords":["Bapt\u00eame catholique","Cath\u00e9drale de Saint-Di\u00e9-des-Vosges","Paroisse catholique de Saint-Di\u00e9-des-Vosges"],"articleSection":["Br\u00e8ves","Saint-Di\u00e9-des-Vosges et son Agglom\u00e9ration"],"inLanguage":"fr-FR","potentialAction":[{"@type":"CommentAction","name":"Comment","target":["https:\/\/vosgesinfo.fr\/saintdieinfo\/2021\/02\/baptiser-enfant-cest-actuellement-possible-a-cathedrale-deodatienne\/#respond"]}]},{"@type":"WebPage","@id":"https:\/\/vosgesinfo.fr\/saintdieinfo\/2021\/02\/baptiser-enfant-cest-actuellement-possible-a-cathedrale-deodatienne\/","url":"https:\/\/vosgesinfo.fr\/saintdieinfo\/2021\/02\/baptiser-enfant-cest-actuellement-possible-a-cathedrale-deodatienne\/","name":"Baptiser un enfant, c'est actuellement possible \u00e0 la cath\u00e9drale d\u00e9odatienne - Saint Die Info","isPartOf":{"@id":"https:\/\/vosgesinfo.fr\/saintdieinfo\/#website"},"primaryImageOfPage":{"@id":"https:\/\/vosgesinfo.fr\/saintdieinfo\/2021\/02\/baptiser-enfant-cest-actuellement-possible-a-cathedrale-deodatienne\/#primaryimage"},"image":{"@id":"https:\/\/vosgesinfo.fr\/saintdieinfo\/2021\/02\/baptiser-enfant-cest-actuellement-possible-a-cathedrale-deodatienne\/#primaryimage"},"thumbnailUrl":"https:\/\/vosgesinfo.fr\/app\/uploads\/sites\/4\/2024\/08\/201701cathedrale-sddv-01-2.jpg","datePublished":"2021-02-17T17:28:51+00:00","dateModified":"2021-02-17T17:28:51+00:00","breadcrumb":{"@id":"https:\/\/vosgesinfo.fr\/saintdieinfo\/2021\/02\/baptiser-enfant-cest-actuellement-possible-a-cathedrale-deodatienne\/#breadcrumb"},"inLanguage":"fr-FR","potentialAction":[{"@type":"ReadAction","target":["https:\/\/vosgesinfo.fr\/saintdieinfo\/2021\/02\/baptiser-enfant-cest-actuellement-possible-a-cathedrale-deodatienne\/"]}]},{"@type":"ImageObject","inLanguage":"fr-FR","@id":"https:\/\/vosgesinfo.fr\/saintdieinfo\/2021\/02\/baptiser-enfant-cest-actuellement-possible-a-cathedrale-deodatienne\/#primaryimage","url":"https:\/\/vosgesinfo.fr\/app\/uploads\/sites\/4\/2024\/08\/201701cathedrale-sddv-01-2.jpg","contentUrl":"https:\/\/vosgesinfo.fr\/app\/uploads\/sites\/4\/2024\/08\/201701cathedrale-sddv-01-2.jpg","width":1024,"height":682},{"@type":"BreadcrumbList","@id":"https:\/\/vosgesinfo.fr\/saintdieinfo\/2021\/02\/baptiser-enfant-cest-actuellement-possible-a-cathedrale-deodatienne\/#breadcrumb","itemListElement":[{"@type":"ListItem","position":1,"name":"Home","item":"https:\/\/vosgesinfo.fr\/saintdieinfo\/"},{"@type":"ListItem","position":2,"name":"Baptiser un enfant, c&rsquo;est actuellement possible \u00e0 la cath\u00e9drale d\u00e9odatienne"}]},{"@type":"WebSite","@id":"https:\/\/vosgesinfo.fr\/saintdieinfo\/#website","url":"https:\/\/vosgesinfo.fr\/saintdieinfo\/","name":"Saint Die Info","description":"Toute l&#039;actualit\u00e9 de Saint-Di\u00e9-Des-Vosges","publisher":{"@id":"https:\/\/vosgesinfo.fr\/saintdieinfo\/#organization"},"alternateName":"Toute l'actualit\u00e9 de Saint-Di\u00e9-Des-Vosges","potentialAction":[{"@type":"SearchAction","target":{"@type":"EntryPoint","urlTemplate":"https:\/\/vosgesinfo.fr\/saintdieinfo\/?s={search_term_string}"},"query-input":"required name=search_term_string"}],"inLanguage":"fr-FR"},{"@type":"Organization","@id":"https:\/\/vosgesinfo.fr\/saintdieinfo\/#organization","name":"Saint Die Info","url":"https:\/\/vosgesinfo.fr\/saintdieinfo\/","logo":{"@type":"ImageObject","inLanguage":"fr-FR","@id":"https:\/\/vosgesinfo.fr\/saintdieinfo\/#\/schema\/logo\/image\/","url":"https:\/\/vosgesinfo.fr\/app\/uploads\/sites\/4\/2024\/02\/logo-sdi.jpg","contentUrl":"https:\/\/vosgesinfo.fr\/app\/uploads\/sites\/4\/2024\/02\/logo-sdi.jpg","width":600,"height":600,"caption":"Saint Die Info"},"image":{"@id":"https:\/\/vosgesinfo.fr\/saintdieinfo\/#\/schema\/logo\/image\/"},"sameAs":["https:\/\/www.facebook.com\/Saintdieinfofr","https:\/\/x.com\/VosgesInfo88","https:\/\/www.youtube.com\/@vosgesinfo"]},{"@type":"Person","@id":"https:\/\/vosgesinfo.fr\/saintdieinfo\/#\/schema\/person\/faee6704a21f3977511db84bd1cd450f","name":"la r\u00e9daction","image":{"@type":"ImageObject","inLanguage":"fr-FR","@id":"https:\/\/vosgesinfo.fr\/saintdieinfo\/#\/schema\/person\/image\/","url":"https:\/\/secure.gravatar.com\/avatar\/6673d8bc6a9c17fa9a453eaa3448de834fa308c2ec9635b7aa99441a7c8d2cf6?s=96&d=mm&r=g","contentUrl":"https:\/\/secure.gravatar.com\/avatar\/6673d8bc6a9c17fa9a453eaa3448de834fa308c2ec9635b7aa99441a7c8d2cf6?s=96&d=mm&r=g","caption":"la r\u00e9daction"},"url":"https:\/\/vosgesinfo.fr\/saintdieinfo\/author\/redac\/"}]}},"_links":{"self":[{"href":"https:\/\/vosgesinfo.fr\/saintdieinfo\/wp-json\/wp\/v2\/posts\/39580","targetHints":{"allow":["GET"]}}],"collection":[{"href":"https:\/\/vosgesinfo.fr\/saintdieinfo\/wp-json\/wp\/v2\/posts"}],"about":[{"href":"https:\/\/vosgesinfo.fr\/saintdieinfo\/wp-json\/wp\/v2\/types\/post"}],"author":[{"embeddable":true,"href":"https:\/\/vosgesinfo.fr\/saintdieinfo\/wp-json\/wp\/v2\/users\/44"}],"replies":[{"embeddable":true,"href":"https:\/\/vosgesinfo.fr\/saintdieinfo\/wp-json\/wp\/v2\/comments?post=39580"}],"version-history":[{"count":0,"href":"https:\/\/vosgesinfo.fr\/saintdieinfo\/wp-json\/wp\/v2\/posts\/39580\/revisions"}],"wp:featuredmedia":[{"embeddable":true,"href":"https:\/\/vosgesinfo.fr\/saintdieinfo\/wp-json\/wp\/v2\/media\/39581"}],"wp:attachment":[{"href":"https:\/\/vosgesinfo.fr\/saintdieinfo\/wp-json\/wp\/v2\/media?parent=39580"}],"wp:term":[{"taxonomy":"category","embeddable":true,"href":"https:\/\/vosgesinfo.fr\/saintdieinfo\/wp-json\/wp\/v2\/categories?post=39580"},{"taxonomy":"post_tag","embeddable":true,"href":"https:\/\/vosgesinfo.fr\/saintdieinfo\/wp-json\/wp\/v2\/tags?post=39580"}],"curies":[{"name":"wp","href":"https:\/\/api.w.org\/{rel}","templated":true}]}}