{"id":39603,"date":"2021-02-20T17:00:43","date_gmt":"2021-02-20T16:00:43","guid":{"rendered":"https:\/\/vosgesinfo.fr\/saintdieinfo\/2021\/02\/lycee-louis-geisler-prete-main-forte-a-spa-deodatienne\/"},"modified":"2021-02-20T17:00:43","modified_gmt":"2021-02-20T16:00:43","slug":"lycee-louis-geisler-prete-main-forte-a-spa-deodatienne","status":"publish","type":"post","link":"https:\/\/vosgesinfo.fr\/saintdieinfo\/2021\/02\/lycee-louis-geisler-prete-main-forte-a-spa-deodatienne\/","title":{"rendered":"Le lyc\u00e9e Louis-Geisler pr\u00eate main forte \u00e0 la SPA D\u00e9odatienne"},"content":{"rendered":"<div class=\"gmail_default\">\n<div id=\"attachment_166588\" style=\"width: 810px\" class=\"wp-caption aligncenter\"><a href=\"\/2021\/02\/Travaux_Reconstruction_SPA_D\u00e9odatienne-1.jpg\" target=\"_blank\" rel=\"noopener\"><img decoding=\"async\" aria-describedby=\"caption-attachment-166588\" class=\"wp-image-166588 size-full\" src=\"\/2021\/02\/Travaux_Reconstruction_SPA_D\u00e9odatienne-1.jpg\" alt=\"Travaux_Reconstruction_SPA_D\u00e9odatienne (1)\" width=\"800\" height=\"534\" \/><\/a><p id=\"caption-attachment-166588\" class=\"wp-caption-text\">(Photographies Marc Fourniquet)<\/p><\/div>\n<\/div>\n<h2 class=\"gmail_default\"><span style=\"font-size: 14pt;\"><strong>Jeudi matin, Bruno Toussaint, premier adjoint au maire et b\u00e9n\u00e9vole de la SPA, pr\u00e9sentait l&rsquo;avancement des travaux de reconstruction d&rsquo;un b\u00e2timent\u00a0du refuge de la SPA D\u00e9odatienne.<\/strong><\/span><\/h2>\n<p><!--more--><\/p>\n<div class=\"gmail_default\">Chantier d\u00e9but\u00e9 depuis un an par la pose de la dalle de fondation, l&rsquo;association a fait appel aux \u00e9l\u00e8ves\u00a0du lyc\u00e9e professionnel Louis-Geisler de Raon l&rsquo;Etape encadr\u00e9 par leur professeur de ma\u00e7onnerie, Gille Mougin, pour le gros \u0153uvre de ma\u00e7onnerie. Cette exp\u00e9rience est plus p\u00e9dagogique et valorisante pour les \u00e9l\u00e8ves en situation professionnelle r\u00e9elle. Ainsi 2 classes (1 terminale BAC pro et 1 terminale CAP ma\u00e7onnerie) se r\u00e9partissent sur 3 demi-journ\u00e9es par semaine, afin de respecter les r\u00e8gles sanitaires, de fa\u00e7on \u00e0 ne pas \u00eatre plus de 9\u00a0 sur le chantier. La fin du chantier est pr\u00e9vue pour le 31 ao\u00fbt\u00a02021.<\/div>\n<div class=\"gmail_default\"><\/div>\n<div class=\"gmail_default\">Ce chantier repr\u00e9sente un budget\u00a0de 600 000 euros. La SPA D\u00e9odatienne vit en autonomie gr\u00e2ce aux dons, subventions, activit\u00e9s et diverses actions de l&rsquo;association. Cependant la crise sanitaire a fortement perturb\u00e9 la tenue d&rsquo;activit\u00e9s et par cons\u00e9quent de rentr\u00e9es financi\u00e8res. L&rsquo;association a donc d\u00e9cid\u00e9 de cr\u00e9er une cagnotte en ligne de 200 000 euros.<\/div>\n<div class=\"gmail_default\"><\/div>\n<div class=\"gmail_default\">Une cagnotte Leetchi en ligne est ouverte avec le lien suivant :\u00a0<a href=\"https:\/\/www.leetchi.com\/c\/aidez-nous-a-reconstruire-notre-refuge-animalier?utm_source=facebook&amp;utm_medium=social_sharing&amp;fbclid=IwAR1KOmsgs4mz8eRZzkixsbSRUoRI1FJyOfsxwrH2kfC4uszAPFS098A3ezQ\" target=\"_blank\" data-saferedirecturl=\"https:\/\/www.google.com\/url?q=https:\/\/www.leetchi.com\/c\/aidez-nous-a-reconstruire-notre-refuge-animalier?utm_source%3Dfacebook%26utm_medium%3Dsocial_sharing%26fbclid%3DIwAR1KOmsgs4mz8eRZzkixsbSRUoRI1FJyOfsxwrH2kfC4uszAPFS098A3ezQ&amp;source=gmail&amp;ust=1613929005050000&amp;usg=AFQjCNECcatyjK_l5-t8lglDR86rTb71dg\" rel=\"noopener\">https:\/\/www.leetchi.com\/c\/<wbr \/>aidez-nous-a-reconstruire-<wbr \/>notre-refuge-animalier?utm_<wbr \/>source=facebook&amp;utm_medium=<wbr \/>social_sharing&amp;fbclid=<wbr \/>IwAR1KOmsgs4mz8eRZzkixsbSRUoRI<wbr \/>1FJyOfsxwrH2kfC4uszAPFS098A3ez<wbr \/>Q<\/a><\/div>\n<div class=\"gmail_default\"><\/div>\n<div class=\"gmail_default\">\n\n<\/div>\n","protected":false},"excerpt":{"rendered":"<p>Jeudi matin, Bruno Toussaint, premier adjoint au maire et b\u00e9n\u00e9vole de la SPA, pr\u00e9sentait l&rsquo;avancement des travaux de reconstruction d&rsquo;un [&hellip;]<\/p>\n","protected":false},"author":44,"featured_media":39604,"comment_status":"open","ping_status":"open","sticky":false,"template":"","format":"standard","meta":{"footnotes":""},"categories":[460,2915,17],"tags":[5927,2944,7934],"class_list":["post-39603","post","type-post","status-publish","format-standard","has-post-thumbnail","hentry","category-a-la-une","category-saint-die-son-canton","category-vie-associative","tag-lycee-louis-geisler","tag-spa-deodatienne","tag-travaux-de-reconstruction-de-la-spa-deodatienne"],"acf":[],"yoast_head":"<!-- This site is optimized with the Yoast SEO plugin v22.5 - https:\/\/yoast.com\/wordpress\/plugins\/seo\/ -->\n<title>Le lyc\u00e9e Louis-Geisler pr\u00eate main forte \u00e0 la SPA D\u00e9odatienne - Saint Die Info<\/title>\n<meta name=\"robots\" content=\"index, follow, max-snippet:-1, max-image-preview:large, max-video-preview:-1\" \/>\n<link rel=\"canonical\" href=\"https:\/\/vosgesinfo.fr\/saintdieinfo\/2021\/02\/lycee-louis-geisler-prete-main-forte-a-spa-deodatienne\/\" \/>\n<meta name=\"twitter:card\" content=\"summary_large_image\" \/>\n<meta name=\"twitter:title\" content=\"Le lyc\u00e9e Louis-Geisler pr\u00eate main forte \u00e0 la SPA D\u00e9odatienne - Saint Die Info\" \/>\n<meta name=\"twitter:description\" content=\"Jeudi matin, Bruno Toussaint, premier adjoint au maire et b\u00e9n\u00e9vole de la SPA, pr\u00e9sentait l&rsquo;avancement des travaux de reconstruction d&rsquo;un [&hellip;]\" \/>\n<meta name=\"twitter:image\" content=\"https:\/\/vosgesinfo.fr\/app\/uploads\/sites\/4\/2024\/08\/202102travaux-reconstruction-spa-deodatienne-1.jpg\" \/>\n<meta name=\"twitter:creator\" content=\"@VosgesInfo88\" \/>\n<meta name=\"twitter:site\" content=\"@VosgesInfo88\" \/>\n<meta name=\"twitter:label1\" content=\"\u00c9crit par\" \/>\n\t<meta name=\"twitter:data1\" content=\"la r\u00e9daction\" \/>\n\t<meta name=\"twitter:label2\" content=\"Dur\u00e9e de lecture estim\u00e9e\" \/>\n\t<meta name=\"twitter:data2\" content=\"1 minute\" \/>\n<script type=\"application\/ld+json\" class=\"yoast-schema-graph\">{\"@context\":\"https:\/\/schema.org\",\"@graph\":[{\"@type\":\"Article\",\"@id\":\"https:\/\/vosgesinfo.fr\/saintdieinfo\/2021\/02\/lycee-louis-geisler-prete-main-forte-a-spa-deodatienne\/#article\",\"isPartOf\":{\"@id\":\"https:\/\/vosgesinfo.fr\/saintdieinfo\/2021\/02\/lycee-louis-geisler-prete-main-forte-a-spa-deodatienne\/\"},\"author\":{\"name\":\"la r\u00e9daction\",\"@id\":\"https:\/\/vosgesinfo.fr\/saintdieinfo\/#\/schema\/person\/faee6704a21f3977511db84bd1cd450f\"},\"headline\":\"Le lyc\u00e9e Louis-Geisler pr\u00eate main forte \u00e0 la SPA D\u00e9odatienne\",\"datePublished\":\"2021-02-20T16:00:43+00:00\",\"dateModified\":\"2021-02-20T16:00:43+00:00\",\"mainEntityOfPage\":{\"@id\":\"https:\/\/vosgesinfo.fr\/saintdieinfo\/2021\/02\/lycee-louis-geisler-prete-main-forte-a-spa-deodatienne\/\"},\"wordCount\":274,\"commentCount\":0,\"publisher\":{\"@id\":\"https:\/\/vosgesinfo.fr\/saintdieinfo\/#organization\"},\"image\":{\"@id\":\"https:\/\/vosgesinfo.fr\/saintdieinfo\/2021\/02\/lycee-louis-geisler-prete-main-forte-a-spa-deodatienne\/#primaryimage\"},\"thumbnailUrl\":\"https:\/\/vosgesinfo.fr\/app\/uploads\/sites\/4\/2024\/08\/202102travaux-reconstruction-spa-deodatienne-1.jpg\",\"keywords\":[\"Lyc\u00e9e Louis-Geisler\",\"SPA D\u00e9odatienne\",\"Travaux de reconstruction de la SPA D\u00e9odatienne\"],\"articleSection\":[\"A la Une\",\"Saint-Di\u00e9-des-Vosges et son Agglom\u00e9ration\",\"Vie Associative\"],\"inLanguage\":\"fr-FR\",\"potentialAction\":[{\"@type\":\"CommentAction\",\"name\":\"Comment\",\"target\":[\"https:\/\/vosgesinfo.fr\/saintdieinfo\/2021\/02\/lycee-louis-geisler-prete-main-forte-a-spa-deodatienne\/#respond\"]}]},{\"@type\":\"WebPage\",\"@id\":\"https:\/\/vosgesinfo.fr\/saintdieinfo\/2021\/02\/lycee-louis-geisler-prete-main-forte-a-spa-deodatienne\/\",\"url\":\"https:\/\/vosgesinfo.fr\/saintdieinfo\/2021\/02\/lycee-louis-geisler-prete-main-forte-a-spa-deodatienne\/\",\"name\":\"Le lyc\u00e9e Louis-Geisler pr\u00eate main forte \u00e0 la SPA D\u00e9odatienne - Saint Die Info\",\"isPartOf\":{\"@id\":\"https:\/\/vosgesinfo.fr\/saintdieinfo\/#website\"},\"primaryImageOfPage\":{\"@id\":\"https:\/\/vosgesinfo.fr\/saintdieinfo\/2021\/02\/lycee-louis-geisler-prete-main-forte-a-spa-deodatienne\/#primaryimage\"},\"image\":{\"@id\":\"https:\/\/vosgesinfo.fr\/saintdieinfo\/2021\/02\/lycee-louis-geisler-prete-main-forte-a-spa-deodatienne\/#primaryimage\"},\"thumbnailUrl\":\"https:\/\/vosgesinfo.fr\/app\/uploads\/sites\/4\/2024\/08\/202102travaux-reconstruction-spa-deodatienne-1.jpg\",\"datePublished\":\"2021-02-20T16:00:43+00:00\",\"dateModified\":\"2021-02-20T16:00:43+00:00\",\"breadcrumb\":{\"@id\":\"https:\/\/vosgesinfo.fr\/saintdieinfo\/2021\/02\/lycee-louis-geisler-prete-main-forte-a-spa-deodatienne\/#breadcrumb\"},\"inLanguage\":\"fr-FR\",\"potentialAction\":[{\"@type\":\"ReadAction\",\"target\":[\"https:\/\/vosgesinfo.fr\/saintdieinfo\/2021\/02\/lycee-louis-geisler-prete-main-forte-a-spa-deodatienne\/\"]}]},{\"@type\":\"ImageObject\",\"inLanguage\":\"fr-FR\",\"@id\":\"https:\/\/vosgesinfo.fr\/saintdieinfo\/2021\/02\/lycee-louis-geisler-prete-main-forte-a-spa-deodatienne\/#primaryimage\",\"url\":\"https:\/\/vosgesinfo.fr\/app\/uploads\/sites\/4\/2024\/08\/202102travaux-reconstruction-spa-deodatienne-1.jpg\",\"contentUrl\":\"https:\/\/vosgesinfo.fr\/app\/uploads\/sites\/4\/2024\/08\/202102travaux-reconstruction-spa-deodatienne-1.jpg\",\"width\":800,\"height\":534},{\"@type\":\"BreadcrumbList\",\"@id\":\"https:\/\/vosgesinfo.fr\/saintdieinfo\/2021\/02\/lycee-louis-geisler-prete-main-forte-a-spa-deodatienne\/#breadcrumb\",\"itemListElement\":[{\"@type\":\"ListItem\",\"position\":1,\"name\":\"Home\",\"item\":\"https:\/\/vosgesinfo.fr\/saintdieinfo\/\"},{\"@type\":\"ListItem\",\"position\":2,\"name\":\"Le lyc\u00e9e Louis-Geisler pr\u00eate main forte \u00e0 la SPA D\u00e9odatienne\"}]},{\"@type\":\"WebSite\",\"@id\":\"https:\/\/vosgesinfo.fr\/saintdieinfo\/#website\",\"url\":\"https:\/\/vosgesinfo.fr\/saintdieinfo\/\",\"name\":\"Saint Die Info\",\"description\":\"Toute l&#039;actualit\u00e9 de Saint-Di\u00e9-Des-Vosges\",\"publisher\":{\"@id\":\"https:\/\/vosgesinfo.fr\/saintdieinfo\/#organization\"},\"alternateName\":\"Toute l'actualit\u00e9 de Saint-Di\u00e9-Des-Vosges\",\"potentialAction\":[{\"@type\":\"SearchAction\",\"target\":{\"@type\":\"EntryPoint\",\"urlTemplate\":\"https:\/\/vosgesinfo.fr\/saintdieinfo\/?s={search_term_string}\"},\"query-input\":\"required name=search_term_string\"}],\"inLanguage\":\"fr-FR\"},{\"@type\":\"Organization\",\"@id\":\"https:\/\/vosgesinfo.fr\/saintdieinfo\/#organization\",\"name\":\"Saint Die Info\",\"url\":\"https:\/\/vosgesinfo.fr\/saintdieinfo\/\",\"logo\":{\"@type\":\"ImageObject\",\"inLanguage\":\"fr-FR\",\"@id\":\"https:\/\/vosgesinfo.fr\/saintdieinfo\/#\/schema\/logo\/image\/\",\"url\":\"https:\/\/vosgesinfo.fr\/app\/uploads\/sites\/4\/2024\/02\/logo-sdi.jpg\",\"contentUrl\":\"https:\/\/vosgesinfo.fr\/app\/uploads\/sites\/4\/2024\/02\/logo-sdi.jpg\",\"width\":600,\"height\":600,\"caption\":\"Saint Die Info\"},\"image\":{\"@id\":\"https:\/\/vosgesinfo.fr\/saintdieinfo\/#\/schema\/logo\/image\/\"},\"sameAs\":[\"https:\/\/www.facebook.com\/Saintdieinfofr\",\"https:\/\/x.com\/VosgesInfo88\",\"https:\/\/www.youtube.com\/@vosgesinfo\"]},{\"@type\":\"Person\",\"@id\":\"https:\/\/vosgesinfo.fr\/saintdieinfo\/#\/schema\/person\/faee6704a21f3977511db84bd1cd450f\",\"name\":\"la r\u00e9daction\",\"image\":{\"@type\":\"ImageObject\",\"inLanguage\":\"fr-FR\",\"@id\":\"https:\/\/vosgesinfo.fr\/saintdieinfo\/#\/schema\/person\/image\/\",\"url\":\"https:\/\/secure.gravatar.com\/avatar\/6673d8bc6a9c17fa9a453eaa3448de834fa308c2ec9635b7aa99441a7c8d2cf6?s=96&d=mm&r=g\",\"contentUrl\":\"https:\/\/secure.gravatar.com\/avatar\/6673d8bc6a9c17fa9a453eaa3448de834fa308c2ec9635b7aa99441a7c8d2cf6?s=96&d=mm&r=g\",\"caption\":\"la r\u00e9daction\"},\"url\":\"https:\/\/vosgesinfo.fr\/saintdieinfo\/author\/redac\/\"}]}<\/script>\n<!-- \/ Yoast SEO plugin. -->","yoast_head_json":{"title":"Le lyc\u00e9e Louis-Geisler pr\u00eate main forte \u00e0 la SPA D\u00e9odatienne - Saint Die Info","robots":{"index":"index","follow":"follow","max-snippet":"max-snippet:-1","max-image-preview":"max-image-preview:large","max-video-preview":"max-video-preview:-1"},"canonical":"https:\/\/vosgesinfo.fr\/saintdieinfo\/2021\/02\/lycee-louis-geisler-prete-main-forte-a-spa-deodatienne\/","twitter_card":"summary_large_image","twitter_title":"Le lyc\u00e9e Louis-Geisler pr\u00eate main forte \u00e0 la SPA D\u00e9odatienne - Saint Die Info","twitter_description":"Jeudi matin, Bruno Toussaint, premier adjoint au maire et b\u00e9n\u00e9vole de la SPA, pr\u00e9sentait l&rsquo;avancement des travaux de reconstruction d&rsquo;un [&hellip;]","twitter_image":"https:\/\/vosgesinfo.fr\/app\/uploads\/sites\/4\/2024\/08\/202102travaux-reconstruction-spa-deodatienne-1.jpg","twitter_creator":"@VosgesInfo88","twitter_site":"@VosgesInfo88","twitter_misc":{"\u00c9crit par":"la r\u00e9daction","Dur\u00e9e de lecture estim\u00e9e":"1 minute"},"schema":{"@context":"https:\/\/schema.org","@graph":[{"@type":"Article","@id":"https:\/\/vosgesinfo.fr\/saintdieinfo\/2021\/02\/lycee-louis-geisler-prete-main-forte-a-spa-deodatienne\/#article","isPartOf":{"@id":"https:\/\/vosgesinfo.fr\/saintdieinfo\/2021\/02\/lycee-louis-geisler-prete-main-forte-a-spa-deodatienne\/"},"author":{"name":"la r\u00e9daction","@id":"https:\/\/vosgesinfo.fr\/saintdieinfo\/#\/schema\/person\/faee6704a21f3977511db84bd1cd450f"},"headline":"Le lyc\u00e9e Louis-Geisler pr\u00eate main forte \u00e0 la SPA D\u00e9odatienne","datePublished":"2021-02-20T16:00:43+00:00","dateModified":"2021-02-20T16:00:43+00:00","mainEntityOfPage":{"@id":"https:\/\/vosgesinfo.fr\/saintdieinfo\/2021\/02\/lycee-louis-geisler-prete-main-forte-a-spa-deodatienne\/"},"wordCount":274,"commentCount":0,"publisher":{"@id":"https:\/\/vosgesinfo.fr\/saintdieinfo\/#organization"},"image":{"@id":"https:\/\/vosgesinfo.fr\/saintdieinfo\/2021\/02\/lycee-louis-geisler-prete-main-forte-a-spa-deodatienne\/#primaryimage"},"thumbnailUrl":"https:\/\/vosgesinfo.fr\/app\/uploads\/sites\/4\/2024\/08\/202102travaux-reconstruction-spa-deodatienne-1.jpg","keywords":["Lyc\u00e9e Louis-Geisler","SPA D\u00e9odatienne","Travaux de reconstruction de la SPA D\u00e9odatienne"],"articleSection":["A la Une","Saint-Di\u00e9-des-Vosges et son Agglom\u00e9ration","Vie Associative"],"inLanguage":"fr-FR","potentialAction":[{"@type":"CommentAction","name":"Comment","target":["https:\/\/vosgesinfo.fr\/saintdieinfo\/2021\/02\/lycee-louis-geisler-prete-main-forte-a-spa-deodatienne\/#respond"]}]},{"@type":"WebPage","@id":"https:\/\/vosgesinfo.fr\/saintdieinfo\/2021\/02\/lycee-louis-geisler-prete-main-forte-a-spa-deodatienne\/","url":"https:\/\/vosgesinfo.fr\/saintdieinfo\/2021\/02\/lycee-louis-geisler-prete-main-forte-a-spa-deodatienne\/","name":"Le lyc\u00e9e Louis-Geisler pr\u00eate main forte \u00e0 la SPA D\u00e9odatienne - Saint Die Info","isPartOf":{"@id":"https:\/\/vosgesinfo.fr\/saintdieinfo\/#website"},"primaryImageOfPage":{"@id":"https:\/\/vosgesinfo.fr\/saintdieinfo\/2021\/02\/lycee-louis-geisler-prete-main-forte-a-spa-deodatienne\/#primaryimage"},"image":{"@id":"https:\/\/vosgesinfo.fr\/saintdieinfo\/2021\/02\/lycee-louis-geisler-prete-main-forte-a-spa-deodatienne\/#primaryimage"},"thumbnailUrl":"https:\/\/vosgesinfo.fr\/app\/uploads\/sites\/4\/2024\/08\/202102travaux-reconstruction-spa-deodatienne-1.jpg","datePublished":"2021-02-20T16:00:43+00:00","dateModified":"2021-02-20T16:00:43+00:00","breadcrumb":{"@id":"https:\/\/vosgesinfo.fr\/saintdieinfo\/2021\/02\/lycee-louis-geisler-prete-main-forte-a-spa-deodatienne\/#breadcrumb"},"inLanguage":"fr-FR","potentialAction":[{"@type":"ReadAction","target":["https:\/\/vosgesinfo.fr\/saintdieinfo\/2021\/02\/lycee-louis-geisler-prete-main-forte-a-spa-deodatienne\/"]}]},{"@type":"ImageObject","inLanguage":"fr-FR","@id":"https:\/\/vosgesinfo.fr\/saintdieinfo\/2021\/02\/lycee-louis-geisler-prete-main-forte-a-spa-deodatienne\/#primaryimage","url":"https:\/\/vosgesinfo.fr\/app\/uploads\/sites\/4\/2024\/08\/202102travaux-reconstruction-spa-deodatienne-1.jpg","contentUrl":"https:\/\/vosgesinfo.fr\/app\/uploads\/sites\/4\/2024\/08\/202102travaux-reconstruction-spa-deodatienne-1.jpg","width":800,"height":534},{"@type":"BreadcrumbList","@id":"https:\/\/vosgesinfo.fr\/saintdieinfo\/2021\/02\/lycee-louis-geisler-prete-main-forte-a-spa-deodatienne\/#breadcrumb","itemListElement":[{"@type":"ListItem","position":1,"name":"Home","item":"https:\/\/vosgesinfo.fr\/saintdieinfo\/"},{"@type":"ListItem","position":2,"name":"Le lyc\u00e9e Louis-Geisler pr\u00eate main forte \u00e0 la SPA D\u00e9odatienne"}]},{"@type":"WebSite","@id":"https:\/\/vosgesinfo.fr\/saintdieinfo\/#website","url":"https:\/\/vosgesinfo.fr\/saintdieinfo\/","name":"Saint Die Info","description":"Toute l&#039;actualit\u00e9 de Saint-Di\u00e9-Des-Vosges","publisher":{"@id":"https:\/\/vosgesinfo.fr\/saintdieinfo\/#organization"},"alternateName":"Toute l'actualit\u00e9 de Saint-Di\u00e9-Des-Vosges","potentialAction":[{"@type":"SearchAction","target":{"@type":"EntryPoint","urlTemplate":"https:\/\/vosgesinfo.fr\/saintdieinfo\/?s={search_term_string}"},"query-input":"required name=search_term_string"}],"inLanguage":"fr-FR"},{"@type":"Organization","@id":"https:\/\/vosgesinfo.fr\/saintdieinfo\/#organization","name":"Saint Die Info","url":"https:\/\/vosgesinfo.fr\/saintdieinfo\/","logo":{"@type":"ImageObject","inLanguage":"fr-FR","@id":"https:\/\/vosgesinfo.fr\/saintdieinfo\/#\/schema\/logo\/image\/","url":"https:\/\/vosgesinfo.fr\/app\/uploads\/sites\/4\/2024\/02\/logo-sdi.jpg","contentUrl":"https:\/\/vosgesinfo.fr\/app\/uploads\/sites\/4\/2024\/02\/logo-sdi.jpg","width":600,"height":600,"caption":"Saint Die Info"},"image":{"@id":"https:\/\/vosgesinfo.fr\/saintdieinfo\/#\/schema\/logo\/image\/"},"sameAs":["https:\/\/www.facebook.com\/Saintdieinfofr","https:\/\/x.com\/VosgesInfo88","https:\/\/www.youtube.com\/@vosgesinfo"]},{"@type":"Person","@id":"https:\/\/vosgesinfo.fr\/saintdieinfo\/#\/schema\/person\/faee6704a21f3977511db84bd1cd450f","name":"la r\u00e9daction","image":{"@type":"ImageObject","inLanguage":"fr-FR","@id":"https:\/\/vosgesinfo.fr\/saintdieinfo\/#\/schema\/person\/image\/","url":"https:\/\/secure.gravatar.com\/avatar\/6673d8bc6a9c17fa9a453eaa3448de834fa308c2ec9635b7aa99441a7c8d2cf6?s=96&d=mm&r=g","contentUrl":"https:\/\/secure.gravatar.com\/avatar\/6673d8bc6a9c17fa9a453eaa3448de834fa308c2ec9635b7aa99441a7c8d2cf6?s=96&d=mm&r=g","caption":"la r\u00e9daction"},"url":"https:\/\/vosgesinfo.fr\/saintdieinfo\/author\/redac\/"}]}},"_links":{"self":[{"href":"https:\/\/vosgesinfo.fr\/saintdieinfo\/wp-json\/wp\/v2\/posts\/39603","targetHints":{"allow":["GET"]}}],"collection":[{"href":"https:\/\/vosgesinfo.fr\/saintdieinfo\/wp-json\/wp\/v2\/posts"}],"about":[{"href":"https:\/\/vosgesinfo.fr\/saintdieinfo\/wp-json\/wp\/v2\/types\/post"}],"author":[{"embeddable":true,"href":"https:\/\/vosgesinfo.fr\/saintdieinfo\/wp-json\/wp\/v2\/users\/44"}],"replies":[{"embeddable":true,"href":"https:\/\/vosgesinfo.fr\/saintdieinfo\/wp-json\/wp\/v2\/comments?post=39603"}],"version-history":[{"count":0,"href":"https:\/\/vosgesinfo.fr\/saintdieinfo\/wp-json\/wp\/v2\/posts\/39603\/revisions"}],"wp:featuredmedia":[{"embeddable":true,"href":"https:\/\/vosgesinfo.fr\/saintdieinfo\/wp-json\/wp\/v2\/media\/39604"}],"wp:attachment":[{"href":"https:\/\/vosgesinfo.fr\/saintdieinfo\/wp-json\/wp\/v2\/media?parent=39603"}],"wp:term":[{"taxonomy":"category","embeddable":true,"href":"https:\/\/vosgesinfo.fr\/saintdieinfo\/wp-json\/wp\/v2\/categories?post=39603"},{"taxonomy":"post_tag","embeddable":true,"href":"https:\/\/vosgesinfo.fr\/saintdieinfo\/wp-json\/wp\/v2\/tags?post=39603"}],"curies":[{"name":"wp","href":"https:\/\/api.w.org\/{rel}","templated":true}]}}