{"id":39617,"date":"2021-02-21T18:05:32","date_gmt":"2021-02-21T17:05:32","guid":{"rendered":"https:\/\/vosgesinfo.fr\/saintdieinfo\/2021\/02\/epinal-centaines-de-manifestants-reouverture-lieux-culturels-conviviaux\/"},"modified":"2021-02-21T18:05:32","modified_gmt":"2021-02-21T17:05:32","slug":"epinal-centaines-de-manifestants-reouverture-lieux-culturels-conviviaux","status":"publish","type":"post","link":"https:\/\/vosgesinfo.fr\/saintdieinfo\/2021\/02\/epinal-centaines-de-manifestants-reouverture-lieux-culturels-conviviaux\/","title":{"rendered":"Epinal : des centaines de manifestants pour la r\u00e9ouverture des lieux culturels et conviviaux"},"content":{"rendered":"<h2><strong>Ce dimanche, des centaines de personnes se sont r\u00e9unies \u00e0 Epinal devant le Cin\u00e9ma pour manifestation de soutien au secteur de la culture, et en opposition aux fermetures obligatoires. Le Collectif r\u00e9seau d\u2019\u00catres avait appel\u00e9 au rassemblement pour une \u00ab\u00a0Marche fleurie et citoyenne\u00a0\u00bb.<\/strong><\/h2>\n<p>Les manifestants ont travers\u00e9 Epinal en passant par La Plomberie, le Th\u00e9\u00e2tre, le Mudaac, pour rejoindre la Souris Verte. Certains ontd\u00e9pos\u00e9 des fleurs devant les lieux culturels et de convivialit\u00e9, les restaurants, les bistrots. Le mot d\u2019ordre\u00a0: <em>\u00ab\u00a0Des fleurs pour r\u00e9clamer la r\u00e9ouverture des lieux de vie que sont les cin\u00e9mas, bars, th\u00e9\u00e2tres, mus\u00e9es (\u2026) Des fleurs pour se retrouver. Des fleurs pour le retour de la joie \u00bb<\/em>. Environ 330 personnes \u00e9taient pr\u00e9sentes dans le cort\u00e8ge d\u2019apr\u00e8s les organisateurs de l\u2019\u00e9v\u00e9nement. <em>\u00ab\u00a0C\u2019est haut en couleur, on se d\u00e9foule, et \u00e7a fait du bien\u00a0\u00bb<\/em>, affirme l\u2019un des participants. En effet, beaucoup de musique, de costumes, des ballons. <em>\u00ab\u00a0\u00c7a fait plaisir. Il y a du monde, et puis de la couleur, l\u2019envie d\u2019\u00eatre ensemble\u00a0\u00bb<\/em>, confie une manifestante. Un peu de joie de vivre au c\u0153ur d\u2019une \u00e9poque <em>\u00ab\u00a0sinistre\u00a0\u00bb<\/em>, marqu\u00e9e par les restrictions li\u00e9es \u00e0 la crise de la Covid-19. Parmi les slogans, on peut citer notamment\u00a0:<em> \u00ab\u00a0Ouvrez les mus\u00e9es ! \u00bb<\/em>, <em>\u00ab\u00a0La culture c\u2019est la vie ! \u00bb<\/em>. Aucun point de vue, ni aucun sentiment n\u2019est unanime\u00a0: <em>\u00ab\u00a0Je pr\u00e9f\u00e8re les gilets jaunes\u00a0\u00bb<\/em>, affirme un jeune manifestant.<\/p>\n","protected":false},"excerpt":{"rendered":"<p>Ce dimanche, des centaines de personnes se sont r\u00e9unies \u00e0 Epinal devant le Cin\u00e9ma pour manifestation de soutien au secteur [&hellip;]<\/p>\n","protected":false},"author":44,"featured_media":39618,"comment_status":"open","ping_status":"open","sticky":false,"template":"","format":"standard","meta":{"footnotes":""},"categories":[460,7847,18],"tags":[7936],"class_list":["post-39617","post","type-post","status-publish","format-standard","has-post-thumbnail","hentry","category-a-la-une","category-art-culture","category-vosges","tag-marche-fleurie"],"acf":[],"yoast_head":"<!-- This site is optimized with the Yoast SEO plugin v22.5 - https:\/\/yoast.com\/wordpress\/plugins\/seo\/ -->\n<title>Epinal : des centaines de manifestants pour la r\u00e9ouverture des lieux culturels et conviviaux - Saint Die Info<\/title>\n<meta name=\"robots\" content=\"index, follow, max-snippet:-1, max-image-preview:large, max-video-preview:-1\" \/>\n<link rel=\"canonical\" href=\"https:\/\/vosgesinfo.fr\/saintdieinfo\/2021\/02\/epinal-centaines-de-manifestants-reouverture-lieux-culturels-conviviaux\/\" \/>\n<meta name=\"twitter:card\" content=\"summary_large_image\" \/>\n<meta name=\"twitter:title\" content=\"Epinal : des centaines de manifestants pour la r\u00e9ouverture des lieux culturels et conviviaux - Saint Die Info\" \/>\n<meta name=\"twitter:description\" content=\"Ce dimanche, des centaines de personnes se sont r\u00e9unies \u00e0 Epinal devant le Cin\u00e9ma pour manifestation de soutien au secteur [&hellip;]\" \/>\n<meta name=\"twitter:image\" content=\"https:\/\/vosgesinfo.fr\/app\/uploads\/sites\/4\/2024\/08\/202102manif-culture-vosges-epinal.jpg\" \/>\n<meta name=\"twitter:creator\" content=\"@VosgesInfo88\" \/>\n<meta name=\"twitter:site\" content=\"@VosgesInfo88\" \/>\n<meta name=\"twitter:label1\" content=\"\u00c9crit par\" \/>\n\t<meta name=\"twitter:data1\" content=\"la r\u00e9daction\" \/>\n\t<meta name=\"twitter:label2\" content=\"Dur\u00e9e de lecture estim\u00e9e\" \/>\n\t<meta name=\"twitter:data2\" content=\"1 minute\" \/>\n<script type=\"application\/ld+json\" class=\"yoast-schema-graph\">{\"@context\":\"https:\/\/schema.org\",\"@graph\":[{\"@type\":\"Article\",\"@id\":\"https:\/\/vosgesinfo.fr\/saintdieinfo\/2021\/02\/epinal-centaines-de-manifestants-reouverture-lieux-culturels-conviviaux\/#article\",\"isPartOf\":{\"@id\":\"https:\/\/vosgesinfo.fr\/saintdieinfo\/2021\/02\/epinal-centaines-de-manifestants-reouverture-lieux-culturels-conviviaux\/\"},\"author\":{\"name\":\"la r\u00e9daction\",\"@id\":\"https:\/\/vosgesinfo.fr\/saintdieinfo\/#\/schema\/person\/faee6704a21f3977511db84bd1cd450f\"},\"headline\":\"Epinal : des centaines de manifestants pour la r\u00e9ouverture des lieux culturels et conviviaux\",\"datePublished\":\"2021-02-21T17:05:32+00:00\",\"dateModified\":\"2021-02-21T17:05:32+00:00\",\"mainEntityOfPage\":{\"@id\":\"https:\/\/vosgesinfo.fr\/saintdieinfo\/2021\/02\/epinal-centaines-de-manifestants-reouverture-lieux-culturels-conviviaux\/\"},\"wordCount\":265,\"commentCount\":0,\"publisher\":{\"@id\":\"https:\/\/vosgesinfo.fr\/saintdieinfo\/#organization\"},\"image\":{\"@id\":\"https:\/\/vosgesinfo.fr\/saintdieinfo\/2021\/02\/epinal-centaines-de-manifestants-reouverture-lieux-culturels-conviviaux\/#primaryimage\"},\"thumbnailUrl\":\"https:\/\/vosgesinfo.fr\/app\/uploads\/sites\/4\/2024\/08\/202102manif-culture-vosges-epinal.jpg\",\"keywords\":[\"Marche fleurie\"],\"articleSection\":[\"A la Une\",\"Culture\",\"Vosges\"],\"inLanguage\":\"fr-FR\",\"potentialAction\":[{\"@type\":\"CommentAction\",\"name\":\"Comment\",\"target\":[\"https:\/\/vosgesinfo.fr\/saintdieinfo\/2021\/02\/epinal-centaines-de-manifestants-reouverture-lieux-culturels-conviviaux\/#respond\"]}]},{\"@type\":\"WebPage\",\"@id\":\"https:\/\/vosgesinfo.fr\/saintdieinfo\/2021\/02\/epinal-centaines-de-manifestants-reouverture-lieux-culturels-conviviaux\/\",\"url\":\"https:\/\/vosgesinfo.fr\/saintdieinfo\/2021\/02\/epinal-centaines-de-manifestants-reouverture-lieux-culturels-conviviaux\/\",\"name\":\"Epinal : des centaines de manifestants pour la r\u00e9ouverture des lieux culturels et conviviaux - Saint Die Info\",\"isPartOf\":{\"@id\":\"https:\/\/vosgesinfo.fr\/saintdieinfo\/#website\"},\"primaryImageOfPage\":{\"@id\":\"https:\/\/vosgesinfo.fr\/saintdieinfo\/2021\/02\/epinal-centaines-de-manifestants-reouverture-lieux-culturels-conviviaux\/#primaryimage\"},\"image\":{\"@id\":\"https:\/\/vosgesinfo.fr\/saintdieinfo\/2021\/02\/epinal-centaines-de-manifestants-reouverture-lieux-culturels-conviviaux\/#primaryimage\"},\"thumbnailUrl\":\"https:\/\/vosgesinfo.fr\/app\/uploads\/sites\/4\/2024\/08\/202102manif-culture-vosges-epinal.jpg\",\"datePublished\":\"2021-02-21T17:05:32+00:00\",\"dateModified\":\"2021-02-21T17:05:32+00:00\",\"breadcrumb\":{\"@id\":\"https:\/\/vosgesinfo.fr\/saintdieinfo\/2021\/02\/epinal-centaines-de-manifestants-reouverture-lieux-culturels-conviviaux\/#breadcrumb\"},\"inLanguage\":\"fr-FR\",\"potentialAction\":[{\"@type\":\"ReadAction\",\"target\":[\"https:\/\/vosgesinfo.fr\/saintdieinfo\/2021\/02\/epinal-centaines-de-manifestants-reouverture-lieux-culturels-conviviaux\/\"]}]},{\"@type\":\"ImageObject\",\"inLanguage\":\"fr-FR\",\"@id\":\"https:\/\/vosgesinfo.fr\/saintdieinfo\/2021\/02\/epinal-centaines-de-manifestants-reouverture-lieux-culturels-conviviaux\/#primaryimage\",\"url\":\"https:\/\/vosgesinfo.fr\/app\/uploads\/sites\/4\/2024\/08\/202102manif-culture-vosges-epinal.jpg\",\"contentUrl\":\"https:\/\/vosgesinfo.fr\/app\/uploads\/sites\/4\/2024\/08\/202102manif-culture-vosges-epinal.jpg\",\"width\":800,\"height\":548},{\"@type\":\"BreadcrumbList\",\"@id\":\"https:\/\/vosgesinfo.fr\/saintdieinfo\/2021\/02\/epinal-centaines-de-manifestants-reouverture-lieux-culturels-conviviaux\/#breadcrumb\",\"itemListElement\":[{\"@type\":\"ListItem\",\"position\":1,\"name\":\"Home\",\"item\":\"https:\/\/vosgesinfo.fr\/saintdieinfo\/\"},{\"@type\":\"ListItem\",\"position\":2,\"name\":\"Epinal : des centaines de manifestants pour la r\u00e9ouverture des lieux culturels et conviviaux\"}]},{\"@type\":\"WebSite\",\"@id\":\"https:\/\/vosgesinfo.fr\/saintdieinfo\/#website\",\"url\":\"https:\/\/vosgesinfo.fr\/saintdieinfo\/\",\"name\":\"Saint Die Info\",\"description\":\"Toute l&#039;actualit\u00e9 de Saint-Di\u00e9-Des-Vosges\",\"publisher\":{\"@id\":\"https:\/\/vosgesinfo.fr\/saintdieinfo\/#organization\"},\"alternateName\":\"Toute l'actualit\u00e9 de Saint-Di\u00e9-Des-Vosges\",\"potentialAction\":[{\"@type\":\"SearchAction\",\"target\":{\"@type\":\"EntryPoint\",\"urlTemplate\":\"https:\/\/vosgesinfo.fr\/saintdieinfo\/?s={search_term_string}\"},\"query-input\":\"required name=search_term_string\"}],\"inLanguage\":\"fr-FR\"},{\"@type\":\"Organization\",\"@id\":\"https:\/\/vosgesinfo.fr\/saintdieinfo\/#organization\",\"name\":\"Saint Die Info\",\"url\":\"https:\/\/vosgesinfo.fr\/saintdieinfo\/\",\"logo\":{\"@type\":\"ImageObject\",\"inLanguage\":\"fr-FR\",\"@id\":\"https:\/\/vosgesinfo.fr\/saintdieinfo\/#\/schema\/logo\/image\/\",\"url\":\"https:\/\/vosgesinfo.fr\/app\/uploads\/sites\/4\/2024\/02\/logo-sdi.jpg\",\"contentUrl\":\"https:\/\/vosgesinfo.fr\/app\/uploads\/sites\/4\/2024\/02\/logo-sdi.jpg\",\"width\":600,\"height\":600,\"caption\":\"Saint Die Info\"},\"image\":{\"@id\":\"https:\/\/vosgesinfo.fr\/saintdieinfo\/#\/schema\/logo\/image\/\"},\"sameAs\":[\"https:\/\/www.facebook.com\/Saintdieinfofr\",\"https:\/\/x.com\/VosgesInfo88\",\"https:\/\/www.youtube.com\/@vosgesinfo\"]},{\"@type\":\"Person\",\"@id\":\"https:\/\/vosgesinfo.fr\/saintdieinfo\/#\/schema\/person\/faee6704a21f3977511db84bd1cd450f\",\"name\":\"la r\u00e9daction\",\"image\":{\"@type\":\"ImageObject\",\"inLanguage\":\"fr-FR\",\"@id\":\"https:\/\/vosgesinfo.fr\/saintdieinfo\/#\/schema\/person\/image\/\",\"url\":\"https:\/\/secure.gravatar.com\/avatar\/6673d8bc6a9c17fa9a453eaa3448de834fa308c2ec9635b7aa99441a7c8d2cf6?s=96&d=mm&r=g\",\"contentUrl\":\"https:\/\/secure.gravatar.com\/avatar\/6673d8bc6a9c17fa9a453eaa3448de834fa308c2ec9635b7aa99441a7c8d2cf6?s=96&d=mm&r=g\",\"caption\":\"la r\u00e9daction\"},\"url\":\"https:\/\/vosgesinfo.fr\/saintdieinfo\/author\/redac\/\"}]}<\/script>\n<!-- \/ Yoast SEO plugin. -->","yoast_head_json":{"title":"Epinal : des centaines de manifestants pour la r\u00e9ouverture des lieux culturels et conviviaux - Saint Die Info","robots":{"index":"index","follow":"follow","max-snippet":"max-snippet:-1","max-image-preview":"max-image-preview:large","max-video-preview":"max-video-preview:-1"},"canonical":"https:\/\/vosgesinfo.fr\/saintdieinfo\/2021\/02\/epinal-centaines-de-manifestants-reouverture-lieux-culturels-conviviaux\/","twitter_card":"summary_large_image","twitter_title":"Epinal : des centaines de manifestants pour la r\u00e9ouverture des lieux culturels et conviviaux - Saint Die Info","twitter_description":"Ce dimanche, des centaines de personnes se sont r\u00e9unies \u00e0 Epinal devant le Cin\u00e9ma pour manifestation de soutien au secteur [&hellip;]","twitter_image":"https:\/\/vosgesinfo.fr\/app\/uploads\/sites\/4\/2024\/08\/202102manif-culture-vosges-epinal.jpg","twitter_creator":"@VosgesInfo88","twitter_site":"@VosgesInfo88","twitter_misc":{"\u00c9crit par":"la r\u00e9daction","Dur\u00e9e de lecture estim\u00e9e":"1 minute"},"schema":{"@context":"https:\/\/schema.org","@graph":[{"@type":"Article","@id":"https:\/\/vosgesinfo.fr\/saintdieinfo\/2021\/02\/epinal-centaines-de-manifestants-reouverture-lieux-culturels-conviviaux\/#article","isPartOf":{"@id":"https:\/\/vosgesinfo.fr\/saintdieinfo\/2021\/02\/epinal-centaines-de-manifestants-reouverture-lieux-culturels-conviviaux\/"},"author":{"name":"la r\u00e9daction","@id":"https:\/\/vosgesinfo.fr\/saintdieinfo\/#\/schema\/person\/faee6704a21f3977511db84bd1cd450f"},"headline":"Epinal : des centaines de manifestants pour la r\u00e9ouverture des lieux culturels et conviviaux","datePublished":"2021-02-21T17:05:32+00:00","dateModified":"2021-02-21T17:05:32+00:00","mainEntityOfPage":{"@id":"https:\/\/vosgesinfo.fr\/saintdieinfo\/2021\/02\/epinal-centaines-de-manifestants-reouverture-lieux-culturels-conviviaux\/"},"wordCount":265,"commentCount":0,"publisher":{"@id":"https:\/\/vosgesinfo.fr\/saintdieinfo\/#organization"},"image":{"@id":"https:\/\/vosgesinfo.fr\/saintdieinfo\/2021\/02\/epinal-centaines-de-manifestants-reouverture-lieux-culturels-conviviaux\/#primaryimage"},"thumbnailUrl":"https:\/\/vosgesinfo.fr\/app\/uploads\/sites\/4\/2024\/08\/202102manif-culture-vosges-epinal.jpg","keywords":["Marche fleurie"],"articleSection":["A la Une","Culture","Vosges"],"inLanguage":"fr-FR","potentialAction":[{"@type":"CommentAction","name":"Comment","target":["https:\/\/vosgesinfo.fr\/saintdieinfo\/2021\/02\/epinal-centaines-de-manifestants-reouverture-lieux-culturels-conviviaux\/#respond"]}]},{"@type":"WebPage","@id":"https:\/\/vosgesinfo.fr\/saintdieinfo\/2021\/02\/epinal-centaines-de-manifestants-reouverture-lieux-culturels-conviviaux\/","url":"https:\/\/vosgesinfo.fr\/saintdieinfo\/2021\/02\/epinal-centaines-de-manifestants-reouverture-lieux-culturels-conviviaux\/","name":"Epinal : des centaines de manifestants pour la r\u00e9ouverture des lieux culturels et conviviaux - Saint Die Info","isPartOf":{"@id":"https:\/\/vosgesinfo.fr\/saintdieinfo\/#website"},"primaryImageOfPage":{"@id":"https:\/\/vosgesinfo.fr\/saintdieinfo\/2021\/02\/epinal-centaines-de-manifestants-reouverture-lieux-culturels-conviviaux\/#primaryimage"},"image":{"@id":"https:\/\/vosgesinfo.fr\/saintdieinfo\/2021\/02\/epinal-centaines-de-manifestants-reouverture-lieux-culturels-conviviaux\/#primaryimage"},"thumbnailUrl":"https:\/\/vosgesinfo.fr\/app\/uploads\/sites\/4\/2024\/08\/202102manif-culture-vosges-epinal.jpg","datePublished":"2021-02-21T17:05:32+00:00","dateModified":"2021-02-21T17:05:32+00:00","breadcrumb":{"@id":"https:\/\/vosgesinfo.fr\/saintdieinfo\/2021\/02\/epinal-centaines-de-manifestants-reouverture-lieux-culturels-conviviaux\/#breadcrumb"},"inLanguage":"fr-FR","potentialAction":[{"@type":"ReadAction","target":["https:\/\/vosgesinfo.fr\/saintdieinfo\/2021\/02\/epinal-centaines-de-manifestants-reouverture-lieux-culturels-conviviaux\/"]}]},{"@type":"ImageObject","inLanguage":"fr-FR","@id":"https:\/\/vosgesinfo.fr\/saintdieinfo\/2021\/02\/epinal-centaines-de-manifestants-reouverture-lieux-culturels-conviviaux\/#primaryimage","url":"https:\/\/vosgesinfo.fr\/app\/uploads\/sites\/4\/2024\/08\/202102manif-culture-vosges-epinal.jpg","contentUrl":"https:\/\/vosgesinfo.fr\/app\/uploads\/sites\/4\/2024\/08\/202102manif-culture-vosges-epinal.jpg","width":800,"height":548},{"@type":"BreadcrumbList","@id":"https:\/\/vosgesinfo.fr\/saintdieinfo\/2021\/02\/epinal-centaines-de-manifestants-reouverture-lieux-culturels-conviviaux\/#breadcrumb","itemListElement":[{"@type":"ListItem","position":1,"name":"Home","item":"https:\/\/vosgesinfo.fr\/saintdieinfo\/"},{"@type":"ListItem","position":2,"name":"Epinal : des centaines de manifestants pour la r\u00e9ouverture des lieux culturels et conviviaux"}]},{"@type":"WebSite","@id":"https:\/\/vosgesinfo.fr\/saintdieinfo\/#website","url":"https:\/\/vosgesinfo.fr\/saintdieinfo\/","name":"Saint Die Info","description":"Toute l&#039;actualit\u00e9 de Saint-Di\u00e9-Des-Vosges","publisher":{"@id":"https:\/\/vosgesinfo.fr\/saintdieinfo\/#organization"},"alternateName":"Toute l'actualit\u00e9 de Saint-Di\u00e9-Des-Vosges","potentialAction":[{"@type":"SearchAction","target":{"@type":"EntryPoint","urlTemplate":"https:\/\/vosgesinfo.fr\/saintdieinfo\/?s={search_term_string}"},"query-input":"required name=search_term_string"}],"inLanguage":"fr-FR"},{"@type":"Organization","@id":"https:\/\/vosgesinfo.fr\/saintdieinfo\/#organization","name":"Saint Die Info","url":"https:\/\/vosgesinfo.fr\/saintdieinfo\/","logo":{"@type":"ImageObject","inLanguage":"fr-FR","@id":"https:\/\/vosgesinfo.fr\/saintdieinfo\/#\/schema\/logo\/image\/","url":"https:\/\/vosgesinfo.fr\/app\/uploads\/sites\/4\/2024\/02\/logo-sdi.jpg","contentUrl":"https:\/\/vosgesinfo.fr\/app\/uploads\/sites\/4\/2024\/02\/logo-sdi.jpg","width":600,"height":600,"caption":"Saint Die Info"},"image":{"@id":"https:\/\/vosgesinfo.fr\/saintdieinfo\/#\/schema\/logo\/image\/"},"sameAs":["https:\/\/www.facebook.com\/Saintdieinfofr","https:\/\/x.com\/VosgesInfo88","https:\/\/www.youtube.com\/@vosgesinfo"]},{"@type":"Person","@id":"https:\/\/vosgesinfo.fr\/saintdieinfo\/#\/schema\/person\/faee6704a21f3977511db84bd1cd450f","name":"la r\u00e9daction","image":{"@type":"ImageObject","inLanguage":"fr-FR","@id":"https:\/\/vosgesinfo.fr\/saintdieinfo\/#\/schema\/person\/image\/","url":"https:\/\/secure.gravatar.com\/avatar\/6673d8bc6a9c17fa9a453eaa3448de834fa308c2ec9635b7aa99441a7c8d2cf6?s=96&d=mm&r=g","contentUrl":"https:\/\/secure.gravatar.com\/avatar\/6673d8bc6a9c17fa9a453eaa3448de834fa308c2ec9635b7aa99441a7c8d2cf6?s=96&d=mm&r=g","caption":"la r\u00e9daction"},"url":"https:\/\/vosgesinfo.fr\/saintdieinfo\/author\/redac\/"}]}},"_links":{"self":[{"href":"https:\/\/vosgesinfo.fr\/saintdieinfo\/wp-json\/wp\/v2\/posts\/39617","targetHints":{"allow":["GET"]}}],"collection":[{"href":"https:\/\/vosgesinfo.fr\/saintdieinfo\/wp-json\/wp\/v2\/posts"}],"about":[{"href":"https:\/\/vosgesinfo.fr\/saintdieinfo\/wp-json\/wp\/v2\/types\/post"}],"author":[{"embeddable":true,"href":"https:\/\/vosgesinfo.fr\/saintdieinfo\/wp-json\/wp\/v2\/users\/44"}],"replies":[{"embeddable":true,"href":"https:\/\/vosgesinfo.fr\/saintdieinfo\/wp-json\/wp\/v2\/comments?post=39617"}],"version-history":[{"count":0,"href":"https:\/\/vosgesinfo.fr\/saintdieinfo\/wp-json\/wp\/v2\/posts\/39617\/revisions"}],"wp:featuredmedia":[{"embeddable":true,"href":"https:\/\/vosgesinfo.fr\/saintdieinfo\/wp-json\/wp\/v2\/media\/39618"}],"wp:attachment":[{"href":"https:\/\/vosgesinfo.fr\/saintdieinfo\/wp-json\/wp\/v2\/media?parent=39617"}],"wp:term":[{"taxonomy":"category","embeddable":true,"href":"https:\/\/vosgesinfo.fr\/saintdieinfo\/wp-json\/wp\/v2\/categories?post=39617"},{"taxonomy":"post_tag","embeddable":true,"href":"https:\/\/vosgesinfo.fr\/saintdieinfo\/wp-json\/wp\/v2\/tags?post=39617"}],"curies":[{"name":"wp","href":"https:\/\/api.w.org\/{rel}","templated":true}]}}