{"id":39619,"date":"2021-02-21T18:10:46","date_gmt":"2021-02-21T17:10:46","guid":{"rendered":"https:\/\/vosgesinfo.fr\/saintdieinfo\/2021\/02\/mondiaux-de-ski-clement-noel-part-a-faute-2eme-manche-a-cortina-dampezzo\/"},"modified":"2021-02-21T18:10:46","modified_gmt":"2021-02-21T17:10:46","slug":"mondiaux-de-ski-clement-noel-part-a-faute-2eme-manche-a-cortina-dampezzo","status":"publish","type":"post","link":"https:\/\/vosgesinfo.fr\/saintdieinfo\/2021\/02\/mondiaux-de-ski-clement-noel-part-a-faute-2eme-manche-a-cortina-dampezzo\/","title":{"rendered":"Mondiaux de ski : Cl\u00e9ment No\u00ebl part \u00e0 la faute en 2\u00e8me manche \u00e0 Cortina d\u2019Ampezzo"},"content":{"rendered":"<div id=\"attachment_166269\" style=\"width: 392px\" class=\"wp-caption aligncenter\"><a href=\"\/2021\/01\/noel-Clement.jpg\"><img decoding=\"async\" aria-describedby=\"caption-attachment-166269\" class=\"size-medium wp-image-166269\" src=\"\/2021\/01\/noel-Clement-382x255.jpg\" alt=\"Photo d\u2019archive, @ClementNoelSki\" width=\"382\" height=\"255\" \/><\/a><p id=\"caption-attachment-166269\" class=\"wp-caption-text\">Photo d\u2019archive, @ClementNoelSki<\/p><\/div>\n<p>&nbsp;<\/p>\n<h2><strong>C\u2019\u00e9tait pourtant bien parti. A la cinqui\u00e8me place du classement \u00e0 l\u2019issue de la premi\u00e8re manche du slalom \u00e0 Cortina d\u2019Ampezzo, Cl\u00e9ment No\u00ebl a faut\u00e9 en 2\u00e8me manche. Pas de m\u00e9daille fran\u00e7aise pour aujourd\u2019hui dans les Dolomites.<\/strong><\/h2>\n<p>Le skieur vosgien est parti \u00e0 la faute \u00e0 mi parcours <em>\u00ab\u00a0manquant de peu la sortie de piste et terminant \u00e0 la 21e place (+10.13), dernier des class\u00e9s\u00a0\u00bb<\/em>, d\u2019apr\u00e8s <a href=\"https:\/\/sport.francetvinfo.fr\/ski\/ski-alpin\/championnats-du-monde-de-ski-alpin\/mondiaux-de-ski-alpin-les-francais-clement-noel-et\">sport.francetvinfo.fr<\/a>. Une grande d\u00e9ception, \u00e9videmment. Le norv\u00e9gien Sebastian Foss-Solevaag remporte cette \u00e9preuve, devant l\u2019autrichien Adrian Pertl. Le fran\u00e7ais le mieux class\u00e9, Alexis Pinturault, se maintient quant \u00e0 lui \u00e0 la 7\u00e8me place.<\/p>\n","protected":false},"excerpt":{"rendered":"<p>&nbsp; C\u2019\u00e9tait pourtant bien parti. A la cinqui\u00e8me place du classement \u00e0 l\u2019issue de la premi\u00e8re manche du slalom \u00e0 [&hellip;]<\/p>\n","protected":false},"author":44,"featured_media":39620,"comment_status":"open","ping_status":"open","sticky":false,"template":"","format":"standard","meta":{"footnotes":""},"categories":[460,14],"tags":[7540],"class_list":["post-39619","post","type-post","status-publish","format-standard","has-post-thumbnail","hentry","category-a-la-une","category-sport","tag-clement-noel"],"acf":[],"yoast_head":"<!-- This site is optimized with the Yoast SEO plugin v22.5 - https:\/\/yoast.com\/wordpress\/plugins\/seo\/ -->\n<title>Mondiaux de ski : Cl\u00e9ment No\u00ebl part \u00e0 la faute en 2\u00e8me manche \u00e0 Cortina d\u2019Ampezzo - Saint Die Info<\/title>\n<meta name=\"robots\" content=\"index, follow, max-snippet:-1, max-image-preview:large, max-video-preview:-1\" \/>\n<link rel=\"canonical\" href=\"https:\/\/vosgesinfo.fr\/saintdieinfo\/2021\/02\/mondiaux-de-ski-clement-noel-part-a-faute-2eme-manche-a-cortina-dampezzo\/\" \/>\n<meta name=\"twitter:card\" content=\"summary_large_image\" \/>\n<meta name=\"twitter:title\" content=\"Mondiaux de ski : Cl\u00e9ment No\u00ebl part \u00e0 la faute en 2\u00e8me manche \u00e0 Cortina d\u2019Ampezzo - Saint Die Info\" \/>\n<meta name=\"twitter:description\" content=\"&nbsp; C\u2019\u00e9tait pourtant bien parti. A la cinqui\u00e8me place du classement \u00e0 l\u2019issue de la premi\u00e8re manche du slalom \u00e0 [&hellip;]\" \/>\n<meta name=\"twitter:image\" content=\"https:\/\/vosgesinfo.fr\/app\/uploads\/sites\/4\/2024\/08\/202101noel-clement-1.jpg\" \/>\n<meta name=\"twitter:creator\" content=\"@VosgesInfo88\" \/>\n<meta name=\"twitter:site\" content=\"@VosgesInfo88\" \/>\n<meta name=\"twitter:label1\" content=\"\u00c9crit par\" \/>\n\t<meta name=\"twitter:data1\" content=\"la r\u00e9daction\" \/>\n\t<meta name=\"twitter:label2\" content=\"Dur\u00e9e de lecture estim\u00e9e\" \/>\n\t<meta name=\"twitter:data2\" content=\"1 minute\" \/>\n<script type=\"application\/ld+json\" class=\"yoast-schema-graph\">{\"@context\":\"https:\/\/schema.org\",\"@graph\":[{\"@type\":\"Article\",\"@id\":\"https:\/\/vosgesinfo.fr\/saintdieinfo\/2021\/02\/mondiaux-de-ski-clement-noel-part-a-faute-2eme-manche-a-cortina-dampezzo\/#article\",\"isPartOf\":{\"@id\":\"https:\/\/vosgesinfo.fr\/saintdieinfo\/2021\/02\/mondiaux-de-ski-clement-noel-part-a-faute-2eme-manche-a-cortina-dampezzo\/\"},\"author\":{\"name\":\"la r\u00e9daction\",\"@id\":\"https:\/\/vosgesinfo.fr\/saintdieinfo\/#\/schema\/person\/faee6704a21f3977511db84bd1cd450f\"},\"headline\":\"Mondiaux de ski : Cl\u00e9ment No\u00ebl part \u00e0 la faute en 2\u00e8me manche \u00e0 Cortina d\u2019Ampezzo\",\"datePublished\":\"2021-02-21T17:10:46+00:00\",\"dateModified\":\"2021-02-21T17:10:46+00:00\",\"mainEntityOfPage\":{\"@id\":\"https:\/\/vosgesinfo.fr\/saintdieinfo\/2021\/02\/mondiaux-de-ski-clement-noel-part-a-faute-2eme-manche-a-cortina-dampezzo\/\"},\"wordCount\":137,\"commentCount\":0,\"publisher\":{\"@id\":\"https:\/\/vosgesinfo.fr\/saintdieinfo\/#organization\"},\"image\":{\"@id\":\"https:\/\/vosgesinfo.fr\/saintdieinfo\/2021\/02\/mondiaux-de-ski-clement-noel-part-a-faute-2eme-manche-a-cortina-dampezzo\/#primaryimage\"},\"thumbnailUrl\":\"https:\/\/vosgesinfo.fr\/app\/uploads\/sites\/4\/2024\/08\/202101noel-clement-1.jpg\",\"keywords\":[\"Cl\u00e9ment No\u00ebl\"],\"articleSection\":[\"A la Une\",\"Sport\"],\"inLanguage\":\"fr-FR\",\"potentialAction\":[{\"@type\":\"CommentAction\",\"name\":\"Comment\",\"target\":[\"https:\/\/vosgesinfo.fr\/saintdieinfo\/2021\/02\/mondiaux-de-ski-clement-noel-part-a-faute-2eme-manche-a-cortina-dampezzo\/#respond\"]}]},{\"@type\":\"WebPage\",\"@id\":\"https:\/\/vosgesinfo.fr\/saintdieinfo\/2021\/02\/mondiaux-de-ski-clement-noel-part-a-faute-2eme-manche-a-cortina-dampezzo\/\",\"url\":\"https:\/\/vosgesinfo.fr\/saintdieinfo\/2021\/02\/mondiaux-de-ski-clement-noel-part-a-faute-2eme-manche-a-cortina-dampezzo\/\",\"name\":\"Mondiaux de ski : Cl\u00e9ment No\u00ebl part \u00e0 la faute en 2\u00e8me manche \u00e0 Cortina d\u2019Ampezzo - Saint Die Info\",\"isPartOf\":{\"@id\":\"https:\/\/vosgesinfo.fr\/saintdieinfo\/#website\"},\"primaryImageOfPage\":{\"@id\":\"https:\/\/vosgesinfo.fr\/saintdieinfo\/2021\/02\/mondiaux-de-ski-clement-noel-part-a-faute-2eme-manche-a-cortina-dampezzo\/#primaryimage\"},\"image\":{\"@id\":\"https:\/\/vosgesinfo.fr\/saintdieinfo\/2021\/02\/mondiaux-de-ski-clement-noel-part-a-faute-2eme-manche-a-cortina-dampezzo\/#primaryimage\"},\"thumbnailUrl\":\"https:\/\/vosgesinfo.fr\/app\/uploads\/sites\/4\/2024\/08\/202101noel-clement-1.jpg\",\"datePublished\":\"2021-02-21T17:10:46+00:00\",\"dateModified\":\"2021-02-21T17:10:46+00:00\",\"breadcrumb\":{\"@id\":\"https:\/\/vosgesinfo.fr\/saintdieinfo\/2021\/02\/mondiaux-de-ski-clement-noel-part-a-faute-2eme-manche-a-cortina-dampezzo\/#breadcrumb\"},\"inLanguage\":\"fr-FR\",\"potentialAction\":[{\"@type\":\"ReadAction\",\"target\":[\"https:\/\/vosgesinfo.fr\/saintdieinfo\/2021\/02\/mondiaux-de-ski-clement-noel-part-a-faute-2eme-manche-a-cortina-dampezzo\/\"]}]},{\"@type\":\"ImageObject\",\"inLanguage\":\"fr-FR\",\"@id\":\"https:\/\/vosgesinfo.fr\/saintdieinfo\/2021\/02\/mondiaux-de-ski-clement-noel-part-a-faute-2eme-manche-a-cortina-dampezzo\/#primaryimage\",\"url\":\"https:\/\/vosgesinfo.fr\/app\/uploads\/sites\/4\/2024\/08\/202101noel-clement-1.jpg\",\"contentUrl\":\"https:\/\/vosgesinfo.fr\/app\/uploads\/sites\/4\/2024\/08\/202101noel-clement-1.jpg\",\"width\":800,\"height\":534},{\"@type\":\"BreadcrumbList\",\"@id\":\"https:\/\/vosgesinfo.fr\/saintdieinfo\/2021\/02\/mondiaux-de-ski-clement-noel-part-a-faute-2eme-manche-a-cortina-dampezzo\/#breadcrumb\",\"itemListElement\":[{\"@type\":\"ListItem\",\"position\":1,\"name\":\"Home\",\"item\":\"https:\/\/vosgesinfo.fr\/saintdieinfo\/\"},{\"@type\":\"ListItem\",\"position\":2,\"name\":\"Mondiaux de ski : Cl\u00e9ment No\u00ebl part \u00e0 la faute en 2\u00e8me manche \u00e0 Cortina d\u2019Ampezzo\"}]},{\"@type\":\"WebSite\",\"@id\":\"https:\/\/vosgesinfo.fr\/saintdieinfo\/#website\",\"url\":\"https:\/\/vosgesinfo.fr\/saintdieinfo\/\",\"name\":\"Saint Die Info\",\"description\":\"Toute l&#039;actualit\u00e9 de Saint-Di\u00e9-Des-Vosges\",\"publisher\":{\"@id\":\"https:\/\/vosgesinfo.fr\/saintdieinfo\/#organization\"},\"alternateName\":\"Toute l'actualit\u00e9 de Saint-Di\u00e9-Des-Vosges\",\"potentialAction\":[{\"@type\":\"SearchAction\",\"target\":{\"@type\":\"EntryPoint\",\"urlTemplate\":\"https:\/\/vosgesinfo.fr\/saintdieinfo\/?s={search_term_string}\"},\"query-input\":\"required name=search_term_string\"}],\"inLanguage\":\"fr-FR\"},{\"@type\":\"Organization\",\"@id\":\"https:\/\/vosgesinfo.fr\/saintdieinfo\/#organization\",\"name\":\"Saint Die Info\",\"url\":\"https:\/\/vosgesinfo.fr\/saintdieinfo\/\",\"logo\":{\"@type\":\"ImageObject\",\"inLanguage\":\"fr-FR\",\"@id\":\"https:\/\/vosgesinfo.fr\/saintdieinfo\/#\/schema\/logo\/image\/\",\"url\":\"https:\/\/vosgesinfo.fr\/app\/uploads\/sites\/4\/2024\/02\/logo-sdi.jpg\",\"contentUrl\":\"https:\/\/vosgesinfo.fr\/app\/uploads\/sites\/4\/2024\/02\/logo-sdi.jpg\",\"width\":600,\"height\":600,\"caption\":\"Saint Die Info\"},\"image\":{\"@id\":\"https:\/\/vosgesinfo.fr\/saintdieinfo\/#\/schema\/logo\/image\/\"},\"sameAs\":[\"https:\/\/www.facebook.com\/Saintdieinfofr\",\"https:\/\/x.com\/VosgesInfo88\",\"https:\/\/www.youtube.com\/@vosgesinfo\"]},{\"@type\":\"Person\",\"@id\":\"https:\/\/vosgesinfo.fr\/saintdieinfo\/#\/schema\/person\/faee6704a21f3977511db84bd1cd450f\",\"name\":\"la r\u00e9daction\",\"image\":{\"@type\":\"ImageObject\",\"inLanguage\":\"fr-FR\",\"@id\":\"https:\/\/vosgesinfo.fr\/saintdieinfo\/#\/schema\/person\/image\/\",\"url\":\"https:\/\/secure.gravatar.com\/avatar\/6673d8bc6a9c17fa9a453eaa3448de834fa308c2ec9635b7aa99441a7c8d2cf6?s=96&d=mm&r=g\",\"contentUrl\":\"https:\/\/secure.gravatar.com\/avatar\/6673d8bc6a9c17fa9a453eaa3448de834fa308c2ec9635b7aa99441a7c8d2cf6?s=96&d=mm&r=g\",\"caption\":\"la r\u00e9daction\"},\"url\":\"https:\/\/vosgesinfo.fr\/saintdieinfo\/author\/redac\/\"}]}<\/script>\n<!-- \/ Yoast SEO plugin. -->","yoast_head_json":{"title":"Mondiaux de ski : Cl\u00e9ment No\u00ebl part \u00e0 la faute en 2\u00e8me manche \u00e0 Cortina d\u2019Ampezzo - Saint Die Info","robots":{"index":"index","follow":"follow","max-snippet":"max-snippet:-1","max-image-preview":"max-image-preview:large","max-video-preview":"max-video-preview:-1"},"canonical":"https:\/\/vosgesinfo.fr\/saintdieinfo\/2021\/02\/mondiaux-de-ski-clement-noel-part-a-faute-2eme-manche-a-cortina-dampezzo\/","twitter_card":"summary_large_image","twitter_title":"Mondiaux de ski : Cl\u00e9ment No\u00ebl part \u00e0 la faute en 2\u00e8me manche \u00e0 Cortina d\u2019Ampezzo - Saint Die Info","twitter_description":"&nbsp; C\u2019\u00e9tait pourtant bien parti. A la cinqui\u00e8me place du classement \u00e0 l\u2019issue de la premi\u00e8re manche du slalom \u00e0 [&hellip;]","twitter_image":"https:\/\/vosgesinfo.fr\/app\/uploads\/sites\/4\/2024\/08\/202101noel-clement-1.jpg","twitter_creator":"@VosgesInfo88","twitter_site":"@VosgesInfo88","twitter_misc":{"\u00c9crit par":"la r\u00e9daction","Dur\u00e9e de lecture estim\u00e9e":"1 minute"},"schema":{"@context":"https:\/\/schema.org","@graph":[{"@type":"Article","@id":"https:\/\/vosgesinfo.fr\/saintdieinfo\/2021\/02\/mondiaux-de-ski-clement-noel-part-a-faute-2eme-manche-a-cortina-dampezzo\/#article","isPartOf":{"@id":"https:\/\/vosgesinfo.fr\/saintdieinfo\/2021\/02\/mondiaux-de-ski-clement-noel-part-a-faute-2eme-manche-a-cortina-dampezzo\/"},"author":{"name":"la r\u00e9daction","@id":"https:\/\/vosgesinfo.fr\/saintdieinfo\/#\/schema\/person\/faee6704a21f3977511db84bd1cd450f"},"headline":"Mondiaux de ski : Cl\u00e9ment No\u00ebl part \u00e0 la faute en 2\u00e8me manche \u00e0 Cortina d\u2019Ampezzo","datePublished":"2021-02-21T17:10:46+00:00","dateModified":"2021-02-21T17:10:46+00:00","mainEntityOfPage":{"@id":"https:\/\/vosgesinfo.fr\/saintdieinfo\/2021\/02\/mondiaux-de-ski-clement-noel-part-a-faute-2eme-manche-a-cortina-dampezzo\/"},"wordCount":137,"commentCount":0,"publisher":{"@id":"https:\/\/vosgesinfo.fr\/saintdieinfo\/#organization"},"image":{"@id":"https:\/\/vosgesinfo.fr\/saintdieinfo\/2021\/02\/mondiaux-de-ski-clement-noel-part-a-faute-2eme-manche-a-cortina-dampezzo\/#primaryimage"},"thumbnailUrl":"https:\/\/vosgesinfo.fr\/app\/uploads\/sites\/4\/2024\/08\/202101noel-clement-1.jpg","keywords":["Cl\u00e9ment No\u00ebl"],"articleSection":["A la Une","Sport"],"inLanguage":"fr-FR","potentialAction":[{"@type":"CommentAction","name":"Comment","target":["https:\/\/vosgesinfo.fr\/saintdieinfo\/2021\/02\/mondiaux-de-ski-clement-noel-part-a-faute-2eme-manche-a-cortina-dampezzo\/#respond"]}]},{"@type":"WebPage","@id":"https:\/\/vosgesinfo.fr\/saintdieinfo\/2021\/02\/mondiaux-de-ski-clement-noel-part-a-faute-2eme-manche-a-cortina-dampezzo\/","url":"https:\/\/vosgesinfo.fr\/saintdieinfo\/2021\/02\/mondiaux-de-ski-clement-noel-part-a-faute-2eme-manche-a-cortina-dampezzo\/","name":"Mondiaux de ski : Cl\u00e9ment No\u00ebl part \u00e0 la faute en 2\u00e8me manche \u00e0 Cortina d\u2019Ampezzo - Saint Die Info","isPartOf":{"@id":"https:\/\/vosgesinfo.fr\/saintdieinfo\/#website"},"primaryImageOfPage":{"@id":"https:\/\/vosgesinfo.fr\/saintdieinfo\/2021\/02\/mondiaux-de-ski-clement-noel-part-a-faute-2eme-manche-a-cortina-dampezzo\/#primaryimage"},"image":{"@id":"https:\/\/vosgesinfo.fr\/saintdieinfo\/2021\/02\/mondiaux-de-ski-clement-noel-part-a-faute-2eme-manche-a-cortina-dampezzo\/#primaryimage"},"thumbnailUrl":"https:\/\/vosgesinfo.fr\/app\/uploads\/sites\/4\/2024\/08\/202101noel-clement-1.jpg","datePublished":"2021-02-21T17:10:46+00:00","dateModified":"2021-02-21T17:10:46+00:00","breadcrumb":{"@id":"https:\/\/vosgesinfo.fr\/saintdieinfo\/2021\/02\/mondiaux-de-ski-clement-noel-part-a-faute-2eme-manche-a-cortina-dampezzo\/#breadcrumb"},"inLanguage":"fr-FR","potentialAction":[{"@type":"ReadAction","target":["https:\/\/vosgesinfo.fr\/saintdieinfo\/2021\/02\/mondiaux-de-ski-clement-noel-part-a-faute-2eme-manche-a-cortina-dampezzo\/"]}]},{"@type":"ImageObject","inLanguage":"fr-FR","@id":"https:\/\/vosgesinfo.fr\/saintdieinfo\/2021\/02\/mondiaux-de-ski-clement-noel-part-a-faute-2eme-manche-a-cortina-dampezzo\/#primaryimage","url":"https:\/\/vosgesinfo.fr\/app\/uploads\/sites\/4\/2024\/08\/202101noel-clement-1.jpg","contentUrl":"https:\/\/vosgesinfo.fr\/app\/uploads\/sites\/4\/2024\/08\/202101noel-clement-1.jpg","width":800,"height":534},{"@type":"BreadcrumbList","@id":"https:\/\/vosgesinfo.fr\/saintdieinfo\/2021\/02\/mondiaux-de-ski-clement-noel-part-a-faute-2eme-manche-a-cortina-dampezzo\/#breadcrumb","itemListElement":[{"@type":"ListItem","position":1,"name":"Home","item":"https:\/\/vosgesinfo.fr\/saintdieinfo\/"},{"@type":"ListItem","position":2,"name":"Mondiaux de ski : Cl\u00e9ment No\u00ebl part \u00e0 la faute en 2\u00e8me manche \u00e0 Cortina d\u2019Ampezzo"}]},{"@type":"WebSite","@id":"https:\/\/vosgesinfo.fr\/saintdieinfo\/#website","url":"https:\/\/vosgesinfo.fr\/saintdieinfo\/","name":"Saint Die Info","description":"Toute l&#039;actualit\u00e9 de Saint-Di\u00e9-Des-Vosges","publisher":{"@id":"https:\/\/vosgesinfo.fr\/saintdieinfo\/#organization"},"alternateName":"Toute l'actualit\u00e9 de Saint-Di\u00e9-Des-Vosges","potentialAction":[{"@type":"SearchAction","target":{"@type":"EntryPoint","urlTemplate":"https:\/\/vosgesinfo.fr\/saintdieinfo\/?s={search_term_string}"},"query-input":"required name=search_term_string"}],"inLanguage":"fr-FR"},{"@type":"Organization","@id":"https:\/\/vosgesinfo.fr\/saintdieinfo\/#organization","name":"Saint Die Info","url":"https:\/\/vosgesinfo.fr\/saintdieinfo\/","logo":{"@type":"ImageObject","inLanguage":"fr-FR","@id":"https:\/\/vosgesinfo.fr\/saintdieinfo\/#\/schema\/logo\/image\/","url":"https:\/\/vosgesinfo.fr\/app\/uploads\/sites\/4\/2024\/02\/logo-sdi.jpg","contentUrl":"https:\/\/vosgesinfo.fr\/app\/uploads\/sites\/4\/2024\/02\/logo-sdi.jpg","width":600,"height":600,"caption":"Saint Die Info"},"image":{"@id":"https:\/\/vosgesinfo.fr\/saintdieinfo\/#\/schema\/logo\/image\/"},"sameAs":["https:\/\/www.facebook.com\/Saintdieinfofr","https:\/\/x.com\/VosgesInfo88","https:\/\/www.youtube.com\/@vosgesinfo"]},{"@type":"Person","@id":"https:\/\/vosgesinfo.fr\/saintdieinfo\/#\/schema\/person\/faee6704a21f3977511db84bd1cd450f","name":"la r\u00e9daction","image":{"@type":"ImageObject","inLanguage":"fr-FR","@id":"https:\/\/vosgesinfo.fr\/saintdieinfo\/#\/schema\/person\/image\/","url":"https:\/\/secure.gravatar.com\/avatar\/6673d8bc6a9c17fa9a453eaa3448de834fa308c2ec9635b7aa99441a7c8d2cf6?s=96&d=mm&r=g","contentUrl":"https:\/\/secure.gravatar.com\/avatar\/6673d8bc6a9c17fa9a453eaa3448de834fa308c2ec9635b7aa99441a7c8d2cf6?s=96&d=mm&r=g","caption":"la r\u00e9daction"},"url":"https:\/\/vosgesinfo.fr\/saintdieinfo\/author\/redac\/"}]}},"_links":{"self":[{"href":"https:\/\/vosgesinfo.fr\/saintdieinfo\/wp-json\/wp\/v2\/posts\/39619","targetHints":{"allow":["GET"]}}],"collection":[{"href":"https:\/\/vosgesinfo.fr\/saintdieinfo\/wp-json\/wp\/v2\/posts"}],"about":[{"href":"https:\/\/vosgesinfo.fr\/saintdieinfo\/wp-json\/wp\/v2\/types\/post"}],"author":[{"embeddable":true,"href":"https:\/\/vosgesinfo.fr\/saintdieinfo\/wp-json\/wp\/v2\/users\/44"}],"replies":[{"embeddable":true,"href":"https:\/\/vosgesinfo.fr\/saintdieinfo\/wp-json\/wp\/v2\/comments?post=39619"}],"version-history":[{"count":0,"href":"https:\/\/vosgesinfo.fr\/saintdieinfo\/wp-json\/wp\/v2\/posts\/39619\/revisions"}],"wp:featuredmedia":[{"embeddable":true,"href":"https:\/\/vosgesinfo.fr\/saintdieinfo\/wp-json\/wp\/v2\/media\/39620"}],"wp:attachment":[{"href":"https:\/\/vosgesinfo.fr\/saintdieinfo\/wp-json\/wp\/v2\/media?parent=39619"}],"wp:term":[{"taxonomy":"category","embeddable":true,"href":"https:\/\/vosgesinfo.fr\/saintdieinfo\/wp-json\/wp\/v2\/categories?post=39619"},{"taxonomy":"post_tag","embeddable":true,"href":"https:\/\/vosgesinfo.fr\/saintdieinfo\/wp-json\/wp\/v2\/tags?post=39619"}],"curies":[{"name":"wp","href":"https:\/\/api.w.org\/{rel}","templated":true}]}}