{"id":39725,"date":"2021-03-05T12:15:52","date_gmt":"2021-03-05T11:15:52","guid":{"rendered":"https:\/\/vosgesinfo.fr\/saintdieinfo\/2021\/03\/covid-19-ouverture-centres-de-vaccination-de-saint-die-vosges-raon-letape-gerardmer\/"},"modified":"2021-03-05T12:15:52","modified_gmt":"2021-03-05T11:15:52","slug":"covid-19-ouverture-centres-de-vaccination-de-saint-die-vosges-raon-letape-gerardmer","status":"publish","type":"post","link":"https:\/\/vosgesinfo.fr\/saintdieinfo\/2021\/03\/covid-19-ouverture-centres-de-vaccination-de-saint-die-vosges-raon-letape-gerardmer\/","title":{"rendered":"Covid-19 \u2013 Ouverture des centres de vaccination de Saint-Di\u00e9-des-Vosges, Raon l&rsquo;Etape et G\u00e9rardmer"},"content":{"rendered":"<div id=\"attachment_166743\" style=\"width: 810px\" class=\"wp-caption aligncenter\"><a href=\"\/2021\/03\/Raon-lEtape_centre-de-vaccination-\u00e9ph\u00e9m\u00e8re-05.jpg\"><img decoding=\"async\" aria-describedby=\"caption-attachment-166743\" class=\"size-full wp-image-166743\" src=\"\/2021\/03\/Raon-lEtape_centre-de-vaccination-\u00e9ph\u00e9m\u00e8re-05.jpg\" alt=\"(Photographies Communaut\u00e9 d'Agglom\u00e9ration de Saint-Di\u00e9-des-Vosges)\" width=\"800\" height=\"533\" \/><\/a><p id=\"caption-attachment-166743\" class=\"wp-caption-text\">Illustration. (Photographie Communaut\u00e9 d&rsquo;Agglom\u00e9ration de Saint-Di\u00e9-des-Vosges)<\/p><\/div>\n<h2 style=\"text-align: left;\" align=\"JUSTIFY\"><span style=\"font-size: 14pt;\"><strong><span style=\"font-family: Arial, serif;\">Les centres de vaccination de Saint-Di\u00e9-des-Vosges (Salle Carbonnar), Raon l\u2019Etape <span style=\"font-family: Arial, serif;\">de G\u00e9rardmer (Espace Tilleul), <\/span>se sont arm\u00e9s pour permettre l\u2019acc\u00e8s \u00e0 la vaccination (vaccin AstraZeneca) :<br \/>\n<\/span><\/strong><\/span><\/h2>\n<p style=\"text-align: left;\" align=\"JUSTIFY\"><!--more--><\/p>\n<ul style=\"text-align: left;\">\n<li>\n<p align=\"JUSTIFY\"><strong><span style=\"font-family: Arial, serif;\">des personnes volontaires de 50 \u00e0 74 ans inclus pr\u00e9sentant des comorbidit\u00e9s;<\/span><\/strong><\/p>\n<\/li>\n<li>\n<p align=\"JUSTIFY\"><strong><span style=\"font-family: Arial, serif;\">de tous les professionnels de sant\u00e9* volontaires, quel que soit leur \u00e2ge. <\/span><\/strong><\/p>\n<\/li>\n<\/ul>\n<p style=\"text-align: left;\" align=\"JUSTIFY\"><span style=\"font-family: Arial, serif;\">Les centres seront ouverts samedi 6 et dimanche 7 mars, des plages de vaccination sont disponibles\u00a0! Les volontaires sont invit\u00e9s \u00e0 prendre rendez-vous le plus rapidement possible aupr\u00e8s des diff\u00e9rents centres.<\/span><\/p>\n<ul style=\"text-align: left;\">\n<li><span style=\"font-family: Arial, serif;\">Pour le centre Vaccination de Saint-Di\u00e9-des-Vosges \u00ab\u00a0Salle Carbonnar\u00a0\u00bb\u00a0:<\/span><\/li>\n<\/ul>\n<p style=\"text-align: left;\"><span style=\"font-family: Arial, serif;\">Par t\u00e9l\u00e9phone au <strong>03 29 42 16 75.<\/strong><\/span><\/p>\n<ul style=\"text-align: left;\">\n<li><span style=\"font-family: Arial, serif;\">Pour le centre de vaccination de G\u00e9rardmer \u00ab\u00a0Espace Tilleul\u00a0\u00bb\u00a0:<\/span><\/li>\n<\/ul>\n<p style=\"text-align: left;\"><span style=\"font-family: Arial, serif;\">Par t\u00e9l\u00e9phone au <strong>03 29 60 60 75.<\/strong><\/span><\/p>\n<ul style=\"text-align: left;\">\n<li><span style=\"font-family: Arial, serif;\">Pour le centre de vaccination de Raon l\u2019Etape\u00a0\u00ab\u00a0Salle Beauregard\u00a0\u00bb : <\/span><\/li>\n<\/ul>\n<p style=\"text-align: left;\"><span style=\"font-family: Arial, serif;\">Par t\u00e9l\u00e9phone au <strong>06 02 27 65 78.<\/strong><\/span><\/p>\n<p style=\"text-align: left;\">&#8211;<\/p>\n<p align=\"JUSTIFY\"><span style=\"font-size: 12pt;\"><span style=\"font-family: Arial, serif;\">* Il s&rsquo;agit\u00a0: <\/span><span style=\"font-family: Arial, serif;\"><i>des professionnels de sant\u00e9 quel que soit le lieu d\u2019exercice\u00a0<\/i><\/span><span style=\"font-family: Arial, serif;\">, <\/span><span style=\"font-family: Arial, serif;\"><i>des professionnels travaillant en \u00e9tablissement de sant\u00e9 quelle que soit leur profession<\/i><\/span><span style=\"font-family: Arial, serif;\">, <\/span><span style=\"font-family: Arial, serif;\"><i>des professionnels travaillant en \u00e9tablissement ou service m\u00e9dico-social intervenant aupr\u00e8s de personnes vuln\u00e9rables<\/i><\/span><span style=\"font-family: Arial, serif;\">, <\/span><span style=\"font-family: Arial, serif;\"><i>des salari\u00e9s de particuliers employeurs intervenant aupr\u00e8s de personnes \u00e2g\u00e9es et handicap\u00e9es vuln\u00e9rables (aides \u00e0 domicile)<\/i><\/span><span style=\"font-family: Arial, serif;\">, <\/span><\/span><span style=\"font-family: Arial, serif;\"><span style=\"font-size: small;\"><i><span style=\"font-size: 12pt;\">des sapeurs-pompiers.<\/span> <\/i><\/span><\/span><\/p>\n","protected":false},"excerpt":{"rendered":"<p>Les centres de vaccination de Saint-Di\u00e9-des-Vosges (Salle Carbonnar), Raon l\u2019Etape de G\u00e9rardmer (Espace Tilleul), se sont arm\u00e9s pour permettre l\u2019acc\u00e8s [&hellip;]<\/p>\n","protected":false},"author":44,"featured_media":39726,"comment_status":"open","ping_status":"open","sticky":false,"template":"","format":"standard","meta":{"footnotes":""},"categories":[460,2915,4152,13],"tags":[7953,1072,79,2654,3571],"class_list":["post-39725","post","type-post","status-publish","format-standard","has-post-thumbnail","hentry","category-a-la-une","category-saint-die-son-canton","category-sante","category-societe","tag-centres-de-vaccinations-ephemeres","tag-covid-19","tag-gerardmer","tag-raon-letape","tag-salle-carbonnar"],"acf":[],"yoast_head":"<!-- This site is optimized with the Yoast SEO plugin v22.5 - https:\/\/yoast.com\/wordpress\/plugins\/seo\/ -->\n<title>Covid-19 \u2013 Ouverture des centres de vaccination de Saint-Di\u00e9-des-Vosges, Raon l&#039;Etape et G\u00e9rardmer - Saint Die Info<\/title>\n<meta name=\"robots\" content=\"index, follow, max-snippet:-1, max-image-preview:large, max-video-preview:-1\" \/>\n<link rel=\"canonical\" href=\"https:\/\/vosgesinfo.fr\/saintdieinfo\/2021\/03\/covid-19-ouverture-centres-de-vaccination-de-saint-die-vosges-raon-letape-gerardmer\/\" \/>\n<meta name=\"twitter:card\" content=\"summary_large_image\" \/>\n<meta name=\"twitter:title\" content=\"Covid-19 \u2013 Ouverture des centres de vaccination de Saint-Di\u00e9-des-Vosges, Raon l&#039;Etape et G\u00e9rardmer - Saint Die Info\" \/>\n<meta name=\"twitter:description\" content=\"Les centres de vaccination de Saint-Di\u00e9-des-Vosges (Salle Carbonnar), Raon l\u2019Etape de G\u00e9rardmer (Espace Tilleul), se sont arm\u00e9s pour permettre l\u2019acc\u00e8s [&hellip;]\" \/>\n<meta name=\"twitter:image\" content=\"https:\/\/vosgesinfo.fr\/app\/uploads\/sites\/4\/2024\/08\/202103raon-letape-centre-de-vaccination-ephemere-05-1.jpg\" \/>\n<meta name=\"twitter:creator\" content=\"@VosgesInfo88\" \/>\n<meta name=\"twitter:site\" content=\"@VosgesInfo88\" \/>\n<meta name=\"twitter:label1\" content=\"\u00c9crit par\" \/>\n\t<meta name=\"twitter:data1\" content=\"la r\u00e9daction\" \/>\n\t<meta name=\"twitter:label2\" content=\"Dur\u00e9e de lecture estim\u00e9e\" \/>\n\t<meta name=\"twitter:data2\" content=\"1 minute\" \/>\n<script type=\"application\/ld+json\" class=\"yoast-schema-graph\">{\"@context\":\"https:\/\/schema.org\",\"@graph\":[{\"@type\":\"Article\",\"@id\":\"https:\/\/vosgesinfo.fr\/saintdieinfo\/2021\/03\/covid-19-ouverture-centres-de-vaccination-de-saint-die-vosges-raon-letape-gerardmer\/#article\",\"isPartOf\":{\"@id\":\"https:\/\/vosgesinfo.fr\/saintdieinfo\/2021\/03\/covid-19-ouverture-centres-de-vaccination-de-saint-die-vosges-raon-letape-gerardmer\/\"},\"author\":{\"name\":\"la r\u00e9daction\",\"@id\":\"https:\/\/vosgesinfo.fr\/saintdieinfo\/#\/schema\/person\/faee6704a21f3977511db84bd1cd450f\"},\"headline\":\"Covid-19 \u2013 Ouverture des centres de vaccination de Saint-Di\u00e9-des-Vosges, Raon l&rsquo;Etape et G\u00e9rardmer\",\"datePublished\":\"2021-03-05T11:15:52+00:00\",\"dateModified\":\"2021-03-05T11:15:52+00:00\",\"mainEntityOfPage\":{\"@id\":\"https:\/\/vosgesinfo.fr\/saintdieinfo\/2021\/03\/covid-19-ouverture-centres-de-vaccination-de-saint-die-vosges-raon-letape-gerardmer\/\"},\"wordCount\":225,\"commentCount\":0,\"publisher\":{\"@id\":\"https:\/\/vosgesinfo.fr\/saintdieinfo\/#organization\"},\"image\":{\"@id\":\"https:\/\/vosgesinfo.fr\/saintdieinfo\/2021\/03\/covid-19-ouverture-centres-de-vaccination-de-saint-die-vosges-raon-letape-gerardmer\/#primaryimage\"},\"thumbnailUrl\":\"https:\/\/vosgesinfo.fr\/app\/uploads\/sites\/4\/2024\/08\/202103raon-letape-centre-de-vaccination-ephemere-05-1.jpg\",\"keywords\":[\"Centres de vaccinations \u00e9ph\u00e9m\u00e8res\",\"Covid-19\",\"G\u00e9rardmer\",\"Raon-l\u2019Etape\",\"Salle Carbonnar\"],\"articleSection\":[\"A la Une\",\"Saint-Di\u00e9-des-Vosges et son Agglom\u00e9ration\",\"Sant\u00e9\",\"Soci\u00e9t\u00e9\"],\"inLanguage\":\"fr-FR\",\"potentialAction\":[{\"@type\":\"CommentAction\",\"name\":\"Comment\",\"target\":[\"https:\/\/vosgesinfo.fr\/saintdieinfo\/2021\/03\/covid-19-ouverture-centres-de-vaccination-de-saint-die-vosges-raon-letape-gerardmer\/#respond\"]}]},{\"@type\":\"WebPage\",\"@id\":\"https:\/\/vosgesinfo.fr\/saintdieinfo\/2021\/03\/covid-19-ouverture-centres-de-vaccination-de-saint-die-vosges-raon-letape-gerardmer\/\",\"url\":\"https:\/\/vosgesinfo.fr\/saintdieinfo\/2021\/03\/covid-19-ouverture-centres-de-vaccination-de-saint-die-vosges-raon-letape-gerardmer\/\",\"name\":\"Covid-19 \u2013 Ouverture des centres de vaccination de Saint-Di\u00e9-des-Vosges, Raon l'Etape et G\u00e9rardmer - Saint Die Info\",\"isPartOf\":{\"@id\":\"https:\/\/vosgesinfo.fr\/saintdieinfo\/#website\"},\"primaryImageOfPage\":{\"@id\":\"https:\/\/vosgesinfo.fr\/saintdieinfo\/2021\/03\/covid-19-ouverture-centres-de-vaccination-de-saint-die-vosges-raon-letape-gerardmer\/#primaryimage\"},\"image\":{\"@id\":\"https:\/\/vosgesinfo.fr\/saintdieinfo\/2021\/03\/covid-19-ouverture-centres-de-vaccination-de-saint-die-vosges-raon-letape-gerardmer\/#primaryimage\"},\"thumbnailUrl\":\"https:\/\/vosgesinfo.fr\/app\/uploads\/sites\/4\/2024\/08\/202103raon-letape-centre-de-vaccination-ephemere-05-1.jpg\",\"datePublished\":\"2021-03-05T11:15:52+00:00\",\"dateModified\":\"2021-03-05T11:15:52+00:00\",\"breadcrumb\":{\"@id\":\"https:\/\/vosgesinfo.fr\/saintdieinfo\/2021\/03\/covid-19-ouverture-centres-de-vaccination-de-saint-die-vosges-raon-letape-gerardmer\/#breadcrumb\"},\"inLanguage\":\"fr-FR\",\"potentialAction\":[{\"@type\":\"ReadAction\",\"target\":[\"https:\/\/vosgesinfo.fr\/saintdieinfo\/2021\/03\/covid-19-ouverture-centres-de-vaccination-de-saint-die-vosges-raon-letape-gerardmer\/\"]}]},{\"@type\":\"ImageObject\",\"inLanguage\":\"fr-FR\",\"@id\":\"https:\/\/vosgesinfo.fr\/saintdieinfo\/2021\/03\/covid-19-ouverture-centres-de-vaccination-de-saint-die-vosges-raon-letape-gerardmer\/#primaryimage\",\"url\":\"https:\/\/vosgesinfo.fr\/app\/uploads\/sites\/4\/2024\/08\/202103raon-letape-centre-de-vaccination-ephemere-05-1.jpg\",\"contentUrl\":\"https:\/\/vosgesinfo.fr\/app\/uploads\/sites\/4\/2024\/08\/202103raon-letape-centre-de-vaccination-ephemere-05-1.jpg\",\"width\":800,\"height\":533},{\"@type\":\"BreadcrumbList\",\"@id\":\"https:\/\/vosgesinfo.fr\/saintdieinfo\/2021\/03\/covid-19-ouverture-centres-de-vaccination-de-saint-die-vosges-raon-letape-gerardmer\/#breadcrumb\",\"itemListElement\":[{\"@type\":\"ListItem\",\"position\":1,\"name\":\"Home\",\"item\":\"https:\/\/vosgesinfo.fr\/saintdieinfo\/\"},{\"@type\":\"ListItem\",\"position\":2,\"name\":\"Covid-19 \u2013 Ouverture des centres de vaccination de Saint-Di\u00e9-des-Vosges, Raon l&rsquo;Etape et G\u00e9rardmer\"}]},{\"@type\":\"WebSite\",\"@id\":\"https:\/\/vosgesinfo.fr\/saintdieinfo\/#website\",\"url\":\"https:\/\/vosgesinfo.fr\/saintdieinfo\/\",\"name\":\"Saint Die Info\",\"description\":\"Toute l&#039;actualit\u00e9 de Saint-Di\u00e9-Des-Vosges\",\"publisher\":{\"@id\":\"https:\/\/vosgesinfo.fr\/saintdieinfo\/#organization\"},\"alternateName\":\"Toute l'actualit\u00e9 de Saint-Di\u00e9-Des-Vosges\",\"potentialAction\":[{\"@type\":\"SearchAction\",\"target\":{\"@type\":\"EntryPoint\",\"urlTemplate\":\"https:\/\/vosgesinfo.fr\/saintdieinfo\/?s={search_term_string}\"},\"query-input\":\"required name=search_term_string\"}],\"inLanguage\":\"fr-FR\"},{\"@type\":\"Organization\",\"@id\":\"https:\/\/vosgesinfo.fr\/saintdieinfo\/#organization\",\"name\":\"Saint Die Info\",\"url\":\"https:\/\/vosgesinfo.fr\/saintdieinfo\/\",\"logo\":{\"@type\":\"ImageObject\",\"inLanguage\":\"fr-FR\",\"@id\":\"https:\/\/vosgesinfo.fr\/saintdieinfo\/#\/schema\/logo\/image\/\",\"url\":\"https:\/\/vosgesinfo.fr\/app\/uploads\/sites\/4\/2024\/02\/logo-sdi.jpg\",\"contentUrl\":\"https:\/\/vosgesinfo.fr\/app\/uploads\/sites\/4\/2024\/02\/logo-sdi.jpg\",\"width\":600,\"height\":600,\"caption\":\"Saint Die Info\"},\"image\":{\"@id\":\"https:\/\/vosgesinfo.fr\/saintdieinfo\/#\/schema\/logo\/image\/\"},\"sameAs\":[\"https:\/\/www.facebook.com\/Saintdieinfofr\",\"https:\/\/x.com\/VosgesInfo88\",\"https:\/\/www.youtube.com\/@vosgesinfo\"]},{\"@type\":\"Person\",\"@id\":\"https:\/\/vosgesinfo.fr\/saintdieinfo\/#\/schema\/person\/faee6704a21f3977511db84bd1cd450f\",\"name\":\"la r\u00e9daction\",\"image\":{\"@type\":\"ImageObject\",\"inLanguage\":\"fr-FR\",\"@id\":\"https:\/\/vosgesinfo.fr\/saintdieinfo\/#\/schema\/person\/image\/\",\"url\":\"https:\/\/secure.gravatar.com\/avatar\/6673d8bc6a9c17fa9a453eaa3448de834fa308c2ec9635b7aa99441a7c8d2cf6?s=96&d=mm&r=g\",\"contentUrl\":\"https:\/\/secure.gravatar.com\/avatar\/6673d8bc6a9c17fa9a453eaa3448de834fa308c2ec9635b7aa99441a7c8d2cf6?s=96&d=mm&r=g\",\"caption\":\"la r\u00e9daction\"},\"url\":\"https:\/\/vosgesinfo.fr\/saintdieinfo\/author\/redac\/\"}]}<\/script>\n<!-- \/ Yoast SEO plugin. -->","yoast_head_json":{"title":"Covid-19 \u2013 Ouverture des centres de vaccination de Saint-Di\u00e9-des-Vosges, Raon l'Etape et G\u00e9rardmer - Saint Die Info","robots":{"index":"index","follow":"follow","max-snippet":"max-snippet:-1","max-image-preview":"max-image-preview:large","max-video-preview":"max-video-preview:-1"},"canonical":"https:\/\/vosgesinfo.fr\/saintdieinfo\/2021\/03\/covid-19-ouverture-centres-de-vaccination-de-saint-die-vosges-raon-letape-gerardmer\/","twitter_card":"summary_large_image","twitter_title":"Covid-19 \u2013 Ouverture des centres de vaccination de Saint-Di\u00e9-des-Vosges, Raon l'Etape et G\u00e9rardmer - Saint Die Info","twitter_description":"Les centres de vaccination de Saint-Di\u00e9-des-Vosges (Salle Carbonnar), Raon l\u2019Etape de G\u00e9rardmer (Espace Tilleul), se sont arm\u00e9s pour permettre l\u2019acc\u00e8s [&hellip;]","twitter_image":"https:\/\/vosgesinfo.fr\/app\/uploads\/sites\/4\/2024\/08\/202103raon-letape-centre-de-vaccination-ephemere-05-1.jpg","twitter_creator":"@VosgesInfo88","twitter_site":"@VosgesInfo88","twitter_misc":{"\u00c9crit par":"la r\u00e9daction","Dur\u00e9e de lecture estim\u00e9e":"1 minute"},"schema":{"@context":"https:\/\/schema.org","@graph":[{"@type":"Article","@id":"https:\/\/vosgesinfo.fr\/saintdieinfo\/2021\/03\/covid-19-ouverture-centres-de-vaccination-de-saint-die-vosges-raon-letape-gerardmer\/#article","isPartOf":{"@id":"https:\/\/vosgesinfo.fr\/saintdieinfo\/2021\/03\/covid-19-ouverture-centres-de-vaccination-de-saint-die-vosges-raon-letape-gerardmer\/"},"author":{"name":"la r\u00e9daction","@id":"https:\/\/vosgesinfo.fr\/saintdieinfo\/#\/schema\/person\/faee6704a21f3977511db84bd1cd450f"},"headline":"Covid-19 \u2013 Ouverture des centres de vaccination de Saint-Di\u00e9-des-Vosges, Raon l&rsquo;Etape et G\u00e9rardmer","datePublished":"2021-03-05T11:15:52+00:00","dateModified":"2021-03-05T11:15:52+00:00","mainEntityOfPage":{"@id":"https:\/\/vosgesinfo.fr\/saintdieinfo\/2021\/03\/covid-19-ouverture-centres-de-vaccination-de-saint-die-vosges-raon-letape-gerardmer\/"},"wordCount":225,"commentCount":0,"publisher":{"@id":"https:\/\/vosgesinfo.fr\/saintdieinfo\/#organization"},"image":{"@id":"https:\/\/vosgesinfo.fr\/saintdieinfo\/2021\/03\/covid-19-ouverture-centres-de-vaccination-de-saint-die-vosges-raon-letape-gerardmer\/#primaryimage"},"thumbnailUrl":"https:\/\/vosgesinfo.fr\/app\/uploads\/sites\/4\/2024\/08\/202103raon-letape-centre-de-vaccination-ephemere-05-1.jpg","keywords":["Centres de vaccinations \u00e9ph\u00e9m\u00e8res","Covid-19","G\u00e9rardmer","Raon-l\u2019Etape","Salle Carbonnar"],"articleSection":["A la Une","Saint-Di\u00e9-des-Vosges et son Agglom\u00e9ration","Sant\u00e9","Soci\u00e9t\u00e9"],"inLanguage":"fr-FR","potentialAction":[{"@type":"CommentAction","name":"Comment","target":["https:\/\/vosgesinfo.fr\/saintdieinfo\/2021\/03\/covid-19-ouverture-centres-de-vaccination-de-saint-die-vosges-raon-letape-gerardmer\/#respond"]}]},{"@type":"WebPage","@id":"https:\/\/vosgesinfo.fr\/saintdieinfo\/2021\/03\/covid-19-ouverture-centres-de-vaccination-de-saint-die-vosges-raon-letape-gerardmer\/","url":"https:\/\/vosgesinfo.fr\/saintdieinfo\/2021\/03\/covid-19-ouverture-centres-de-vaccination-de-saint-die-vosges-raon-letape-gerardmer\/","name":"Covid-19 \u2013 Ouverture des centres de vaccination de Saint-Di\u00e9-des-Vosges, Raon l'Etape et G\u00e9rardmer - Saint Die Info","isPartOf":{"@id":"https:\/\/vosgesinfo.fr\/saintdieinfo\/#website"},"primaryImageOfPage":{"@id":"https:\/\/vosgesinfo.fr\/saintdieinfo\/2021\/03\/covid-19-ouverture-centres-de-vaccination-de-saint-die-vosges-raon-letape-gerardmer\/#primaryimage"},"image":{"@id":"https:\/\/vosgesinfo.fr\/saintdieinfo\/2021\/03\/covid-19-ouverture-centres-de-vaccination-de-saint-die-vosges-raon-letape-gerardmer\/#primaryimage"},"thumbnailUrl":"https:\/\/vosgesinfo.fr\/app\/uploads\/sites\/4\/2024\/08\/202103raon-letape-centre-de-vaccination-ephemere-05-1.jpg","datePublished":"2021-03-05T11:15:52+00:00","dateModified":"2021-03-05T11:15:52+00:00","breadcrumb":{"@id":"https:\/\/vosgesinfo.fr\/saintdieinfo\/2021\/03\/covid-19-ouverture-centres-de-vaccination-de-saint-die-vosges-raon-letape-gerardmer\/#breadcrumb"},"inLanguage":"fr-FR","potentialAction":[{"@type":"ReadAction","target":["https:\/\/vosgesinfo.fr\/saintdieinfo\/2021\/03\/covid-19-ouverture-centres-de-vaccination-de-saint-die-vosges-raon-letape-gerardmer\/"]}]},{"@type":"ImageObject","inLanguage":"fr-FR","@id":"https:\/\/vosgesinfo.fr\/saintdieinfo\/2021\/03\/covid-19-ouverture-centres-de-vaccination-de-saint-die-vosges-raon-letape-gerardmer\/#primaryimage","url":"https:\/\/vosgesinfo.fr\/app\/uploads\/sites\/4\/2024\/08\/202103raon-letape-centre-de-vaccination-ephemere-05-1.jpg","contentUrl":"https:\/\/vosgesinfo.fr\/app\/uploads\/sites\/4\/2024\/08\/202103raon-letape-centre-de-vaccination-ephemere-05-1.jpg","width":800,"height":533},{"@type":"BreadcrumbList","@id":"https:\/\/vosgesinfo.fr\/saintdieinfo\/2021\/03\/covid-19-ouverture-centres-de-vaccination-de-saint-die-vosges-raon-letape-gerardmer\/#breadcrumb","itemListElement":[{"@type":"ListItem","position":1,"name":"Home","item":"https:\/\/vosgesinfo.fr\/saintdieinfo\/"},{"@type":"ListItem","position":2,"name":"Covid-19 \u2013 Ouverture des centres de vaccination de Saint-Di\u00e9-des-Vosges, Raon l&rsquo;Etape et G\u00e9rardmer"}]},{"@type":"WebSite","@id":"https:\/\/vosgesinfo.fr\/saintdieinfo\/#website","url":"https:\/\/vosgesinfo.fr\/saintdieinfo\/","name":"Saint Die Info","description":"Toute l&#039;actualit\u00e9 de Saint-Di\u00e9-Des-Vosges","publisher":{"@id":"https:\/\/vosgesinfo.fr\/saintdieinfo\/#organization"},"alternateName":"Toute l'actualit\u00e9 de Saint-Di\u00e9-Des-Vosges","potentialAction":[{"@type":"SearchAction","target":{"@type":"EntryPoint","urlTemplate":"https:\/\/vosgesinfo.fr\/saintdieinfo\/?s={search_term_string}"},"query-input":"required name=search_term_string"}],"inLanguage":"fr-FR"},{"@type":"Organization","@id":"https:\/\/vosgesinfo.fr\/saintdieinfo\/#organization","name":"Saint Die Info","url":"https:\/\/vosgesinfo.fr\/saintdieinfo\/","logo":{"@type":"ImageObject","inLanguage":"fr-FR","@id":"https:\/\/vosgesinfo.fr\/saintdieinfo\/#\/schema\/logo\/image\/","url":"https:\/\/vosgesinfo.fr\/app\/uploads\/sites\/4\/2024\/02\/logo-sdi.jpg","contentUrl":"https:\/\/vosgesinfo.fr\/app\/uploads\/sites\/4\/2024\/02\/logo-sdi.jpg","width":600,"height":600,"caption":"Saint Die Info"},"image":{"@id":"https:\/\/vosgesinfo.fr\/saintdieinfo\/#\/schema\/logo\/image\/"},"sameAs":["https:\/\/www.facebook.com\/Saintdieinfofr","https:\/\/x.com\/VosgesInfo88","https:\/\/www.youtube.com\/@vosgesinfo"]},{"@type":"Person","@id":"https:\/\/vosgesinfo.fr\/saintdieinfo\/#\/schema\/person\/faee6704a21f3977511db84bd1cd450f","name":"la r\u00e9daction","image":{"@type":"ImageObject","inLanguage":"fr-FR","@id":"https:\/\/vosgesinfo.fr\/saintdieinfo\/#\/schema\/person\/image\/","url":"https:\/\/secure.gravatar.com\/avatar\/6673d8bc6a9c17fa9a453eaa3448de834fa308c2ec9635b7aa99441a7c8d2cf6?s=96&d=mm&r=g","contentUrl":"https:\/\/secure.gravatar.com\/avatar\/6673d8bc6a9c17fa9a453eaa3448de834fa308c2ec9635b7aa99441a7c8d2cf6?s=96&d=mm&r=g","caption":"la r\u00e9daction"},"url":"https:\/\/vosgesinfo.fr\/saintdieinfo\/author\/redac\/"}]}},"_links":{"self":[{"href":"https:\/\/vosgesinfo.fr\/saintdieinfo\/wp-json\/wp\/v2\/posts\/39725","targetHints":{"allow":["GET"]}}],"collection":[{"href":"https:\/\/vosgesinfo.fr\/saintdieinfo\/wp-json\/wp\/v2\/posts"}],"about":[{"href":"https:\/\/vosgesinfo.fr\/saintdieinfo\/wp-json\/wp\/v2\/types\/post"}],"author":[{"embeddable":true,"href":"https:\/\/vosgesinfo.fr\/saintdieinfo\/wp-json\/wp\/v2\/users\/44"}],"replies":[{"embeddable":true,"href":"https:\/\/vosgesinfo.fr\/saintdieinfo\/wp-json\/wp\/v2\/comments?post=39725"}],"version-history":[{"count":0,"href":"https:\/\/vosgesinfo.fr\/saintdieinfo\/wp-json\/wp\/v2\/posts\/39725\/revisions"}],"wp:featuredmedia":[{"embeddable":true,"href":"https:\/\/vosgesinfo.fr\/saintdieinfo\/wp-json\/wp\/v2\/media\/39726"}],"wp:attachment":[{"href":"https:\/\/vosgesinfo.fr\/saintdieinfo\/wp-json\/wp\/v2\/media?parent=39725"}],"wp:term":[{"taxonomy":"category","embeddable":true,"href":"https:\/\/vosgesinfo.fr\/saintdieinfo\/wp-json\/wp\/v2\/categories?post=39725"},{"taxonomy":"post_tag","embeddable":true,"href":"https:\/\/vosgesinfo.fr\/saintdieinfo\/wp-json\/wp\/v2\/tags?post=39725"}],"curies":[{"name":"wp","href":"https:\/\/api.w.org\/{rel}","templated":true}]}}