{"id":39742,"date":"2021-03-08T08:45:53","date_gmt":"2021-03-08T07:45:53","guid":{"rendered":"https:\/\/vosgesinfo.fr\/saintdieinfo\/2021\/03\/8-mars-journee-internationale-droits-femmes\/"},"modified":"2021-03-08T08:45:53","modified_gmt":"2021-03-08T07:45:53","slug":"8-mars-journee-internationale-droits-femmes","status":"publish","type":"post","link":"https:\/\/vosgesinfo.fr\/saintdieinfo\/2021\/03\/8-mars-journee-internationale-droits-femmes\/","title":{"rendered":"8 mars \u2013 journ\u00e9e internationale des droits des femmes"},"content":{"rendered":"<p><strong>Source ONU Femmes<\/strong><\/p>\n<p>Les femmes du monde entier revendiquent et m\u00e9ritent un avenir \u00e9galitaire libre de pr\u00e9jug\u00e9s, de st\u00e9r\u00e9otypes et de violence\u00a0; un avenir durable et pacifique avec les m\u00eames droits et des chances \u00e9gales pour toutes et tous. Pour y parvenir, le monde requiert la pr\u00e9sence des femmes dans toutes les prises de d\u00e9cisions.<\/p>\n<p>Cette ann\u00e9e, le th\u00e8me de la Journ\u00e9e internationale des femmes (le 8 mars), \u00ab\u2009Leadership f\u00e9minin\u00a0: Pour un futur \u00e9galitaire dans le monde de la Covid-19\u00a0\u00bb, c\u00e9l\u00e8bre les efforts consid\u00e9rables d\u00e9ploy\u00e9s par les femmes et les filles partout dans le monde pour fa\u00e7onner un futur et une relance plus \u00e9galitaires suite \u00e0 la pand\u00e9mie de Covid-19 et met en lumi\u00e8re les lacunes \u00e0 combler.<\/p>\n<div>\n<p>Lire la suite de l\u2019article ici : <a href=\"https:\/\/www.unwomen.org\/fr\/news\/in-focus\/international-womens-day?gclid=CjwKCAiAkJKCBhAyEiwAKQBCkvW7lIdrVx98G-9mZkA44XHSEXER_qyTjehCijuyD_2ZqUaaOsBNGRoC6u4QAvD_BwE\">https:\/\/www.unwomen.org\/fr\/news\/in-focus\/international-womens-day?gclid=CjwKCAiAkJKCBhAyEiwAKQBCkvW7lIdrVx98G-9mZkA44XHSEXER_qyTjehCijuyD_2ZqUaaOsBNGRoC6u4QAvD_BwE<\/a><\/p>\n<p><video controls=\"controls\" width=\"300\" height=\"150\"><source src=\"Source ONU Femmes  Les femmes du monde entier revendiquent et m\u00e9ritent un avenir \u00e9galitaire libre de pr\u00e9jug\u00e9s, de st\u00e9r\u00e9otypes et de violence ; un avenir durable et pacifique avec les m\u00eames droits et des chances \u00e9gales pour toutes et tous. Pour y parvenir, le monde requiert la pr\u00e9sence des femmes dans toutes les prises de d\u00e9cisions.  Cette ann\u00e9e, le th\u00e8me de la Journ\u00e9e internationale des femmes (le 8 mars), \u00ab\u2009Leadership f\u00e9minin : Pour un futur \u00e9galitaire dans le monde de la Covid-19 \u00bb, c\u00e9l\u00e8bre les efforts consid\u00e9rables d\u00e9ploy\u00e9s par les femmes et les filles partout dans le monde pour fa\u00e7onner un futur et une relance plus \u00e9galitaires suite \u00e0 la pand\u00e9mie de Covid-19 et met en lumi\u00e8re les lacunes \u00e0 combler.  Lire la suite de l\u2019article ici : https:\/\/www.unwomen.org\/fr\/news\/in-focus\/international-womens-day?gclid=CjwKCAiAkJKCBhAyEiwAKQBCkvW7lIdrVx98G-9mZkA44XHSEXER_qyTjehCijuyD_2ZqUaaOsBNGRoC6u4QAvD_BwE\" \/><\/video><\/p>\n<\/div>\n","protected":false},"excerpt":{"rendered":"<p>Source ONU Femmes Les femmes du monde entier revendiquent et m\u00e9ritent un avenir \u00e9galitaire libre de pr\u00e9jug\u00e9s, de st\u00e9r\u00e9otypes et [&hellip;]<\/p>\n","protected":false},"author":39,"featured_media":39743,"comment_status":"open","ping_status":"open","sticky":false,"template":"","format":"standard","meta":{"footnotes":""},"categories":[460,13,18],"tags":[7957],"class_list":["post-39742","post","type-post","status-publish","format-standard","has-post-thumbnail","hentry","category-a-la-une","category-societe","category-vosges","tag-journee-des-droits-de-la-femme"],"acf":[],"yoast_head":"<!-- This site is optimized with the Yoast SEO plugin v22.5 - https:\/\/yoast.com\/wordpress\/plugins\/seo\/ -->\n<title>8 mars \u2013 journ\u00e9e internationale des droits des femmes - Saint Die Info<\/title>\n<meta name=\"robots\" content=\"index, follow, max-snippet:-1, max-image-preview:large, max-video-preview:-1\" \/>\n<link rel=\"canonical\" href=\"https:\/\/vosgesinfo.fr\/saintdieinfo\/2021\/03\/8-mars-journee-internationale-droits-femmes\/\" \/>\n<meta name=\"twitter:card\" content=\"summary_large_image\" \/>\n<meta name=\"twitter:title\" content=\"8 mars \u2013 journ\u00e9e internationale des droits des femmes - Saint Die Info\" \/>\n<meta name=\"twitter:description\" content=\"Source ONU Femmes Les femmes du monde entier revendiquent et m\u00e9ritent un avenir \u00e9galitaire libre de pr\u00e9jug\u00e9s, de st\u00e9r\u00e9otypes et [&hellip;]\" \/>\n<meta name=\"twitter:image\" content=\"https:\/\/vosgesinfo.fr\/app\/uploads\/sites\/4\/2024\/08\/202103screenshot-2021-03-08-journee-internationale-des-femmes-2021.png\" \/>\n<meta name=\"twitter:creator\" content=\"@VosgesInfo88\" \/>\n<meta name=\"twitter:site\" content=\"@VosgesInfo88\" \/>\n<meta name=\"twitter:label1\" content=\"\u00c9crit par\" \/>\n\t<meta name=\"twitter:data1\" content=\"Phj\" \/>\n\t<meta name=\"twitter:label2\" content=\"Dur\u00e9e de lecture estim\u00e9e\" \/>\n\t<meta name=\"twitter:data2\" content=\"1 minute\" \/>\n<script type=\"application\/ld+json\" class=\"yoast-schema-graph\">{\"@context\":\"https:\/\/schema.org\",\"@graph\":[{\"@type\":\"Article\",\"@id\":\"https:\/\/vosgesinfo.fr\/saintdieinfo\/2021\/03\/8-mars-journee-internationale-droits-femmes\/#article\",\"isPartOf\":{\"@id\":\"https:\/\/vosgesinfo.fr\/saintdieinfo\/2021\/03\/8-mars-journee-internationale-droits-femmes\/\"},\"author\":{\"name\":\"Phj\",\"@id\":\"https:\/\/vosgesinfo.fr\/saintdieinfo\/#\/schema\/person\/4f57dc393faf2ac8b9f1cab30ad79250\"},\"headline\":\"8 mars \u2013 journ\u00e9e internationale des droits des femmes\",\"datePublished\":\"2021-03-08T07:45:53+00:00\",\"dateModified\":\"2021-03-08T07:45:53+00:00\",\"mainEntityOfPage\":{\"@id\":\"https:\/\/vosgesinfo.fr\/saintdieinfo\/2021\/03\/8-mars-journee-internationale-droits-femmes\/\"},\"wordCount\":169,\"commentCount\":0,\"publisher\":{\"@id\":\"https:\/\/vosgesinfo.fr\/saintdieinfo\/#organization\"},\"image\":{\"@id\":\"https:\/\/vosgesinfo.fr\/saintdieinfo\/2021\/03\/8-mars-journee-internationale-droits-femmes\/#primaryimage\"},\"thumbnailUrl\":\"https:\/\/vosgesinfo.fr\/app\/uploads\/sites\/4\/2024\/08\/202103screenshot-2021-03-08-journee-internationale-des-femmes-2021.png\",\"keywords\":[\"journ\u00e9e des droits de la femme\"],\"articleSection\":[\"A la Une\",\"Soci\u00e9t\u00e9\",\"Vosges\"],\"inLanguage\":\"fr-FR\",\"potentialAction\":[{\"@type\":\"CommentAction\",\"name\":\"Comment\",\"target\":[\"https:\/\/vosgesinfo.fr\/saintdieinfo\/2021\/03\/8-mars-journee-internationale-droits-femmes\/#respond\"]}]},{\"@type\":\"WebPage\",\"@id\":\"https:\/\/vosgesinfo.fr\/saintdieinfo\/2021\/03\/8-mars-journee-internationale-droits-femmes\/\",\"url\":\"https:\/\/vosgesinfo.fr\/saintdieinfo\/2021\/03\/8-mars-journee-internationale-droits-femmes\/\",\"name\":\"8 mars \u2013 journ\u00e9e internationale des droits des femmes - Saint Die Info\",\"isPartOf\":{\"@id\":\"https:\/\/vosgesinfo.fr\/saintdieinfo\/#website\"},\"primaryImageOfPage\":{\"@id\":\"https:\/\/vosgesinfo.fr\/saintdieinfo\/2021\/03\/8-mars-journee-internationale-droits-femmes\/#primaryimage\"},\"image\":{\"@id\":\"https:\/\/vosgesinfo.fr\/saintdieinfo\/2021\/03\/8-mars-journee-internationale-droits-femmes\/#primaryimage\"},\"thumbnailUrl\":\"https:\/\/vosgesinfo.fr\/app\/uploads\/sites\/4\/2024\/08\/202103screenshot-2021-03-08-journee-internationale-des-femmes-2021.png\",\"datePublished\":\"2021-03-08T07:45:53+00:00\",\"dateModified\":\"2021-03-08T07:45:53+00:00\",\"breadcrumb\":{\"@id\":\"https:\/\/vosgesinfo.fr\/saintdieinfo\/2021\/03\/8-mars-journee-internationale-droits-femmes\/#breadcrumb\"},\"inLanguage\":\"fr-FR\",\"potentialAction\":[{\"@type\":\"ReadAction\",\"target\":[\"https:\/\/vosgesinfo.fr\/saintdieinfo\/2021\/03\/8-mars-journee-internationale-droits-femmes\/\"]}]},{\"@type\":\"ImageObject\",\"inLanguage\":\"fr-FR\",\"@id\":\"https:\/\/vosgesinfo.fr\/saintdieinfo\/2021\/03\/8-mars-journee-internationale-droits-femmes\/#primaryimage\",\"url\":\"https:\/\/vosgesinfo.fr\/app\/uploads\/sites\/4\/2024\/08\/202103screenshot-2021-03-08-journee-internationale-des-femmes-2021.png\",\"contentUrl\":\"https:\/\/vosgesinfo.fr\/app\/uploads\/sites\/4\/2024\/08\/202103screenshot-2021-03-08-journee-internationale-des-femmes-2021.png\",\"width\":800,\"height\":450},{\"@type\":\"BreadcrumbList\",\"@id\":\"https:\/\/vosgesinfo.fr\/saintdieinfo\/2021\/03\/8-mars-journee-internationale-droits-femmes\/#breadcrumb\",\"itemListElement\":[{\"@type\":\"ListItem\",\"position\":1,\"name\":\"Home\",\"item\":\"https:\/\/vosgesinfo.fr\/saintdieinfo\/\"},{\"@type\":\"ListItem\",\"position\":2,\"name\":\"8 mars \u2013 journ\u00e9e internationale des droits des femmes\"}]},{\"@type\":\"WebSite\",\"@id\":\"https:\/\/vosgesinfo.fr\/saintdieinfo\/#website\",\"url\":\"https:\/\/vosgesinfo.fr\/saintdieinfo\/\",\"name\":\"Saint Die Info\",\"description\":\"Toute l&#039;actualit\u00e9 de Saint-Di\u00e9-Des-Vosges\",\"publisher\":{\"@id\":\"https:\/\/vosgesinfo.fr\/saintdieinfo\/#organization\"},\"alternateName\":\"Toute l'actualit\u00e9 de Saint-Di\u00e9-Des-Vosges\",\"potentialAction\":[{\"@type\":\"SearchAction\",\"target\":{\"@type\":\"EntryPoint\",\"urlTemplate\":\"https:\/\/vosgesinfo.fr\/saintdieinfo\/?s={search_term_string}\"},\"query-input\":\"required name=search_term_string\"}],\"inLanguage\":\"fr-FR\"},{\"@type\":\"Organization\",\"@id\":\"https:\/\/vosgesinfo.fr\/saintdieinfo\/#organization\",\"name\":\"Saint Die Info\",\"url\":\"https:\/\/vosgesinfo.fr\/saintdieinfo\/\",\"logo\":{\"@type\":\"ImageObject\",\"inLanguage\":\"fr-FR\",\"@id\":\"https:\/\/vosgesinfo.fr\/saintdieinfo\/#\/schema\/logo\/image\/\",\"url\":\"https:\/\/vosgesinfo.fr\/app\/uploads\/sites\/4\/2024\/02\/logo-sdi.jpg\",\"contentUrl\":\"https:\/\/vosgesinfo.fr\/app\/uploads\/sites\/4\/2024\/02\/logo-sdi.jpg\",\"width\":600,\"height\":600,\"caption\":\"Saint Die Info\"},\"image\":{\"@id\":\"https:\/\/vosgesinfo.fr\/saintdieinfo\/#\/schema\/logo\/image\/\"},\"sameAs\":[\"https:\/\/www.facebook.com\/Saintdieinfofr\",\"https:\/\/x.com\/VosgesInfo88\",\"https:\/\/www.youtube.com\/@vosgesinfo\"]},{\"@type\":\"Person\",\"@id\":\"https:\/\/vosgesinfo.fr\/saintdieinfo\/#\/schema\/person\/4f57dc393faf2ac8b9f1cab30ad79250\",\"name\":\"Phj\",\"image\":{\"@type\":\"ImageObject\",\"inLanguage\":\"fr-FR\",\"@id\":\"https:\/\/vosgesinfo.fr\/saintdieinfo\/#\/schema\/person\/image\/\",\"url\":\"https:\/\/secure.gravatar.com\/avatar\/ada60265080fb9a89c9809bf0abb1f448a128cb85db1c08905baa5038fbe3cfe?s=96&d=mm&r=g\",\"contentUrl\":\"https:\/\/secure.gravatar.com\/avatar\/ada60265080fb9a89c9809bf0abb1f448a128cb85db1c08905baa5038fbe3cfe?s=96&d=mm&r=g\",\"caption\":\"Phj\"},\"url\":\"https:\/\/vosgesinfo.fr\/saintdieinfo\/author\/phj\/\"}]}<\/script>\n<!-- \/ Yoast SEO plugin. -->","yoast_head_json":{"title":"8 mars \u2013 journ\u00e9e internationale des droits des femmes - Saint Die Info","robots":{"index":"index","follow":"follow","max-snippet":"max-snippet:-1","max-image-preview":"max-image-preview:large","max-video-preview":"max-video-preview:-1"},"canonical":"https:\/\/vosgesinfo.fr\/saintdieinfo\/2021\/03\/8-mars-journee-internationale-droits-femmes\/","twitter_card":"summary_large_image","twitter_title":"8 mars \u2013 journ\u00e9e internationale des droits des femmes - Saint Die Info","twitter_description":"Source ONU Femmes Les femmes du monde entier revendiquent et m\u00e9ritent un avenir \u00e9galitaire libre de pr\u00e9jug\u00e9s, de st\u00e9r\u00e9otypes et [&hellip;]","twitter_image":"https:\/\/vosgesinfo.fr\/app\/uploads\/sites\/4\/2024\/08\/202103screenshot-2021-03-08-journee-internationale-des-femmes-2021.png","twitter_creator":"@VosgesInfo88","twitter_site":"@VosgesInfo88","twitter_misc":{"\u00c9crit par":"Phj","Dur\u00e9e de lecture estim\u00e9e":"1 minute"},"schema":{"@context":"https:\/\/schema.org","@graph":[{"@type":"Article","@id":"https:\/\/vosgesinfo.fr\/saintdieinfo\/2021\/03\/8-mars-journee-internationale-droits-femmes\/#article","isPartOf":{"@id":"https:\/\/vosgesinfo.fr\/saintdieinfo\/2021\/03\/8-mars-journee-internationale-droits-femmes\/"},"author":{"name":"Phj","@id":"https:\/\/vosgesinfo.fr\/saintdieinfo\/#\/schema\/person\/4f57dc393faf2ac8b9f1cab30ad79250"},"headline":"8 mars \u2013 journ\u00e9e internationale des droits des femmes","datePublished":"2021-03-08T07:45:53+00:00","dateModified":"2021-03-08T07:45:53+00:00","mainEntityOfPage":{"@id":"https:\/\/vosgesinfo.fr\/saintdieinfo\/2021\/03\/8-mars-journee-internationale-droits-femmes\/"},"wordCount":169,"commentCount":0,"publisher":{"@id":"https:\/\/vosgesinfo.fr\/saintdieinfo\/#organization"},"image":{"@id":"https:\/\/vosgesinfo.fr\/saintdieinfo\/2021\/03\/8-mars-journee-internationale-droits-femmes\/#primaryimage"},"thumbnailUrl":"https:\/\/vosgesinfo.fr\/app\/uploads\/sites\/4\/2024\/08\/202103screenshot-2021-03-08-journee-internationale-des-femmes-2021.png","keywords":["journ\u00e9e des droits de la femme"],"articleSection":["A la Une","Soci\u00e9t\u00e9","Vosges"],"inLanguage":"fr-FR","potentialAction":[{"@type":"CommentAction","name":"Comment","target":["https:\/\/vosgesinfo.fr\/saintdieinfo\/2021\/03\/8-mars-journee-internationale-droits-femmes\/#respond"]}]},{"@type":"WebPage","@id":"https:\/\/vosgesinfo.fr\/saintdieinfo\/2021\/03\/8-mars-journee-internationale-droits-femmes\/","url":"https:\/\/vosgesinfo.fr\/saintdieinfo\/2021\/03\/8-mars-journee-internationale-droits-femmes\/","name":"8 mars \u2013 journ\u00e9e internationale des droits des femmes - Saint Die Info","isPartOf":{"@id":"https:\/\/vosgesinfo.fr\/saintdieinfo\/#website"},"primaryImageOfPage":{"@id":"https:\/\/vosgesinfo.fr\/saintdieinfo\/2021\/03\/8-mars-journee-internationale-droits-femmes\/#primaryimage"},"image":{"@id":"https:\/\/vosgesinfo.fr\/saintdieinfo\/2021\/03\/8-mars-journee-internationale-droits-femmes\/#primaryimage"},"thumbnailUrl":"https:\/\/vosgesinfo.fr\/app\/uploads\/sites\/4\/2024\/08\/202103screenshot-2021-03-08-journee-internationale-des-femmes-2021.png","datePublished":"2021-03-08T07:45:53+00:00","dateModified":"2021-03-08T07:45:53+00:00","breadcrumb":{"@id":"https:\/\/vosgesinfo.fr\/saintdieinfo\/2021\/03\/8-mars-journee-internationale-droits-femmes\/#breadcrumb"},"inLanguage":"fr-FR","potentialAction":[{"@type":"ReadAction","target":["https:\/\/vosgesinfo.fr\/saintdieinfo\/2021\/03\/8-mars-journee-internationale-droits-femmes\/"]}]},{"@type":"ImageObject","inLanguage":"fr-FR","@id":"https:\/\/vosgesinfo.fr\/saintdieinfo\/2021\/03\/8-mars-journee-internationale-droits-femmes\/#primaryimage","url":"https:\/\/vosgesinfo.fr\/app\/uploads\/sites\/4\/2024\/08\/202103screenshot-2021-03-08-journee-internationale-des-femmes-2021.png","contentUrl":"https:\/\/vosgesinfo.fr\/app\/uploads\/sites\/4\/2024\/08\/202103screenshot-2021-03-08-journee-internationale-des-femmes-2021.png","width":800,"height":450},{"@type":"BreadcrumbList","@id":"https:\/\/vosgesinfo.fr\/saintdieinfo\/2021\/03\/8-mars-journee-internationale-droits-femmes\/#breadcrumb","itemListElement":[{"@type":"ListItem","position":1,"name":"Home","item":"https:\/\/vosgesinfo.fr\/saintdieinfo\/"},{"@type":"ListItem","position":2,"name":"8 mars \u2013 journ\u00e9e internationale des droits des femmes"}]},{"@type":"WebSite","@id":"https:\/\/vosgesinfo.fr\/saintdieinfo\/#website","url":"https:\/\/vosgesinfo.fr\/saintdieinfo\/","name":"Saint Die Info","description":"Toute l&#039;actualit\u00e9 de Saint-Di\u00e9-Des-Vosges","publisher":{"@id":"https:\/\/vosgesinfo.fr\/saintdieinfo\/#organization"},"alternateName":"Toute l'actualit\u00e9 de Saint-Di\u00e9-Des-Vosges","potentialAction":[{"@type":"SearchAction","target":{"@type":"EntryPoint","urlTemplate":"https:\/\/vosgesinfo.fr\/saintdieinfo\/?s={search_term_string}"},"query-input":"required name=search_term_string"}],"inLanguage":"fr-FR"},{"@type":"Organization","@id":"https:\/\/vosgesinfo.fr\/saintdieinfo\/#organization","name":"Saint Die Info","url":"https:\/\/vosgesinfo.fr\/saintdieinfo\/","logo":{"@type":"ImageObject","inLanguage":"fr-FR","@id":"https:\/\/vosgesinfo.fr\/saintdieinfo\/#\/schema\/logo\/image\/","url":"https:\/\/vosgesinfo.fr\/app\/uploads\/sites\/4\/2024\/02\/logo-sdi.jpg","contentUrl":"https:\/\/vosgesinfo.fr\/app\/uploads\/sites\/4\/2024\/02\/logo-sdi.jpg","width":600,"height":600,"caption":"Saint Die Info"},"image":{"@id":"https:\/\/vosgesinfo.fr\/saintdieinfo\/#\/schema\/logo\/image\/"},"sameAs":["https:\/\/www.facebook.com\/Saintdieinfofr","https:\/\/x.com\/VosgesInfo88","https:\/\/www.youtube.com\/@vosgesinfo"]},{"@type":"Person","@id":"https:\/\/vosgesinfo.fr\/saintdieinfo\/#\/schema\/person\/4f57dc393faf2ac8b9f1cab30ad79250","name":"Phj","image":{"@type":"ImageObject","inLanguage":"fr-FR","@id":"https:\/\/vosgesinfo.fr\/saintdieinfo\/#\/schema\/person\/image\/","url":"https:\/\/secure.gravatar.com\/avatar\/ada60265080fb9a89c9809bf0abb1f448a128cb85db1c08905baa5038fbe3cfe?s=96&d=mm&r=g","contentUrl":"https:\/\/secure.gravatar.com\/avatar\/ada60265080fb9a89c9809bf0abb1f448a128cb85db1c08905baa5038fbe3cfe?s=96&d=mm&r=g","caption":"Phj"},"url":"https:\/\/vosgesinfo.fr\/saintdieinfo\/author\/phj\/"}]}},"_links":{"self":[{"href":"https:\/\/vosgesinfo.fr\/saintdieinfo\/wp-json\/wp\/v2\/posts\/39742","targetHints":{"allow":["GET"]}}],"collection":[{"href":"https:\/\/vosgesinfo.fr\/saintdieinfo\/wp-json\/wp\/v2\/posts"}],"about":[{"href":"https:\/\/vosgesinfo.fr\/saintdieinfo\/wp-json\/wp\/v2\/types\/post"}],"author":[{"embeddable":true,"href":"https:\/\/vosgesinfo.fr\/saintdieinfo\/wp-json\/wp\/v2\/users\/39"}],"replies":[{"embeddable":true,"href":"https:\/\/vosgesinfo.fr\/saintdieinfo\/wp-json\/wp\/v2\/comments?post=39742"}],"version-history":[{"count":0,"href":"https:\/\/vosgesinfo.fr\/saintdieinfo\/wp-json\/wp\/v2\/posts\/39742\/revisions"}],"wp:featuredmedia":[{"embeddable":true,"href":"https:\/\/vosgesinfo.fr\/saintdieinfo\/wp-json\/wp\/v2\/media\/39743"}],"wp:attachment":[{"href":"https:\/\/vosgesinfo.fr\/saintdieinfo\/wp-json\/wp\/v2\/media?parent=39742"}],"wp:term":[{"taxonomy":"category","embeddable":true,"href":"https:\/\/vosgesinfo.fr\/saintdieinfo\/wp-json\/wp\/v2\/categories?post=39742"},{"taxonomy":"post_tag","embeddable":true,"href":"https:\/\/vosgesinfo.fr\/saintdieinfo\/wp-json\/wp\/v2\/tags?post=39742"}],"curies":[{"name":"wp","href":"https:\/\/api.w.org\/{rel}","templated":true}]}}