{"id":39756,"date":"2021-03-09T09:35:33","date_gmt":"2021-03-09T08:35:33","guid":{"rendered":"https:\/\/vosgesinfo.fr\/saintdieinfo\/2021\/03\/metiers-mixtes-exposition-exterieur-a-decouvrir-jusquau-8-avril\/"},"modified":"2021-03-09T09:35:33","modified_gmt":"2021-03-09T08:35:33","slug":"metiers-mixtes-exposition-exterieur-a-decouvrir-jusquau-8-avril","status":"publish","type":"post","link":"https:\/\/vosgesinfo.fr\/saintdieinfo\/2021\/03\/metiers-mixtes-exposition-exterieur-a-decouvrir-jusquau-8-avril\/","title":{"rendered":"\u00ab\u00a0Tous les m\u00e9tiers sont mixtes\u00a0\u00bb, une exposition en ext\u00e9rieur \u00e0 d\u00e9couvrir jusqu&rsquo;au 8 avril"},"content":{"rendered":"<div class=\"gmail_default\">\n<div id=\"attachment_166805\" style=\"width: 810px\" class=\"wp-caption aligncenter\"><a href=\"\/2021\/03\/Exposition_Tous_les_M\u00e9tiers_sont_Mixtes-3.jpg\" target=\"_blank\" rel=\"noopener\"><img decoding=\"async\" aria-describedby=\"caption-attachment-166805\" class=\"wp-image-166805 size-full\" src=\"\/2021\/03\/Exposition_Tous_les_M\u00e9tiers_sont_Mixtes-3.jpg\" alt=\"Exposition_Tous_les_M\u00e9tiers_sont_Mixtes (3)\" width=\"800\" height=\"534\" \/><\/a><p id=\"caption-attachment-166805\" class=\"wp-caption-text\">(Photographies Marc Fourniquet)<\/p><\/div>\n<\/div>\n<h2 class=\"gmail_default\"><span style=\"font-size: 14pt;\"><strong>A l&rsquo;occasion de la journ\u00e9e internationale des droits de la femme, une exposition intitul\u00e9e \u00ab\u00a0Tous les m\u00e9tiers sont mixtes\u00a0\u00bb s&rsquo;est install\u00e9e sur les berges de la Meurthe, au niveau du skate-park et du Jardin Simone-Veil. Cette exposition se compose de 22 photographies du photographe Lucien Faure, sur une cr\u00e9ation graphique de Sandrine Lismonde et une conception des textes de l&rsquo;association \u00ab\u00a0Femmes ici et ailleurs\u00a0\u00bb. Le vernissage avait lieu ce 8 mars en pr\u00e9sence du premier adjoint Bruno Toussaint, de Fran\u00e7oise Legrand, conseill\u00e8re municipale d\u00e9l\u00e9gu\u00e9e \u00e0 l&rsquo;Egalit\u00e9 homme-femme, et de la conseill\u00e8re municipale Claude Kiener.<\/strong><\/span><\/h2>\n<p><!--more--><\/p>\n<div class=\"gmail_default\">Apr\u00e8s un bref discours d&rsquo;introduction, le premier adjoint a rappel\u00e9 son pass\u00e9 militaire. \u00ab\u00a0J&rsquo;ai v\u00e9cu la f\u00e9minisation de l&rsquo;arm\u00e9e dans les ann\u00e9es 80, qui \u00e9tait auparavant un milieu macho.\u00a0\u00bb Avant de passer la parole \u00e0 Fran\u00e7oise Legrand qui \u00e0 lu le discours suivant :<\/div>\n<div class=\"gmail_default\"><\/div>\n<div class=\"gmail_default\"><em>\u00ab\u00a0Les Nations Unies ont officialis\u00e9 la journ\u00e9e du 8 Mars en 1977, et ce n\u2019est qu\u2019en 1982 que la France a reconnu le 8 Mars comme journ\u00e9e internationale des droits des femmes.<\/em><br \/>\n<em>Le 8 Mars est une journ\u00e9e de rassemblements \u00e0 travers le Monde et l\u2019occasion de faire un bilan sur la situation des femmes. Le code de l\u2019\u00e9ducation rappelle que la transmission de la valeur d\u2019\u00e9galit\u00e9 entre filles et les gar\u00e7ons, les femmes et les hommes, se fait d\u00e8s l\u2019\u00e9cole primaire ; Cette journ\u00e9e de manifestation \u00e0 travers le monde est l\u2019occasion de faire un bilan sur la situation des femmes, les droits obtenus et le chemin restant \u00e0 parcourir.<\/em><\/div>\n<div class=\"gmail_default\"><\/div>\n<div class=\"gmail_default\"><em>Il est important de se rappeler que rien n\u2019est acquis en la mati\u00e8re et que l\u2019\u00e9galit\u00e9 entre les hommes et les femmes ne va pas de soi. Il s\u2019agit d\u2019un combat de tous les instants, une d\u00e9marche \u00e0 mener en continu, dans les sph\u00e8res priv\u00e9es et publiques et ce d\u00e8s le plus jeune \u00e2ge.<\/em><br \/>\n<em>Depuis des ann\u00e9es, la Ville de Saint-Di\u00e9-des-Vosges apporte sa pierre \u00e0 l\u2019\u00e9difice des droits des femmes en associant divers acteurs, associations lors de rencontres, tables rondes.<\/em><\/div>\n<div class=\"gmail_default\"><\/div>\n<div class=\"gmail_default\"><em>Il n\u2019y a pas que la journ\u00e9e du 8 Mars : tout au long de l\u2019ann\u00e9e des actions sont men\u00e9es au sein de la municipalit\u00e9, de nos 2 centres sociaux et avec diff\u00e9rentes associations. Au niveau de la collectivit\u00e9 nous avons \u00e9galement un groupe de r\u00e9flexions et d\u2019\u00e9changes compos\u00e9s d\u2019hommes et de femmes de la collectivit\u00e9 et d\u2019\u00e9lus , abordant aussi bien les conditions de travail des hommes et femmes, des recrutements, des formations , des apprentis etc.<\/em><\/div>\n<div class=\"gmail_default\"><\/div>\n<div class=\"gmail_default\"><em>En ce lundi 8 mars, la Journ\u00e9e Internationale des Droits des Femmes s\u2019installe le long de la Meurthe, sous la forme d\u2019une exposition photographique. \u00ab Tous les m\u00e9tiers sont mixtes \u00bb. Elle pr\u00e9sente 22 portraits de femmes exer\u00e7ant des m\u00e9tiers dits masculins et d\u2019hommes dans des m\u00e9tiers dits f\u00e9minins. Ma\u00efeuticien (Homme qui exerce la profession de sage-femme.), soudeuse, assistant maternel, chirurgienne\u2026 voil\u00e0 des m\u00e9tiers que l\u2019on a peu l\u2019habitude d\u2019utiliser sous ce genre ! Pourquoi ? Parce que seulement 12 familles professionnelles sur 87 sont consid\u00e9r\u00e9es comme mixtes. Les autres sont \u00e0 dominante masculine (comme le b\u00e2timent ou le transport) ou \u00e0 dominante f\u00e9minine (comme la garde d\u2019enfant ou le soin aux personnes \u00e2g\u00e9es), parfois de fa\u00e7on caricaturale.<\/em><\/div>\n<div class=\"gmail_default\"><\/div>\n<div class=\"gmail_default\"><em>Cette situation progresse peu, trop peu. Il est urgent d\u2019agir ! Montrer des femmes et des hommes \u00e9panoui(e)s dans leur profession, en soulignant que le nom des m\u00e9tiers peut s\u2019accorder au masculin comme au f\u00e9minin, contribue \u00e0 lutter contre les st\u00e9r\u00e9otypes et \u00e0 promouvoir la libert\u00e9 de choix des m\u00e9tiers. (&#8230;)<\/em><br \/>\n<em>Si la crise sanitaire a fait plus de victimes chez les hommes que chez les femmes, la crise \u00e9conomique risque de peser lourdement sur l\u2019emploi des femmes aggravant leur pr\u00e9carit\u00e9 et le renforcement des in\u00e9galit\u00e9s entre les femmes et les hommes au travail.\u00a0 Nous devons y \u00eatre plus que jamais tr\u00e8s attentif.\u00a0\u00bb<\/em><\/div>\n<div class=\"gmail_default\"><\/div>\n<div class=\"gmail_default\">Ce vernissage s&rsquo;est conclu par le t\u00e9moignage de S\u00e9bastien, qui exerce le m\u00e9tier d&rsquo;assistant maternel \u00e0 l&rsquo;Espace Fran\u00e7oise Dolto, un m\u00e9tier dit \u00ab\u00a0f\u00e9minin\u00a0\u00bb. Cette exposition est visible jusqu&rsquo;au 8 avril 2021.<\/div>\n<div class=\"gmail_default\">\n\n<\/div>\n","protected":false},"excerpt":{"rendered":"<p>A l&rsquo;occasion de la journ\u00e9e internationale des droits de la femme, une exposition intitul\u00e9e \u00ab\u00a0Tous les m\u00e9tiers sont mixtes\u00a0\u00bb s&rsquo;est [&hellip;]<\/p>\n","protected":false},"author":44,"featured_media":39757,"comment_status":"open","ping_status":"open","sticky":false,"template":"","format":"standard","meta":{"footnotes":""},"categories":[460,2915,13],"tags":[200,990,7965],"class_list":["post-39756","post","type-post","status-publish","format-standard","has-post-thumbnail","hentry","category-a-la-une","category-saint-die-son-canton","category-societe","tag-exposition","tag-journee-internationale-des-droits-des-femmes","tag-tous-les-metiers-sont-mixtes"],"acf":[],"yoast_head":"<!-- This site is optimized with the Yoast SEO plugin v22.5 - https:\/\/yoast.com\/wordpress\/plugins\/seo\/ -->\n<title>&quot;Tous les m\u00e9tiers sont mixtes&quot;, une exposition en ext\u00e9rieur \u00e0 d\u00e9couvrir jusqu&#039;au 8 avril - Saint Die Info<\/title>\n<meta name=\"robots\" content=\"index, follow, max-snippet:-1, max-image-preview:large, max-video-preview:-1\" \/>\n<link rel=\"canonical\" href=\"https:\/\/vosgesinfo.fr\/saintdieinfo\/2021\/03\/metiers-mixtes-exposition-exterieur-a-decouvrir-jusquau-8-avril\/\" \/>\n<meta name=\"twitter:card\" content=\"summary_large_image\" \/>\n<meta name=\"twitter:title\" content=\"&quot;Tous les m\u00e9tiers sont mixtes&quot;, une exposition en ext\u00e9rieur \u00e0 d\u00e9couvrir jusqu&#039;au 8 avril - Saint Die Info\" \/>\n<meta name=\"twitter:description\" content=\"A l&rsquo;occasion de la journ\u00e9e internationale des droits de la femme, une exposition intitul\u00e9e \u00ab\u00a0Tous les m\u00e9tiers sont mixtes\u00a0\u00bb s&rsquo;est [&hellip;]\" \/>\n<meta name=\"twitter:image\" content=\"https:\/\/vosgesinfo.fr\/app\/uploads\/sites\/4\/2024\/08\/202103exposition-tous-les-metiers-sont-mixtes-3.jpg\" \/>\n<meta name=\"twitter:creator\" content=\"@VosgesInfo88\" \/>\n<meta name=\"twitter:site\" content=\"@VosgesInfo88\" \/>\n<meta name=\"twitter:label1\" content=\"\u00c9crit par\" \/>\n\t<meta name=\"twitter:data1\" content=\"la r\u00e9daction\" \/>\n\t<meta name=\"twitter:label2\" content=\"Dur\u00e9e de lecture estim\u00e9e\" \/>\n\t<meta name=\"twitter:data2\" content=\"4 minutes\" \/>\n<script type=\"application\/ld+json\" class=\"yoast-schema-graph\">{\"@context\":\"https:\/\/schema.org\",\"@graph\":[{\"@type\":\"Article\",\"@id\":\"https:\/\/vosgesinfo.fr\/saintdieinfo\/2021\/03\/metiers-mixtes-exposition-exterieur-a-decouvrir-jusquau-8-avril\/#article\",\"isPartOf\":{\"@id\":\"https:\/\/vosgesinfo.fr\/saintdieinfo\/2021\/03\/metiers-mixtes-exposition-exterieur-a-decouvrir-jusquau-8-avril\/\"},\"author\":{\"name\":\"la r\u00e9daction\",\"@id\":\"https:\/\/vosgesinfo.fr\/saintdieinfo\/#\/schema\/person\/faee6704a21f3977511db84bd1cd450f\"},\"headline\":\"\u00ab\u00a0Tous les m\u00e9tiers sont mixtes\u00a0\u00bb, une exposition en ext\u00e9rieur \u00e0 d\u00e9couvrir jusqu&rsquo;au 8 avril\",\"datePublished\":\"2021-03-09T08:35:33+00:00\",\"dateModified\":\"2021-03-09T08:35:33+00:00\",\"mainEntityOfPage\":{\"@id\":\"https:\/\/vosgesinfo.fr\/saintdieinfo\/2021\/03\/metiers-mixtes-exposition-exterieur-a-decouvrir-jusquau-8-avril\/\"},\"wordCount\":758,\"commentCount\":0,\"publisher\":{\"@id\":\"https:\/\/vosgesinfo.fr\/saintdieinfo\/#organization\"},\"image\":{\"@id\":\"https:\/\/vosgesinfo.fr\/saintdieinfo\/2021\/03\/metiers-mixtes-exposition-exterieur-a-decouvrir-jusquau-8-avril\/#primaryimage\"},\"thumbnailUrl\":\"https:\/\/vosgesinfo.fr\/app\/uploads\/sites\/4\/2024\/08\/202103exposition-tous-les-metiers-sont-mixtes-3.jpg\",\"keywords\":[\"exposition\",\"journ\u00e9e internationale des droits des femmes\",\"Tous les m\u00e9tiers sont mixtes\"],\"articleSection\":[\"A la Une\",\"Saint-Di\u00e9-des-Vosges et son Agglom\u00e9ration\",\"Soci\u00e9t\u00e9\"],\"inLanguage\":\"fr-FR\",\"potentialAction\":[{\"@type\":\"CommentAction\",\"name\":\"Comment\",\"target\":[\"https:\/\/vosgesinfo.fr\/saintdieinfo\/2021\/03\/metiers-mixtes-exposition-exterieur-a-decouvrir-jusquau-8-avril\/#respond\"]}]},{\"@type\":\"WebPage\",\"@id\":\"https:\/\/vosgesinfo.fr\/saintdieinfo\/2021\/03\/metiers-mixtes-exposition-exterieur-a-decouvrir-jusquau-8-avril\/\",\"url\":\"https:\/\/vosgesinfo.fr\/saintdieinfo\/2021\/03\/metiers-mixtes-exposition-exterieur-a-decouvrir-jusquau-8-avril\/\",\"name\":\"\\\"Tous les m\u00e9tiers sont mixtes\\\", une exposition en ext\u00e9rieur \u00e0 d\u00e9couvrir jusqu'au 8 avril - Saint Die Info\",\"isPartOf\":{\"@id\":\"https:\/\/vosgesinfo.fr\/saintdieinfo\/#website\"},\"primaryImageOfPage\":{\"@id\":\"https:\/\/vosgesinfo.fr\/saintdieinfo\/2021\/03\/metiers-mixtes-exposition-exterieur-a-decouvrir-jusquau-8-avril\/#primaryimage\"},\"image\":{\"@id\":\"https:\/\/vosgesinfo.fr\/saintdieinfo\/2021\/03\/metiers-mixtes-exposition-exterieur-a-decouvrir-jusquau-8-avril\/#primaryimage\"},\"thumbnailUrl\":\"https:\/\/vosgesinfo.fr\/app\/uploads\/sites\/4\/2024\/08\/202103exposition-tous-les-metiers-sont-mixtes-3.jpg\",\"datePublished\":\"2021-03-09T08:35:33+00:00\",\"dateModified\":\"2021-03-09T08:35:33+00:00\",\"breadcrumb\":{\"@id\":\"https:\/\/vosgesinfo.fr\/saintdieinfo\/2021\/03\/metiers-mixtes-exposition-exterieur-a-decouvrir-jusquau-8-avril\/#breadcrumb\"},\"inLanguage\":\"fr-FR\",\"potentialAction\":[{\"@type\":\"ReadAction\",\"target\":[\"https:\/\/vosgesinfo.fr\/saintdieinfo\/2021\/03\/metiers-mixtes-exposition-exterieur-a-decouvrir-jusquau-8-avril\/\"]}]},{\"@type\":\"ImageObject\",\"inLanguage\":\"fr-FR\",\"@id\":\"https:\/\/vosgesinfo.fr\/saintdieinfo\/2021\/03\/metiers-mixtes-exposition-exterieur-a-decouvrir-jusquau-8-avril\/#primaryimage\",\"url\":\"https:\/\/vosgesinfo.fr\/app\/uploads\/sites\/4\/2024\/08\/202103exposition-tous-les-metiers-sont-mixtes-3.jpg\",\"contentUrl\":\"https:\/\/vosgesinfo.fr\/app\/uploads\/sites\/4\/2024\/08\/202103exposition-tous-les-metiers-sont-mixtes-3.jpg\",\"width\":800,\"height\":534},{\"@type\":\"BreadcrumbList\",\"@id\":\"https:\/\/vosgesinfo.fr\/saintdieinfo\/2021\/03\/metiers-mixtes-exposition-exterieur-a-decouvrir-jusquau-8-avril\/#breadcrumb\",\"itemListElement\":[{\"@type\":\"ListItem\",\"position\":1,\"name\":\"Home\",\"item\":\"https:\/\/vosgesinfo.fr\/saintdieinfo\/\"},{\"@type\":\"ListItem\",\"position\":2,\"name\":\"\u00ab\u00a0Tous les m\u00e9tiers sont mixtes\u00a0\u00bb, une exposition en ext\u00e9rieur \u00e0 d\u00e9couvrir jusqu&rsquo;au 8 avril\"}]},{\"@type\":\"WebSite\",\"@id\":\"https:\/\/vosgesinfo.fr\/saintdieinfo\/#website\",\"url\":\"https:\/\/vosgesinfo.fr\/saintdieinfo\/\",\"name\":\"Saint Die Info\",\"description\":\"Toute l&#039;actualit\u00e9 de Saint-Di\u00e9-Des-Vosges\",\"publisher\":{\"@id\":\"https:\/\/vosgesinfo.fr\/saintdieinfo\/#organization\"},\"alternateName\":\"Toute l'actualit\u00e9 de Saint-Di\u00e9-Des-Vosges\",\"potentialAction\":[{\"@type\":\"SearchAction\",\"target\":{\"@type\":\"EntryPoint\",\"urlTemplate\":\"https:\/\/vosgesinfo.fr\/saintdieinfo\/?s={search_term_string}\"},\"query-input\":\"required name=search_term_string\"}],\"inLanguage\":\"fr-FR\"},{\"@type\":\"Organization\",\"@id\":\"https:\/\/vosgesinfo.fr\/saintdieinfo\/#organization\",\"name\":\"Saint Die Info\",\"url\":\"https:\/\/vosgesinfo.fr\/saintdieinfo\/\",\"logo\":{\"@type\":\"ImageObject\",\"inLanguage\":\"fr-FR\",\"@id\":\"https:\/\/vosgesinfo.fr\/saintdieinfo\/#\/schema\/logo\/image\/\",\"url\":\"https:\/\/vosgesinfo.fr\/app\/uploads\/sites\/4\/2024\/02\/logo-sdi.jpg\",\"contentUrl\":\"https:\/\/vosgesinfo.fr\/app\/uploads\/sites\/4\/2024\/02\/logo-sdi.jpg\",\"width\":600,\"height\":600,\"caption\":\"Saint Die Info\"},\"image\":{\"@id\":\"https:\/\/vosgesinfo.fr\/saintdieinfo\/#\/schema\/logo\/image\/\"},\"sameAs\":[\"https:\/\/www.facebook.com\/Saintdieinfofr\",\"https:\/\/x.com\/VosgesInfo88\",\"https:\/\/www.youtube.com\/@vosgesinfo\"]},{\"@type\":\"Person\",\"@id\":\"https:\/\/vosgesinfo.fr\/saintdieinfo\/#\/schema\/person\/faee6704a21f3977511db84bd1cd450f\",\"name\":\"la r\u00e9daction\",\"image\":{\"@type\":\"ImageObject\",\"inLanguage\":\"fr-FR\",\"@id\":\"https:\/\/vosgesinfo.fr\/saintdieinfo\/#\/schema\/person\/image\/\",\"url\":\"https:\/\/secure.gravatar.com\/avatar\/6673d8bc6a9c17fa9a453eaa3448de834fa308c2ec9635b7aa99441a7c8d2cf6?s=96&d=mm&r=g\",\"contentUrl\":\"https:\/\/secure.gravatar.com\/avatar\/6673d8bc6a9c17fa9a453eaa3448de834fa308c2ec9635b7aa99441a7c8d2cf6?s=96&d=mm&r=g\",\"caption\":\"la r\u00e9daction\"},\"url\":\"https:\/\/vosgesinfo.fr\/saintdieinfo\/author\/redac\/\"}]}<\/script>\n<!-- \/ Yoast SEO plugin. -->","yoast_head_json":{"title":"\"Tous les m\u00e9tiers sont mixtes\", une exposition en ext\u00e9rieur \u00e0 d\u00e9couvrir jusqu'au 8 avril - Saint Die Info","robots":{"index":"index","follow":"follow","max-snippet":"max-snippet:-1","max-image-preview":"max-image-preview:large","max-video-preview":"max-video-preview:-1"},"canonical":"https:\/\/vosgesinfo.fr\/saintdieinfo\/2021\/03\/metiers-mixtes-exposition-exterieur-a-decouvrir-jusquau-8-avril\/","twitter_card":"summary_large_image","twitter_title":"\"Tous les m\u00e9tiers sont mixtes\", une exposition en ext\u00e9rieur \u00e0 d\u00e9couvrir jusqu'au 8 avril - Saint Die Info","twitter_description":"A l&rsquo;occasion de la journ\u00e9e internationale des droits de la femme, une exposition intitul\u00e9e \u00ab\u00a0Tous les m\u00e9tiers sont mixtes\u00a0\u00bb s&rsquo;est [&hellip;]","twitter_image":"https:\/\/vosgesinfo.fr\/app\/uploads\/sites\/4\/2024\/08\/202103exposition-tous-les-metiers-sont-mixtes-3.jpg","twitter_creator":"@VosgesInfo88","twitter_site":"@VosgesInfo88","twitter_misc":{"\u00c9crit par":"la r\u00e9daction","Dur\u00e9e de lecture estim\u00e9e":"4 minutes"},"schema":{"@context":"https:\/\/schema.org","@graph":[{"@type":"Article","@id":"https:\/\/vosgesinfo.fr\/saintdieinfo\/2021\/03\/metiers-mixtes-exposition-exterieur-a-decouvrir-jusquau-8-avril\/#article","isPartOf":{"@id":"https:\/\/vosgesinfo.fr\/saintdieinfo\/2021\/03\/metiers-mixtes-exposition-exterieur-a-decouvrir-jusquau-8-avril\/"},"author":{"name":"la r\u00e9daction","@id":"https:\/\/vosgesinfo.fr\/saintdieinfo\/#\/schema\/person\/faee6704a21f3977511db84bd1cd450f"},"headline":"\u00ab\u00a0Tous les m\u00e9tiers sont mixtes\u00a0\u00bb, une exposition en ext\u00e9rieur \u00e0 d\u00e9couvrir jusqu&rsquo;au 8 avril","datePublished":"2021-03-09T08:35:33+00:00","dateModified":"2021-03-09T08:35:33+00:00","mainEntityOfPage":{"@id":"https:\/\/vosgesinfo.fr\/saintdieinfo\/2021\/03\/metiers-mixtes-exposition-exterieur-a-decouvrir-jusquau-8-avril\/"},"wordCount":758,"commentCount":0,"publisher":{"@id":"https:\/\/vosgesinfo.fr\/saintdieinfo\/#organization"},"image":{"@id":"https:\/\/vosgesinfo.fr\/saintdieinfo\/2021\/03\/metiers-mixtes-exposition-exterieur-a-decouvrir-jusquau-8-avril\/#primaryimage"},"thumbnailUrl":"https:\/\/vosgesinfo.fr\/app\/uploads\/sites\/4\/2024\/08\/202103exposition-tous-les-metiers-sont-mixtes-3.jpg","keywords":["exposition","journ\u00e9e internationale des droits des femmes","Tous les m\u00e9tiers sont mixtes"],"articleSection":["A la Une","Saint-Di\u00e9-des-Vosges et son Agglom\u00e9ration","Soci\u00e9t\u00e9"],"inLanguage":"fr-FR","potentialAction":[{"@type":"CommentAction","name":"Comment","target":["https:\/\/vosgesinfo.fr\/saintdieinfo\/2021\/03\/metiers-mixtes-exposition-exterieur-a-decouvrir-jusquau-8-avril\/#respond"]}]},{"@type":"WebPage","@id":"https:\/\/vosgesinfo.fr\/saintdieinfo\/2021\/03\/metiers-mixtes-exposition-exterieur-a-decouvrir-jusquau-8-avril\/","url":"https:\/\/vosgesinfo.fr\/saintdieinfo\/2021\/03\/metiers-mixtes-exposition-exterieur-a-decouvrir-jusquau-8-avril\/","name":"\"Tous les m\u00e9tiers sont mixtes\", une exposition en ext\u00e9rieur \u00e0 d\u00e9couvrir jusqu'au 8 avril - Saint Die Info","isPartOf":{"@id":"https:\/\/vosgesinfo.fr\/saintdieinfo\/#website"},"primaryImageOfPage":{"@id":"https:\/\/vosgesinfo.fr\/saintdieinfo\/2021\/03\/metiers-mixtes-exposition-exterieur-a-decouvrir-jusquau-8-avril\/#primaryimage"},"image":{"@id":"https:\/\/vosgesinfo.fr\/saintdieinfo\/2021\/03\/metiers-mixtes-exposition-exterieur-a-decouvrir-jusquau-8-avril\/#primaryimage"},"thumbnailUrl":"https:\/\/vosgesinfo.fr\/app\/uploads\/sites\/4\/2024\/08\/202103exposition-tous-les-metiers-sont-mixtes-3.jpg","datePublished":"2021-03-09T08:35:33+00:00","dateModified":"2021-03-09T08:35:33+00:00","breadcrumb":{"@id":"https:\/\/vosgesinfo.fr\/saintdieinfo\/2021\/03\/metiers-mixtes-exposition-exterieur-a-decouvrir-jusquau-8-avril\/#breadcrumb"},"inLanguage":"fr-FR","potentialAction":[{"@type":"ReadAction","target":["https:\/\/vosgesinfo.fr\/saintdieinfo\/2021\/03\/metiers-mixtes-exposition-exterieur-a-decouvrir-jusquau-8-avril\/"]}]},{"@type":"ImageObject","inLanguage":"fr-FR","@id":"https:\/\/vosgesinfo.fr\/saintdieinfo\/2021\/03\/metiers-mixtes-exposition-exterieur-a-decouvrir-jusquau-8-avril\/#primaryimage","url":"https:\/\/vosgesinfo.fr\/app\/uploads\/sites\/4\/2024\/08\/202103exposition-tous-les-metiers-sont-mixtes-3.jpg","contentUrl":"https:\/\/vosgesinfo.fr\/app\/uploads\/sites\/4\/2024\/08\/202103exposition-tous-les-metiers-sont-mixtes-3.jpg","width":800,"height":534},{"@type":"BreadcrumbList","@id":"https:\/\/vosgesinfo.fr\/saintdieinfo\/2021\/03\/metiers-mixtes-exposition-exterieur-a-decouvrir-jusquau-8-avril\/#breadcrumb","itemListElement":[{"@type":"ListItem","position":1,"name":"Home","item":"https:\/\/vosgesinfo.fr\/saintdieinfo\/"},{"@type":"ListItem","position":2,"name":"\u00ab\u00a0Tous les m\u00e9tiers sont mixtes\u00a0\u00bb, une exposition en ext\u00e9rieur \u00e0 d\u00e9couvrir jusqu&rsquo;au 8 avril"}]},{"@type":"WebSite","@id":"https:\/\/vosgesinfo.fr\/saintdieinfo\/#website","url":"https:\/\/vosgesinfo.fr\/saintdieinfo\/","name":"Saint Die Info","description":"Toute l&#039;actualit\u00e9 de Saint-Di\u00e9-Des-Vosges","publisher":{"@id":"https:\/\/vosgesinfo.fr\/saintdieinfo\/#organization"},"alternateName":"Toute l'actualit\u00e9 de Saint-Di\u00e9-Des-Vosges","potentialAction":[{"@type":"SearchAction","target":{"@type":"EntryPoint","urlTemplate":"https:\/\/vosgesinfo.fr\/saintdieinfo\/?s={search_term_string}"},"query-input":"required name=search_term_string"}],"inLanguage":"fr-FR"},{"@type":"Organization","@id":"https:\/\/vosgesinfo.fr\/saintdieinfo\/#organization","name":"Saint Die Info","url":"https:\/\/vosgesinfo.fr\/saintdieinfo\/","logo":{"@type":"ImageObject","inLanguage":"fr-FR","@id":"https:\/\/vosgesinfo.fr\/saintdieinfo\/#\/schema\/logo\/image\/","url":"https:\/\/vosgesinfo.fr\/app\/uploads\/sites\/4\/2024\/02\/logo-sdi.jpg","contentUrl":"https:\/\/vosgesinfo.fr\/app\/uploads\/sites\/4\/2024\/02\/logo-sdi.jpg","width":600,"height":600,"caption":"Saint Die Info"},"image":{"@id":"https:\/\/vosgesinfo.fr\/saintdieinfo\/#\/schema\/logo\/image\/"},"sameAs":["https:\/\/www.facebook.com\/Saintdieinfofr","https:\/\/x.com\/VosgesInfo88","https:\/\/www.youtube.com\/@vosgesinfo"]},{"@type":"Person","@id":"https:\/\/vosgesinfo.fr\/saintdieinfo\/#\/schema\/person\/faee6704a21f3977511db84bd1cd450f","name":"la r\u00e9daction","image":{"@type":"ImageObject","inLanguage":"fr-FR","@id":"https:\/\/vosgesinfo.fr\/saintdieinfo\/#\/schema\/person\/image\/","url":"https:\/\/secure.gravatar.com\/avatar\/6673d8bc6a9c17fa9a453eaa3448de834fa308c2ec9635b7aa99441a7c8d2cf6?s=96&d=mm&r=g","contentUrl":"https:\/\/secure.gravatar.com\/avatar\/6673d8bc6a9c17fa9a453eaa3448de834fa308c2ec9635b7aa99441a7c8d2cf6?s=96&d=mm&r=g","caption":"la r\u00e9daction"},"url":"https:\/\/vosgesinfo.fr\/saintdieinfo\/author\/redac\/"}]}},"_links":{"self":[{"href":"https:\/\/vosgesinfo.fr\/saintdieinfo\/wp-json\/wp\/v2\/posts\/39756","targetHints":{"allow":["GET"]}}],"collection":[{"href":"https:\/\/vosgesinfo.fr\/saintdieinfo\/wp-json\/wp\/v2\/posts"}],"about":[{"href":"https:\/\/vosgesinfo.fr\/saintdieinfo\/wp-json\/wp\/v2\/types\/post"}],"author":[{"embeddable":true,"href":"https:\/\/vosgesinfo.fr\/saintdieinfo\/wp-json\/wp\/v2\/users\/44"}],"replies":[{"embeddable":true,"href":"https:\/\/vosgesinfo.fr\/saintdieinfo\/wp-json\/wp\/v2\/comments?post=39756"}],"version-history":[{"count":0,"href":"https:\/\/vosgesinfo.fr\/saintdieinfo\/wp-json\/wp\/v2\/posts\/39756\/revisions"}],"wp:featuredmedia":[{"embeddable":true,"href":"https:\/\/vosgesinfo.fr\/saintdieinfo\/wp-json\/wp\/v2\/media\/39757"}],"wp:attachment":[{"href":"https:\/\/vosgesinfo.fr\/saintdieinfo\/wp-json\/wp\/v2\/media?parent=39756"}],"wp:term":[{"taxonomy":"category","embeddable":true,"href":"https:\/\/vosgesinfo.fr\/saintdieinfo\/wp-json\/wp\/v2\/categories?post=39756"},{"taxonomy":"post_tag","embeddable":true,"href":"https:\/\/vosgesinfo.fr\/saintdieinfo\/wp-json\/wp\/v2\/tags?post=39756"}],"curies":[{"name":"wp","href":"https:\/\/api.w.org\/{rel}","templated":true}]}}