{"id":39776,"date":"2021-03-11T09:32:01","date_gmt":"2021-03-11T08:32:01","guid":{"rendered":"https:\/\/vosgesinfo.fr\/saintdieinfo\/2021\/03\/covid-19-premieres-vaccinations-centre-ephemere-danould\/"},"modified":"2021-03-11T09:32:01","modified_gmt":"2021-03-11T08:32:01","slug":"covid-19-premieres-vaccinations-centre-ephemere-danould","status":"publish","type":"post","link":"https:\/\/vosgesinfo.fr\/saintdieinfo\/2021\/03\/covid-19-premieres-vaccinations-centre-ephemere-danould\/","title":{"rendered":"Covid-19 \u2013 Premi\u00e8res vaccinations au centre \u00e9ph\u00e9m\u00e8re d\u2019Anould"},"content":{"rendered":"\n<h2><span style=\"font-size: 14pt;\"><strong>Les centres \u00e9ph\u00e9m\u00e8res pourraient bien n\u2019avoir d\u2019\u00e9ph\u00e9m\u00e8re que le nom. Parce que les attentes de la population sont r\u00e9elles, parce que l\u2019approvisionnement en doses devrait \u00eatre de mieux en mieux assur\u00e9, parce que les communes savent se mobiliser et mettre les moyens mat\u00e9riels et humains n\u00e9cessaires \u00e0 disposition, parce que la territorialisation permet un acc\u00e8s de proximit\u00e9 au plus grand nombre. Et parce que, surtout, \u00ab\u00a0la vaccination est la porte de sortie de cette pand\u00e9mie\u00a0\u00bb, comme le soulignait G\u00e9rard, premier inscrit \u00e0 avoir pouss\u00e9 la porte de la salle D\u00e9sir\u00e9-Granet \u00e0 Anould, mardi matin.<\/strong><\/span><\/h2>\n<p><!--more--><\/p>\n<p>Ce centre de vaccination fait partie des centres \u00e9ph\u00e9m\u00e8res voulus par le pr\u00e9fet. En lien avec les communes membres, la communaut\u00e9 d\u2019agglom\u00e9ration de Saint-Di\u00e9-des-Vosges a pu en ouvrir deux en un temps record. Raon-l\u2019Etape et Anould fonctionnent d\u00e9sormais un jour et demi par semaine, une semaine sur deux en alternance et concernent prioritairement la population de chaque bassin. Voil\u00e0 qui soulagera le centre de vaccination permanent de Saint-Di\u00e9-des-Vosges (salle Carbonnar), o\u00f9 on \u00e9t\u00e9 faites la quasi totalit\u00e9 des 4 000 injections r\u00e9alis\u00e9es depuis le mois de janvier, dont 960 rien que sur la derni\u00e8re semaine !<\/p>\n<p>La vaccination de 126 personnes sur une journ\u00e9e et demie de fonctionnement est possible gr\u00e2ce \u00e0 la mobilisation, essentielle l\u00e0 aussi, des infirmiers lib\u00e9raux et m\u00e9decins de ville suppl\u00e9\u00e9s, si besoin, par les professionnels du centre hospitalier Saint-Charles. Caroline Mattioni, vice-pr\u00e9sidente de la communaut\u00e9 d\u2019agglom\u00e9ration en charge de la sant\u00e9 et du conseil d\u00e9partemental d\u00e9l\u00e9gu\u00e9e \u00e0 l\u2019autonomie, et Pierre Tsuji, directeur de l\u2019h\u00f4pital d\u00e9odatien, se rejoignent totalement sur la volont\u00e9 locale d\u2019augmenter la cadence rapidement. <em>\u00ab\u00a0Il n\u2019y a plus de probl\u00e8me d\u2019approvisionnement, on pourra monter en puissance. Plus on a de vaccins, plus on vaccine&#8230;\u00a0\u00bb<\/em> souligne Pierre Tsuji.<\/p>\n<p>Jacques Hestin, maire d\u2019Anould, a le sourire. Le centre aulnois fonctionne comme une ruche. L\u2019organisation est au top gr\u00e2ce aux six personnels municipaux mobilis\u00e9s sur site ou \u00e0 la prise des rendez-vous t\u00e9l\u00e9phoniques. Et s\u2019il faut s\u2019inscrire dans la dur\u00e9e, la commune d\u2019Anould, comme celle de Raon-l\u2019Etape d\u2019ailleurs, est pr\u00eate \u00e0 le faire.<\/p>\n<h3><span style=\"font-size: 14pt;\"><strong>La vaccination concerne :<\/strong> <\/span><\/h3>\n<ul>\n<li>toutes les personnes de plus de 75 ans;<\/li>\n<li>les personnes \u00e0 tr\u00e8s hauts risques pr\u00e9sentant des comorbidit\u00e9s : atteintes de cancers et maladies h\u00e9matologiques malignes en cours de traitement par chimio ; atteintes de maladies r\u00e9nales chroniques s\u00e9v\u00e8res dont les patients dialys\u00e9s, transplant\u00e9s d\u2019organes solides ; transplant\u00e9es par allogreffe de cellules souches h\u00e9matopo\u00ef\u00e9tiques ; atteintes de poly-pathologies chroniques et pr\u00e9sentant au moins deux insuffisances d\u2019organes ; atteintes de certaines maladies rares et particuli\u00e8rement \u00e0 risque d\u2019infection ; atteintes de trisomie 21.<\/li>\n<\/ul>\n<h3><strong>Infos pratiques :<\/strong><\/h3>\n<p>Centre de vaccination fixe de Saint-Di\u00e9-des-Vosges : salle Carbonnar, rendez-vous au <strong>03 29 42 16 75;<\/strong><\/p>\n<p>Centre de vaccination \u00e9ph\u00e9m\u00e8re de Raon-l\u2019Etape : salle Beauregard, rendez-vous au <strong>06 02 27 65 78;<\/strong><\/p>\n<p>Centre de vaccination \u00e9ph\u00e9m\u00e8re d\u2019Anould : salle D\u00e9sir\u00e9-Granet, rendez-vous au <strong>03 29 57 18 19.<\/strong><\/p>\n","protected":false},"excerpt":{"rendered":"<p>Les centres \u00e9ph\u00e9m\u00e8res pourraient bien n\u2019avoir d\u2019\u00e9ph\u00e9m\u00e8re que le nom. Parce que les attentes de la population sont r\u00e9elles, parce [&hellip;]<\/p>\n","protected":false},"author":44,"featured_media":39777,"comment_status":"open","ping_status":"open","sticky":false,"template":"","format":"standard","meta":{"footnotes":""},"categories":[460,2915,4152,13],"tags":[3927,7970,1072],"class_list":["post-39776","post","type-post","status-publish","format-standard","has-post-thumbnail","hentry","category-a-la-une","category-saint-die-son-canton","category-sante","category-societe","tag-anould","tag-centre-de-vaccination-ephemere","tag-covid-19"],"acf":[],"yoast_head":"<!-- This site is optimized with the Yoast SEO plugin v22.5 - https:\/\/yoast.com\/wordpress\/plugins\/seo\/ -->\n<title>Covid-19 \u2013 Premi\u00e8res vaccinations au centre \u00e9ph\u00e9m\u00e8re d\u2019Anould - Saint Die Info<\/title>\n<meta name=\"robots\" content=\"index, follow, max-snippet:-1, max-image-preview:large, max-video-preview:-1\" \/>\n<link rel=\"canonical\" href=\"https:\/\/vosgesinfo.fr\/saintdieinfo\/2021\/03\/covid-19-premieres-vaccinations-centre-ephemere-danould\/\" \/>\n<meta name=\"twitter:card\" content=\"summary_large_image\" \/>\n<meta name=\"twitter:title\" content=\"Covid-19 \u2013 Premi\u00e8res vaccinations au centre \u00e9ph\u00e9m\u00e8re d\u2019Anould - Saint Die Info\" \/>\n<meta name=\"twitter:description\" content=\"Les centres \u00e9ph\u00e9m\u00e8res pourraient bien n\u2019avoir d\u2019\u00e9ph\u00e9m\u00e8re que le nom. Parce que les attentes de la population sont r\u00e9elles, parce [&hellip;]\" \/>\n<meta name=\"twitter:image\" content=\"https:\/\/vosgesinfo.fr\/app\/uploads\/sites\/4\/2024\/08\/202103photos-centre-de-vaccination-anould-5.jpg\" \/>\n<meta name=\"twitter:creator\" content=\"@VosgesInfo88\" \/>\n<meta name=\"twitter:site\" content=\"@VosgesInfo88\" \/>\n<meta name=\"twitter:label1\" content=\"\u00c9crit par\" \/>\n\t<meta name=\"twitter:data1\" content=\"la r\u00e9daction\" \/>\n\t<meta name=\"twitter:label2\" content=\"Dur\u00e9e de lecture estim\u00e9e\" \/>\n\t<meta name=\"twitter:data2\" content=\"3 minutes\" \/>\n<script type=\"application\/ld+json\" class=\"yoast-schema-graph\">{\"@context\":\"https:\/\/schema.org\",\"@graph\":[{\"@type\":\"Article\",\"@id\":\"https:\/\/vosgesinfo.fr\/saintdieinfo\/2021\/03\/covid-19-premieres-vaccinations-centre-ephemere-danould\/#article\",\"isPartOf\":{\"@id\":\"https:\/\/vosgesinfo.fr\/saintdieinfo\/2021\/03\/covid-19-premieres-vaccinations-centre-ephemere-danould\/\"},\"author\":{\"name\":\"la r\u00e9daction\",\"@id\":\"https:\/\/vosgesinfo.fr\/saintdieinfo\/#\/schema\/person\/faee6704a21f3977511db84bd1cd450f\"},\"headline\":\"Covid-19 \u2013 Premi\u00e8res vaccinations au centre \u00e9ph\u00e9m\u00e8re d\u2019Anould\",\"datePublished\":\"2021-03-11T08:32:01+00:00\",\"dateModified\":\"2021-03-11T08:32:01+00:00\",\"mainEntityOfPage\":{\"@id\":\"https:\/\/vosgesinfo.fr\/saintdieinfo\/2021\/03\/covid-19-premieres-vaccinations-centre-ephemere-danould\/\"},\"wordCount\":537,\"commentCount\":0,\"publisher\":{\"@id\":\"https:\/\/vosgesinfo.fr\/saintdieinfo\/#organization\"},\"image\":{\"@id\":\"https:\/\/vosgesinfo.fr\/saintdieinfo\/2021\/03\/covid-19-premieres-vaccinations-centre-ephemere-danould\/#primaryimage\"},\"thumbnailUrl\":\"https:\/\/vosgesinfo.fr\/app\/uploads\/sites\/4\/2024\/08\/202103photos-centre-de-vaccination-anould-5.jpg\",\"keywords\":[\"Anould\",\"Centre de vaccination \u00e9ph\u00e9m\u00e8re\",\"Covid-19\"],\"articleSection\":[\"A la Une\",\"Saint-Di\u00e9-des-Vosges et son Agglom\u00e9ration\",\"Sant\u00e9\",\"Soci\u00e9t\u00e9\"],\"inLanguage\":\"fr-FR\",\"potentialAction\":[{\"@type\":\"CommentAction\",\"name\":\"Comment\",\"target\":[\"https:\/\/vosgesinfo.fr\/saintdieinfo\/2021\/03\/covid-19-premieres-vaccinations-centre-ephemere-danould\/#respond\"]}]},{\"@type\":\"WebPage\",\"@id\":\"https:\/\/vosgesinfo.fr\/saintdieinfo\/2021\/03\/covid-19-premieres-vaccinations-centre-ephemere-danould\/\",\"url\":\"https:\/\/vosgesinfo.fr\/saintdieinfo\/2021\/03\/covid-19-premieres-vaccinations-centre-ephemere-danould\/\",\"name\":\"Covid-19 \u2013 Premi\u00e8res vaccinations au centre \u00e9ph\u00e9m\u00e8re d\u2019Anould - Saint Die Info\",\"isPartOf\":{\"@id\":\"https:\/\/vosgesinfo.fr\/saintdieinfo\/#website\"},\"primaryImageOfPage\":{\"@id\":\"https:\/\/vosgesinfo.fr\/saintdieinfo\/2021\/03\/covid-19-premieres-vaccinations-centre-ephemere-danould\/#primaryimage\"},\"image\":{\"@id\":\"https:\/\/vosgesinfo.fr\/saintdieinfo\/2021\/03\/covid-19-premieres-vaccinations-centre-ephemere-danould\/#primaryimage\"},\"thumbnailUrl\":\"https:\/\/vosgesinfo.fr\/app\/uploads\/sites\/4\/2024\/08\/202103photos-centre-de-vaccination-anould-5.jpg\",\"datePublished\":\"2021-03-11T08:32:01+00:00\",\"dateModified\":\"2021-03-11T08:32:01+00:00\",\"breadcrumb\":{\"@id\":\"https:\/\/vosgesinfo.fr\/saintdieinfo\/2021\/03\/covid-19-premieres-vaccinations-centre-ephemere-danould\/#breadcrumb\"},\"inLanguage\":\"fr-FR\",\"potentialAction\":[{\"@type\":\"ReadAction\",\"target\":[\"https:\/\/vosgesinfo.fr\/saintdieinfo\/2021\/03\/covid-19-premieres-vaccinations-centre-ephemere-danould\/\"]}]},{\"@type\":\"ImageObject\",\"inLanguage\":\"fr-FR\",\"@id\":\"https:\/\/vosgesinfo.fr\/saintdieinfo\/2021\/03\/covid-19-premieres-vaccinations-centre-ephemere-danould\/#primaryimage\",\"url\":\"https:\/\/vosgesinfo.fr\/app\/uploads\/sites\/4\/2024\/08\/202103photos-centre-de-vaccination-anould-5.jpg\",\"contentUrl\":\"https:\/\/vosgesinfo.fr\/app\/uploads\/sites\/4\/2024\/08\/202103photos-centre-de-vaccination-anould-5.jpg\",\"width\":800,\"height\":534},{\"@type\":\"BreadcrumbList\",\"@id\":\"https:\/\/vosgesinfo.fr\/saintdieinfo\/2021\/03\/covid-19-premieres-vaccinations-centre-ephemere-danould\/#breadcrumb\",\"itemListElement\":[{\"@type\":\"ListItem\",\"position\":1,\"name\":\"Home\",\"item\":\"https:\/\/vosgesinfo.fr\/saintdieinfo\/\"},{\"@type\":\"ListItem\",\"position\":2,\"name\":\"Covid-19 \u2013 Premi\u00e8res vaccinations au centre \u00e9ph\u00e9m\u00e8re d\u2019Anould\"}]},{\"@type\":\"WebSite\",\"@id\":\"https:\/\/vosgesinfo.fr\/saintdieinfo\/#website\",\"url\":\"https:\/\/vosgesinfo.fr\/saintdieinfo\/\",\"name\":\"Saint Die Info\",\"description\":\"Toute l&#039;actualit\u00e9 de Saint-Di\u00e9-Des-Vosges\",\"publisher\":{\"@id\":\"https:\/\/vosgesinfo.fr\/saintdieinfo\/#organization\"},\"alternateName\":\"Toute l'actualit\u00e9 de Saint-Di\u00e9-Des-Vosges\",\"potentialAction\":[{\"@type\":\"SearchAction\",\"target\":{\"@type\":\"EntryPoint\",\"urlTemplate\":\"https:\/\/vosgesinfo.fr\/saintdieinfo\/?s={search_term_string}\"},\"query-input\":\"required name=search_term_string\"}],\"inLanguage\":\"fr-FR\"},{\"@type\":\"Organization\",\"@id\":\"https:\/\/vosgesinfo.fr\/saintdieinfo\/#organization\",\"name\":\"Saint Die Info\",\"url\":\"https:\/\/vosgesinfo.fr\/saintdieinfo\/\",\"logo\":{\"@type\":\"ImageObject\",\"inLanguage\":\"fr-FR\",\"@id\":\"https:\/\/vosgesinfo.fr\/saintdieinfo\/#\/schema\/logo\/image\/\",\"url\":\"https:\/\/vosgesinfo.fr\/app\/uploads\/sites\/4\/2024\/02\/logo-sdi.jpg\",\"contentUrl\":\"https:\/\/vosgesinfo.fr\/app\/uploads\/sites\/4\/2024\/02\/logo-sdi.jpg\",\"width\":600,\"height\":600,\"caption\":\"Saint Die Info\"},\"image\":{\"@id\":\"https:\/\/vosgesinfo.fr\/saintdieinfo\/#\/schema\/logo\/image\/\"},\"sameAs\":[\"https:\/\/www.facebook.com\/Saintdieinfofr\",\"https:\/\/x.com\/VosgesInfo88\",\"https:\/\/www.youtube.com\/@vosgesinfo\"]},{\"@type\":\"Person\",\"@id\":\"https:\/\/vosgesinfo.fr\/saintdieinfo\/#\/schema\/person\/faee6704a21f3977511db84bd1cd450f\",\"name\":\"la r\u00e9daction\",\"image\":{\"@type\":\"ImageObject\",\"inLanguage\":\"fr-FR\",\"@id\":\"https:\/\/vosgesinfo.fr\/saintdieinfo\/#\/schema\/person\/image\/\",\"url\":\"https:\/\/secure.gravatar.com\/avatar\/6673d8bc6a9c17fa9a453eaa3448de834fa308c2ec9635b7aa99441a7c8d2cf6?s=96&d=mm&r=g\",\"contentUrl\":\"https:\/\/secure.gravatar.com\/avatar\/6673d8bc6a9c17fa9a453eaa3448de834fa308c2ec9635b7aa99441a7c8d2cf6?s=96&d=mm&r=g\",\"caption\":\"la r\u00e9daction\"},\"url\":\"https:\/\/vosgesinfo.fr\/saintdieinfo\/author\/redac\/\"}]}<\/script>\n<!-- \/ Yoast SEO plugin. -->","yoast_head_json":{"title":"Covid-19 \u2013 Premi\u00e8res vaccinations au centre \u00e9ph\u00e9m\u00e8re d\u2019Anould - Saint Die Info","robots":{"index":"index","follow":"follow","max-snippet":"max-snippet:-1","max-image-preview":"max-image-preview:large","max-video-preview":"max-video-preview:-1"},"canonical":"https:\/\/vosgesinfo.fr\/saintdieinfo\/2021\/03\/covid-19-premieres-vaccinations-centre-ephemere-danould\/","twitter_card":"summary_large_image","twitter_title":"Covid-19 \u2013 Premi\u00e8res vaccinations au centre \u00e9ph\u00e9m\u00e8re d\u2019Anould - Saint Die Info","twitter_description":"Les centres \u00e9ph\u00e9m\u00e8res pourraient bien n\u2019avoir d\u2019\u00e9ph\u00e9m\u00e8re que le nom. Parce que les attentes de la population sont r\u00e9elles, parce [&hellip;]","twitter_image":"https:\/\/vosgesinfo.fr\/app\/uploads\/sites\/4\/2024\/08\/202103photos-centre-de-vaccination-anould-5.jpg","twitter_creator":"@VosgesInfo88","twitter_site":"@VosgesInfo88","twitter_misc":{"\u00c9crit par":"la r\u00e9daction","Dur\u00e9e de lecture estim\u00e9e":"3 minutes"},"schema":{"@context":"https:\/\/schema.org","@graph":[{"@type":"Article","@id":"https:\/\/vosgesinfo.fr\/saintdieinfo\/2021\/03\/covid-19-premieres-vaccinations-centre-ephemere-danould\/#article","isPartOf":{"@id":"https:\/\/vosgesinfo.fr\/saintdieinfo\/2021\/03\/covid-19-premieres-vaccinations-centre-ephemere-danould\/"},"author":{"name":"la r\u00e9daction","@id":"https:\/\/vosgesinfo.fr\/saintdieinfo\/#\/schema\/person\/faee6704a21f3977511db84bd1cd450f"},"headline":"Covid-19 \u2013 Premi\u00e8res vaccinations au centre \u00e9ph\u00e9m\u00e8re d\u2019Anould","datePublished":"2021-03-11T08:32:01+00:00","dateModified":"2021-03-11T08:32:01+00:00","mainEntityOfPage":{"@id":"https:\/\/vosgesinfo.fr\/saintdieinfo\/2021\/03\/covid-19-premieres-vaccinations-centre-ephemere-danould\/"},"wordCount":537,"commentCount":0,"publisher":{"@id":"https:\/\/vosgesinfo.fr\/saintdieinfo\/#organization"},"image":{"@id":"https:\/\/vosgesinfo.fr\/saintdieinfo\/2021\/03\/covid-19-premieres-vaccinations-centre-ephemere-danould\/#primaryimage"},"thumbnailUrl":"https:\/\/vosgesinfo.fr\/app\/uploads\/sites\/4\/2024\/08\/202103photos-centre-de-vaccination-anould-5.jpg","keywords":["Anould","Centre de vaccination \u00e9ph\u00e9m\u00e8re","Covid-19"],"articleSection":["A la Une","Saint-Di\u00e9-des-Vosges et son Agglom\u00e9ration","Sant\u00e9","Soci\u00e9t\u00e9"],"inLanguage":"fr-FR","potentialAction":[{"@type":"CommentAction","name":"Comment","target":["https:\/\/vosgesinfo.fr\/saintdieinfo\/2021\/03\/covid-19-premieres-vaccinations-centre-ephemere-danould\/#respond"]}]},{"@type":"WebPage","@id":"https:\/\/vosgesinfo.fr\/saintdieinfo\/2021\/03\/covid-19-premieres-vaccinations-centre-ephemere-danould\/","url":"https:\/\/vosgesinfo.fr\/saintdieinfo\/2021\/03\/covid-19-premieres-vaccinations-centre-ephemere-danould\/","name":"Covid-19 \u2013 Premi\u00e8res vaccinations au centre \u00e9ph\u00e9m\u00e8re d\u2019Anould - Saint Die Info","isPartOf":{"@id":"https:\/\/vosgesinfo.fr\/saintdieinfo\/#website"},"primaryImageOfPage":{"@id":"https:\/\/vosgesinfo.fr\/saintdieinfo\/2021\/03\/covid-19-premieres-vaccinations-centre-ephemere-danould\/#primaryimage"},"image":{"@id":"https:\/\/vosgesinfo.fr\/saintdieinfo\/2021\/03\/covid-19-premieres-vaccinations-centre-ephemere-danould\/#primaryimage"},"thumbnailUrl":"https:\/\/vosgesinfo.fr\/app\/uploads\/sites\/4\/2024\/08\/202103photos-centre-de-vaccination-anould-5.jpg","datePublished":"2021-03-11T08:32:01+00:00","dateModified":"2021-03-11T08:32:01+00:00","breadcrumb":{"@id":"https:\/\/vosgesinfo.fr\/saintdieinfo\/2021\/03\/covid-19-premieres-vaccinations-centre-ephemere-danould\/#breadcrumb"},"inLanguage":"fr-FR","potentialAction":[{"@type":"ReadAction","target":["https:\/\/vosgesinfo.fr\/saintdieinfo\/2021\/03\/covid-19-premieres-vaccinations-centre-ephemere-danould\/"]}]},{"@type":"ImageObject","inLanguage":"fr-FR","@id":"https:\/\/vosgesinfo.fr\/saintdieinfo\/2021\/03\/covid-19-premieres-vaccinations-centre-ephemere-danould\/#primaryimage","url":"https:\/\/vosgesinfo.fr\/app\/uploads\/sites\/4\/2024\/08\/202103photos-centre-de-vaccination-anould-5.jpg","contentUrl":"https:\/\/vosgesinfo.fr\/app\/uploads\/sites\/4\/2024\/08\/202103photos-centre-de-vaccination-anould-5.jpg","width":800,"height":534},{"@type":"BreadcrumbList","@id":"https:\/\/vosgesinfo.fr\/saintdieinfo\/2021\/03\/covid-19-premieres-vaccinations-centre-ephemere-danould\/#breadcrumb","itemListElement":[{"@type":"ListItem","position":1,"name":"Home","item":"https:\/\/vosgesinfo.fr\/saintdieinfo\/"},{"@type":"ListItem","position":2,"name":"Covid-19 \u2013 Premi\u00e8res vaccinations au centre \u00e9ph\u00e9m\u00e8re d\u2019Anould"}]},{"@type":"WebSite","@id":"https:\/\/vosgesinfo.fr\/saintdieinfo\/#website","url":"https:\/\/vosgesinfo.fr\/saintdieinfo\/","name":"Saint Die Info","description":"Toute l&#039;actualit\u00e9 de Saint-Di\u00e9-Des-Vosges","publisher":{"@id":"https:\/\/vosgesinfo.fr\/saintdieinfo\/#organization"},"alternateName":"Toute l'actualit\u00e9 de Saint-Di\u00e9-Des-Vosges","potentialAction":[{"@type":"SearchAction","target":{"@type":"EntryPoint","urlTemplate":"https:\/\/vosgesinfo.fr\/saintdieinfo\/?s={search_term_string}"},"query-input":"required name=search_term_string"}],"inLanguage":"fr-FR"},{"@type":"Organization","@id":"https:\/\/vosgesinfo.fr\/saintdieinfo\/#organization","name":"Saint Die Info","url":"https:\/\/vosgesinfo.fr\/saintdieinfo\/","logo":{"@type":"ImageObject","inLanguage":"fr-FR","@id":"https:\/\/vosgesinfo.fr\/saintdieinfo\/#\/schema\/logo\/image\/","url":"https:\/\/vosgesinfo.fr\/app\/uploads\/sites\/4\/2024\/02\/logo-sdi.jpg","contentUrl":"https:\/\/vosgesinfo.fr\/app\/uploads\/sites\/4\/2024\/02\/logo-sdi.jpg","width":600,"height":600,"caption":"Saint Die Info"},"image":{"@id":"https:\/\/vosgesinfo.fr\/saintdieinfo\/#\/schema\/logo\/image\/"},"sameAs":["https:\/\/www.facebook.com\/Saintdieinfofr","https:\/\/x.com\/VosgesInfo88","https:\/\/www.youtube.com\/@vosgesinfo"]},{"@type":"Person","@id":"https:\/\/vosgesinfo.fr\/saintdieinfo\/#\/schema\/person\/faee6704a21f3977511db84bd1cd450f","name":"la r\u00e9daction","image":{"@type":"ImageObject","inLanguage":"fr-FR","@id":"https:\/\/vosgesinfo.fr\/saintdieinfo\/#\/schema\/person\/image\/","url":"https:\/\/secure.gravatar.com\/avatar\/6673d8bc6a9c17fa9a453eaa3448de834fa308c2ec9635b7aa99441a7c8d2cf6?s=96&d=mm&r=g","contentUrl":"https:\/\/secure.gravatar.com\/avatar\/6673d8bc6a9c17fa9a453eaa3448de834fa308c2ec9635b7aa99441a7c8d2cf6?s=96&d=mm&r=g","caption":"la r\u00e9daction"},"url":"https:\/\/vosgesinfo.fr\/saintdieinfo\/author\/redac\/"}]}},"_links":{"self":[{"href":"https:\/\/vosgesinfo.fr\/saintdieinfo\/wp-json\/wp\/v2\/posts\/39776","targetHints":{"allow":["GET"]}}],"collection":[{"href":"https:\/\/vosgesinfo.fr\/saintdieinfo\/wp-json\/wp\/v2\/posts"}],"about":[{"href":"https:\/\/vosgesinfo.fr\/saintdieinfo\/wp-json\/wp\/v2\/types\/post"}],"author":[{"embeddable":true,"href":"https:\/\/vosgesinfo.fr\/saintdieinfo\/wp-json\/wp\/v2\/users\/44"}],"replies":[{"embeddable":true,"href":"https:\/\/vosgesinfo.fr\/saintdieinfo\/wp-json\/wp\/v2\/comments?post=39776"}],"version-history":[{"count":0,"href":"https:\/\/vosgesinfo.fr\/saintdieinfo\/wp-json\/wp\/v2\/posts\/39776\/revisions"}],"wp:featuredmedia":[{"embeddable":true,"href":"https:\/\/vosgesinfo.fr\/saintdieinfo\/wp-json\/wp\/v2\/media\/39777"}],"wp:attachment":[{"href":"https:\/\/vosgesinfo.fr\/saintdieinfo\/wp-json\/wp\/v2\/media?parent=39776"}],"wp:term":[{"taxonomy":"category","embeddable":true,"href":"https:\/\/vosgesinfo.fr\/saintdieinfo\/wp-json\/wp\/v2\/categories?post=39776"},{"taxonomy":"post_tag","embeddable":true,"href":"https:\/\/vosgesinfo.fr\/saintdieinfo\/wp-json\/wp\/v2\/tags?post=39776"}],"curies":[{"name":"wp","href":"https:\/\/api.w.org\/{rel}","templated":true}]}}