{"id":39834,"date":"2021-03-15T13:22:52","date_gmt":"2021-03-15T12:22:52","guid":{"rendered":"https:\/\/vosgesinfo.fr\/saintdieinfo\/2021\/03\/deploiement-numerique-se-poursuit-ecoles-deodatiennes\/"},"modified":"2021-03-15T13:22:52","modified_gmt":"2021-03-15T12:22:52","slug":"deploiement-numerique-se-poursuit-ecoles-deodatiennes","status":"publish","type":"post","link":"https:\/\/vosgesinfo.fr\/saintdieinfo\/2021\/03\/deploiement-numerique-se-poursuit-ecoles-deodatiennes\/","title":{"rendered":"Le d\u00e9ploiement du num\u00e9rique se poursuit dans les \u00e9coles d\u00e9odatiennes"},"content":{"rendered":"<div id=\"attachment_166921\" style=\"width: 810px\" class=\"wp-caption aligncenter\"><a href=\"\/2021\/03\/Remise_Tablettes_Ordinateurs_Ecoles-1.jpg\" target=\"_blank\" rel=\"noopener\"><img decoding=\"async\" aria-describedby=\"caption-attachment-166921\" class=\"wp-image-166921 size-full\" src=\"\/2021\/03\/Remise_Tablettes_Ordinateurs_Ecoles-1.jpg\" alt=\"Remise_Tablettes_Ordinateurs_Ecoles (1)\" width=\"800\" height=\"534\" \/><\/a><p id=\"caption-attachment-166921\" class=\"wp-caption-text\">(Photographies Marc Fourniquet)<\/p><\/div>\n<h2><strong><span style=\"font-family: Calibri, sans-serif;\"><span style=\"font-size: large;\">Des kits de tablettes num\u00e9riques pour les 5 classes ULIS de l&rsquo;\u00e9cole Georges-Damois et 14 ordinateurs netbooks pour 3 classes mobiles ont \u00e9t\u00e9 remis ce lundi matin par Boury Seck, adjointe d\u00e9l\u00e9gu\u00e9e \u00e0 l&rsquo;Education.<\/span><\/span><\/strong><\/h2>\n<p><!--more--><\/p>\n<p><span style=\"font-family: Calibri, sans-serif;\"><span style=\"font-size: large;\"><em>\u00ab\u00a0Pour anticiper l&rsquo;obsolescence de l&rsquo;outil informatique, la Ville de Saint-Di\u00e9-des-Vosges a pr\u00e9vu d&rsquo;investir d\u00e8s cette ann\u00e9e. Outre les 3 classes mobiles renouvel\u00e9es aujourd&rsquo;hui, les 5 autres \u00e9coles b\u00e9n\u00e9ficieront d&rsquo;un \u00e9quipement neuf dans les 2 ann\u00e9es \u00e0 venir. De m\u00eame, des kits de tablettes dot\u00e9es de logiciels adapt\u00e9s, gratuits et pr\u00e9conis\u00e9s par l&rsquo;Education Nationale, seront \u00e9galement fournis aux \u00e9coles maternelles de la ville. Par la suite, le renouvellement des tableaux blancs interactifs et des vid\u00e9oprojecteurs interactifs sera progressivement programm\u00e9\u00a0\u00bb<\/em> pr\u00e9cise l&rsquo;adjointe au maire.<\/span><\/span><\/p>\n<p><span style=\"font-family: Calibri, sans-serif;\"><span style=\"font-size: large;\">Et d&rsquo;ajouter que <em>\u00ab\u00a0les classes ULIS \u00e9taient les seuls parmi l&rsquo;ensemble des \u00e9coles \u00e9l\u00e9mentaires \u00e0 ne pas \u00eatre dot\u00e9es d&rsquo;un vid\u00e9oprojecteur interactif. Suite \u00e0 une concertation, des kits de 5 tablettes seront confi\u00e9es \u00e0 chacune des 5 classes ULIS. Ces kits vont permettre un travail individualis\u00e9 dans des classes o\u00f9 le niveau est souvent h\u00e9t\u00e9rog\u00e8ne.\u00a0\u00bb<\/em><br \/>\n<\/span><\/span><\/p>\n<p><span style=\"font-family: Calibri, sans-serif;\"><span style=\"font-size: large;\">Ces dotations repr\u00e9sentent un co\u00fbt de 33 573,45 euros, avec 7056 euros dans l&rsquo;achat de kits de 5 tablettes num\u00e9riques et 26 517,45 euros pour l&rsquo;achat des 14 netbooks.<\/span><\/span><\/p>\n\n","protected":false},"excerpt":{"rendered":"<p>Des kits de tablettes num\u00e9riques pour les 5 classes ULIS de l&rsquo;\u00e9cole Georges-Damois et 14 ordinateurs netbooks pour 3 classes [&hellip;]<\/p>\n","protected":false},"author":44,"featured_media":39835,"comment_status":"open","ping_status":"open","sticky":false,"template":"","format":"standard","meta":{"footnotes":""},"categories":[460,6,2915],"tags":[7985,7986,7987,7988],"class_list":["post-39834","post","type-post","status-publish","format-standard","has-post-thumbnail","hentry","category-a-la-une","category-education","category-saint-die-son-canton","tag-classes-mobiles","tag-classes-ulis","tag-deploiement-du-numerique-dans-les-ecoles-deodatiennes","tag-ecole-georges-darmois"],"acf":[],"yoast_head":"<!-- This site is optimized with the Yoast SEO plugin v22.5 - https:\/\/yoast.com\/wordpress\/plugins\/seo\/ -->\n<title>Le d\u00e9ploiement du num\u00e9rique se poursuit dans les \u00e9coles d\u00e9odatiennes - Saint Die Info<\/title>\n<meta name=\"robots\" content=\"index, follow, max-snippet:-1, max-image-preview:large, max-video-preview:-1\" \/>\n<link rel=\"canonical\" href=\"https:\/\/vosgesinfo.fr\/saintdieinfo\/2021\/03\/deploiement-numerique-se-poursuit-ecoles-deodatiennes\/\" \/>\n<meta name=\"twitter:card\" content=\"summary_large_image\" \/>\n<meta name=\"twitter:title\" content=\"Le d\u00e9ploiement du num\u00e9rique se poursuit dans les \u00e9coles d\u00e9odatiennes - Saint Die Info\" \/>\n<meta name=\"twitter:description\" content=\"Des kits de tablettes num\u00e9riques pour les 5 classes ULIS de l&rsquo;\u00e9cole Georges-Damois et 14 ordinateurs netbooks pour 3 classes [&hellip;]\" \/>\n<meta name=\"twitter:image\" content=\"https:\/\/vosgesinfo.fr\/app\/uploads\/sites\/4\/2024\/08\/202103remise-tablettes-ordinateurs-ecoles-1.jpg\" \/>\n<meta name=\"twitter:creator\" content=\"@VosgesInfo88\" \/>\n<meta name=\"twitter:site\" content=\"@VosgesInfo88\" \/>\n<meta name=\"twitter:label1\" content=\"\u00c9crit par\" \/>\n\t<meta name=\"twitter:data1\" content=\"la r\u00e9daction\" \/>\n\t<meta name=\"twitter:label2\" content=\"Dur\u00e9e de lecture estim\u00e9e\" \/>\n\t<meta name=\"twitter:data2\" content=\"1 minute\" \/>\n<script type=\"application\/ld+json\" class=\"yoast-schema-graph\">{\"@context\":\"https:\/\/schema.org\",\"@graph\":[{\"@type\":\"Article\",\"@id\":\"https:\/\/vosgesinfo.fr\/saintdieinfo\/2021\/03\/deploiement-numerique-se-poursuit-ecoles-deodatiennes\/#article\",\"isPartOf\":{\"@id\":\"https:\/\/vosgesinfo.fr\/saintdieinfo\/2021\/03\/deploiement-numerique-se-poursuit-ecoles-deodatiennes\/\"},\"author\":{\"name\":\"la r\u00e9daction\",\"@id\":\"https:\/\/vosgesinfo.fr\/saintdieinfo\/#\/schema\/person\/faee6704a21f3977511db84bd1cd450f\"},\"headline\":\"Le d\u00e9ploiement du num\u00e9rique se poursuit dans les \u00e9coles d\u00e9odatiennes\",\"datePublished\":\"2021-03-15T12:22:52+00:00\",\"dateModified\":\"2021-03-15T12:22:52+00:00\",\"mainEntityOfPage\":{\"@id\":\"https:\/\/vosgesinfo.fr\/saintdieinfo\/2021\/03\/deploiement-numerique-se-poursuit-ecoles-deodatiennes\/\"},\"wordCount\":252,\"commentCount\":0,\"publisher\":{\"@id\":\"https:\/\/vosgesinfo.fr\/saintdieinfo\/#organization\"},\"image\":{\"@id\":\"https:\/\/vosgesinfo.fr\/saintdieinfo\/2021\/03\/deploiement-numerique-se-poursuit-ecoles-deodatiennes\/#primaryimage\"},\"thumbnailUrl\":\"https:\/\/vosgesinfo.fr\/app\/uploads\/sites\/4\/2024\/08\/202103remise-tablettes-ordinateurs-ecoles-1.jpg\",\"keywords\":[\"Classes mobiles\",\"Classes ULIS\",\"D\u00e9ploiement du num\u00e9rique dans les \u00e9coles d\u00e9odatiennes\",\"Ecole Georges-Darmois\"],\"articleSection\":[\"A la Une\",\"\u00c9ducation\",\"Saint-Di\u00e9-des-Vosges et son Agglom\u00e9ration\"],\"inLanguage\":\"fr-FR\",\"potentialAction\":[{\"@type\":\"CommentAction\",\"name\":\"Comment\",\"target\":[\"https:\/\/vosgesinfo.fr\/saintdieinfo\/2021\/03\/deploiement-numerique-se-poursuit-ecoles-deodatiennes\/#respond\"]}]},{\"@type\":\"WebPage\",\"@id\":\"https:\/\/vosgesinfo.fr\/saintdieinfo\/2021\/03\/deploiement-numerique-se-poursuit-ecoles-deodatiennes\/\",\"url\":\"https:\/\/vosgesinfo.fr\/saintdieinfo\/2021\/03\/deploiement-numerique-se-poursuit-ecoles-deodatiennes\/\",\"name\":\"Le d\u00e9ploiement du num\u00e9rique se poursuit dans les \u00e9coles d\u00e9odatiennes - Saint Die Info\",\"isPartOf\":{\"@id\":\"https:\/\/vosgesinfo.fr\/saintdieinfo\/#website\"},\"primaryImageOfPage\":{\"@id\":\"https:\/\/vosgesinfo.fr\/saintdieinfo\/2021\/03\/deploiement-numerique-se-poursuit-ecoles-deodatiennes\/#primaryimage\"},\"image\":{\"@id\":\"https:\/\/vosgesinfo.fr\/saintdieinfo\/2021\/03\/deploiement-numerique-se-poursuit-ecoles-deodatiennes\/#primaryimage\"},\"thumbnailUrl\":\"https:\/\/vosgesinfo.fr\/app\/uploads\/sites\/4\/2024\/08\/202103remise-tablettes-ordinateurs-ecoles-1.jpg\",\"datePublished\":\"2021-03-15T12:22:52+00:00\",\"dateModified\":\"2021-03-15T12:22:52+00:00\",\"breadcrumb\":{\"@id\":\"https:\/\/vosgesinfo.fr\/saintdieinfo\/2021\/03\/deploiement-numerique-se-poursuit-ecoles-deodatiennes\/#breadcrumb\"},\"inLanguage\":\"fr-FR\",\"potentialAction\":[{\"@type\":\"ReadAction\",\"target\":[\"https:\/\/vosgesinfo.fr\/saintdieinfo\/2021\/03\/deploiement-numerique-se-poursuit-ecoles-deodatiennes\/\"]}]},{\"@type\":\"ImageObject\",\"inLanguage\":\"fr-FR\",\"@id\":\"https:\/\/vosgesinfo.fr\/saintdieinfo\/2021\/03\/deploiement-numerique-se-poursuit-ecoles-deodatiennes\/#primaryimage\",\"url\":\"https:\/\/vosgesinfo.fr\/app\/uploads\/sites\/4\/2024\/08\/202103remise-tablettes-ordinateurs-ecoles-1.jpg\",\"contentUrl\":\"https:\/\/vosgesinfo.fr\/app\/uploads\/sites\/4\/2024\/08\/202103remise-tablettes-ordinateurs-ecoles-1.jpg\",\"width\":800,\"height\":534},{\"@type\":\"BreadcrumbList\",\"@id\":\"https:\/\/vosgesinfo.fr\/saintdieinfo\/2021\/03\/deploiement-numerique-se-poursuit-ecoles-deodatiennes\/#breadcrumb\",\"itemListElement\":[{\"@type\":\"ListItem\",\"position\":1,\"name\":\"Home\",\"item\":\"https:\/\/vosgesinfo.fr\/saintdieinfo\/\"},{\"@type\":\"ListItem\",\"position\":2,\"name\":\"Le d\u00e9ploiement du num\u00e9rique se poursuit dans les \u00e9coles d\u00e9odatiennes\"}]},{\"@type\":\"WebSite\",\"@id\":\"https:\/\/vosgesinfo.fr\/saintdieinfo\/#website\",\"url\":\"https:\/\/vosgesinfo.fr\/saintdieinfo\/\",\"name\":\"Saint Die Info\",\"description\":\"Toute l&#039;actualit\u00e9 de Saint-Di\u00e9-Des-Vosges\",\"publisher\":{\"@id\":\"https:\/\/vosgesinfo.fr\/saintdieinfo\/#organization\"},\"alternateName\":\"Toute l'actualit\u00e9 de Saint-Di\u00e9-Des-Vosges\",\"potentialAction\":[{\"@type\":\"SearchAction\",\"target\":{\"@type\":\"EntryPoint\",\"urlTemplate\":\"https:\/\/vosgesinfo.fr\/saintdieinfo\/?s={search_term_string}\"},\"query-input\":\"required name=search_term_string\"}],\"inLanguage\":\"fr-FR\"},{\"@type\":\"Organization\",\"@id\":\"https:\/\/vosgesinfo.fr\/saintdieinfo\/#organization\",\"name\":\"Saint Die Info\",\"url\":\"https:\/\/vosgesinfo.fr\/saintdieinfo\/\",\"logo\":{\"@type\":\"ImageObject\",\"inLanguage\":\"fr-FR\",\"@id\":\"https:\/\/vosgesinfo.fr\/saintdieinfo\/#\/schema\/logo\/image\/\",\"url\":\"https:\/\/vosgesinfo.fr\/app\/uploads\/sites\/4\/2024\/02\/logo-sdi.jpg\",\"contentUrl\":\"https:\/\/vosgesinfo.fr\/app\/uploads\/sites\/4\/2024\/02\/logo-sdi.jpg\",\"width\":600,\"height\":600,\"caption\":\"Saint Die Info\"},\"image\":{\"@id\":\"https:\/\/vosgesinfo.fr\/saintdieinfo\/#\/schema\/logo\/image\/\"},\"sameAs\":[\"https:\/\/www.facebook.com\/Saintdieinfofr\",\"https:\/\/x.com\/VosgesInfo88\",\"https:\/\/www.youtube.com\/@vosgesinfo\"]},{\"@type\":\"Person\",\"@id\":\"https:\/\/vosgesinfo.fr\/saintdieinfo\/#\/schema\/person\/faee6704a21f3977511db84bd1cd450f\",\"name\":\"la r\u00e9daction\",\"image\":{\"@type\":\"ImageObject\",\"inLanguage\":\"fr-FR\",\"@id\":\"https:\/\/vosgesinfo.fr\/saintdieinfo\/#\/schema\/person\/image\/\",\"url\":\"https:\/\/secure.gravatar.com\/avatar\/6673d8bc6a9c17fa9a453eaa3448de834fa308c2ec9635b7aa99441a7c8d2cf6?s=96&d=mm&r=g\",\"contentUrl\":\"https:\/\/secure.gravatar.com\/avatar\/6673d8bc6a9c17fa9a453eaa3448de834fa308c2ec9635b7aa99441a7c8d2cf6?s=96&d=mm&r=g\",\"caption\":\"la r\u00e9daction\"},\"url\":\"https:\/\/vosgesinfo.fr\/saintdieinfo\/author\/redac\/\"}]}<\/script>\n<!-- \/ Yoast SEO plugin. -->","yoast_head_json":{"title":"Le d\u00e9ploiement du num\u00e9rique se poursuit dans les \u00e9coles d\u00e9odatiennes - Saint Die Info","robots":{"index":"index","follow":"follow","max-snippet":"max-snippet:-1","max-image-preview":"max-image-preview:large","max-video-preview":"max-video-preview:-1"},"canonical":"https:\/\/vosgesinfo.fr\/saintdieinfo\/2021\/03\/deploiement-numerique-se-poursuit-ecoles-deodatiennes\/","twitter_card":"summary_large_image","twitter_title":"Le d\u00e9ploiement du num\u00e9rique se poursuit dans les \u00e9coles d\u00e9odatiennes - Saint Die Info","twitter_description":"Des kits de tablettes num\u00e9riques pour les 5 classes ULIS de l&rsquo;\u00e9cole Georges-Damois et 14 ordinateurs netbooks pour 3 classes [&hellip;]","twitter_image":"https:\/\/vosgesinfo.fr\/app\/uploads\/sites\/4\/2024\/08\/202103remise-tablettes-ordinateurs-ecoles-1.jpg","twitter_creator":"@VosgesInfo88","twitter_site":"@VosgesInfo88","twitter_misc":{"\u00c9crit par":"la r\u00e9daction","Dur\u00e9e de lecture estim\u00e9e":"1 minute"},"schema":{"@context":"https:\/\/schema.org","@graph":[{"@type":"Article","@id":"https:\/\/vosgesinfo.fr\/saintdieinfo\/2021\/03\/deploiement-numerique-se-poursuit-ecoles-deodatiennes\/#article","isPartOf":{"@id":"https:\/\/vosgesinfo.fr\/saintdieinfo\/2021\/03\/deploiement-numerique-se-poursuit-ecoles-deodatiennes\/"},"author":{"name":"la r\u00e9daction","@id":"https:\/\/vosgesinfo.fr\/saintdieinfo\/#\/schema\/person\/faee6704a21f3977511db84bd1cd450f"},"headline":"Le d\u00e9ploiement du num\u00e9rique se poursuit dans les \u00e9coles d\u00e9odatiennes","datePublished":"2021-03-15T12:22:52+00:00","dateModified":"2021-03-15T12:22:52+00:00","mainEntityOfPage":{"@id":"https:\/\/vosgesinfo.fr\/saintdieinfo\/2021\/03\/deploiement-numerique-se-poursuit-ecoles-deodatiennes\/"},"wordCount":252,"commentCount":0,"publisher":{"@id":"https:\/\/vosgesinfo.fr\/saintdieinfo\/#organization"},"image":{"@id":"https:\/\/vosgesinfo.fr\/saintdieinfo\/2021\/03\/deploiement-numerique-se-poursuit-ecoles-deodatiennes\/#primaryimage"},"thumbnailUrl":"https:\/\/vosgesinfo.fr\/app\/uploads\/sites\/4\/2024\/08\/202103remise-tablettes-ordinateurs-ecoles-1.jpg","keywords":["Classes mobiles","Classes ULIS","D\u00e9ploiement du num\u00e9rique dans les \u00e9coles d\u00e9odatiennes","Ecole Georges-Darmois"],"articleSection":["A la Une","\u00c9ducation","Saint-Di\u00e9-des-Vosges et son Agglom\u00e9ration"],"inLanguage":"fr-FR","potentialAction":[{"@type":"CommentAction","name":"Comment","target":["https:\/\/vosgesinfo.fr\/saintdieinfo\/2021\/03\/deploiement-numerique-se-poursuit-ecoles-deodatiennes\/#respond"]}]},{"@type":"WebPage","@id":"https:\/\/vosgesinfo.fr\/saintdieinfo\/2021\/03\/deploiement-numerique-se-poursuit-ecoles-deodatiennes\/","url":"https:\/\/vosgesinfo.fr\/saintdieinfo\/2021\/03\/deploiement-numerique-se-poursuit-ecoles-deodatiennes\/","name":"Le d\u00e9ploiement du num\u00e9rique se poursuit dans les \u00e9coles d\u00e9odatiennes - Saint Die Info","isPartOf":{"@id":"https:\/\/vosgesinfo.fr\/saintdieinfo\/#website"},"primaryImageOfPage":{"@id":"https:\/\/vosgesinfo.fr\/saintdieinfo\/2021\/03\/deploiement-numerique-se-poursuit-ecoles-deodatiennes\/#primaryimage"},"image":{"@id":"https:\/\/vosgesinfo.fr\/saintdieinfo\/2021\/03\/deploiement-numerique-se-poursuit-ecoles-deodatiennes\/#primaryimage"},"thumbnailUrl":"https:\/\/vosgesinfo.fr\/app\/uploads\/sites\/4\/2024\/08\/202103remise-tablettes-ordinateurs-ecoles-1.jpg","datePublished":"2021-03-15T12:22:52+00:00","dateModified":"2021-03-15T12:22:52+00:00","breadcrumb":{"@id":"https:\/\/vosgesinfo.fr\/saintdieinfo\/2021\/03\/deploiement-numerique-se-poursuit-ecoles-deodatiennes\/#breadcrumb"},"inLanguage":"fr-FR","potentialAction":[{"@type":"ReadAction","target":["https:\/\/vosgesinfo.fr\/saintdieinfo\/2021\/03\/deploiement-numerique-se-poursuit-ecoles-deodatiennes\/"]}]},{"@type":"ImageObject","inLanguage":"fr-FR","@id":"https:\/\/vosgesinfo.fr\/saintdieinfo\/2021\/03\/deploiement-numerique-se-poursuit-ecoles-deodatiennes\/#primaryimage","url":"https:\/\/vosgesinfo.fr\/app\/uploads\/sites\/4\/2024\/08\/202103remise-tablettes-ordinateurs-ecoles-1.jpg","contentUrl":"https:\/\/vosgesinfo.fr\/app\/uploads\/sites\/4\/2024\/08\/202103remise-tablettes-ordinateurs-ecoles-1.jpg","width":800,"height":534},{"@type":"BreadcrumbList","@id":"https:\/\/vosgesinfo.fr\/saintdieinfo\/2021\/03\/deploiement-numerique-se-poursuit-ecoles-deodatiennes\/#breadcrumb","itemListElement":[{"@type":"ListItem","position":1,"name":"Home","item":"https:\/\/vosgesinfo.fr\/saintdieinfo\/"},{"@type":"ListItem","position":2,"name":"Le d\u00e9ploiement du num\u00e9rique se poursuit dans les \u00e9coles d\u00e9odatiennes"}]},{"@type":"WebSite","@id":"https:\/\/vosgesinfo.fr\/saintdieinfo\/#website","url":"https:\/\/vosgesinfo.fr\/saintdieinfo\/","name":"Saint Die Info","description":"Toute l&#039;actualit\u00e9 de Saint-Di\u00e9-Des-Vosges","publisher":{"@id":"https:\/\/vosgesinfo.fr\/saintdieinfo\/#organization"},"alternateName":"Toute l'actualit\u00e9 de Saint-Di\u00e9-Des-Vosges","potentialAction":[{"@type":"SearchAction","target":{"@type":"EntryPoint","urlTemplate":"https:\/\/vosgesinfo.fr\/saintdieinfo\/?s={search_term_string}"},"query-input":"required name=search_term_string"}],"inLanguage":"fr-FR"},{"@type":"Organization","@id":"https:\/\/vosgesinfo.fr\/saintdieinfo\/#organization","name":"Saint Die Info","url":"https:\/\/vosgesinfo.fr\/saintdieinfo\/","logo":{"@type":"ImageObject","inLanguage":"fr-FR","@id":"https:\/\/vosgesinfo.fr\/saintdieinfo\/#\/schema\/logo\/image\/","url":"https:\/\/vosgesinfo.fr\/app\/uploads\/sites\/4\/2024\/02\/logo-sdi.jpg","contentUrl":"https:\/\/vosgesinfo.fr\/app\/uploads\/sites\/4\/2024\/02\/logo-sdi.jpg","width":600,"height":600,"caption":"Saint Die Info"},"image":{"@id":"https:\/\/vosgesinfo.fr\/saintdieinfo\/#\/schema\/logo\/image\/"},"sameAs":["https:\/\/www.facebook.com\/Saintdieinfofr","https:\/\/x.com\/VosgesInfo88","https:\/\/www.youtube.com\/@vosgesinfo"]},{"@type":"Person","@id":"https:\/\/vosgesinfo.fr\/saintdieinfo\/#\/schema\/person\/faee6704a21f3977511db84bd1cd450f","name":"la r\u00e9daction","image":{"@type":"ImageObject","inLanguage":"fr-FR","@id":"https:\/\/vosgesinfo.fr\/saintdieinfo\/#\/schema\/person\/image\/","url":"https:\/\/secure.gravatar.com\/avatar\/6673d8bc6a9c17fa9a453eaa3448de834fa308c2ec9635b7aa99441a7c8d2cf6?s=96&d=mm&r=g","contentUrl":"https:\/\/secure.gravatar.com\/avatar\/6673d8bc6a9c17fa9a453eaa3448de834fa308c2ec9635b7aa99441a7c8d2cf6?s=96&d=mm&r=g","caption":"la r\u00e9daction"},"url":"https:\/\/vosgesinfo.fr\/saintdieinfo\/author\/redac\/"}]}},"_links":{"self":[{"href":"https:\/\/vosgesinfo.fr\/saintdieinfo\/wp-json\/wp\/v2\/posts\/39834","targetHints":{"allow":["GET"]}}],"collection":[{"href":"https:\/\/vosgesinfo.fr\/saintdieinfo\/wp-json\/wp\/v2\/posts"}],"about":[{"href":"https:\/\/vosgesinfo.fr\/saintdieinfo\/wp-json\/wp\/v2\/types\/post"}],"author":[{"embeddable":true,"href":"https:\/\/vosgesinfo.fr\/saintdieinfo\/wp-json\/wp\/v2\/users\/44"}],"replies":[{"embeddable":true,"href":"https:\/\/vosgesinfo.fr\/saintdieinfo\/wp-json\/wp\/v2\/comments?post=39834"}],"version-history":[{"count":0,"href":"https:\/\/vosgesinfo.fr\/saintdieinfo\/wp-json\/wp\/v2\/posts\/39834\/revisions"}],"wp:featuredmedia":[{"embeddable":true,"href":"https:\/\/vosgesinfo.fr\/saintdieinfo\/wp-json\/wp\/v2\/media\/39835"}],"wp:attachment":[{"href":"https:\/\/vosgesinfo.fr\/saintdieinfo\/wp-json\/wp\/v2\/media?parent=39834"}],"wp:term":[{"taxonomy":"category","embeddable":true,"href":"https:\/\/vosgesinfo.fr\/saintdieinfo\/wp-json\/wp\/v2\/categories?post=39834"},{"taxonomy":"post_tag","embeddable":true,"href":"https:\/\/vosgesinfo.fr\/saintdieinfo\/wp-json\/wp\/v2\/tags?post=39834"}],"curies":[{"name":"wp","href":"https:\/\/api.w.org\/{rel}","templated":true}]}}