{"id":39886,"date":"2021-03-19T14:44:44","date_gmt":"2021-03-19T13:44:44","guid":{"rendered":"https:\/\/vosgesinfo.fr\/saintdieinfo\/2021\/03\/malgre-covid-victimes-de-guerre-dalgerie-combats-tunisie-maroc-nont-ete-oubliees\/"},"modified":"2021-03-19T14:44:44","modified_gmt":"2021-03-19T13:44:44","slug":"malgre-covid-victimes-de-guerre-dalgerie-combats-tunisie-maroc-nont-ete-oubliees","status":"publish","type":"post","link":"https:\/\/vosgesinfo.fr\/saintdieinfo\/2021\/03\/malgre-covid-victimes-de-guerre-dalgerie-combats-tunisie-maroc-nont-ete-oubliees\/","title":{"rendered":"Malgr\u00e9 le COVID, les victimes de la guerre d\u2019Alg\u00e9rie et des combats en Tunisie et au Maroc n&rsquo;ont pas \u00e9t\u00e9 oubli\u00e9es"},"content":{"rendered":"\n<h3><span style=\"font-size: 12pt;\"><br \/>\nEn d\u00e9pit de la crise sanitaire, la municipalit\u00e9 avait tenu \u00e0 maintenir la traditionnelle c\u00e9r\u00e9monie destin\u00e9e \u00e0 honorer la m\u00e9moire des victimes militaires et civiles de la guerre d\u2019Alg\u00e9rie et des combats en Tunisie et au Maroc.<\/span><\/h3>\n<p><span style=\"font-size: 12pt;\"><br \/>\nC\u00e9r\u00e9monie programm\u00e9e le 19 mars un peu partout en France comme \u00e0 Saint Di\u00e9 o\u00f9 elle s&rsquo;est d\u00e9roul\u00e9e sous une petite neige du c\u00f4t\u00e9 de la place du 19 mars 1962. Effectif r\u00e9duit pour cet hommage avec la pr\u00e9sence de l\u2019adjointe au maire, d\u00e9l\u00e9gu\u00e9e \u00e0 la M\u00e9moire, Colette Dauphin ; de la Sous-Pr\u00e9f\u00e8te Carole Dabrigeon, et de repr\u00e9sentants des autorit\u00e9s militaires ainsi que d\u2019associations patriotiques, notamment Christian Martel, pr\u00e9sident de la F\u00e9d\u00e9ration des Anciens Combattants d\u2019Afrique du Nord, section de Saint-Di\u00e9-des-Vosges.<br \/>\n<\/span><\/p>\n<p><span style=\"font-size: 12pt;\">Apr\u00e8s un premier d\u00e9p\u00f4t de gerbe, c\u2019est au pied du monument aux morts de la ville que ce moment de recueillement s\u2019est poursuivi, avec la lecture du manifeste national de la FNACA par le secr\u00e9taire de l\u2019association patriotique locale, Jacques Vincent. Pour sa art,<\/span><span style=\"font-size: 12pt;\"> Carole Dabrigeon a proc\u00e9d\u00e9 \u00e0 la l<\/span><span style=\"font-size: 12pt;\">ecture du message de Genevi\u00e8ve Darrieussecq, Ministre d\u00e9l\u00e9gu\u00e9e aupr\u00e8s de la ministre des Arm\u00e9es, charg\u00e9e de la M\u00e9moire et des Anciens combattants.<br \/>\nCette matin\u00e9e comm\u00e9morative c&rsquo;est enfin achev\u00e9e avec deux d\u00e9p\u00f4ts de gerbes par la FNACA et les autorit\u00e9s, la Sonnerie aux Morts, l&rsquo;incontournable Marseillaise ainsi que le salut aux porte-drapeaux.<br \/>\n<\/span><\/p>\n","protected":false},"excerpt":{"rendered":"<p>En d\u00e9pit de la crise sanitaire, la municipalit\u00e9 avait tenu \u00e0 maintenir la traditionnelle c\u00e9r\u00e9monie destin\u00e9e \u00e0 honorer la m\u00e9moire [&hellip;]<\/p>\n","protected":false},"author":44,"featured_media":39887,"comment_status":"open","ping_status":"open","sticky":false,"template":"","format":"standard","meta":{"footnotes":""},"categories":[460,2915],"tags":[8001],"class_list":["post-39886","post","type-post","status-publish","format-standard","has-post-thumbnail","hentry","category-a-la-une","category-saint-die-son-canton","tag-journee-nationale-dhommage-aux-morts-pour-la-france-pendant-la-guerre-dalgerie-et-les-combats-du-maroc-et-de-la-tunisie"],"acf":[],"yoast_head":"<!-- This site is optimized with the Yoast SEO plugin v22.5 - https:\/\/yoast.com\/wordpress\/plugins\/seo\/ -->\n<title>Malgr\u00e9 le COVID, les victimes de la guerre d\u2019Alg\u00e9rie et des combats en Tunisie et au Maroc n&#039;ont pas \u00e9t\u00e9 oubli\u00e9es - Saint Die Info<\/title>\n<meta name=\"robots\" content=\"index, follow, max-snippet:-1, max-image-preview:large, max-video-preview:-1\" \/>\n<link rel=\"canonical\" href=\"https:\/\/vosgesinfo.fr\/saintdieinfo\/2021\/03\/malgre-covid-victimes-de-guerre-dalgerie-combats-tunisie-maroc-nont-ete-oubliees\/\" \/>\n<meta name=\"twitter:card\" content=\"summary_large_image\" \/>\n<meta name=\"twitter:title\" content=\"Malgr\u00e9 le COVID, les victimes de la guerre d\u2019Alg\u00e9rie et des combats en Tunisie et au Maroc n&#039;ont pas \u00e9t\u00e9 oubli\u00e9es - Saint Die Info\" \/>\n<meta name=\"twitter:description\" content=\"En d\u00e9pit de la crise sanitaire, la municipalit\u00e9 avait tenu \u00e0 maintenir la traditionnelle c\u00e9r\u00e9monie destin\u00e9e \u00e0 honorer la m\u00e9moire [&hellip;]\" \/>\n<meta name=\"twitter:image\" content=\"https:\/\/vosgesinfo.fr\/app\/uploads\/sites\/4\/2024\/08\/202103ceremonie-1.jpg\" \/>\n<meta name=\"twitter:creator\" content=\"@VosgesInfo88\" \/>\n<meta name=\"twitter:site\" content=\"@VosgesInfo88\" \/>\n<meta name=\"twitter:label1\" content=\"\u00c9crit par\" \/>\n\t<meta name=\"twitter:data1\" content=\"la r\u00e9daction\" \/>\n\t<meta name=\"twitter:label2\" content=\"Dur\u00e9e de lecture estim\u00e9e\" \/>\n\t<meta name=\"twitter:data2\" content=\"1 minute\" \/>\n<script type=\"application\/ld+json\" class=\"yoast-schema-graph\">{\"@context\":\"https:\/\/schema.org\",\"@graph\":[{\"@type\":\"Article\",\"@id\":\"https:\/\/vosgesinfo.fr\/saintdieinfo\/2021\/03\/malgre-covid-victimes-de-guerre-dalgerie-combats-tunisie-maroc-nont-ete-oubliees\/#article\",\"isPartOf\":{\"@id\":\"https:\/\/vosgesinfo.fr\/saintdieinfo\/2021\/03\/malgre-covid-victimes-de-guerre-dalgerie-combats-tunisie-maroc-nont-ete-oubliees\/\"},\"author\":{\"name\":\"la r\u00e9daction\",\"@id\":\"https:\/\/vosgesinfo.fr\/saintdieinfo\/#\/schema\/person\/faee6704a21f3977511db84bd1cd450f\"},\"headline\":\"Malgr\u00e9 le COVID, les victimes de la guerre d\u2019Alg\u00e9rie et des combats en Tunisie et au Maroc n&rsquo;ont pas \u00e9t\u00e9 oubli\u00e9es\",\"datePublished\":\"2021-03-19T13:44:44+00:00\",\"dateModified\":\"2021-03-19T13:44:44+00:00\",\"mainEntityOfPage\":{\"@id\":\"https:\/\/vosgesinfo.fr\/saintdieinfo\/2021\/03\/malgre-covid-victimes-de-guerre-dalgerie-combats-tunisie-maroc-nont-ete-oubliees\/\"},\"wordCount\":299,\"commentCount\":0,\"publisher\":{\"@id\":\"https:\/\/vosgesinfo.fr\/saintdieinfo\/#organization\"},\"image\":{\"@id\":\"https:\/\/vosgesinfo.fr\/saintdieinfo\/2021\/03\/malgre-covid-victimes-de-guerre-dalgerie-combats-tunisie-maroc-nont-ete-oubliees\/#primaryimage\"},\"thumbnailUrl\":\"https:\/\/vosgesinfo.fr\/app\/uploads\/sites\/4\/2024\/08\/202103ceremonie-1.jpg\",\"keywords\":[\"Journ\u00e9e nationale d'hommage aux morts pour la France pendant la guerre d'Alg\u00e9rie et les combats du Maroc et de la Tunisie\"],\"articleSection\":[\"A la Une\",\"Saint-Di\u00e9-des-Vosges et son Agglom\u00e9ration\"],\"inLanguage\":\"fr-FR\",\"potentialAction\":[{\"@type\":\"CommentAction\",\"name\":\"Comment\",\"target\":[\"https:\/\/vosgesinfo.fr\/saintdieinfo\/2021\/03\/malgre-covid-victimes-de-guerre-dalgerie-combats-tunisie-maroc-nont-ete-oubliees\/#respond\"]}]},{\"@type\":\"WebPage\",\"@id\":\"https:\/\/vosgesinfo.fr\/saintdieinfo\/2021\/03\/malgre-covid-victimes-de-guerre-dalgerie-combats-tunisie-maroc-nont-ete-oubliees\/\",\"url\":\"https:\/\/vosgesinfo.fr\/saintdieinfo\/2021\/03\/malgre-covid-victimes-de-guerre-dalgerie-combats-tunisie-maroc-nont-ete-oubliees\/\",\"name\":\"Malgr\u00e9 le COVID, les victimes de la guerre d\u2019Alg\u00e9rie et des combats en Tunisie et au Maroc n'ont pas \u00e9t\u00e9 oubli\u00e9es - Saint Die Info\",\"isPartOf\":{\"@id\":\"https:\/\/vosgesinfo.fr\/saintdieinfo\/#website\"},\"primaryImageOfPage\":{\"@id\":\"https:\/\/vosgesinfo.fr\/saintdieinfo\/2021\/03\/malgre-covid-victimes-de-guerre-dalgerie-combats-tunisie-maroc-nont-ete-oubliees\/#primaryimage\"},\"image\":{\"@id\":\"https:\/\/vosgesinfo.fr\/saintdieinfo\/2021\/03\/malgre-covid-victimes-de-guerre-dalgerie-combats-tunisie-maroc-nont-ete-oubliees\/#primaryimage\"},\"thumbnailUrl\":\"https:\/\/vosgesinfo.fr\/app\/uploads\/sites\/4\/2024\/08\/202103ceremonie-1.jpg\",\"datePublished\":\"2021-03-19T13:44:44+00:00\",\"dateModified\":\"2021-03-19T13:44:44+00:00\",\"breadcrumb\":{\"@id\":\"https:\/\/vosgesinfo.fr\/saintdieinfo\/2021\/03\/malgre-covid-victimes-de-guerre-dalgerie-combats-tunisie-maroc-nont-ete-oubliees\/#breadcrumb\"},\"inLanguage\":\"fr-FR\",\"potentialAction\":[{\"@type\":\"ReadAction\",\"target\":[\"https:\/\/vosgesinfo.fr\/saintdieinfo\/2021\/03\/malgre-covid-victimes-de-guerre-dalgerie-combats-tunisie-maroc-nont-ete-oubliees\/\"]}]},{\"@type\":\"ImageObject\",\"inLanguage\":\"fr-FR\",\"@id\":\"https:\/\/vosgesinfo.fr\/saintdieinfo\/2021\/03\/malgre-covid-victimes-de-guerre-dalgerie-combats-tunisie-maroc-nont-ete-oubliees\/#primaryimage\",\"url\":\"https:\/\/vosgesinfo.fr\/app\/uploads\/sites\/4\/2024\/08\/202103ceremonie-1.jpg\",\"contentUrl\":\"https:\/\/vosgesinfo.fr\/app\/uploads\/sites\/4\/2024\/08\/202103ceremonie-1.jpg\",\"width\":800,\"height\":600},{\"@type\":\"BreadcrumbList\",\"@id\":\"https:\/\/vosgesinfo.fr\/saintdieinfo\/2021\/03\/malgre-covid-victimes-de-guerre-dalgerie-combats-tunisie-maroc-nont-ete-oubliees\/#breadcrumb\",\"itemListElement\":[{\"@type\":\"ListItem\",\"position\":1,\"name\":\"Home\",\"item\":\"https:\/\/vosgesinfo.fr\/saintdieinfo\/\"},{\"@type\":\"ListItem\",\"position\":2,\"name\":\"Malgr\u00e9 le COVID, les victimes de la guerre d\u2019Alg\u00e9rie et des combats en Tunisie et au Maroc n&rsquo;ont pas \u00e9t\u00e9 oubli\u00e9es\"}]},{\"@type\":\"WebSite\",\"@id\":\"https:\/\/vosgesinfo.fr\/saintdieinfo\/#website\",\"url\":\"https:\/\/vosgesinfo.fr\/saintdieinfo\/\",\"name\":\"Saint Die Info\",\"description\":\"Toute l&#039;actualit\u00e9 de Saint-Di\u00e9-Des-Vosges\",\"publisher\":{\"@id\":\"https:\/\/vosgesinfo.fr\/saintdieinfo\/#organization\"},\"alternateName\":\"Toute l'actualit\u00e9 de Saint-Di\u00e9-Des-Vosges\",\"potentialAction\":[{\"@type\":\"SearchAction\",\"target\":{\"@type\":\"EntryPoint\",\"urlTemplate\":\"https:\/\/vosgesinfo.fr\/saintdieinfo\/?s={search_term_string}\"},\"query-input\":\"required name=search_term_string\"}],\"inLanguage\":\"fr-FR\"},{\"@type\":\"Organization\",\"@id\":\"https:\/\/vosgesinfo.fr\/saintdieinfo\/#organization\",\"name\":\"Saint Die Info\",\"url\":\"https:\/\/vosgesinfo.fr\/saintdieinfo\/\",\"logo\":{\"@type\":\"ImageObject\",\"inLanguage\":\"fr-FR\",\"@id\":\"https:\/\/vosgesinfo.fr\/saintdieinfo\/#\/schema\/logo\/image\/\",\"url\":\"https:\/\/vosgesinfo.fr\/app\/uploads\/sites\/4\/2024\/02\/logo-sdi.jpg\",\"contentUrl\":\"https:\/\/vosgesinfo.fr\/app\/uploads\/sites\/4\/2024\/02\/logo-sdi.jpg\",\"width\":600,\"height\":600,\"caption\":\"Saint Die Info\"},\"image\":{\"@id\":\"https:\/\/vosgesinfo.fr\/saintdieinfo\/#\/schema\/logo\/image\/\"},\"sameAs\":[\"https:\/\/www.facebook.com\/Saintdieinfofr\",\"https:\/\/x.com\/VosgesInfo88\",\"https:\/\/www.youtube.com\/@vosgesinfo\"]},{\"@type\":\"Person\",\"@id\":\"https:\/\/vosgesinfo.fr\/saintdieinfo\/#\/schema\/person\/faee6704a21f3977511db84bd1cd450f\",\"name\":\"la r\u00e9daction\",\"image\":{\"@type\":\"ImageObject\",\"inLanguage\":\"fr-FR\",\"@id\":\"https:\/\/vosgesinfo.fr\/saintdieinfo\/#\/schema\/person\/image\/\",\"url\":\"https:\/\/secure.gravatar.com\/avatar\/6673d8bc6a9c17fa9a453eaa3448de834fa308c2ec9635b7aa99441a7c8d2cf6?s=96&d=mm&r=g\",\"contentUrl\":\"https:\/\/secure.gravatar.com\/avatar\/6673d8bc6a9c17fa9a453eaa3448de834fa308c2ec9635b7aa99441a7c8d2cf6?s=96&d=mm&r=g\",\"caption\":\"la r\u00e9daction\"},\"url\":\"https:\/\/vosgesinfo.fr\/saintdieinfo\/author\/redac\/\"}]}<\/script>\n<!-- \/ Yoast SEO plugin. -->","yoast_head_json":{"title":"Malgr\u00e9 le COVID, les victimes de la guerre d\u2019Alg\u00e9rie et des combats en Tunisie et au Maroc n'ont pas \u00e9t\u00e9 oubli\u00e9es - Saint Die Info","robots":{"index":"index","follow":"follow","max-snippet":"max-snippet:-1","max-image-preview":"max-image-preview:large","max-video-preview":"max-video-preview:-1"},"canonical":"https:\/\/vosgesinfo.fr\/saintdieinfo\/2021\/03\/malgre-covid-victimes-de-guerre-dalgerie-combats-tunisie-maroc-nont-ete-oubliees\/","twitter_card":"summary_large_image","twitter_title":"Malgr\u00e9 le COVID, les victimes de la guerre d\u2019Alg\u00e9rie et des combats en Tunisie et au Maroc n'ont pas \u00e9t\u00e9 oubli\u00e9es - Saint Die Info","twitter_description":"En d\u00e9pit de la crise sanitaire, la municipalit\u00e9 avait tenu \u00e0 maintenir la traditionnelle c\u00e9r\u00e9monie destin\u00e9e \u00e0 honorer la m\u00e9moire [&hellip;]","twitter_image":"https:\/\/vosgesinfo.fr\/app\/uploads\/sites\/4\/2024\/08\/202103ceremonie-1.jpg","twitter_creator":"@VosgesInfo88","twitter_site":"@VosgesInfo88","twitter_misc":{"\u00c9crit par":"la r\u00e9daction","Dur\u00e9e de lecture estim\u00e9e":"1 minute"},"schema":{"@context":"https:\/\/schema.org","@graph":[{"@type":"Article","@id":"https:\/\/vosgesinfo.fr\/saintdieinfo\/2021\/03\/malgre-covid-victimes-de-guerre-dalgerie-combats-tunisie-maroc-nont-ete-oubliees\/#article","isPartOf":{"@id":"https:\/\/vosgesinfo.fr\/saintdieinfo\/2021\/03\/malgre-covid-victimes-de-guerre-dalgerie-combats-tunisie-maroc-nont-ete-oubliees\/"},"author":{"name":"la r\u00e9daction","@id":"https:\/\/vosgesinfo.fr\/saintdieinfo\/#\/schema\/person\/faee6704a21f3977511db84bd1cd450f"},"headline":"Malgr\u00e9 le COVID, les victimes de la guerre d\u2019Alg\u00e9rie et des combats en Tunisie et au Maroc n&rsquo;ont pas \u00e9t\u00e9 oubli\u00e9es","datePublished":"2021-03-19T13:44:44+00:00","dateModified":"2021-03-19T13:44:44+00:00","mainEntityOfPage":{"@id":"https:\/\/vosgesinfo.fr\/saintdieinfo\/2021\/03\/malgre-covid-victimes-de-guerre-dalgerie-combats-tunisie-maroc-nont-ete-oubliees\/"},"wordCount":299,"commentCount":0,"publisher":{"@id":"https:\/\/vosgesinfo.fr\/saintdieinfo\/#organization"},"image":{"@id":"https:\/\/vosgesinfo.fr\/saintdieinfo\/2021\/03\/malgre-covid-victimes-de-guerre-dalgerie-combats-tunisie-maroc-nont-ete-oubliees\/#primaryimage"},"thumbnailUrl":"https:\/\/vosgesinfo.fr\/app\/uploads\/sites\/4\/2024\/08\/202103ceremonie-1.jpg","keywords":["Journ\u00e9e nationale d'hommage aux morts pour la France pendant la guerre d'Alg\u00e9rie et les combats du Maroc et de la Tunisie"],"articleSection":["A la Une","Saint-Di\u00e9-des-Vosges et son Agglom\u00e9ration"],"inLanguage":"fr-FR","potentialAction":[{"@type":"CommentAction","name":"Comment","target":["https:\/\/vosgesinfo.fr\/saintdieinfo\/2021\/03\/malgre-covid-victimes-de-guerre-dalgerie-combats-tunisie-maroc-nont-ete-oubliees\/#respond"]}]},{"@type":"WebPage","@id":"https:\/\/vosgesinfo.fr\/saintdieinfo\/2021\/03\/malgre-covid-victimes-de-guerre-dalgerie-combats-tunisie-maroc-nont-ete-oubliees\/","url":"https:\/\/vosgesinfo.fr\/saintdieinfo\/2021\/03\/malgre-covid-victimes-de-guerre-dalgerie-combats-tunisie-maroc-nont-ete-oubliees\/","name":"Malgr\u00e9 le COVID, les victimes de la guerre d\u2019Alg\u00e9rie et des combats en Tunisie et au Maroc n'ont pas \u00e9t\u00e9 oubli\u00e9es - Saint Die Info","isPartOf":{"@id":"https:\/\/vosgesinfo.fr\/saintdieinfo\/#website"},"primaryImageOfPage":{"@id":"https:\/\/vosgesinfo.fr\/saintdieinfo\/2021\/03\/malgre-covid-victimes-de-guerre-dalgerie-combats-tunisie-maroc-nont-ete-oubliees\/#primaryimage"},"image":{"@id":"https:\/\/vosgesinfo.fr\/saintdieinfo\/2021\/03\/malgre-covid-victimes-de-guerre-dalgerie-combats-tunisie-maroc-nont-ete-oubliees\/#primaryimage"},"thumbnailUrl":"https:\/\/vosgesinfo.fr\/app\/uploads\/sites\/4\/2024\/08\/202103ceremonie-1.jpg","datePublished":"2021-03-19T13:44:44+00:00","dateModified":"2021-03-19T13:44:44+00:00","breadcrumb":{"@id":"https:\/\/vosgesinfo.fr\/saintdieinfo\/2021\/03\/malgre-covid-victimes-de-guerre-dalgerie-combats-tunisie-maroc-nont-ete-oubliees\/#breadcrumb"},"inLanguage":"fr-FR","potentialAction":[{"@type":"ReadAction","target":["https:\/\/vosgesinfo.fr\/saintdieinfo\/2021\/03\/malgre-covid-victimes-de-guerre-dalgerie-combats-tunisie-maroc-nont-ete-oubliees\/"]}]},{"@type":"ImageObject","inLanguage":"fr-FR","@id":"https:\/\/vosgesinfo.fr\/saintdieinfo\/2021\/03\/malgre-covid-victimes-de-guerre-dalgerie-combats-tunisie-maroc-nont-ete-oubliees\/#primaryimage","url":"https:\/\/vosgesinfo.fr\/app\/uploads\/sites\/4\/2024\/08\/202103ceremonie-1.jpg","contentUrl":"https:\/\/vosgesinfo.fr\/app\/uploads\/sites\/4\/2024\/08\/202103ceremonie-1.jpg","width":800,"height":600},{"@type":"BreadcrumbList","@id":"https:\/\/vosgesinfo.fr\/saintdieinfo\/2021\/03\/malgre-covid-victimes-de-guerre-dalgerie-combats-tunisie-maroc-nont-ete-oubliees\/#breadcrumb","itemListElement":[{"@type":"ListItem","position":1,"name":"Home","item":"https:\/\/vosgesinfo.fr\/saintdieinfo\/"},{"@type":"ListItem","position":2,"name":"Malgr\u00e9 le COVID, les victimes de la guerre d\u2019Alg\u00e9rie et des combats en Tunisie et au Maroc n&rsquo;ont pas \u00e9t\u00e9 oubli\u00e9es"}]},{"@type":"WebSite","@id":"https:\/\/vosgesinfo.fr\/saintdieinfo\/#website","url":"https:\/\/vosgesinfo.fr\/saintdieinfo\/","name":"Saint Die Info","description":"Toute l&#039;actualit\u00e9 de Saint-Di\u00e9-Des-Vosges","publisher":{"@id":"https:\/\/vosgesinfo.fr\/saintdieinfo\/#organization"},"alternateName":"Toute l'actualit\u00e9 de Saint-Di\u00e9-Des-Vosges","potentialAction":[{"@type":"SearchAction","target":{"@type":"EntryPoint","urlTemplate":"https:\/\/vosgesinfo.fr\/saintdieinfo\/?s={search_term_string}"},"query-input":"required name=search_term_string"}],"inLanguage":"fr-FR"},{"@type":"Organization","@id":"https:\/\/vosgesinfo.fr\/saintdieinfo\/#organization","name":"Saint Die Info","url":"https:\/\/vosgesinfo.fr\/saintdieinfo\/","logo":{"@type":"ImageObject","inLanguage":"fr-FR","@id":"https:\/\/vosgesinfo.fr\/saintdieinfo\/#\/schema\/logo\/image\/","url":"https:\/\/vosgesinfo.fr\/app\/uploads\/sites\/4\/2024\/02\/logo-sdi.jpg","contentUrl":"https:\/\/vosgesinfo.fr\/app\/uploads\/sites\/4\/2024\/02\/logo-sdi.jpg","width":600,"height":600,"caption":"Saint Die Info"},"image":{"@id":"https:\/\/vosgesinfo.fr\/saintdieinfo\/#\/schema\/logo\/image\/"},"sameAs":["https:\/\/www.facebook.com\/Saintdieinfofr","https:\/\/x.com\/VosgesInfo88","https:\/\/www.youtube.com\/@vosgesinfo"]},{"@type":"Person","@id":"https:\/\/vosgesinfo.fr\/saintdieinfo\/#\/schema\/person\/faee6704a21f3977511db84bd1cd450f","name":"la r\u00e9daction","image":{"@type":"ImageObject","inLanguage":"fr-FR","@id":"https:\/\/vosgesinfo.fr\/saintdieinfo\/#\/schema\/person\/image\/","url":"https:\/\/secure.gravatar.com\/avatar\/6673d8bc6a9c17fa9a453eaa3448de834fa308c2ec9635b7aa99441a7c8d2cf6?s=96&d=mm&r=g","contentUrl":"https:\/\/secure.gravatar.com\/avatar\/6673d8bc6a9c17fa9a453eaa3448de834fa308c2ec9635b7aa99441a7c8d2cf6?s=96&d=mm&r=g","caption":"la r\u00e9daction"},"url":"https:\/\/vosgesinfo.fr\/saintdieinfo\/author\/redac\/"}]}},"_links":{"self":[{"href":"https:\/\/vosgesinfo.fr\/saintdieinfo\/wp-json\/wp\/v2\/posts\/39886","targetHints":{"allow":["GET"]}}],"collection":[{"href":"https:\/\/vosgesinfo.fr\/saintdieinfo\/wp-json\/wp\/v2\/posts"}],"about":[{"href":"https:\/\/vosgesinfo.fr\/saintdieinfo\/wp-json\/wp\/v2\/types\/post"}],"author":[{"embeddable":true,"href":"https:\/\/vosgesinfo.fr\/saintdieinfo\/wp-json\/wp\/v2\/users\/44"}],"replies":[{"embeddable":true,"href":"https:\/\/vosgesinfo.fr\/saintdieinfo\/wp-json\/wp\/v2\/comments?post=39886"}],"version-history":[{"count":0,"href":"https:\/\/vosgesinfo.fr\/saintdieinfo\/wp-json\/wp\/v2\/posts\/39886\/revisions"}],"wp:featuredmedia":[{"embeddable":true,"href":"https:\/\/vosgesinfo.fr\/saintdieinfo\/wp-json\/wp\/v2\/media\/39887"}],"wp:attachment":[{"href":"https:\/\/vosgesinfo.fr\/saintdieinfo\/wp-json\/wp\/v2\/media?parent=39886"}],"wp:term":[{"taxonomy":"category","embeddable":true,"href":"https:\/\/vosgesinfo.fr\/saintdieinfo\/wp-json\/wp\/v2\/categories?post=39886"},{"taxonomy":"post_tag","embeddable":true,"href":"https:\/\/vosgesinfo.fr\/saintdieinfo\/wp-json\/wp\/v2\/tags?post=39886"}],"curies":[{"name":"wp","href":"https:\/\/api.w.org\/{rel}","templated":true}]}}