{"id":39899,"date":"2021-03-22T07:57:54","date_gmt":"2021-03-22T06:57:54","guid":{"rendered":"https:\/\/vosgesinfo.fr\/saintdieinfo\/2021\/03\/ski-clement-noel-podium-derniere-course-de-coupe-monde\/"},"modified":"2021-03-22T07:57:54","modified_gmt":"2021-03-22T06:57:54","slug":"ski-clement-noel-podium-derniere-course-de-coupe-monde","status":"publish","type":"post","link":"https:\/\/vosgesinfo.fr\/saintdieinfo\/2021\/03\/ski-clement-noel-podium-derniere-course-de-coupe-monde\/","title":{"rendered":"Ski : Cl\u00e9ment No\u00ebl sur le podium pour la derni\u00e8re course de la Coupe du Monde"},"content":{"rendered":"<div id=\"attachment_166269\" style=\"width: 810px\" class=\"wp-caption aligncenter\"><a href=\"\/2021\/01\/noel-Clement.jpg\"><img decoding=\"async\" aria-describedby=\"caption-attachment-166269\" class=\"size-full wp-image-166269\" src=\"\/2021\/01\/noel-Clement.jpg\" alt=\"Photo d\u2019archive, @ClementNoelSki\" width=\"800\" height=\"534\" \/><\/a><p id=\"caption-attachment-166269\" class=\"wp-caption-text\">Photo d\u2019archive, @ClementNoelSki<\/p><\/div>\n<p>&nbsp;<\/p>\n<h2><strong>Ce dimanche, le skieur vosgien Cl\u00e9ment No\u00ebl est arriv\u00e9 \u00e0 la deuxi\u00e8me place de l\u2019\u00e9preuve de slalom des finales de Lenzerheide, en Suisse. Il termine derri\u00e8re l\u2019autrichien Manuel Feller, et devant le fran\u00e7ais Alexis Pinturault.<\/strong><\/h2>\n<p>Un nouveau doubl\u00e9 fran\u00e7ais donc, apr\u00e8s celui r\u00e9alis\u00e9 la semaine derni\u00e8re par le m\u00eame Cl\u00e9ment No\u00ebl et Victor Muffat-Jeandet sur le slalom de Kranjska Gora en Slov\u00e9nie. C\u2019est le <em>\u00ab\u00a0bouquet final \u00bb<\/em>, comme l\u2019affirme la F\u00e9d\u00e9ration Fran\u00e7aise de Ski. Il s\u2019agit en effet de la derni\u00e8re \u00e9preuve de cette \u00e9dition de la Coupe du Monde. <em>\u00ab\u00a0En profitant de la d\u00e9faillance de Ramon Zenhaeusern et avec ce deuxi\u00e8me meilleur chrono\u00a0\u00bb<\/em>, explique <a href=\"https:\/\/sport.francetvinfo.fr\/ski\/coupe-du-monde-de-ski\/finales-de-lenzerheide-clement-noel-et-alexis-pinturault-sur-le-podium\">sport.francetvinfo.fr<\/a>, <em>\u00ab\u00a0Cl\u00e9ment No\u00ebl compte 553 points et termine deuxi\u00e8me du classement du slalom\u00a0\u00bb<\/em>. Bravo \u00e0 lui et \u00e0 tous les autres vainqueurs et participant de cette comp\u00e9tition.<\/p>\n","protected":false},"excerpt":{"rendered":"<p>&nbsp; Ce dimanche, le skieur vosgien Cl\u00e9ment No\u00ebl est arriv\u00e9 \u00e0 la deuxi\u00e8me place de l\u2019\u00e9preuve de slalom des finales [&hellip;]<\/p>\n","protected":false},"author":44,"featured_media":39900,"comment_status":"open","ping_status":"open","sticky":false,"template":"","format":"standard","meta":{"footnotes":""},"categories":[460,14,18],"tags":[7540],"class_list":["post-39899","post","type-post","status-publish","format-standard","has-post-thumbnail","hentry","category-a-la-une","category-sport","category-vosges","tag-clement-noel"],"acf":[],"yoast_head":"<!-- This site is optimized with the Yoast SEO plugin v22.5 - https:\/\/yoast.com\/wordpress\/plugins\/seo\/ -->\n<title>Ski : Cl\u00e9ment No\u00ebl sur le podium pour la derni\u00e8re course de la Coupe du Monde - Saint Die Info<\/title>\n<meta name=\"robots\" content=\"index, follow, max-snippet:-1, max-image-preview:large, max-video-preview:-1\" \/>\n<link rel=\"canonical\" href=\"https:\/\/vosgesinfo.fr\/saintdieinfo\/2021\/03\/ski-clement-noel-podium-derniere-course-de-coupe-monde\/\" \/>\n<meta name=\"twitter:card\" content=\"summary_large_image\" \/>\n<meta name=\"twitter:title\" content=\"Ski : Cl\u00e9ment No\u00ebl sur le podium pour la derni\u00e8re course de la Coupe du Monde - Saint Die Info\" \/>\n<meta name=\"twitter:description\" content=\"&nbsp; Ce dimanche, le skieur vosgien Cl\u00e9ment No\u00ebl est arriv\u00e9 \u00e0 la deuxi\u00e8me place de l\u2019\u00e9preuve de slalom des finales [&hellip;]\" \/>\n<meta name=\"twitter:image\" content=\"https:\/\/vosgesinfo.fr\/app\/uploads\/sites\/4\/2024\/08\/202101noel-clement-2.jpg\" \/>\n<meta name=\"twitter:creator\" content=\"@VosgesInfo88\" \/>\n<meta name=\"twitter:site\" content=\"@VosgesInfo88\" \/>\n<meta name=\"twitter:label1\" content=\"\u00c9crit par\" \/>\n\t<meta name=\"twitter:data1\" content=\"la r\u00e9daction\" \/>\n\t<meta name=\"twitter:label2\" content=\"Dur\u00e9e de lecture estim\u00e9e\" \/>\n\t<meta name=\"twitter:data2\" content=\"1 minute\" \/>\n<script type=\"application\/ld+json\" class=\"yoast-schema-graph\">{\"@context\":\"https:\/\/schema.org\",\"@graph\":[{\"@type\":\"Article\",\"@id\":\"https:\/\/vosgesinfo.fr\/saintdieinfo\/2021\/03\/ski-clement-noel-podium-derniere-course-de-coupe-monde\/#article\",\"isPartOf\":{\"@id\":\"https:\/\/vosgesinfo.fr\/saintdieinfo\/2021\/03\/ski-clement-noel-podium-derniere-course-de-coupe-monde\/\"},\"author\":{\"name\":\"la r\u00e9daction\",\"@id\":\"https:\/\/vosgesinfo.fr\/saintdieinfo\/#\/schema\/person\/faee6704a21f3977511db84bd1cd450f\"},\"headline\":\"Ski : Cl\u00e9ment No\u00ebl sur le podium pour la derni\u00e8re course de la Coupe du Monde\",\"datePublished\":\"2021-03-22T06:57:54+00:00\",\"dateModified\":\"2021-03-22T06:57:54+00:00\",\"mainEntityOfPage\":{\"@id\":\"https:\/\/vosgesinfo.fr\/saintdieinfo\/2021\/03\/ski-clement-noel-podium-derniere-course-de-coupe-monde\/\"},\"wordCount\":187,\"commentCount\":0,\"publisher\":{\"@id\":\"https:\/\/vosgesinfo.fr\/saintdieinfo\/#organization\"},\"image\":{\"@id\":\"https:\/\/vosgesinfo.fr\/saintdieinfo\/2021\/03\/ski-clement-noel-podium-derniere-course-de-coupe-monde\/#primaryimage\"},\"thumbnailUrl\":\"https:\/\/vosgesinfo.fr\/app\/uploads\/sites\/4\/2024\/08\/202101noel-clement-2.jpg\",\"keywords\":[\"Cl\u00e9ment No\u00ebl\"],\"articleSection\":[\"A la Une\",\"Sport\",\"Vosges\"],\"inLanguage\":\"fr-FR\",\"potentialAction\":[{\"@type\":\"CommentAction\",\"name\":\"Comment\",\"target\":[\"https:\/\/vosgesinfo.fr\/saintdieinfo\/2021\/03\/ski-clement-noel-podium-derniere-course-de-coupe-monde\/#respond\"]}]},{\"@type\":\"WebPage\",\"@id\":\"https:\/\/vosgesinfo.fr\/saintdieinfo\/2021\/03\/ski-clement-noel-podium-derniere-course-de-coupe-monde\/\",\"url\":\"https:\/\/vosgesinfo.fr\/saintdieinfo\/2021\/03\/ski-clement-noel-podium-derniere-course-de-coupe-monde\/\",\"name\":\"Ski : Cl\u00e9ment No\u00ebl sur le podium pour la derni\u00e8re course de la Coupe du Monde - Saint Die Info\",\"isPartOf\":{\"@id\":\"https:\/\/vosgesinfo.fr\/saintdieinfo\/#website\"},\"primaryImageOfPage\":{\"@id\":\"https:\/\/vosgesinfo.fr\/saintdieinfo\/2021\/03\/ski-clement-noel-podium-derniere-course-de-coupe-monde\/#primaryimage\"},\"image\":{\"@id\":\"https:\/\/vosgesinfo.fr\/saintdieinfo\/2021\/03\/ski-clement-noel-podium-derniere-course-de-coupe-monde\/#primaryimage\"},\"thumbnailUrl\":\"https:\/\/vosgesinfo.fr\/app\/uploads\/sites\/4\/2024\/08\/202101noel-clement-2.jpg\",\"datePublished\":\"2021-03-22T06:57:54+00:00\",\"dateModified\":\"2021-03-22T06:57:54+00:00\",\"breadcrumb\":{\"@id\":\"https:\/\/vosgesinfo.fr\/saintdieinfo\/2021\/03\/ski-clement-noel-podium-derniere-course-de-coupe-monde\/#breadcrumb\"},\"inLanguage\":\"fr-FR\",\"potentialAction\":[{\"@type\":\"ReadAction\",\"target\":[\"https:\/\/vosgesinfo.fr\/saintdieinfo\/2021\/03\/ski-clement-noel-podium-derniere-course-de-coupe-monde\/\"]}]},{\"@type\":\"ImageObject\",\"inLanguage\":\"fr-FR\",\"@id\":\"https:\/\/vosgesinfo.fr\/saintdieinfo\/2021\/03\/ski-clement-noel-podium-derniere-course-de-coupe-monde\/#primaryimage\",\"url\":\"https:\/\/vosgesinfo.fr\/app\/uploads\/sites\/4\/2024\/08\/202101noel-clement-2.jpg\",\"contentUrl\":\"https:\/\/vosgesinfo.fr\/app\/uploads\/sites\/4\/2024\/08\/202101noel-clement-2.jpg\",\"width\":800,\"height\":534},{\"@type\":\"BreadcrumbList\",\"@id\":\"https:\/\/vosgesinfo.fr\/saintdieinfo\/2021\/03\/ski-clement-noel-podium-derniere-course-de-coupe-monde\/#breadcrumb\",\"itemListElement\":[{\"@type\":\"ListItem\",\"position\":1,\"name\":\"Home\",\"item\":\"https:\/\/vosgesinfo.fr\/saintdieinfo\/\"},{\"@type\":\"ListItem\",\"position\":2,\"name\":\"Ski : Cl\u00e9ment No\u00ebl sur le podium pour la derni\u00e8re course de la Coupe du Monde\"}]},{\"@type\":\"WebSite\",\"@id\":\"https:\/\/vosgesinfo.fr\/saintdieinfo\/#website\",\"url\":\"https:\/\/vosgesinfo.fr\/saintdieinfo\/\",\"name\":\"Saint Die Info\",\"description\":\"Toute l&#039;actualit\u00e9 de Saint-Di\u00e9-Des-Vosges\",\"publisher\":{\"@id\":\"https:\/\/vosgesinfo.fr\/saintdieinfo\/#organization\"},\"alternateName\":\"Toute l'actualit\u00e9 de Saint-Di\u00e9-Des-Vosges\",\"potentialAction\":[{\"@type\":\"SearchAction\",\"target\":{\"@type\":\"EntryPoint\",\"urlTemplate\":\"https:\/\/vosgesinfo.fr\/saintdieinfo\/?s={search_term_string}\"},\"query-input\":\"required name=search_term_string\"}],\"inLanguage\":\"fr-FR\"},{\"@type\":\"Organization\",\"@id\":\"https:\/\/vosgesinfo.fr\/saintdieinfo\/#organization\",\"name\":\"Saint Die Info\",\"url\":\"https:\/\/vosgesinfo.fr\/saintdieinfo\/\",\"logo\":{\"@type\":\"ImageObject\",\"inLanguage\":\"fr-FR\",\"@id\":\"https:\/\/vosgesinfo.fr\/saintdieinfo\/#\/schema\/logo\/image\/\",\"url\":\"https:\/\/vosgesinfo.fr\/app\/uploads\/sites\/4\/2024\/02\/logo-sdi.jpg\",\"contentUrl\":\"https:\/\/vosgesinfo.fr\/app\/uploads\/sites\/4\/2024\/02\/logo-sdi.jpg\",\"width\":600,\"height\":600,\"caption\":\"Saint Die Info\"},\"image\":{\"@id\":\"https:\/\/vosgesinfo.fr\/saintdieinfo\/#\/schema\/logo\/image\/\"},\"sameAs\":[\"https:\/\/www.facebook.com\/Saintdieinfofr\",\"https:\/\/x.com\/VosgesInfo88\",\"https:\/\/www.youtube.com\/@vosgesinfo\"]},{\"@type\":\"Person\",\"@id\":\"https:\/\/vosgesinfo.fr\/saintdieinfo\/#\/schema\/person\/faee6704a21f3977511db84bd1cd450f\",\"name\":\"la r\u00e9daction\",\"image\":{\"@type\":\"ImageObject\",\"inLanguage\":\"fr-FR\",\"@id\":\"https:\/\/vosgesinfo.fr\/saintdieinfo\/#\/schema\/person\/image\/\",\"url\":\"https:\/\/secure.gravatar.com\/avatar\/6673d8bc6a9c17fa9a453eaa3448de834fa308c2ec9635b7aa99441a7c8d2cf6?s=96&d=mm&r=g\",\"contentUrl\":\"https:\/\/secure.gravatar.com\/avatar\/6673d8bc6a9c17fa9a453eaa3448de834fa308c2ec9635b7aa99441a7c8d2cf6?s=96&d=mm&r=g\",\"caption\":\"la r\u00e9daction\"},\"url\":\"https:\/\/vosgesinfo.fr\/saintdieinfo\/author\/redac\/\"}]}<\/script>\n<!-- \/ Yoast SEO plugin. -->","yoast_head_json":{"title":"Ski : Cl\u00e9ment No\u00ebl sur le podium pour la derni\u00e8re course de la Coupe du Monde - Saint Die Info","robots":{"index":"index","follow":"follow","max-snippet":"max-snippet:-1","max-image-preview":"max-image-preview:large","max-video-preview":"max-video-preview:-1"},"canonical":"https:\/\/vosgesinfo.fr\/saintdieinfo\/2021\/03\/ski-clement-noel-podium-derniere-course-de-coupe-monde\/","twitter_card":"summary_large_image","twitter_title":"Ski : Cl\u00e9ment No\u00ebl sur le podium pour la derni\u00e8re course de la Coupe du Monde - Saint Die Info","twitter_description":"&nbsp; Ce dimanche, le skieur vosgien Cl\u00e9ment No\u00ebl est arriv\u00e9 \u00e0 la deuxi\u00e8me place de l\u2019\u00e9preuve de slalom des finales [&hellip;]","twitter_image":"https:\/\/vosgesinfo.fr\/app\/uploads\/sites\/4\/2024\/08\/202101noel-clement-2.jpg","twitter_creator":"@VosgesInfo88","twitter_site":"@VosgesInfo88","twitter_misc":{"\u00c9crit par":"la r\u00e9daction","Dur\u00e9e de lecture estim\u00e9e":"1 minute"},"schema":{"@context":"https:\/\/schema.org","@graph":[{"@type":"Article","@id":"https:\/\/vosgesinfo.fr\/saintdieinfo\/2021\/03\/ski-clement-noel-podium-derniere-course-de-coupe-monde\/#article","isPartOf":{"@id":"https:\/\/vosgesinfo.fr\/saintdieinfo\/2021\/03\/ski-clement-noel-podium-derniere-course-de-coupe-monde\/"},"author":{"name":"la r\u00e9daction","@id":"https:\/\/vosgesinfo.fr\/saintdieinfo\/#\/schema\/person\/faee6704a21f3977511db84bd1cd450f"},"headline":"Ski : Cl\u00e9ment No\u00ebl sur le podium pour la derni\u00e8re course de la Coupe du Monde","datePublished":"2021-03-22T06:57:54+00:00","dateModified":"2021-03-22T06:57:54+00:00","mainEntityOfPage":{"@id":"https:\/\/vosgesinfo.fr\/saintdieinfo\/2021\/03\/ski-clement-noel-podium-derniere-course-de-coupe-monde\/"},"wordCount":187,"commentCount":0,"publisher":{"@id":"https:\/\/vosgesinfo.fr\/saintdieinfo\/#organization"},"image":{"@id":"https:\/\/vosgesinfo.fr\/saintdieinfo\/2021\/03\/ski-clement-noel-podium-derniere-course-de-coupe-monde\/#primaryimage"},"thumbnailUrl":"https:\/\/vosgesinfo.fr\/app\/uploads\/sites\/4\/2024\/08\/202101noel-clement-2.jpg","keywords":["Cl\u00e9ment No\u00ebl"],"articleSection":["A la Une","Sport","Vosges"],"inLanguage":"fr-FR","potentialAction":[{"@type":"CommentAction","name":"Comment","target":["https:\/\/vosgesinfo.fr\/saintdieinfo\/2021\/03\/ski-clement-noel-podium-derniere-course-de-coupe-monde\/#respond"]}]},{"@type":"WebPage","@id":"https:\/\/vosgesinfo.fr\/saintdieinfo\/2021\/03\/ski-clement-noel-podium-derniere-course-de-coupe-monde\/","url":"https:\/\/vosgesinfo.fr\/saintdieinfo\/2021\/03\/ski-clement-noel-podium-derniere-course-de-coupe-monde\/","name":"Ski : Cl\u00e9ment No\u00ebl sur le podium pour la derni\u00e8re course de la Coupe du Monde - Saint Die Info","isPartOf":{"@id":"https:\/\/vosgesinfo.fr\/saintdieinfo\/#website"},"primaryImageOfPage":{"@id":"https:\/\/vosgesinfo.fr\/saintdieinfo\/2021\/03\/ski-clement-noel-podium-derniere-course-de-coupe-monde\/#primaryimage"},"image":{"@id":"https:\/\/vosgesinfo.fr\/saintdieinfo\/2021\/03\/ski-clement-noel-podium-derniere-course-de-coupe-monde\/#primaryimage"},"thumbnailUrl":"https:\/\/vosgesinfo.fr\/app\/uploads\/sites\/4\/2024\/08\/202101noel-clement-2.jpg","datePublished":"2021-03-22T06:57:54+00:00","dateModified":"2021-03-22T06:57:54+00:00","breadcrumb":{"@id":"https:\/\/vosgesinfo.fr\/saintdieinfo\/2021\/03\/ski-clement-noel-podium-derniere-course-de-coupe-monde\/#breadcrumb"},"inLanguage":"fr-FR","potentialAction":[{"@type":"ReadAction","target":["https:\/\/vosgesinfo.fr\/saintdieinfo\/2021\/03\/ski-clement-noel-podium-derniere-course-de-coupe-monde\/"]}]},{"@type":"ImageObject","inLanguage":"fr-FR","@id":"https:\/\/vosgesinfo.fr\/saintdieinfo\/2021\/03\/ski-clement-noel-podium-derniere-course-de-coupe-monde\/#primaryimage","url":"https:\/\/vosgesinfo.fr\/app\/uploads\/sites\/4\/2024\/08\/202101noel-clement-2.jpg","contentUrl":"https:\/\/vosgesinfo.fr\/app\/uploads\/sites\/4\/2024\/08\/202101noel-clement-2.jpg","width":800,"height":534},{"@type":"BreadcrumbList","@id":"https:\/\/vosgesinfo.fr\/saintdieinfo\/2021\/03\/ski-clement-noel-podium-derniere-course-de-coupe-monde\/#breadcrumb","itemListElement":[{"@type":"ListItem","position":1,"name":"Home","item":"https:\/\/vosgesinfo.fr\/saintdieinfo\/"},{"@type":"ListItem","position":2,"name":"Ski : Cl\u00e9ment No\u00ebl sur le podium pour la derni\u00e8re course de la Coupe du Monde"}]},{"@type":"WebSite","@id":"https:\/\/vosgesinfo.fr\/saintdieinfo\/#website","url":"https:\/\/vosgesinfo.fr\/saintdieinfo\/","name":"Saint Die Info","description":"Toute l&#039;actualit\u00e9 de Saint-Di\u00e9-Des-Vosges","publisher":{"@id":"https:\/\/vosgesinfo.fr\/saintdieinfo\/#organization"},"alternateName":"Toute l'actualit\u00e9 de Saint-Di\u00e9-Des-Vosges","potentialAction":[{"@type":"SearchAction","target":{"@type":"EntryPoint","urlTemplate":"https:\/\/vosgesinfo.fr\/saintdieinfo\/?s={search_term_string}"},"query-input":"required name=search_term_string"}],"inLanguage":"fr-FR"},{"@type":"Organization","@id":"https:\/\/vosgesinfo.fr\/saintdieinfo\/#organization","name":"Saint Die Info","url":"https:\/\/vosgesinfo.fr\/saintdieinfo\/","logo":{"@type":"ImageObject","inLanguage":"fr-FR","@id":"https:\/\/vosgesinfo.fr\/saintdieinfo\/#\/schema\/logo\/image\/","url":"https:\/\/vosgesinfo.fr\/app\/uploads\/sites\/4\/2024\/02\/logo-sdi.jpg","contentUrl":"https:\/\/vosgesinfo.fr\/app\/uploads\/sites\/4\/2024\/02\/logo-sdi.jpg","width":600,"height":600,"caption":"Saint Die Info"},"image":{"@id":"https:\/\/vosgesinfo.fr\/saintdieinfo\/#\/schema\/logo\/image\/"},"sameAs":["https:\/\/www.facebook.com\/Saintdieinfofr","https:\/\/x.com\/VosgesInfo88","https:\/\/www.youtube.com\/@vosgesinfo"]},{"@type":"Person","@id":"https:\/\/vosgesinfo.fr\/saintdieinfo\/#\/schema\/person\/faee6704a21f3977511db84bd1cd450f","name":"la r\u00e9daction","image":{"@type":"ImageObject","inLanguage":"fr-FR","@id":"https:\/\/vosgesinfo.fr\/saintdieinfo\/#\/schema\/person\/image\/","url":"https:\/\/secure.gravatar.com\/avatar\/6673d8bc6a9c17fa9a453eaa3448de834fa308c2ec9635b7aa99441a7c8d2cf6?s=96&d=mm&r=g","contentUrl":"https:\/\/secure.gravatar.com\/avatar\/6673d8bc6a9c17fa9a453eaa3448de834fa308c2ec9635b7aa99441a7c8d2cf6?s=96&d=mm&r=g","caption":"la r\u00e9daction"},"url":"https:\/\/vosgesinfo.fr\/saintdieinfo\/author\/redac\/"}]}},"_links":{"self":[{"href":"https:\/\/vosgesinfo.fr\/saintdieinfo\/wp-json\/wp\/v2\/posts\/39899","targetHints":{"allow":["GET"]}}],"collection":[{"href":"https:\/\/vosgesinfo.fr\/saintdieinfo\/wp-json\/wp\/v2\/posts"}],"about":[{"href":"https:\/\/vosgesinfo.fr\/saintdieinfo\/wp-json\/wp\/v2\/types\/post"}],"author":[{"embeddable":true,"href":"https:\/\/vosgesinfo.fr\/saintdieinfo\/wp-json\/wp\/v2\/users\/44"}],"replies":[{"embeddable":true,"href":"https:\/\/vosgesinfo.fr\/saintdieinfo\/wp-json\/wp\/v2\/comments?post=39899"}],"version-history":[{"count":0,"href":"https:\/\/vosgesinfo.fr\/saintdieinfo\/wp-json\/wp\/v2\/posts\/39899\/revisions"}],"wp:featuredmedia":[{"embeddable":true,"href":"https:\/\/vosgesinfo.fr\/saintdieinfo\/wp-json\/wp\/v2\/media\/39900"}],"wp:attachment":[{"href":"https:\/\/vosgesinfo.fr\/saintdieinfo\/wp-json\/wp\/v2\/media?parent=39899"}],"wp:term":[{"taxonomy":"category","embeddable":true,"href":"https:\/\/vosgesinfo.fr\/saintdieinfo\/wp-json\/wp\/v2\/categories?post=39899"},{"taxonomy":"post_tag","embeddable":true,"href":"https:\/\/vosgesinfo.fr\/saintdieinfo\/wp-json\/wp\/v2\/tags?post=39899"}],"curies":[{"name":"wp","href":"https:\/\/api.w.org\/{rel}","templated":true}]}}