{"id":39901,"date":"2021-03-22T08:57:31","date_gmt":"2021-03-22T07:57:31","guid":{"rendered":"https:\/\/vosgesinfo.fr\/saintdieinfo\/2021\/03\/concert-ligne-26-mars-voix-coeur-aider-pratique-de-lhandisport\/"},"modified":"2021-03-22T08:57:31","modified_gmt":"2021-03-22T07:57:31","slug":"concert-ligne-26-mars-voix-coeur-aider-pratique-de-lhandisport","status":"publish","type":"post","link":"https:\/\/vosgesinfo.fr\/saintdieinfo\/2021\/03\/concert-ligne-26-mars-voix-coeur-aider-pratique-de-lhandisport\/","title":{"rendered":"Concert en ligne le 26 mars \u2013 LES VOIX DU COEUR POUR AIDER LA PRATIQUE DE L\u2019HANDISPORT"},"content":{"rendered":"<p><a href=\"\/2021\/03\/nancy_porte_des_vosges.jpg\"><img decoding=\"async\" class=\"aligncenter wp-image-167019 size-medium\" src=\"\/2021\/03\/nancy_porte_des_vosges-196x255.jpg\" alt=\"CREATOR: gd-jpeg v1.0 (using IJG JPEG v80), quality = 75\" width=\"196\" height=\"255\" \/><\/a><\/p>\n<p>&nbsp;<\/p>\n<h3 style=\"text-align: center;\"><span style=\"font-size: 12pt;\">Concert en ligne, en direct du Grand H\u00f4tel &amp; Spa de G\u00e9rardmer<\/span><br \/>\n<span style=\"font-size: 12pt;\"> LES VOIX DU COEUR POUR AIDER<\/span><br \/>\n<span style=\"font-size: 12pt;\"> LA PRATIQUE DE L\u2019HANDISPORT<\/span><\/h3>\n<p>Cela fait combien de temps que vous n\u2019avez pas assist\u00e9 \u00e0 un concert ? Pour rem\u00e9dier \u00e0 ce manque et favoriser la pratique de l\u2019handisport, le Rotary club Nancy Porte des Vosges organise un concert en ligne avec l\u2019ensemble Les Voix du Coeur.<\/p>\n<h4 style=\"text-align: center;\">Rendez-vous le vendredi 26 mars \u00e0 19 h sur Youtube.<br \/>\nUn lien pour vous connecter sera transmis une fois votre place achet\u00e9e sur Helloasso.<br \/>\n(Lien ci-dessous)<\/h4>\n<p>Les Voix du C\u0153ur est un ensemble vocal talentueux et g\u00e9n\u00e9reux \u0153uvrant pour financer les activit\u00e9s de l\u2019association \u00c9toile Handisport. Proposant un r\u00e9pertoire riche et vari\u00e9, les chanteuses et chanteurs se produiront en direct du Grand H\u00f4tel &amp; Spa de G\u00e9rardmer, dans le respect des mesures sanitaires.<br \/>\nB\u00e9n\u00e9fices vers\u00e9s \u00e0 l\u2019association \u00c9toile Handisport<br \/>\nClub affili\u00e9 \u00e0 la F\u00e9d\u00e9ration Fran\u00e7aise Handisport, rattach\u00e9 au Comit\u00e9 R\u00e9gional Handisport et au Comit\u00e9 D\u00e9partemental Handisport 88, il accueille des enfants, des adultes de tout handicap, d\u00e9ficients visuels, d\u00e9ficients sourds, parapl\u00e9gique, t\u00e9trapl\u00e9giques, myopathes, valides, personnes \u00e2g\u00e9es. www.etoilehandisport.fr<\/p>\n<p><strong>Une tombola entre Nancy et G\u00e9rardmer<\/strong><br \/>\nUne tombola vous est propos\u00e9e. Les principaux lots seront tir\u00e9s en direct durant le concert :<br \/>\n1- Une nuit pour deux personnes au Grand H\u00f4tel &amp; Spa de G\u00e9rardmer et un d\u00eener gastronomique (Valeur 400 \u20ac)<br \/>\n2- Une nuit pour deux personnes \u00e0 l\u2019H\u00f4tel des Bains de G\u00e9rardmer (valeur 120 \u20ac)<br \/>\n3- Un repas gastronomique \u00e0 Nancy (Valeur 80 \u20ac)<br \/>\n4- Trois nuit\u00e9es dans les \u00ab Chalots de G\u00e9rardmer \u00bb<\/p>\n<p><strong>Les liens utiles : <\/strong><br \/>\nAcheter des places pour le concert Les Voix du Coeur<br \/>\nhttps:\/\/bit.ly\/3q2bfb3<\/p>\n<p>Participer \u00e0 la tombola des Voix du Coeur<br \/>\nhttps:\/\/bit.ly\/3kqFuaF<\/p>\n","protected":false},"excerpt":{"rendered":"<p>&nbsp; Concert en ligne, en direct du Grand H\u00f4tel &amp; Spa de G\u00e9rardmer LES VOIX DU COEUR POUR AIDER LA [&hellip;]<\/p>\n","protected":false},"author":44,"featured_media":39902,"comment_status":"open","ping_status":"open","sticky":false,"template":"","format":"standard","meta":{"footnotes":""},"categories":[460,8003,7847,18],"tags":[8004,8005,8006],"class_list":["post-39901","post","type-post","status-publish","format-standard","has-post-thumbnail","hentry","category-a-la-une","category-concert-culture","category-art-culture","category-vosges","tag-rotary-club","tag-rotary-international","tag-voix-du-coeur"],"acf":[],"yoast_head":"<!-- This site is optimized with the Yoast SEO plugin v22.5 - https:\/\/yoast.com\/wordpress\/plugins\/seo\/ -->\n<title>Concert en ligne le 26 mars \u2013 LES VOIX DU COEUR POUR AIDER LA PRATIQUE DE L\u2019HANDISPORT - Saint Die Info<\/title>\n<meta name=\"robots\" content=\"index, follow, max-snippet:-1, max-image-preview:large, max-video-preview:-1\" \/>\n<link rel=\"canonical\" href=\"https:\/\/vosgesinfo.fr\/saintdieinfo\/2021\/03\/concert-ligne-26-mars-voix-coeur-aider-pratique-de-lhandisport\/\" \/>\n<meta name=\"twitter:card\" content=\"summary_large_image\" \/>\n<meta name=\"twitter:title\" content=\"Concert en ligne le 26 mars \u2013 LES VOIX DU COEUR POUR AIDER LA PRATIQUE DE L\u2019HANDISPORT - Saint Die Info\" \/>\n<meta name=\"twitter:description\" content=\"&nbsp; Concert en ligne, en direct du Grand H\u00f4tel &amp; Spa de G\u00e9rardmer LES VOIX DU COEUR POUR AIDER LA [&hellip;]\" \/>\n<meta name=\"twitter:image\" content=\"https:\/\/vosgesinfo.fr\/app\/uploads\/sites\/4\/2024\/08\/202103nancy-porte-des-vosges.jpg\" \/>\n<meta name=\"twitter:creator\" content=\"@VosgesInfo88\" \/>\n<meta name=\"twitter:site\" content=\"@VosgesInfo88\" \/>\n<meta name=\"twitter:label1\" content=\"\u00c9crit par\" \/>\n\t<meta name=\"twitter:data1\" content=\"la r\u00e9daction\" \/>\n\t<meta name=\"twitter:label2\" content=\"Dur\u00e9e de lecture estim\u00e9e\" \/>\n\t<meta name=\"twitter:data2\" content=\"2 minutes\" \/>\n<script type=\"application\/ld+json\" class=\"yoast-schema-graph\">{\"@context\":\"https:\/\/schema.org\",\"@graph\":[{\"@type\":\"Article\",\"@id\":\"https:\/\/vosgesinfo.fr\/saintdieinfo\/2021\/03\/concert-ligne-26-mars-voix-coeur-aider-pratique-de-lhandisport\/#article\",\"isPartOf\":{\"@id\":\"https:\/\/vosgesinfo.fr\/saintdieinfo\/2021\/03\/concert-ligne-26-mars-voix-coeur-aider-pratique-de-lhandisport\/\"},\"author\":{\"name\":\"la r\u00e9daction\",\"@id\":\"https:\/\/vosgesinfo.fr\/saintdieinfo\/#\/schema\/person\/faee6704a21f3977511db84bd1cd450f\"},\"headline\":\"Concert en ligne le 26 mars \u2013 LES VOIX DU COEUR POUR AIDER LA PRATIQUE DE L\u2019HANDISPORT\",\"datePublished\":\"2021-03-22T07:57:31+00:00\",\"dateModified\":\"2021-03-22T07:57:31+00:00\",\"mainEntityOfPage\":{\"@id\":\"https:\/\/vosgesinfo.fr\/saintdieinfo\/2021\/03\/concert-ligne-26-mars-voix-coeur-aider-pratique-de-lhandisport\/\"},\"wordCount\":328,\"commentCount\":0,\"publisher\":{\"@id\":\"https:\/\/vosgesinfo.fr\/saintdieinfo\/#organization\"},\"image\":{\"@id\":\"https:\/\/vosgesinfo.fr\/saintdieinfo\/2021\/03\/concert-ligne-26-mars-voix-coeur-aider-pratique-de-lhandisport\/#primaryimage\"},\"thumbnailUrl\":\"https:\/\/vosgesinfo.fr\/app\/uploads\/sites\/4\/2024\/08\/202103nancy-porte-des-vosges.jpg\",\"keywords\":[\"Rotary Club\",\"Rotary International\",\"voix du coeur\"],\"articleSection\":[\"A la Une\",\"Concert\",\"Culture\",\"Vosges\"],\"inLanguage\":\"fr-FR\",\"potentialAction\":[{\"@type\":\"CommentAction\",\"name\":\"Comment\",\"target\":[\"https:\/\/vosgesinfo.fr\/saintdieinfo\/2021\/03\/concert-ligne-26-mars-voix-coeur-aider-pratique-de-lhandisport\/#respond\"]}]},{\"@type\":\"WebPage\",\"@id\":\"https:\/\/vosgesinfo.fr\/saintdieinfo\/2021\/03\/concert-ligne-26-mars-voix-coeur-aider-pratique-de-lhandisport\/\",\"url\":\"https:\/\/vosgesinfo.fr\/saintdieinfo\/2021\/03\/concert-ligne-26-mars-voix-coeur-aider-pratique-de-lhandisport\/\",\"name\":\"Concert en ligne le 26 mars \u2013 LES VOIX DU COEUR POUR AIDER LA PRATIQUE DE L\u2019HANDISPORT - Saint Die Info\",\"isPartOf\":{\"@id\":\"https:\/\/vosgesinfo.fr\/saintdieinfo\/#website\"},\"primaryImageOfPage\":{\"@id\":\"https:\/\/vosgesinfo.fr\/saintdieinfo\/2021\/03\/concert-ligne-26-mars-voix-coeur-aider-pratique-de-lhandisport\/#primaryimage\"},\"image\":{\"@id\":\"https:\/\/vosgesinfo.fr\/saintdieinfo\/2021\/03\/concert-ligne-26-mars-voix-coeur-aider-pratique-de-lhandisport\/#primaryimage\"},\"thumbnailUrl\":\"https:\/\/vosgesinfo.fr\/app\/uploads\/sites\/4\/2024\/08\/202103nancy-porte-des-vosges.jpg\",\"datePublished\":\"2021-03-22T07:57:31+00:00\",\"dateModified\":\"2021-03-22T07:57:31+00:00\",\"breadcrumb\":{\"@id\":\"https:\/\/vosgesinfo.fr\/saintdieinfo\/2021\/03\/concert-ligne-26-mars-voix-coeur-aider-pratique-de-lhandisport\/#breadcrumb\"},\"inLanguage\":\"fr-FR\",\"potentialAction\":[{\"@type\":\"ReadAction\",\"target\":[\"https:\/\/vosgesinfo.fr\/saintdieinfo\/2021\/03\/concert-ligne-26-mars-voix-coeur-aider-pratique-de-lhandisport\/\"]}]},{\"@type\":\"ImageObject\",\"inLanguage\":\"fr-FR\",\"@id\":\"https:\/\/vosgesinfo.fr\/saintdieinfo\/2021\/03\/concert-ligne-26-mars-voix-coeur-aider-pratique-de-lhandisport\/#primaryimage\",\"url\":\"https:\/\/vosgesinfo.fr\/app\/uploads\/sites\/4\/2024\/08\/202103nancy-porte-des-vosges.jpg\",\"contentUrl\":\"https:\/\/vosgesinfo.fr\/app\/uploads\/sites\/4\/2024\/08\/202103nancy-porte-des-vosges.jpg\",\"width\":221,\"height\":287},{\"@type\":\"BreadcrumbList\",\"@id\":\"https:\/\/vosgesinfo.fr\/saintdieinfo\/2021\/03\/concert-ligne-26-mars-voix-coeur-aider-pratique-de-lhandisport\/#breadcrumb\",\"itemListElement\":[{\"@type\":\"ListItem\",\"position\":1,\"name\":\"Home\",\"item\":\"https:\/\/vosgesinfo.fr\/saintdieinfo\/\"},{\"@type\":\"ListItem\",\"position\":2,\"name\":\"Concert en ligne le 26 mars \u2013 LES VOIX DU COEUR POUR AIDER LA PRATIQUE DE L\u2019HANDISPORT\"}]},{\"@type\":\"WebSite\",\"@id\":\"https:\/\/vosgesinfo.fr\/saintdieinfo\/#website\",\"url\":\"https:\/\/vosgesinfo.fr\/saintdieinfo\/\",\"name\":\"Saint Die Info\",\"description\":\"Toute l&#039;actualit\u00e9 de Saint-Di\u00e9-Des-Vosges\",\"publisher\":{\"@id\":\"https:\/\/vosgesinfo.fr\/saintdieinfo\/#organization\"},\"alternateName\":\"Toute l'actualit\u00e9 de Saint-Di\u00e9-Des-Vosges\",\"potentialAction\":[{\"@type\":\"SearchAction\",\"target\":{\"@type\":\"EntryPoint\",\"urlTemplate\":\"https:\/\/vosgesinfo.fr\/saintdieinfo\/?s={search_term_string}\"},\"query-input\":\"required name=search_term_string\"}],\"inLanguage\":\"fr-FR\"},{\"@type\":\"Organization\",\"@id\":\"https:\/\/vosgesinfo.fr\/saintdieinfo\/#organization\",\"name\":\"Saint Die Info\",\"url\":\"https:\/\/vosgesinfo.fr\/saintdieinfo\/\",\"logo\":{\"@type\":\"ImageObject\",\"inLanguage\":\"fr-FR\",\"@id\":\"https:\/\/vosgesinfo.fr\/saintdieinfo\/#\/schema\/logo\/image\/\",\"url\":\"https:\/\/vosgesinfo.fr\/app\/uploads\/sites\/4\/2024\/02\/logo-sdi.jpg\",\"contentUrl\":\"https:\/\/vosgesinfo.fr\/app\/uploads\/sites\/4\/2024\/02\/logo-sdi.jpg\",\"width\":600,\"height\":600,\"caption\":\"Saint Die Info\"},\"image\":{\"@id\":\"https:\/\/vosgesinfo.fr\/saintdieinfo\/#\/schema\/logo\/image\/\"},\"sameAs\":[\"https:\/\/www.facebook.com\/Saintdieinfofr\",\"https:\/\/x.com\/VosgesInfo88\",\"https:\/\/www.youtube.com\/@vosgesinfo\"]},{\"@type\":\"Person\",\"@id\":\"https:\/\/vosgesinfo.fr\/saintdieinfo\/#\/schema\/person\/faee6704a21f3977511db84bd1cd450f\",\"name\":\"la r\u00e9daction\",\"image\":{\"@type\":\"ImageObject\",\"inLanguage\":\"fr-FR\",\"@id\":\"https:\/\/vosgesinfo.fr\/saintdieinfo\/#\/schema\/person\/image\/\",\"url\":\"https:\/\/secure.gravatar.com\/avatar\/6673d8bc6a9c17fa9a453eaa3448de834fa308c2ec9635b7aa99441a7c8d2cf6?s=96&d=mm&r=g\",\"contentUrl\":\"https:\/\/secure.gravatar.com\/avatar\/6673d8bc6a9c17fa9a453eaa3448de834fa308c2ec9635b7aa99441a7c8d2cf6?s=96&d=mm&r=g\",\"caption\":\"la r\u00e9daction\"},\"url\":\"https:\/\/vosgesinfo.fr\/saintdieinfo\/author\/redac\/\"}]}<\/script>\n<!-- \/ Yoast SEO plugin. -->","yoast_head_json":{"title":"Concert en ligne le 26 mars \u2013 LES VOIX DU COEUR POUR AIDER LA PRATIQUE DE L\u2019HANDISPORT - Saint Die Info","robots":{"index":"index","follow":"follow","max-snippet":"max-snippet:-1","max-image-preview":"max-image-preview:large","max-video-preview":"max-video-preview:-1"},"canonical":"https:\/\/vosgesinfo.fr\/saintdieinfo\/2021\/03\/concert-ligne-26-mars-voix-coeur-aider-pratique-de-lhandisport\/","twitter_card":"summary_large_image","twitter_title":"Concert en ligne le 26 mars \u2013 LES VOIX DU COEUR POUR AIDER LA PRATIQUE DE L\u2019HANDISPORT - Saint Die Info","twitter_description":"&nbsp; Concert en ligne, en direct du Grand H\u00f4tel &amp; Spa de G\u00e9rardmer LES VOIX DU COEUR POUR AIDER LA [&hellip;]","twitter_image":"https:\/\/vosgesinfo.fr\/app\/uploads\/sites\/4\/2024\/08\/202103nancy-porte-des-vosges.jpg","twitter_creator":"@VosgesInfo88","twitter_site":"@VosgesInfo88","twitter_misc":{"\u00c9crit par":"la r\u00e9daction","Dur\u00e9e de lecture estim\u00e9e":"2 minutes"},"schema":{"@context":"https:\/\/schema.org","@graph":[{"@type":"Article","@id":"https:\/\/vosgesinfo.fr\/saintdieinfo\/2021\/03\/concert-ligne-26-mars-voix-coeur-aider-pratique-de-lhandisport\/#article","isPartOf":{"@id":"https:\/\/vosgesinfo.fr\/saintdieinfo\/2021\/03\/concert-ligne-26-mars-voix-coeur-aider-pratique-de-lhandisport\/"},"author":{"name":"la r\u00e9daction","@id":"https:\/\/vosgesinfo.fr\/saintdieinfo\/#\/schema\/person\/faee6704a21f3977511db84bd1cd450f"},"headline":"Concert en ligne le 26 mars \u2013 LES VOIX DU COEUR POUR AIDER LA PRATIQUE DE L\u2019HANDISPORT","datePublished":"2021-03-22T07:57:31+00:00","dateModified":"2021-03-22T07:57:31+00:00","mainEntityOfPage":{"@id":"https:\/\/vosgesinfo.fr\/saintdieinfo\/2021\/03\/concert-ligne-26-mars-voix-coeur-aider-pratique-de-lhandisport\/"},"wordCount":328,"commentCount":0,"publisher":{"@id":"https:\/\/vosgesinfo.fr\/saintdieinfo\/#organization"},"image":{"@id":"https:\/\/vosgesinfo.fr\/saintdieinfo\/2021\/03\/concert-ligne-26-mars-voix-coeur-aider-pratique-de-lhandisport\/#primaryimage"},"thumbnailUrl":"https:\/\/vosgesinfo.fr\/app\/uploads\/sites\/4\/2024\/08\/202103nancy-porte-des-vosges.jpg","keywords":["Rotary Club","Rotary International","voix du coeur"],"articleSection":["A la Une","Concert","Culture","Vosges"],"inLanguage":"fr-FR","potentialAction":[{"@type":"CommentAction","name":"Comment","target":["https:\/\/vosgesinfo.fr\/saintdieinfo\/2021\/03\/concert-ligne-26-mars-voix-coeur-aider-pratique-de-lhandisport\/#respond"]}]},{"@type":"WebPage","@id":"https:\/\/vosgesinfo.fr\/saintdieinfo\/2021\/03\/concert-ligne-26-mars-voix-coeur-aider-pratique-de-lhandisport\/","url":"https:\/\/vosgesinfo.fr\/saintdieinfo\/2021\/03\/concert-ligne-26-mars-voix-coeur-aider-pratique-de-lhandisport\/","name":"Concert en ligne le 26 mars \u2013 LES VOIX DU COEUR POUR AIDER LA PRATIQUE DE L\u2019HANDISPORT - Saint Die Info","isPartOf":{"@id":"https:\/\/vosgesinfo.fr\/saintdieinfo\/#website"},"primaryImageOfPage":{"@id":"https:\/\/vosgesinfo.fr\/saintdieinfo\/2021\/03\/concert-ligne-26-mars-voix-coeur-aider-pratique-de-lhandisport\/#primaryimage"},"image":{"@id":"https:\/\/vosgesinfo.fr\/saintdieinfo\/2021\/03\/concert-ligne-26-mars-voix-coeur-aider-pratique-de-lhandisport\/#primaryimage"},"thumbnailUrl":"https:\/\/vosgesinfo.fr\/app\/uploads\/sites\/4\/2024\/08\/202103nancy-porte-des-vosges.jpg","datePublished":"2021-03-22T07:57:31+00:00","dateModified":"2021-03-22T07:57:31+00:00","breadcrumb":{"@id":"https:\/\/vosgesinfo.fr\/saintdieinfo\/2021\/03\/concert-ligne-26-mars-voix-coeur-aider-pratique-de-lhandisport\/#breadcrumb"},"inLanguage":"fr-FR","potentialAction":[{"@type":"ReadAction","target":["https:\/\/vosgesinfo.fr\/saintdieinfo\/2021\/03\/concert-ligne-26-mars-voix-coeur-aider-pratique-de-lhandisport\/"]}]},{"@type":"ImageObject","inLanguage":"fr-FR","@id":"https:\/\/vosgesinfo.fr\/saintdieinfo\/2021\/03\/concert-ligne-26-mars-voix-coeur-aider-pratique-de-lhandisport\/#primaryimage","url":"https:\/\/vosgesinfo.fr\/app\/uploads\/sites\/4\/2024\/08\/202103nancy-porte-des-vosges.jpg","contentUrl":"https:\/\/vosgesinfo.fr\/app\/uploads\/sites\/4\/2024\/08\/202103nancy-porte-des-vosges.jpg","width":221,"height":287},{"@type":"BreadcrumbList","@id":"https:\/\/vosgesinfo.fr\/saintdieinfo\/2021\/03\/concert-ligne-26-mars-voix-coeur-aider-pratique-de-lhandisport\/#breadcrumb","itemListElement":[{"@type":"ListItem","position":1,"name":"Home","item":"https:\/\/vosgesinfo.fr\/saintdieinfo\/"},{"@type":"ListItem","position":2,"name":"Concert en ligne le 26 mars \u2013 LES VOIX DU COEUR POUR AIDER LA PRATIQUE DE L\u2019HANDISPORT"}]},{"@type":"WebSite","@id":"https:\/\/vosgesinfo.fr\/saintdieinfo\/#website","url":"https:\/\/vosgesinfo.fr\/saintdieinfo\/","name":"Saint Die Info","description":"Toute l&#039;actualit\u00e9 de Saint-Di\u00e9-Des-Vosges","publisher":{"@id":"https:\/\/vosgesinfo.fr\/saintdieinfo\/#organization"},"alternateName":"Toute l'actualit\u00e9 de Saint-Di\u00e9-Des-Vosges","potentialAction":[{"@type":"SearchAction","target":{"@type":"EntryPoint","urlTemplate":"https:\/\/vosgesinfo.fr\/saintdieinfo\/?s={search_term_string}"},"query-input":"required name=search_term_string"}],"inLanguage":"fr-FR"},{"@type":"Organization","@id":"https:\/\/vosgesinfo.fr\/saintdieinfo\/#organization","name":"Saint Die Info","url":"https:\/\/vosgesinfo.fr\/saintdieinfo\/","logo":{"@type":"ImageObject","inLanguage":"fr-FR","@id":"https:\/\/vosgesinfo.fr\/saintdieinfo\/#\/schema\/logo\/image\/","url":"https:\/\/vosgesinfo.fr\/app\/uploads\/sites\/4\/2024\/02\/logo-sdi.jpg","contentUrl":"https:\/\/vosgesinfo.fr\/app\/uploads\/sites\/4\/2024\/02\/logo-sdi.jpg","width":600,"height":600,"caption":"Saint Die Info"},"image":{"@id":"https:\/\/vosgesinfo.fr\/saintdieinfo\/#\/schema\/logo\/image\/"},"sameAs":["https:\/\/www.facebook.com\/Saintdieinfofr","https:\/\/x.com\/VosgesInfo88","https:\/\/www.youtube.com\/@vosgesinfo"]},{"@type":"Person","@id":"https:\/\/vosgesinfo.fr\/saintdieinfo\/#\/schema\/person\/faee6704a21f3977511db84bd1cd450f","name":"la r\u00e9daction","image":{"@type":"ImageObject","inLanguage":"fr-FR","@id":"https:\/\/vosgesinfo.fr\/saintdieinfo\/#\/schema\/person\/image\/","url":"https:\/\/secure.gravatar.com\/avatar\/6673d8bc6a9c17fa9a453eaa3448de834fa308c2ec9635b7aa99441a7c8d2cf6?s=96&d=mm&r=g","contentUrl":"https:\/\/secure.gravatar.com\/avatar\/6673d8bc6a9c17fa9a453eaa3448de834fa308c2ec9635b7aa99441a7c8d2cf6?s=96&d=mm&r=g","caption":"la r\u00e9daction"},"url":"https:\/\/vosgesinfo.fr\/saintdieinfo\/author\/redac\/"}]}},"_links":{"self":[{"href":"https:\/\/vosgesinfo.fr\/saintdieinfo\/wp-json\/wp\/v2\/posts\/39901","targetHints":{"allow":["GET"]}}],"collection":[{"href":"https:\/\/vosgesinfo.fr\/saintdieinfo\/wp-json\/wp\/v2\/posts"}],"about":[{"href":"https:\/\/vosgesinfo.fr\/saintdieinfo\/wp-json\/wp\/v2\/types\/post"}],"author":[{"embeddable":true,"href":"https:\/\/vosgesinfo.fr\/saintdieinfo\/wp-json\/wp\/v2\/users\/44"}],"replies":[{"embeddable":true,"href":"https:\/\/vosgesinfo.fr\/saintdieinfo\/wp-json\/wp\/v2\/comments?post=39901"}],"version-history":[{"count":0,"href":"https:\/\/vosgesinfo.fr\/saintdieinfo\/wp-json\/wp\/v2\/posts\/39901\/revisions"}],"wp:featuredmedia":[{"embeddable":true,"href":"https:\/\/vosgesinfo.fr\/saintdieinfo\/wp-json\/wp\/v2\/media\/39902"}],"wp:attachment":[{"href":"https:\/\/vosgesinfo.fr\/saintdieinfo\/wp-json\/wp\/v2\/media?parent=39901"}],"wp:term":[{"taxonomy":"category","embeddable":true,"href":"https:\/\/vosgesinfo.fr\/saintdieinfo\/wp-json\/wp\/v2\/categories?post=39901"},{"taxonomy":"post_tag","embeddable":true,"href":"https:\/\/vosgesinfo.fr\/saintdieinfo\/wp-json\/wp\/v2\/tags?post=39901"}],"curies":[{"name":"wp","href":"https:\/\/api.w.org\/{rel}","templated":true}]}}