{"id":39905,"date":"2021-03-22T09:44:23","date_gmt":"2021-03-22T08:44:23","guid":{"rendered":"https:\/\/vosgesinfo.fr\/saintdieinfo\/2021\/03\/federation-chasseurs-vosges-reagit-apres-mort-dun-homme-de-22-ans-victime-dun-accident-de-chasse\/"},"modified":"2021-03-22T09:44:23","modified_gmt":"2021-03-22T08:44:23","slug":"federation-chasseurs-vosges-reagit-apres-mort-dun-homme-de-22-ans-victime-dun-accident-de-chasse","status":"publish","type":"post","link":"https:\/\/vosgesinfo.fr\/saintdieinfo\/2021\/03\/federation-chasseurs-vosges-reagit-apres-mort-dun-homme-de-22-ans-victime-dun-accident-de-chasse\/","title":{"rendered":"La F\u00e9d\u00e9ration des Chasseurs des Vosges r\u00e9agit apr\u00e8s la mort d\u2019un homme de 22 ans victime d\u2019un accident de chasse"},"content":{"rendered":"<h2><strong>Ce dimanche matin, vers 8h30, les secours \u00e9taient appel\u00e9s \u00e0 intervenir sur un accident de chasse sur la commune de Neuville-sous-Montfort. Les urgentistes du SMUR et 10 sapeurs-pompiers \u00e9taient investis sur le terrain afin de porter secours \u00e0 un jeune homme de 22 ans victime d\u2019un accident de chasse qui est malheureusement d\u00e9c\u00e9d\u00e9.<\/strong><\/h2>\n<p><a href=\"https:\/\/www.facebook.com\/F%C3%A9d%C3%A9ration-D%C3%A9partementale-Des-Chasseurs-des-Vosges-114312953811379\/\">La F\u00e9d\u00e9ration D\u00e9partementale Des Chasseurs des Vosges<\/a> a r\u00e9agit suit \u00e0 cet \u00e9v\u00e9nement tragique\u00a0:<\/p>\n","protected":false},"excerpt":{"rendered":"<p>Ce dimanche matin, vers 8h30, les secours \u00e9taient appel\u00e9s \u00e0 intervenir sur un accident de chasse sur la commune de [&hellip;]<\/p>\n","protected":false},"author":39,"featured_media":39906,"comment_status":"open","ping_status":"open","sticky":false,"template":"","format":"standard","meta":{"footnotes":""},"categories":[460,18],"tags":[],"class_list":["post-39905","post","type-post","status-publish","format-standard","has-post-thumbnail","hentry","category-a-la-une","category-vosges"],"acf":[],"yoast_head":"<!-- This site is optimized with the Yoast SEO plugin v22.5 - https:\/\/yoast.com\/wordpress\/plugins\/seo\/ -->\n<title>La F\u00e9d\u00e9ration des Chasseurs des Vosges r\u00e9agit apr\u00e8s la mort d\u2019un homme de 22 ans victime d\u2019un accident de chasse - Saint Die Info<\/title>\n<meta name=\"robots\" content=\"index, follow, max-snippet:-1, max-image-preview:large, max-video-preview:-1\" \/>\n<link rel=\"canonical\" href=\"https:\/\/vosgesinfo.fr\/saintdieinfo\/2021\/03\/federation-chasseurs-vosges-reagit-apres-mort-dun-homme-de-22-ans-victime-dun-accident-de-chasse\/\" \/>\n<meta name=\"twitter:card\" content=\"summary_large_image\" \/>\n<meta name=\"twitter:title\" content=\"La F\u00e9d\u00e9ration des Chasseurs des Vosges r\u00e9agit apr\u00e8s la mort d\u2019un homme de 22 ans victime d\u2019un accident de chasse - Saint Die Info\" \/>\n<meta name=\"twitter:description\" content=\"Ce dimanche matin, vers 8h30, les secours \u00e9taient appel\u00e9s \u00e0 intervenir sur un accident de chasse sur la commune de [&hellip;]\" \/>\n<meta name=\"twitter:image\" content=\"https:\/\/vosgesinfo.fr\/app\/uploads\/sites\/4\/2024\/08\/202103chass-chasseur.png\" \/>\n<meta name=\"twitter:creator\" content=\"@VosgesInfo88\" \/>\n<meta name=\"twitter:site\" content=\"@VosgesInfo88\" \/>\n<meta name=\"twitter:label1\" content=\"\u00c9crit par\" \/>\n\t<meta name=\"twitter:data1\" content=\"Phj\" \/>\n<script type=\"application\/ld+json\" class=\"yoast-schema-graph\">{\"@context\":\"https:\/\/schema.org\",\"@graph\":[{\"@type\":\"Article\",\"@id\":\"https:\/\/vosgesinfo.fr\/saintdieinfo\/2021\/03\/federation-chasseurs-vosges-reagit-apres-mort-dun-homme-de-22-ans-victime-dun-accident-de-chasse\/#article\",\"isPartOf\":{\"@id\":\"https:\/\/vosgesinfo.fr\/saintdieinfo\/2021\/03\/federation-chasseurs-vosges-reagit-apres-mort-dun-homme-de-22-ans-victime-dun-accident-de-chasse\/\"},\"author\":{\"name\":\"Phj\",\"@id\":\"https:\/\/vosgesinfo.fr\/saintdieinfo\/#\/schema\/person\/4f57dc393faf2ac8b9f1cab30ad79250\"},\"headline\":\"La F\u00e9d\u00e9ration des Chasseurs des Vosges r\u00e9agit apr\u00e8s la mort d\u2019un homme de 22 ans victime d\u2019un accident de chasse\",\"datePublished\":\"2021-03-22T08:44:23+00:00\",\"dateModified\":\"2021-03-22T08:44:23+00:00\",\"mainEntityOfPage\":{\"@id\":\"https:\/\/vosgesinfo.fr\/saintdieinfo\/2021\/03\/federation-chasseurs-vosges-reagit-apres-mort-dun-homme-de-22-ans-victime-dun-accident-de-chasse\/\"},\"wordCount\":96,\"commentCount\":0,\"publisher\":{\"@id\":\"https:\/\/vosgesinfo.fr\/saintdieinfo\/#organization\"},\"image\":{\"@id\":\"https:\/\/vosgesinfo.fr\/saintdieinfo\/2021\/03\/federation-chasseurs-vosges-reagit-apres-mort-dun-homme-de-22-ans-victime-dun-accident-de-chasse\/#primaryimage\"},\"thumbnailUrl\":\"https:\/\/vosgesinfo.fr\/app\/uploads\/sites\/4\/2024\/08\/202103chass-chasseur.png\",\"articleSection\":[\"A la Une\",\"Vosges\"],\"inLanguage\":\"fr-FR\",\"potentialAction\":[{\"@type\":\"CommentAction\",\"name\":\"Comment\",\"target\":[\"https:\/\/vosgesinfo.fr\/saintdieinfo\/2021\/03\/federation-chasseurs-vosges-reagit-apres-mort-dun-homme-de-22-ans-victime-dun-accident-de-chasse\/#respond\"]}]},{\"@type\":\"WebPage\",\"@id\":\"https:\/\/vosgesinfo.fr\/saintdieinfo\/2021\/03\/federation-chasseurs-vosges-reagit-apres-mort-dun-homme-de-22-ans-victime-dun-accident-de-chasse\/\",\"url\":\"https:\/\/vosgesinfo.fr\/saintdieinfo\/2021\/03\/federation-chasseurs-vosges-reagit-apres-mort-dun-homme-de-22-ans-victime-dun-accident-de-chasse\/\",\"name\":\"La F\u00e9d\u00e9ration des Chasseurs des Vosges r\u00e9agit apr\u00e8s la mort d\u2019un homme de 22 ans victime d\u2019un accident de chasse - Saint Die Info\",\"isPartOf\":{\"@id\":\"https:\/\/vosgesinfo.fr\/saintdieinfo\/#website\"},\"primaryImageOfPage\":{\"@id\":\"https:\/\/vosgesinfo.fr\/saintdieinfo\/2021\/03\/federation-chasseurs-vosges-reagit-apres-mort-dun-homme-de-22-ans-victime-dun-accident-de-chasse\/#primaryimage\"},\"image\":{\"@id\":\"https:\/\/vosgesinfo.fr\/saintdieinfo\/2021\/03\/federation-chasseurs-vosges-reagit-apres-mort-dun-homme-de-22-ans-victime-dun-accident-de-chasse\/#primaryimage\"},\"thumbnailUrl\":\"https:\/\/vosgesinfo.fr\/app\/uploads\/sites\/4\/2024\/08\/202103chass-chasseur.png\",\"datePublished\":\"2021-03-22T08:44:23+00:00\",\"dateModified\":\"2021-03-22T08:44:23+00:00\",\"breadcrumb\":{\"@id\":\"https:\/\/vosgesinfo.fr\/saintdieinfo\/2021\/03\/federation-chasseurs-vosges-reagit-apres-mort-dun-homme-de-22-ans-victime-dun-accident-de-chasse\/#breadcrumb\"},\"inLanguage\":\"fr-FR\",\"potentialAction\":[{\"@type\":\"ReadAction\",\"target\":[\"https:\/\/vosgesinfo.fr\/saintdieinfo\/2021\/03\/federation-chasseurs-vosges-reagit-apres-mort-dun-homme-de-22-ans-victime-dun-accident-de-chasse\/\"]}]},{\"@type\":\"ImageObject\",\"inLanguage\":\"fr-FR\",\"@id\":\"https:\/\/vosgesinfo.fr\/saintdieinfo\/2021\/03\/federation-chasseurs-vosges-reagit-apres-mort-dun-homme-de-22-ans-victime-dun-accident-de-chasse\/#primaryimage\",\"url\":\"https:\/\/vosgesinfo.fr\/app\/uploads\/sites\/4\/2024\/08\/202103chass-chasseur.png\",\"contentUrl\":\"https:\/\/vosgesinfo.fr\/app\/uploads\/sites\/4\/2024\/08\/202103chass-chasseur.png\",\"width\":800,\"height\":593},{\"@type\":\"BreadcrumbList\",\"@id\":\"https:\/\/vosgesinfo.fr\/saintdieinfo\/2021\/03\/federation-chasseurs-vosges-reagit-apres-mort-dun-homme-de-22-ans-victime-dun-accident-de-chasse\/#breadcrumb\",\"itemListElement\":[{\"@type\":\"ListItem\",\"position\":1,\"name\":\"Home\",\"item\":\"https:\/\/vosgesinfo.fr\/saintdieinfo\/\"},{\"@type\":\"ListItem\",\"position\":2,\"name\":\"La F\u00e9d\u00e9ration des Chasseurs des Vosges r\u00e9agit apr\u00e8s la mort d\u2019un homme de 22 ans victime d\u2019un accident de chasse\"}]},{\"@type\":\"WebSite\",\"@id\":\"https:\/\/vosgesinfo.fr\/saintdieinfo\/#website\",\"url\":\"https:\/\/vosgesinfo.fr\/saintdieinfo\/\",\"name\":\"Saint Die Info\",\"description\":\"Toute l&#039;actualit\u00e9 de Saint-Di\u00e9-Des-Vosges\",\"publisher\":{\"@id\":\"https:\/\/vosgesinfo.fr\/saintdieinfo\/#organization\"},\"alternateName\":\"Toute l'actualit\u00e9 de Saint-Di\u00e9-Des-Vosges\",\"potentialAction\":[{\"@type\":\"SearchAction\",\"target\":{\"@type\":\"EntryPoint\",\"urlTemplate\":\"https:\/\/vosgesinfo.fr\/saintdieinfo\/?s={search_term_string}\"},\"query-input\":\"required name=search_term_string\"}],\"inLanguage\":\"fr-FR\"},{\"@type\":\"Organization\",\"@id\":\"https:\/\/vosgesinfo.fr\/saintdieinfo\/#organization\",\"name\":\"Saint Die Info\",\"url\":\"https:\/\/vosgesinfo.fr\/saintdieinfo\/\",\"logo\":{\"@type\":\"ImageObject\",\"inLanguage\":\"fr-FR\",\"@id\":\"https:\/\/vosgesinfo.fr\/saintdieinfo\/#\/schema\/logo\/image\/\",\"url\":\"https:\/\/vosgesinfo.fr\/app\/uploads\/sites\/4\/2024\/02\/logo-sdi.jpg\",\"contentUrl\":\"https:\/\/vosgesinfo.fr\/app\/uploads\/sites\/4\/2024\/02\/logo-sdi.jpg\",\"width\":600,\"height\":600,\"caption\":\"Saint Die Info\"},\"image\":{\"@id\":\"https:\/\/vosgesinfo.fr\/saintdieinfo\/#\/schema\/logo\/image\/\"},\"sameAs\":[\"https:\/\/www.facebook.com\/Saintdieinfofr\",\"https:\/\/x.com\/VosgesInfo88\",\"https:\/\/www.youtube.com\/@vosgesinfo\"]},{\"@type\":\"Person\",\"@id\":\"https:\/\/vosgesinfo.fr\/saintdieinfo\/#\/schema\/person\/4f57dc393faf2ac8b9f1cab30ad79250\",\"name\":\"Phj\",\"image\":{\"@type\":\"ImageObject\",\"inLanguage\":\"fr-FR\",\"@id\":\"https:\/\/vosgesinfo.fr\/saintdieinfo\/#\/schema\/person\/image\/\",\"url\":\"https:\/\/secure.gravatar.com\/avatar\/ada60265080fb9a89c9809bf0abb1f448a128cb85db1c08905baa5038fbe3cfe?s=96&d=mm&r=g\",\"contentUrl\":\"https:\/\/secure.gravatar.com\/avatar\/ada60265080fb9a89c9809bf0abb1f448a128cb85db1c08905baa5038fbe3cfe?s=96&d=mm&r=g\",\"caption\":\"Phj\"},\"url\":\"https:\/\/vosgesinfo.fr\/saintdieinfo\/author\/phj\/\"}]}<\/script>\n<!-- \/ Yoast SEO plugin. -->","yoast_head_json":{"title":"La F\u00e9d\u00e9ration des Chasseurs des Vosges r\u00e9agit apr\u00e8s la mort d\u2019un homme de 22 ans victime d\u2019un accident de chasse - Saint Die Info","robots":{"index":"index","follow":"follow","max-snippet":"max-snippet:-1","max-image-preview":"max-image-preview:large","max-video-preview":"max-video-preview:-1"},"canonical":"https:\/\/vosgesinfo.fr\/saintdieinfo\/2021\/03\/federation-chasseurs-vosges-reagit-apres-mort-dun-homme-de-22-ans-victime-dun-accident-de-chasse\/","twitter_card":"summary_large_image","twitter_title":"La F\u00e9d\u00e9ration des Chasseurs des Vosges r\u00e9agit apr\u00e8s la mort d\u2019un homme de 22 ans victime d\u2019un accident de chasse - Saint Die Info","twitter_description":"Ce dimanche matin, vers 8h30, les secours \u00e9taient appel\u00e9s \u00e0 intervenir sur un accident de chasse sur la commune de [&hellip;]","twitter_image":"https:\/\/vosgesinfo.fr\/app\/uploads\/sites\/4\/2024\/08\/202103chass-chasseur.png","twitter_creator":"@VosgesInfo88","twitter_site":"@VosgesInfo88","twitter_misc":{"\u00c9crit par":"Phj"},"schema":{"@context":"https:\/\/schema.org","@graph":[{"@type":"Article","@id":"https:\/\/vosgesinfo.fr\/saintdieinfo\/2021\/03\/federation-chasseurs-vosges-reagit-apres-mort-dun-homme-de-22-ans-victime-dun-accident-de-chasse\/#article","isPartOf":{"@id":"https:\/\/vosgesinfo.fr\/saintdieinfo\/2021\/03\/federation-chasseurs-vosges-reagit-apres-mort-dun-homme-de-22-ans-victime-dun-accident-de-chasse\/"},"author":{"name":"Phj","@id":"https:\/\/vosgesinfo.fr\/saintdieinfo\/#\/schema\/person\/4f57dc393faf2ac8b9f1cab30ad79250"},"headline":"La F\u00e9d\u00e9ration des Chasseurs des Vosges r\u00e9agit apr\u00e8s la mort d\u2019un homme de 22 ans victime d\u2019un accident de chasse","datePublished":"2021-03-22T08:44:23+00:00","dateModified":"2021-03-22T08:44:23+00:00","mainEntityOfPage":{"@id":"https:\/\/vosgesinfo.fr\/saintdieinfo\/2021\/03\/federation-chasseurs-vosges-reagit-apres-mort-dun-homme-de-22-ans-victime-dun-accident-de-chasse\/"},"wordCount":96,"commentCount":0,"publisher":{"@id":"https:\/\/vosgesinfo.fr\/saintdieinfo\/#organization"},"image":{"@id":"https:\/\/vosgesinfo.fr\/saintdieinfo\/2021\/03\/federation-chasseurs-vosges-reagit-apres-mort-dun-homme-de-22-ans-victime-dun-accident-de-chasse\/#primaryimage"},"thumbnailUrl":"https:\/\/vosgesinfo.fr\/app\/uploads\/sites\/4\/2024\/08\/202103chass-chasseur.png","articleSection":["A la Une","Vosges"],"inLanguage":"fr-FR","potentialAction":[{"@type":"CommentAction","name":"Comment","target":["https:\/\/vosgesinfo.fr\/saintdieinfo\/2021\/03\/federation-chasseurs-vosges-reagit-apres-mort-dun-homme-de-22-ans-victime-dun-accident-de-chasse\/#respond"]}]},{"@type":"WebPage","@id":"https:\/\/vosgesinfo.fr\/saintdieinfo\/2021\/03\/federation-chasseurs-vosges-reagit-apres-mort-dun-homme-de-22-ans-victime-dun-accident-de-chasse\/","url":"https:\/\/vosgesinfo.fr\/saintdieinfo\/2021\/03\/federation-chasseurs-vosges-reagit-apres-mort-dun-homme-de-22-ans-victime-dun-accident-de-chasse\/","name":"La F\u00e9d\u00e9ration des Chasseurs des Vosges r\u00e9agit apr\u00e8s la mort d\u2019un homme de 22 ans victime d\u2019un accident de chasse - Saint Die Info","isPartOf":{"@id":"https:\/\/vosgesinfo.fr\/saintdieinfo\/#website"},"primaryImageOfPage":{"@id":"https:\/\/vosgesinfo.fr\/saintdieinfo\/2021\/03\/federation-chasseurs-vosges-reagit-apres-mort-dun-homme-de-22-ans-victime-dun-accident-de-chasse\/#primaryimage"},"image":{"@id":"https:\/\/vosgesinfo.fr\/saintdieinfo\/2021\/03\/federation-chasseurs-vosges-reagit-apres-mort-dun-homme-de-22-ans-victime-dun-accident-de-chasse\/#primaryimage"},"thumbnailUrl":"https:\/\/vosgesinfo.fr\/app\/uploads\/sites\/4\/2024\/08\/202103chass-chasseur.png","datePublished":"2021-03-22T08:44:23+00:00","dateModified":"2021-03-22T08:44:23+00:00","breadcrumb":{"@id":"https:\/\/vosgesinfo.fr\/saintdieinfo\/2021\/03\/federation-chasseurs-vosges-reagit-apres-mort-dun-homme-de-22-ans-victime-dun-accident-de-chasse\/#breadcrumb"},"inLanguage":"fr-FR","potentialAction":[{"@type":"ReadAction","target":["https:\/\/vosgesinfo.fr\/saintdieinfo\/2021\/03\/federation-chasseurs-vosges-reagit-apres-mort-dun-homme-de-22-ans-victime-dun-accident-de-chasse\/"]}]},{"@type":"ImageObject","inLanguage":"fr-FR","@id":"https:\/\/vosgesinfo.fr\/saintdieinfo\/2021\/03\/federation-chasseurs-vosges-reagit-apres-mort-dun-homme-de-22-ans-victime-dun-accident-de-chasse\/#primaryimage","url":"https:\/\/vosgesinfo.fr\/app\/uploads\/sites\/4\/2024\/08\/202103chass-chasseur.png","contentUrl":"https:\/\/vosgesinfo.fr\/app\/uploads\/sites\/4\/2024\/08\/202103chass-chasseur.png","width":800,"height":593},{"@type":"BreadcrumbList","@id":"https:\/\/vosgesinfo.fr\/saintdieinfo\/2021\/03\/federation-chasseurs-vosges-reagit-apres-mort-dun-homme-de-22-ans-victime-dun-accident-de-chasse\/#breadcrumb","itemListElement":[{"@type":"ListItem","position":1,"name":"Home","item":"https:\/\/vosgesinfo.fr\/saintdieinfo\/"},{"@type":"ListItem","position":2,"name":"La F\u00e9d\u00e9ration des Chasseurs des Vosges r\u00e9agit apr\u00e8s la mort d\u2019un homme de 22 ans victime d\u2019un accident de chasse"}]},{"@type":"WebSite","@id":"https:\/\/vosgesinfo.fr\/saintdieinfo\/#website","url":"https:\/\/vosgesinfo.fr\/saintdieinfo\/","name":"Saint Die Info","description":"Toute l&#039;actualit\u00e9 de Saint-Di\u00e9-Des-Vosges","publisher":{"@id":"https:\/\/vosgesinfo.fr\/saintdieinfo\/#organization"},"alternateName":"Toute l'actualit\u00e9 de Saint-Di\u00e9-Des-Vosges","potentialAction":[{"@type":"SearchAction","target":{"@type":"EntryPoint","urlTemplate":"https:\/\/vosgesinfo.fr\/saintdieinfo\/?s={search_term_string}"},"query-input":"required name=search_term_string"}],"inLanguage":"fr-FR"},{"@type":"Organization","@id":"https:\/\/vosgesinfo.fr\/saintdieinfo\/#organization","name":"Saint Die Info","url":"https:\/\/vosgesinfo.fr\/saintdieinfo\/","logo":{"@type":"ImageObject","inLanguage":"fr-FR","@id":"https:\/\/vosgesinfo.fr\/saintdieinfo\/#\/schema\/logo\/image\/","url":"https:\/\/vosgesinfo.fr\/app\/uploads\/sites\/4\/2024\/02\/logo-sdi.jpg","contentUrl":"https:\/\/vosgesinfo.fr\/app\/uploads\/sites\/4\/2024\/02\/logo-sdi.jpg","width":600,"height":600,"caption":"Saint Die Info"},"image":{"@id":"https:\/\/vosgesinfo.fr\/saintdieinfo\/#\/schema\/logo\/image\/"},"sameAs":["https:\/\/www.facebook.com\/Saintdieinfofr","https:\/\/x.com\/VosgesInfo88","https:\/\/www.youtube.com\/@vosgesinfo"]},{"@type":"Person","@id":"https:\/\/vosgesinfo.fr\/saintdieinfo\/#\/schema\/person\/4f57dc393faf2ac8b9f1cab30ad79250","name":"Phj","image":{"@type":"ImageObject","inLanguage":"fr-FR","@id":"https:\/\/vosgesinfo.fr\/saintdieinfo\/#\/schema\/person\/image\/","url":"https:\/\/secure.gravatar.com\/avatar\/ada60265080fb9a89c9809bf0abb1f448a128cb85db1c08905baa5038fbe3cfe?s=96&d=mm&r=g","contentUrl":"https:\/\/secure.gravatar.com\/avatar\/ada60265080fb9a89c9809bf0abb1f448a128cb85db1c08905baa5038fbe3cfe?s=96&d=mm&r=g","caption":"Phj"},"url":"https:\/\/vosgesinfo.fr\/saintdieinfo\/author\/phj\/"}]}},"_links":{"self":[{"href":"https:\/\/vosgesinfo.fr\/saintdieinfo\/wp-json\/wp\/v2\/posts\/39905","targetHints":{"allow":["GET"]}}],"collection":[{"href":"https:\/\/vosgesinfo.fr\/saintdieinfo\/wp-json\/wp\/v2\/posts"}],"about":[{"href":"https:\/\/vosgesinfo.fr\/saintdieinfo\/wp-json\/wp\/v2\/types\/post"}],"author":[{"embeddable":true,"href":"https:\/\/vosgesinfo.fr\/saintdieinfo\/wp-json\/wp\/v2\/users\/39"}],"replies":[{"embeddable":true,"href":"https:\/\/vosgesinfo.fr\/saintdieinfo\/wp-json\/wp\/v2\/comments?post=39905"}],"version-history":[{"count":0,"href":"https:\/\/vosgesinfo.fr\/saintdieinfo\/wp-json\/wp\/v2\/posts\/39905\/revisions"}],"wp:featuredmedia":[{"embeddable":true,"href":"https:\/\/vosgesinfo.fr\/saintdieinfo\/wp-json\/wp\/v2\/media\/39906"}],"wp:attachment":[{"href":"https:\/\/vosgesinfo.fr\/saintdieinfo\/wp-json\/wp\/v2\/media?parent=39905"}],"wp:term":[{"taxonomy":"category","embeddable":true,"href":"https:\/\/vosgesinfo.fr\/saintdieinfo\/wp-json\/wp\/v2\/categories?post=39905"},{"taxonomy":"post_tag","embeddable":true,"href":"https:\/\/vosgesinfo.fr\/saintdieinfo\/wp-json\/wp\/v2\/tags?post=39905"}],"curies":[{"name":"wp","href":"https:\/\/api.w.org\/{rel}","templated":true}]}}