{"id":39907,"date":"2021-03-22T12:10:31","date_gmt":"2021-03-22T11:10:31","guid":{"rendered":"https:\/\/vosgesinfo.fr\/saintdieinfo\/2021\/03\/covid-19-campagne-de-vaccination-saccelere-a-saint-die-vosges\/"},"modified":"2021-03-22T12:10:31","modified_gmt":"2021-03-22T11:10:31","slug":"covid-19-campagne-de-vaccination-saccelere-a-saint-die-vosges","status":"publish","type":"post","link":"https:\/\/vosgesinfo.fr\/saintdieinfo\/2021\/03\/covid-19-campagne-de-vaccination-saccelere-a-saint-die-vosges\/","title":{"rendered":"Covid-19 \u2013 La campagne de vaccination s&rsquo;acc\u00e9l\u00e8re \u00e0 Saint-Di\u00e9-des-Vosges"},"content":{"rendered":"\n<h2><strong><span style=\"font-family: Calibri, sans-serif;\"><span style=\"font-size: large;\">Le centre de vaccination de Saint-Di\u00e9-des-Vosges, install\u00e9 salle Carbonnar, a ouvert ses portes le 12 janvier 2021. Vendredi apr\u00e8s-midi, environ 2 mois apr\u00e8s son ouverture, le maire David Valence a effectu\u00e9 un point d&rsquo;\u00e9tape avec le premier adjoint Bruno Toussaint, la vice-pr\u00e9sidente du Conseil D\u00e9partemental Caroline Mattioni, le sous-pr\u00e9f\u00e8te de l&rsquo;arrondissement Carole Dabrigeon et le directeur adjoint du Centre Hospitalier de Saint-Di\u00e9-des-Vosges Aljendro D\u00e9lgado.<\/span><\/span><\/strong><\/h2>\n<p><!--more--><\/p>\n<p><span style=\"font-family: Calibri, sans-serif;\"><span style=\"font-size: large;\">De ce point d&rsquo;\u00e9tape, on retiendra que plus de 8000 injections (Pfizer et AstraZeneca) ont \u00e9t\u00e9 r\u00e9alis\u00e9es en 2 mois dans les centres de Saint-Di\u00e9-des-Vosges, Raon-l&rsquo;Etape et Anould. Pour les EHPAD publics et priv\u00e9s du territoire de la Communaut\u00e9 d&rsquo;Agglom\u00e9ration, 837 r\u00e9sidents sur 1013 places ont \u00e9t\u00e9 vaccin\u00e9s. Soit 83% de vaccination.<\/span><\/span><\/p>\n<p><span style=\"font-family: Calibri, sans-serif;\"><span style=\"font-size: large;\">A partir d&rsquo;aujourd&rsquo;hui, la campagne de vaccination d\u00e9odatienne s&rsquo;acc\u00e9l\u00e8re, avec 1650 injections pr\u00e9visionnelles cette semaine pour 2200 injections la semaine prochaine. Pour permettre une mont\u00e9e en puissance et l&rsquo;acc\u00e9l\u00e9ration du nombre d&rsquo;injections \u2013 sous r\u00e9serve des dotations en vaccins \u2013 le centre de vaccination de Saint-Di\u00e9-des-Vosges sera transf\u00e9r\u00e9 au Palais Omnisports Joseph-Claudel le 29 mars.<\/span><\/span><\/p>\n<p><span style=\"font-family: Calibri, sans-serif;\"><span style=\"font-size: large;\">Et pour pouvoir continuer \u00e0 monter en puissance et ouvrir de nouvelles lignes de vaccination, les m\u00e9decins et infirmiers en exercice ou en retraite qui le souhaitent peuvent se faire conna\u00eetre en envoyant un mail \u00e0 l&rsquo;adresse <a href=\"mailto:vaccincovid19.ch-saintdie@sante-lorraine.fr\" target=\"_blank\" rel=\"noopener\">vaccincovid19.ch-saintdie@sante-lorraine.fr<\/a><\/span><\/span><\/p>\n<p><span style=\"font-family: Calibri, sans-serif;\"><span style=\"font-size: large;\">Les personnes souhaitant \u00eatre vaccin\u00e9es sont invit\u00e9es \u00e0 prendre rendez-vous par t\u00e9l\u00e9phone, au 03-29-42-16-75, du lundi au vendredi de 8h30 \u00e0 12h et de 14h \u00e0 17h30. <em>\u00ab\u00a0Il y a 2500 appels par semaine en moyenne, dont la moiti\u00e9 obtient une r\u00e9ponse. 8 agents se relaient, avec en permanence 4 agents mobilis\u00e9s\u00a0\u00bb<\/em> pr\u00e9cise David Valence.<\/span><\/span><\/p>\n","protected":false},"excerpt":{"rendered":"<p>Le centre de vaccination de Saint-Di\u00e9-des-Vosges, install\u00e9 salle Carbonnar, a ouvert ses portes le 12 janvier 2021. Vendredi apr\u00e8s-midi, environ [&hellip;]<\/p>\n","protected":false},"author":44,"featured_media":39908,"comment_status":"open","ping_status":"open","sticky":false,"template":"","format":"standard","meta":{"footnotes":""},"categories":[460,2915,4152,13],"tags":[8008,7970,1072,8009,8010],"class_list":["post-39907","post","type-post","status-publish","format-standard","has-post-thumbnail","hentry","category-a-la-une","category-saint-die-son-canton","category-sante","category-societe","tag-astrazeneca","tag-centre-de-vaccination-ephemere","tag-covid-19","tag-pfizer","tag-vaccin-contre-la-covid-19"],"acf":[],"yoast_head":"<!-- This site is optimized with the Yoast SEO plugin v22.5 - https:\/\/yoast.com\/wordpress\/plugins\/seo\/ -->\n<title>Covid-19 \u2013 La campagne de vaccination s&#039;acc\u00e9l\u00e8re \u00e0 Saint-Di\u00e9-des-Vosges - Saint Die Info<\/title>\n<meta name=\"robots\" content=\"index, follow, max-snippet:-1, max-image-preview:large, max-video-preview:-1\" \/>\n<link rel=\"canonical\" href=\"https:\/\/vosgesinfo.fr\/saintdieinfo\/2021\/03\/covid-19-campagne-de-vaccination-saccelere-a-saint-die-vosges\/\" \/>\n<meta name=\"twitter:card\" content=\"summary_large_image\" \/>\n<meta name=\"twitter:title\" content=\"Covid-19 \u2013 La campagne de vaccination s&#039;acc\u00e9l\u00e8re \u00e0 Saint-Di\u00e9-des-Vosges - Saint Die Info\" \/>\n<meta name=\"twitter:description\" content=\"Le centre de vaccination de Saint-Di\u00e9-des-Vosges, install\u00e9 salle Carbonnar, a ouvert ses portes le 12 janvier 2021. Vendredi apr\u00e8s-midi, environ [&hellip;]\" \/>\n<meta name=\"twitter:image\" content=\"https:\/\/vosgesinfo.fr\/app\/uploads\/sites\/4\/2024\/08\/202103point-campagne-vaccination-saint-die-1.jpg\" \/>\n<meta name=\"twitter:creator\" content=\"@VosgesInfo88\" \/>\n<meta name=\"twitter:site\" content=\"@VosgesInfo88\" \/>\n<meta name=\"twitter:label1\" content=\"\u00c9crit par\" \/>\n\t<meta name=\"twitter:data1\" content=\"la r\u00e9daction\" \/>\n\t<meta name=\"twitter:label2\" content=\"Dur\u00e9e de lecture estim\u00e9e\" \/>\n\t<meta name=\"twitter:data2\" content=\"1 minute\" \/>\n<script type=\"application\/ld+json\" class=\"yoast-schema-graph\">{\"@context\":\"https:\/\/schema.org\",\"@graph\":[{\"@type\":\"Article\",\"@id\":\"https:\/\/vosgesinfo.fr\/saintdieinfo\/2021\/03\/covid-19-campagne-de-vaccination-saccelere-a-saint-die-vosges\/#article\",\"isPartOf\":{\"@id\":\"https:\/\/vosgesinfo.fr\/saintdieinfo\/2021\/03\/covid-19-campagne-de-vaccination-saccelere-a-saint-die-vosges\/\"},\"author\":{\"name\":\"la r\u00e9daction\",\"@id\":\"https:\/\/vosgesinfo.fr\/saintdieinfo\/#\/schema\/person\/faee6704a21f3977511db84bd1cd450f\"},\"headline\":\"Covid-19 \u2013 La campagne de vaccination s&rsquo;acc\u00e9l\u00e8re \u00e0 Saint-Di\u00e9-des-Vosges\",\"datePublished\":\"2021-03-22T11:10:31+00:00\",\"dateModified\":\"2021-03-22T11:10:31+00:00\",\"mainEntityOfPage\":{\"@id\":\"https:\/\/vosgesinfo.fr\/saintdieinfo\/2021\/03\/covid-19-campagne-de-vaccination-saccelere-a-saint-die-vosges\/\"},\"wordCount\":312,\"commentCount\":0,\"publisher\":{\"@id\":\"https:\/\/vosgesinfo.fr\/saintdieinfo\/#organization\"},\"image\":{\"@id\":\"https:\/\/vosgesinfo.fr\/saintdieinfo\/2021\/03\/covid-19-campagne-de-vaccination-saccelere-a-saint-die-vosges\/#primaryimage\"},\"thumbnailUrl\":\"https:\/\/vosgesinfo.fr\/app\/uploads\/sites\/4\/2024\/08\/202103point-campagne-vaccination-saint-die-1.jpg\",\"keywords\":[\"AstraZeneca\",\"Centre de vaccination \u00e9ph\u00e9m\u00e8re\",\"Covid-19\",\"Pfizer\",\"Vaccin contre la Covid-19\"],\"articleSection\":[\"A la Une\",\"Saint-Di\u00e9-des-Vosges et son Agglom\u00e9ration\",\"Sant\u00e9\",\"Soci\u00e9t\u00e9\"],\"inLanguage\":\"fr-FR\",\"potentialAction\":[{\"@type\":\"CommentAction\",\"name\":\"Comment\",\"target\":[\"https:\/\/vosgesinfo.fr\/saintdieinfo\/2021\/03\/covid-19-campagne-de-vaccination-saccelere-a-saint-die-vosges\/#respond\"]}]},{\"@type\":\"WebPage\",\"@id\":\"https:\/\/vosgesinfo.fr\/saintdieinfo\/2021\/03\/covid-19-campagne-de-vaccination-saccelere-a-saint-die-vosges\/\",\"url\":\"https:\/\/vosgesinfo.fr\/saintdieinfo\/2021\/03\/covid-19-campagne-de-vaccination-saccelere-a-saint-die-vosges\/\",\"name\":\"Covid-19 \u2013 La campagne de vaccination s'acc\u00e9l\u00e8re \u00e0 Saint-Di\u00e9-des-Vosges - Saint Die Info\",\"isPartOf\":{\"@id\":\"https:\/\/vosgesinfo.fr\/saintdieinfo\/#website\"},\"primaryImageOfPage\":{\"@id\":\"https:\/\/vosgesinfo.fr\/saintdieinfo\/2021\/03\/covid-19-campagne-de-vaccination-saccelere-a-saint-die-vosges\/#primaryimage\"},\"image\":{\"@id\":\"https:\/\/vosgesinfo.fr\/saintdieinfo\/2021\/03\/covid-19-campagne-de-vaccination-saccelere-a-saint-die-vosges\/#primaryimage\"},\"thumbnailUrl\":\"https:\/\/vosgesinfo.fr\/app\/uploads\/sites\/4\/2024\/08\/202103point-campagne-vaccination-saint-die-1.jpg\",\"datePublished\":\"2021-03-22T11:10:31+00:00\",\"dateModified\":\"2021-03-22T11:10:31+00:00\",\"breadcrumb\":{\"@id\":\"https:\/\/vosgesinfo.fr\/saintdieinfo\/2021\/03\/covid-19-campagne-de-vaccination-saccelere-a-saint-die-vosges\/#breadcrumb\"},\"inLanguage\":\"fr-FR\",\"potentialAction\":[{\"@type\":\"ReadAction\",\"target\":[\"https:\/\/vosgesinfo.fr\/saintdieinfo\/2021\/03\/covid-19-campagne-de-vaccination-saccelere-a-saint-die-vosges\/\"]}]},{\"@type\":\"ImageObject\",\"inLanguage\":\"fr-FR\",\"@id\":\"https:\/\/vosgesinfo.fr\/saintdieinfo\/2021\/03\/covid-19-campagne-de-vaccination-saccelere-a-saint-die-vosges\/#primaryimage\",\"url\":\"https:\/\/vosgesinfo.fr\/app\/uploads\/sites\/4\/2024\/08\/202103point-campagne-vaccination-saint-die-1.jpg\",\"contentUrl\":\"https:\/\/vosgesinfo.fr\/app\/uploads\/sites\/4\/2024\/08\/202103point-campagne-vaccination-saint-die-1.jpg\",\"width\":800,\"height\":534},{\"@type\":\"BreadcrumbList\",\"@id\":\"https:\/\/vosgesinfo.fr\/saintdieinfo\/2021\/03\/covid-19-campagne-de-vaccination-saccelere-a-saint-die-vosges\/#breadcrumb\",\"itemListElement\":[{\"@type\":\"ListItem\",\"position\":1,\"name\":\"Home\",\"item\":\"https:\/\/vosgesinfo.fr\/saintdieinfo\/\"},{\"@type\":\"ListItem\",\"position\":2,\"name\":\"Covid-19 \u2013 La campagne de vaccination s&rsquo;acc\u00e9l\u00e8re \u00e0 Saint-Di\u00e9-des-Vosges\"}]},{\"@type\":\"WebSite\",\"@id\":\"https:\/\/vosgesinfo.fr\/saintdieinfo\/#website\",\"url\":\"https:\/\/vosgesinfo.fr\/saintdieinfo\/\",\"name\":\"Saint Die Info\",\"description\":\"Toute l&#039;actualit\u00e9 de Saint-Di\u00e9-Des-Vosges\",\"publisher\":{\"@id\":\"https:\/\/vosgesinfo.fr\/saintdieinfo\/#organization\"},\"alternateName\":\"Toute l'actualit\u00e9 de Saint-Di\u00e9-Des-Vosges\",\"potentialAction\":[{\"@type\":\"SearchAction\",\"target\":{\"@type\":\"EntryPoint\",\"urlTemplate\":\"https:\/\/vosgesinfo.fr\/saintdieinfo\/?s={search_term_string}\"},\"query-input\":\"required name=search_term_string\"}],\"inLanguage\":\"fr-FR\"},{\"@type\":\"Organization\",\"@id\":\"https:\/\/vosgesinfo.fr\/saintdieinfo\/#organization\",\"name\":\"Saint Die Info\",\"url\":\"https:\/\/vosgesinfo.fr\/saintdieinfo\/\",\"logo\":{\"@type\":\"ImageObject\",\"inLanguage\":\"fr-FR\",\"@id\":\"https:\/\/vosgesinfo.fr\/saintdieinfo\/#\/schema\/logo\/image\/\",\"url\":\"https:\/\/vosgesinfo.fr\/app\/uploads\/sites\/4\/2024\/02\/logo-sdi.jpg\",\"contentUrl\":\"https:\/\/vosgesinfo.fr\/app\/uploads\/sites\/4\/2024\/02\/logo-sdi.jpg\",\"width\":600,\"height\":600,\"caption\":\"Saint Die Info\"},\"image\":{\"@id\":\"https:\/\/vosgesinfo.fr\/saintdieinfo\/#\/schema\/logo\/image\/\"},\"sameAs\":[\"https:\/\/www.facebook.com\/Saintdieinfofr\",\"https:\/\/x.com\/VosgesInfo88\",\"https:\/\/www.youtube.com\/@vosgesinfo\"]},{\"@type\":\"Person\",\"@id\":\"https:\/\/vosgesinfo.fr\/saintdieinfo\/#\/schema\/person\/faee6704a21f3977511db84bd1cd450f\",\"name\":\"la r\u00e9daction\",\"image\":{\"@type\":\"ImageObject\",\"inLanguage\":\"fr-FR\",\"@id\":\"https:\/\/vosgesinfo.fr\/saintdieinfo\/#\/schema\/person\/image\/\",\"url\":\"https:\/\/secure.gravatar.com\/avatar\/6673d8bc6a9c17fa9a453eaa3448de834fa308c2ec9635b7aa99441a7c8d2cf6?s=96&d=mm&r=g\",\"contentUrl\":\"https:\/\/secure.gravatar.com\/avatar\/6673d8bc6a9c17fa9a453eaa3448de834fa308c2ec9635b7aa99441a7c8d2cf6?s=96&d=mm&r=g\",\"caption\":\"la r\u00e9daction\"},\"url\":\"https:\/\/vosgesinfo.fr\/saintdieinfo\/author\/redac\/\"}]}<\/script>\n<!-- \/ Yoast SEO plugin. -->","yoast_head_json":{"title":"Covid-19 \u2013 La campagne de vaccination s'acc\u00e9l\u00e8re \u00e0 Saint-Di\u00e9-des-Vosges - Saint Die Info","robots":{"index":"index","follow":"follow","max-snippet":"max-snippet:-1","max-image-preview":"max-image-preview:large","max-video-preview":"max-video-preview:-1"},"canonical":"https:\/\/vosgesinfo.fr\/saintdieinfo\/2021\/03\/covid-19-campagne-de-vaccination-saccelere-a-saint-die-vosges\/","twitter_card":"summary_large_image","twitter_title":"Covid-19 \u2013 La campagne de vaccination s'acc\u00e9l\u00e8re \u00e0 Saint-Di\u00e9-des-Vosges - Saint Die Info","twitter_description":"Le centre de vaccination de Saint-Di\u00e9-des-Vosges, install\u00e9 salle Carbonnar, a ouvert ses portes le 12 janvier 2021. Vendredi apr\u00e8s-midi, environ [&hellip;]","twitter_image":"https:\/\/vosgesinfo.fr\/app\/uploads\/sites\/4\/2024\/08\/202103point-campagne-vaccination-saint-die-1.jpg","twitter_creator":"@VosgesInfo88","twitter_site":"@VosgesInfo88","twitter_misc":{"\u00c9crit par":"la r\u00e9daction","Dur\u00e9e de lecture estim\u00e9e":"1 minute"},"schema":{"@context":"https:\/\/schema.org","@graph":[{"@type":"Article","@id":"https:\/\/vosgesinfo.fr\/saintdieinfo\/2021\/03\/covid-19-campagne-de-vaccination-saccelere-a-saint-die-vosges\/#article","isPartOf":{"@id":"https:\/\/vosgesinfo.fr\/saintdieinfo\/2021\/03\/covid-19-campagne-de-vaccination-saccelere-a-saint-die-vosges\/"},"author":{"name":"la r\u00e9daction","@id":"https:\/\/vosgesinfo.fr\/saintdieinfo\/#\/schema\/person\/faee6704a21f3977511db84bd1cd450f"},"headline":"Covid-19 \u2013 La campagne de vaccination s&rsquo;acc\u00e9l\u00e8re \u00e0 Saint-Di\u00e9-des-Vosges","datePublished":"2021-03-22T11:10:31+00:00","dateModified":"2021-03-22T11:10:31+00:00","mainEntityOfPage":{"@id":"https:\/\/vosgesinfo.fr\/saintdieinfo\/2021\/03\/covid-19-campagne-de-vaccination-saccelere-a-saint-die-vosges\/"},"wordCount":312,"commentCount":0,"publisher":{"@id":"https:\/\/vosgesinfo.fr\/saintdieinfo\/#organization"},"image":{"@id":"https:\/\/vosgesinfo.fr\/saintdieinfo\/2021\/03\/covid-19-campagne-de-vaccination-saccelere-a-saint-die-vosges\/#primaryimage"},"thumbnailUrl":"https:\/\/vosgesinfo.fr\/app\/uploads\/sites\/4\/2024\/08\/202103point-campagne-vaccination-saint-die-1.jpg","keywords":["AstraZeneca","Centre de vaccination \u00e9ph\u00e9m\u00e8re","Covid-19","Pfizer","Vaccin contre la Covid-19"],"articleSection":["A la Une","Saint-Di\u00e9-des-Vosges et son Agglom\u00e9ration","Sant\u00e9","Soci\u00e9t\u00e9"],"inLanguage":"fr-FR","potentialAction":[{"@type":"CommentAction","name":"Comment","target":["https:\/\/vosgesinfo.fr\/saintdieinfo\/2021\/03\/covid-19-campagne-de-vaccination-saccelere-a-saint-die-vosges\/#respond"]}]},{"@type":"WebPage","@id":"https:\/\/vosgesinfo.fr\/saintdieinfo\/2021\/03\/covid-19-campagne-de-vaccination-saccelere-a-saint-die-vosges\/","url":"https:\/\/vosgesinfo.fr\/saintdieinfo\/2021\/03\/covid-19-campagne-de-vaccination-saccelere-a-saint-die-vosges\/","name":"Covid-19 \u2013 La campagne de vaccination s'acc\u00e9l\u00e8re \u00e0 Saint-Di\u00e9-des-Vosges - Saint Die Info","isPartOf":{"@id":"https:\/\/vosgesinfo.fr\/saintdieinfo\/#website"},"primaryImageOfPage":{"@id":"https:\/\/vosgesinfo.fr\/saintdieinfo\/2021\/03\/covid-19-campagne-de-vaccination-saccelere-a-saint-die-vosges\/#primaryimage"},"image":{"@id":"https:\/\/vosgesinfo.fr\/saintdieinfo\/2021\/03\/covid-19-campagne-de-vaccination-saccelere-a-saint-die-vosges\/#primaryimage"},"thumbnailUrl":"https:\/\/vosgesinfo.fr\/app\/uploads\/sites\/4\/2024\/08\/202103point-campagne-vaccination-saint-die-1.jpg","datePublished":"2021-03-22T11:10:31+00:00","dateModified":"2021-03-22T11:10:31+00:00","breadcrumb":{"@id":"https:\/\/vosgesinfo.fr\/saintdieinfo\/2021\/03\/covid-19-campagne-de-vaccination-saccelere-a-saint-die-vosges\/#breadcrumb"},"inLanguage":"fr-FR","potentialAction":[{"@type":"ReadAction","target":["https:\/\/vosgesinfo.fr\/saintdieinfo\/2021\/03\/covid-19-campagne-de-vaccination-saccelere-a-saint-die-vosges\/"]}]},{"@type":"ImageObject","inLanguage":"fr-FR","@id":"https:\/\/vosgesinfo.fr\/saintdieinfo\/2021\/03\/covid-19-campagne-de-vaccination-saccelere-a-saint-die-vosges\/#primaryimage","url":"https:\/\/vosgesinfo.fr\/app\/uploads\/sites\/4\/2024\/08\/202103point-campagne-vaccination-saint-die-1.jpg","contentUrl":"https:\/\/vosgesinfo.fr\/app\/uploads\/sites\/4\/2024\/08\/202103point-campagne-vaccination-saint-die-1.jpg","width":800,"height":534},{"@type":"BreadcrumbList","@id":"https:\/\/vosgesinfo.fr\/saintdieinfo\/2021\/03\/covid-19-campagne-de-vaccination-saccelere-a-saint-die-vosges\/#breadcrumb","itemListElement":[{"@type":"ListItem","position":1,"name":"Home","item":"https:\/\/vosgesinfo.fr\/saintdieinfo\/"},{"@type":"ListItem","position":2,"name":"Covid-19 \u2013 La campagne de vaccination s&rsquo;acc\u00e9l\u00e8re \u00e0 Saint-Di\u00e9-des-Vosges"}]},{"@type":"WebSite","@id":"https:\/\/vosgesinfo.fr\/saintdieinfo\/#website","url":"https:\/\/vosgesinfo.fr\/saintdieinfo\/","name":"Saint Die Info","description":"Toute l&#039;actualit\u00e9 de Saint-Di\u00e9-Des-Vosges","publisher":{"@id":"https:\/\/vosgesinfo.fr\/saintdieinfo\/#organization"},"alternateName":"Toute l'actualit\u00e9 de Saint-Di\u00e9-Des-Vosges","potentialAction":[{"@type":"SearchAction","target":{"@type":"EntryPoint","urlTemplate":"https:\/\/vosgesinfo.fr\/saintdieinfo\/?s={search_term_string}"},"query-input":"required name=search_term_string"}],"inLanguage":"fr-FR"},{"@type":"Organization","@id":"https:\/\/vosgesinfo.fr\/saintdieinfo\/#organization","name":"Saint Die Info","url":"https:\/\/vosgesinfo.fr\/saintdieinfo\/","logo":{"@type":"ImageObject","inLanguage":"fr-FR","@id":"https:\/\/vosgesinfo.fr\/saintdieinfo\/#\/schema\/logo\/image\/","url":"https:\/\/vosgesinfo.fr\/app\/uploads\/sites\/4\/2024\/02\/logo-sdi.jpg","contentUrl":"https:\/\/vosgesinfo.fr\/app\/uploads\/sites\/4\/2024\/02\/logo-sdi.jpg","width":600,"height":600,"caption":"Saint Die Info"},"image":{"@id":"https:\/\/vosgesinfo.fr\/saintdieinfo\/#\/schema\/logo\/image\/"},"sameAs":["https:\/\/www.facebook.com\/Saintdieinfofr","https:\/\/x.com\/VosgesInfo88","https:\/\/www.youtube.com\/@vosgesinfo"]},{"@type":"Person","@id":"https:\/\/vosgesinfo.fr\/saintdieinfo\/#\/schema\/person\/faee6704a21f3977511db84bd1cd450f","name":"la r\u00e9daction","image":{"@type":"ImageObject","inLanguage":"fr-FR","@id":"https:\/\/vosgesinfo.fr\/saintdieinfo\/#\/schema\/person\/image\/","url":"https:\/\/secure.gravatar.com\/avatar\/6673d8bc6a9c17fa9a453eaa3448de834fa308c2ec9635b7aa99441a7c8d2cf6?s=96&d=mm&r=g","contentUrl":"https:\/\/secure.gravatar.com\/avatar\/6673d8bc6a9c17fa9a453eaa3448de834fa308c2ec9635b7aa99441a7c8d2cf6?s=96&d=mm&r=g","caption":"la r\u00e9daction"},"url":"https:\/\/vosgesinfo.fr\/saintdieinfo\/author\/redac\/"}]}},"_links":{"self":[{"href":"https:\/\/vosgesinfo.fr\/saintdieinfo\/wp-json\/wp\/v2\/posts\/39907","targetHints":{"allow":["GET"]}}],"collection":[{"href":"https:\/\/vosgesinfo.fr\/saintdieinfo\/wp-json\/wp\/v2\/posts"}],"about":[{"href":"https:\/\/vosgesinfo.fr\/saintdieinfo\/wp-json\/wp\/v2\/types\/post"}],"author":[{"embeddable":true,"href":"https:\/\/vosgesinfo.fr\/saintdieinfo\/wp-json\/wp\/v2\/users\/44"}],"replies":[{"embeddable":true,"href":"https:\/\/vosgesinfo.fr\/saintdieinfo\/wp-json\/wp\/v2\/comments?post=39907"}],"version-history":[{"count":0,"href":"https:\/\/vosgesinfo.fr\/saintdieinfo\/wp-json\/wp\/v2\/posts\/39907\/revisions"}],"wp:featuredmedia":[{"embeddable":true,"href":"https:\/\/vosgesinfo.fr\/saintdieinfo\/wp-json\/wp\/v2\/media\/39908"}],"wp:attachment":[{"href":"https:\/\/vosgesinfo.fr\/saintdieinfo\/wp-json\/wp\/v2\/media?parent=39907"}],"wp:term":[{"taxonomy":"category","embeddable":true,"href":"https:\/\/vosgesinfo.fr\/saintdieinfo\/wp-json\/wp\/v2\/categories?post=39907"},{"taxonomy":"post_tag","embeddable":true,"href":"https:\/\/vosgesinfo.fr\/saintdieinfo\/wp-json\/wp\/v2\/tags?post=39907"}],"curies":[{"name":"wp","href":"https:\/\/api.w.org\/{rel}","templated":true}]}}