{"id":39912,"date":"2021-03-23T14:50:02","date_gmt":"2021-03-23T13:50:02","guid":{"rendered":"https:\/\/vosgesinfo.fr\/saintdieinfo\/2021\/03\/local-de-qualite-a-emporter-cest-1er-food-truck-labellise-vois-vie-vosges-terroir\/"},"modified":"2021-03-23T14:50:02","modified_gmt":"2021-03-23T13:50:02","slug":"local-de-qualite-a-emporter-cest-1er-food-truck-labellise-vois-vie-vosges-terroir","status":"publish","type":"post","link":"https:\/\/vosgesinfo.fr\/saintdieinfo\/2021\/03\/local-de-qualite-a-emporter-cest-1er-food-truck-labellise-vois-vie-vosges-terroir\/","title":{"rendered":"Local, de qualit\u00e9 et \u00e0 emporter, c\u2019est le 1er food-truck labellis\u00e9 \u00ab Je vois la vie en Vosges Terroir \u00bb"},"content":{"rendered":"<h3>Grande premi\u00e8re ce mardi matin \u00e0 la GAEC du Xatis-Amet o\u00f9 \u00ab\u00a0O Kam du terroir\u00a0\u00bb est officiellement devenu le tout premier food-truck \u00e0 recevoir le label \u00ab\u00a0Je vois la vie en Vosges terroir\u00a0\u00bb des mains de Fran\u00e7ois VANNSON, Pr\u00e9sident du Conseil D\u00e9partemental des Vosges, et J\u00e9r\u00f4me MATHIEU, Pr\u00e9sident de la Chambre d\u2019Agriculture du d\u00e9partement.<\/h3>\n","protected":false},"excerpt":{"rendered":"<p>Grande premi\u00e8re ce mardi matin \u00e0 la GAEC du Xatis-Amet o\u00f9 \u00ab\u00a0O Kam du terroir\u00a0\u00bb est officiellement devenu le tout [&hellip;]<\/p>\n","protected":false},"author":44,"featured_media":39913,"comment_status":"open","ping_status":"open","sticky":false,"template":"","format":"standard","meta":{"footnotes":""},"categories":[460,5,18],"tags":[8012],"class_list":["post-39912","post","type-post","status-publish","format-standard","has-post-thumbnail","hentry","category-a-la-une","category-economie","category-vosges","tag-okam-du-terroir"],"acf":[],"yoast_head":"<!-- This site is optimized with the Yoast SEO plugin v22.5 - https:\/\/yoast.com\/wordpress\/plugins\/seo\/ -->\n<title>Local, de qualit\u00e9 et \u00e0 emporter, c\u2019est le 1er food-truck labellis\u00e9 \u00ab Je vois la vie en Vosges Terroir \u00bb - Saint Die Info<\/title>\n<meta name=\"robots\" content=\"index, follow, max-snippet:-1, max-image-preview:large, max-video-preview:-1\" \/>\n<link rel=\"canonical\" href=\"https:\/\/vosgesinfo.fr\/saintdieinfo\/2021\/03\/local-de-qualite-a-emporter-cest-1er-food-truck-labellise-vois-vie-vosges-terroir\/\" \/>\n<meta name=\"twitter:card\" content=\"summary_large_image\" \/>\n<meta name=\"twitter:title\" content=\"Local, de qualit\u00e9 et \u00e0 emporter, c\u2019est le 1er food-truck labellis\u00e9 \u00ab Je vois la vie en Vosges Terroir \u00bb - Saint Die Info\" \/>\n<meta name=\"twitter:description\" content=\"Grande premi\u00e8re ce mardi matin \u00e0 la GAEC du Xatis-Amet o\u00f9 \u00ab\u00a0O Kam du terroir\u00a0\u00bb est officiellement devenu le tout [&hellip;]\" \/>\n<meta name=\"twitter:image\" content=\"https:\/\/vosgesinfo.fr\/app\/uploads\/sites\/4\/2024\/08\/202103okam-du-terroir-label-vosges-terroir-2.jpg\" \/>\n<meta name=\"twitter:creator\" content=\"@VosgesInfo88\" \/>\n<meta name=\"twitter:site\" content=\"@VosgesInfo88\" \/>\n<meta name=\"twitter:label1\" content=\"\u00c9crit par\" \/>\n\t<meta name=\"twitter:data1\" content=\"la r\u00e9daction\" \/>\n<script type=\"application\/ld+json\" class=\"yoast-schema-graph\">{\"@context\":\"https:\/\/schema.org\",\"@graph\":[{\"@type\":\"Article\",\"@id\":\"https:\/\/vosgesinfo.fr\/saintdieinfo\/2021\/03\/local-de-qualite-a-emporter-cest-1er-food-truck-labellise-vois-vie-vosges-terroir\/#article\",\"isPartOf\":{\"@id\":\"https:\/\/vosgesinfo.fr\/saintdieinfo\/2021\/03\/local-de-qualite-a-emporter-cest-1er-food-truck-labellise-vois-vie-vosges-terroir\/\"},\"author\":{\"name\":\"la r\u00e9daction\",\"@id\":\"https:\/\/vosgesinfo.fr\/saintdieinfo\/#\/schema\/person\/faee6704a21f3977511db84bd1cd450f\"},\"headline\":\"Local, de qualit\u00e9 et \u00e0 emporter, c\u2019est le 1er food-truck labellis\u00e9 \u00ab Je vois la vie en Vosges Terroir \u00bb\",\"datePublished\":\"2021-03-23T13:50:02+00:00\",\"dateModified\":\"2021-03-23T13:50:02+00:00\",\"mainEntityOfPage\":{\"@id\":\"https:\/\/vosgesinfo.fr\/saintdieinfo\/2021\/03\/local-de-qualite-a-emporter-cest-1er-food-truck-labellise-vois-vie-vosges-terroir\/\"},\"wordCount\":79,\"commentCount\":0,\"publisher\":{\"@id\":\"https:\/\/vosgesinfo.fr\/saintdieinfo\/#organization\"},\"image\":{\"@id\":\"https:\/\/vosgesinfo.fr\/saintdieinfo\/2021\/03\/local-de-qualite-a-emporter-cest-1er-food-truck-labellise-vois-vie-vosges-terroir\/#primaryimage\"},\"thumbnailUrl\":\"https:\/\/vosgesinfo.fr\/app\/uploads\/sites\/4\/2024\/08\/202103okam-du-terroir-label-vosges-terroir-2.jpg\",\"keywords\":[\"Okam du terroir\"],\"articleSection\":[\"A la Une\",\"\u00c9conomie\",\"Vosges\"],\"inLanguage\":\"fr-FR\",\"potentialAction\":[{\"@type\":\"CommentAction\",\"name\":\"Comment\",\"target\":[\"https:\/\/vosgesinfo.fr\/saintdieinfo\/2021\/03\/local-de-qualite-a-emporter-cest-1er-food-truck-labellise-vois-vie-vosges-terroir\/#respond\"]}]},{\"@type\":\"WebPage\",\"@id\":\"https:\/\/vosgesinfo.fr\/saintdieinfo\/2021\/03\/local-de-qualite-a-emporter-cest-1er-food-truck-labellise-vois-vie-vosges-terroir\/\",\"url\":\"https:\/\/vosgesinfo.fr\/saintdieinfo\/2021\/03\/local-de-qualite-a-emporter-cest-1er-food-truck-labellise-vois-vie-vosges-terroir\/\",\"name\":\"Local, de qualit\u00e9 et \u00e0 emporter, c\u2019est le 1er food-truck labellis\u00e9 \u00ab Je vois la vie en Vosges Terroir \u00bb - Saint Die Info\",\"isPartOf\":{\"@id\":\"https:\/\/vosgesinfo.fr\/saintdieinfo\/#website\"},\"primaryImageOfPage\":{\"@id\":\"https:\/\/vosgesinfo.fr\/saintdieinfo\/2021\/03\/local-de-qualite-a-emporter-cest-1er-food-truck-labellise-vois-vie-vosges-terroir\/#primaryimage\"},\"image\":{\"@id\":\"https:\/\/vosgesinfo.fr\/saintdieinfo\/2021\/03\/local-de-qualite-a-emporter-cest-1er-food-truck-labellise-vois-vie-vosges-terroir\/#primaryimage\"},\"thumbnailUrl\":\"https:\/\/vosgesinfo.fr\/app\/uploads\/sites\/4\/2024\/08\/202103okam-du-terroir-label-vosges-terroir-2.jpg\",\"datePublished\":\"2021-03-23T13:50:02+00:00\",\"dateModified\":\"2021-03-23T13:50:02+00:00\",\"breadcrumb\":{\"@id\":\"https:\/\/vosgesinfo.fr\/saintdieinfo\/2021\/03\/local-de-qualite-a-emporter-cest-1er-food-truck-labellise-vois-vie-vosges-terroir\/#breadcrumb\"},\"inLanguage\":\"fr-FR\",\"potentialAction\":[{\"@type\":\"ReadAction\",\"target\":[\"https:\/\/vosgesinfo.fr\/saintdieinfo\/2021\/03\/local-de-qualite-a-emporter-cest-1er-food-truck-labellise-vois-vie-vosges-terroir\/\"]}]},{\"@type\":\"ImageObject\",\"inLanguage\":\"fr-FR\",\"@id\":\"https:\/\/vosgesinfo.fr\/saintdieinfo\/2021\/03\/local-de-qualite-a-emporter-cest-1er-food-truck-labellise-vois-vie-vosges-terroir\/#primaryimage\",\"url\":\"https:\/\/vosgesinfo.fr\/app\/uploads\/sites\/4\/2024\/08\/202103okam-du-terroir-label-vosges-terroir-2.jpg\",\"contentUrl\":\"https:\/\/vosgesinfo.fr\/app\/uploads\/sites\/4\/2024\/08\/202103okam-du-terroir-label-vosges-terroir-2.jpg\",\"width\":800,\"height\":600},{\"@type\":\"BreadcrumbList\",\"@id\":\"https:\/\/vosgesinfo.fr\/saintdieinfo\/2021\/03\/local-de-qualite-a-emporter-cest-1er-food-truck-labellise-vois-vie-vosges-terroir\/#breadcrumb\",\"itemListElement\":[{\"@type\":\"ListItem\",\"position\":1,\"name\":\"Home\",\"item\":\"https:\/\/vosgesinfo.fr\/saintdieinfo\/\"},{\"@type\":\"ListItem\",\"position\":2,\"name\":\"Local, de qualit\u00e9 et \u00e0 emporter, c\u2019est le 1er food-truck labellis\u00e9 \u00ab Je vois la vie en Vosges Terroir \u00bb\"}]},{\"@type\":\"WebSite\",\"@id\":\"https:\/\/vosgesinfo.fr\/saintdieinfo\/#website\",\"url\":\"https:\/\/vosgesinfo.fr\/saintdieinfo\/\",\"name\":\"Saint Die Info\",\"description\":\"Toute l&#039;actualit\u00e9 de Saint-Di\u00e9-Des-Vosges\",\"publisher\":{\"@id\":\"https:\/\/vosgesinfo.fr\/saintdieinfo\/#organization\"},\"alternateName\":\"Toute l'actualit\u00e9 de Saint-Di\u00e9-Des-Vosges\",\"potentialAction\":[{\"@type\":\"SearchAction\",\"target\":{\"@type\":\"EntryPoint\",\"urlTemplate\":\"https:\/\/vosgesinfo.fr\/saintdieinfo\/?s={search_term_string}\"},\"query-input\":\"required name=search_term_string\"}],\"inLanguage\":\"fr-FR\"},{\"@type\":\"Organization\",\"@id\":\"https:\/\/vosgesinfo.fr\/saintdieinfo\/#organization\",\"name\":\"Saint Die Info\",\"url\":\"https:\/\/vosgesinfo.fr\/saintdieinfo\/\",\"logo\":{\"@type\":\"ImageObject\",\"inLanguage\":\"fr-FR\",\"@id\":\"https:\/\/vosgesinfo.fr\/saintdieinfo\/#\/schema\/logo\/image\/\",\"url\":\"https:\/\/vosgesinfo.fr\/app\/uploads\/sites\/4\/2024\/02\/logo-sdi.jpg\",\"contentUrl\":\"https:\/\/vosgesinfo.fr\/app\/uploads\/sites\/4\/2024\/02\/logo-sdi.jpg\",\"width\":600,\"height\":600,\"caption\":\"Saint Die Info\"},\"image\":{\"@id\":\"https:\/\/vosgesinfo.fr\/saintdieinfo\/#\/schema\/logo\/image\/\"},\"sameAs\":[\"https:\/\/www.facebook.com\/Saintdieinfofr\",\"https:\/\/x.com\/VosgesInfo88\",\"https:\/\/www.youtube.com\/@vosgesinfo\"]},{\"@type\":\"Person\",\"@id\":\"https:\/\/vosgesinfo.fr\/saintdieinfo\/#\/schema\/person\/faee6704a21f3977511db84bd1cd450f\",\"name\":\"la r\u00e9daction\",\"image\":{\"@type\":\"ImageObject\",\"inLanguage\":\"fr-FR\",\"@id\":\"https:\/\/vosgesinfo.fr\/saintdieinfo\/#\/schema\/person\/image\/\",\"url\":\"https:\/\/secure.gravatar.com\/avatar\/6673d8bc6a9c17fa9a453eaa3448de834fa308c2ec9635b7aa99441a7c8d2cf6?s=96&d=mm&r=g\",\"contentUrl\":\"https:\/\/secure.gravatar.com\/avatar\/6673d8bc6a9c17fa9a453eaa3448de834fa308c2ec9635b7aa99441a7c8d2cf6?s=96&d=mm&r=g\",\"caption\":\"la r\u00e9daction\"},\"url\":\"https:\/\/vosgesinfo.fr\/saintdieinfo\/author\/redac\/\"}]}<\/script>\n<!-- \/ Yoast SEO plugin. -->","yoast_head_json":{"title":"Local, de qualit\u00e9 et \u00e0 emporter, c\u2019est le 1er food-truck labellis\u00e9 \u00ab Je vois la vie en Vosges Terroir \u00bb - Saint Die Info","robots":{"index":"index","follow":"follow","max-snippet":"max-snippet:-1","max-image-preview":"max-image-preview:large","max-video-preview":"max-video-preview:-1"},"canonical":"https:\/\/vosgesinfo.fr\/saintdieinfo\/2021\/03\/local-de-qualite-a-emporter-cest-1er-food-truck-labellise-vois-vie-vosges-terroir\/","twitter_card":"summary_large_image","twitter_title":"Local, de qualit\u00e9 et \u00e0 emporter, c\u2019est le 1er food-truck labellis\u00e9 \u00ab Je vois la vie en Vosges Terroir \u00bb - Saint Die Info","twitter_description":"Grande premi\u00e8re ce mardi matin \u00e0 la GAEC du Xatis-Amet o\u00f9 \u00ab\u00a0O Kam du terroir\u00a0\u00bb est officiellement devenu le tout [&hellip;]","twitter_image":"https:\/\/vosgesinfo.fr\/app\/uploads\/sites\/4\/2024\/08\/202103okam-du-terroir-label-vosges-terroir-2.jpg","twitter_creator":"@VosgesInfo88","twitter_site":"@VosgesInfo88","twitter_misc":{"\u00c9crit par":"la r\u00e9daction"},"schema":{"@context":"https:\/\/schema.org","@graph":[{"@type":"Article","@id":"https:\/\/vosgesinfo.fr\/saintdieinfo\/2021\/03\/local-de-qualite-a-emporter-cest-1er-food-truck-labellise-vois-vie-vosges-terroir\/#article","isPartOf":{"@id":"https:\/\/vosgesinfo.fr\/saintdieinfo\/2021\/03\/local-de-qualite-a-emporter-cest-1er-food-truck-labellise-vois-vie-vosges-terroir\/"},"author":{"name":"la r\u00e9daction","@id":"https:\/\/vosgesinfo.fr\/saintdieinfo\/#\/schema\/person\/faee6704a21f3977511db84bd1cd450f"},"headline":"Local, de qualit\u00e9 et \u00e0 emporter, c\u2019est le 1er food-truck labellis\u00e9 \u00ab Je vois la vie en Vosges Terroir \u00bb","datePublished":"2021-03-23T13:50:02+00:00","dateModified":"2021-03-23T13:50:02+00:00","mainEntityOfPage":{"@id":"https:\/\/vosgesinfo.fr\/saintdieinfo\/2021\/03\/local-de-qualite-a-emporter-cest-1er-food-truck-labellise-vois-vie-vosges-terroir\/"},"wordCount":79,"commentCount":0,"publisher":{"@id":"https:\/\/vosgesinfo.fr\/saintdieinfo\/#organization"},"image":{"@id":"https:\/\/vosgesinfo.fr\/saintdieinfo\/2021\/03\/local-de-qualite-a-emporter-cest-1er-food-truck-labellise-vois-vie-vosges-terroir\/#primaryimage"},"thumbnailUrl":"https:\/\/vosgesinfo.fr\/app\/uploads\/sites\/4\/2024\/08\/202103okam-du-terroir-label-vosges-terroir-2.jpg","keywords":["Okam du terroir"],"articleSection":["A la Une","\u00c9conomie","Vosges"],"inLanguage":"fr-FR","potentialAction":[{"@type":"CommentAction","name":"Comment","target":["https:\/\/vosgesinfo.fr\/saintdieinfo\/2021\/03\/local-de-qualite-a-emporter-cest-1er-food-truck-labellise-vois-vie-vosges-terroir\/#respond"]}]},{"@type":"WebPage","@id":"https:\/\/vosgesinfo.fr\/saintdieinfo\/2021\/03\/local-de-qualite-a-emporter-cest-1er-food-truck-labellise-vois-vie-vosges-terroir\/","url":"https:\/\/vosgesinfo.fr\/saintdieinfo\/2021\/03\/local-de-qualite-a-emporter-cest-1er-food-truck-labellise-vois-vie-vosges-terroir\/","name":"Local, de qualit\u00e9 et \u00e0 emporter, c\u2019est le 1er food-truck labellis\u00e9 \u00ab Je vois la vie en Vosges Terroir \u00bb - Saint Die Info","isPartOf":{"@id":"https:\/\/vosgesinfo.fr\/saintdieinfo\/#website"},"primaryImageOfPage":{"@id":"https:\/\/vosgesinfo.fr\/saintdieinfo\/2021\/03\/local-de-qualite-a-emporter-cest-1er-food-truck-labellise-vois-vie-vosges-terroir\/#primaryimage"},"image":{"@id":"https:\/\/vosgesinfo.fr\/saintdieinfo\/2021\/03\/local-de-qualite-a-emporter-cest-1er-food-truck-labellise-vois-vie-vosges-terroir\/#primaryimage"},"thumbnailUrl":"https:\/\/vosgesinfo.fr\/app\/uploads\/sites\/4\/2024\/08\/202103okam-du-terroir-label-vosges-terroir-2.jpg","datePublished":"2021-03-23T13:50:02+00:00","dateModified":"2021-03-23T13:50:02+00:00","breadcrumb":{"@id":"https:\/\/vosgesinfo.fr\/saintdieinfo\/2021\/03\/local-de-qualite-a-emporter-cest-1er-food-truck-labellise-vois-vie-vosges-terroir\/#breadcrumb"},"inLanguage":"fr-FR","potentialAction":[{"@type":"ReadAction","target":["https:\/\/vosgesinfo.fr\/saintdieinfo\/2021\/03\/local-de-qualite-a-emporter-cest-1er-food-truck-labellise-vois-vie-vosges-terroir\/"]}]},{"@type":"ImageObject","inLanguage":"fr-FR","@id":"https:\/\/vosgesinfo.fr\/saintdieinfo\/2021\/03\/local-de-qualite-a-emporter-cest-1er-food-truck-labellise-vois-vie-vosges-terroir\/#primaryimage","url":"https:\/\/vosgesinfo.fr\/app\/uploads\/sites\/4\/2024\/08\/202103okam-du-terroir-label-vosges-terroir-2.jpg","contentUrl":"https:\/\/vosgesinfo.fr\/app\/uploads\/sites\/4\/2024\/08\/202103okam-du-terroir-label-vosges-terroir-2.jpg","width":800,"height":600},{"@type":"BreadcrumbList","@id":"https:\/\/vosgesinfo.fr\/saintdieinfo\/2021\/03\/local-de-qualite-a-emporter-cest-1er-food-truck-labellise-vois-vie-vosges-terroir\/#breadcrumb","itemListElement":[{"@type":"ListItem","position":1,"name":"Home","item":"https:\/\/vosgesinfo.fr\/saintdieinfo\/"},{"@type":"ListItem","position":2,"name":"Local, de qualit\u00e9 et \u00e0 emporter, c\u2019est le 1er food-truck labellis\u00e9 \u00ab Je vois la vie en Vosges Terroir \u00bb"}]},{"@type":"WebSite","@id":"https:\/\/vosgesinfo.fr\/saintdieinfo\/#website","url":"https:\/\/vosgesinfo.fr\/saintdieinfo\/","name":"Saint Die Info","description":"Toute l&#039;actualit\u00e9 de Saint-Di\u00e9-Des-Vosges","publisher":{"@id":"https:\/\/vosgesinfo.fr\/saintdieinfo\/#organization"},"alternateName":"Toute l'actualit\u00e9 de Saint-Di\u00e9-Des-Vosges","potentialAction":[{"@type":"SearchAction","target":{"@type":"EntryPoint","urlTemplate":"https:\/\/vosgesinfo.fr\/saintdieinfo\/?s={search_term_string}"},"query-input":"required name=search_term_string"}],"inLanguage":"fr-FR"},{"@type":"Organization","@id":"https:\/\/vosgesinfo.fr\/saintdieinfo\/#organization","name":"Saint Die Info","url":"https:\/\/vosgesinfo.fr\/saintdieinfo\/","logo":{"@type":"ImageObject","inLanguage":"fr-FR","@id":"https:\/\/vosgesinfo.fr\/saintdieinfo\/#\/schema\/logo\/image\/","url":"https:\/\/vosgesinfo.fr\/app\/uploads\/sites\/4\/2024\/02\/logo-sdi.jpg","contentUrl":"https:\/\/vosgesinfo.fr\/app\/uploads\/sites\/4\/2024\/02\/logo-sdi.jpg","width":600,"height":600,"caption":"Saint Die Info"},"image":{"@id":"https:\/\/vosgesinfo.fr\/saintdieinfo\/#\/schema\/logo\/image\/"},"sameAs":["https:\/\/www.facebook.com\/Saintdieinfofr","https:\/\/x.com\/VosgesInfo88","https:\/\/www.youtube.com\/@vosgesinfo"]},{"@type":"Person","@id":"https:\/\/vosgesinfo.fr\/saintdieinfo\/#\/schema\/person\/faee6704a21f3977511db84bd1cd450f","name":"la r\u00e9daction","image":{"@type":"ImageObject","inLanguage":"fr-FR","@id":"https:\/\/vosgesinfo.fr\/saintdieinfo\/#\/schema\/person\/image\/","url":"https:\/\/secure.gravatar.com\/avatar\/6673d8bc6a9c17fa9a453eaa3448de834fa308c2ec9635b7aa99441a7c8d2cf6?s=96&d=mm&r=g","contentUrl":"https:\/\/secure.gravatar.com\/avatar\/6673d8bc6a9c17fa9a453eaa3448de834fa308c2ec9635b7aa99441a7c8d2cf6?s=96&d=mm&r=g","caption":"la r\u00e9daction"},"url":"https:\/\/vosgesinfo.fr\/saintdieinfo\/author\/redac\/"}]}},"_links":{"self":[{"href":"https:\/\/vosgesinfo.fr\/saintdieinfo\/wp-json\/wp\/v2\/posts\/39912","targetHints":{"allow":["GET"]}}],"collection":[{"href":"https:\/\/vosgesinfo.fr\/saintdieinfo\/wp-json\/wp\/v2\/posts"}],"about":[{"href":"https:\/\/vosgesinfo.fr\/saintdieinfo\/wp-json\/wp\/v2\/types\/post"}],"author":[{"embeddable":true,"href":"https:\/\/vosgesinfo.fr\/saintdieinfo\/wp-json\/wp\/v2\/users\/44"}],"replies":[{"embeddable":true,"href":"https:\/\/vosgesinfo.fr\/saintdieinfo\/wp-json\/wp\/v2\/comments?post=39912"}],"version-history":[{"count":0,"href":"https:\/\/vosgesinfo.fr\/saintdieinfo\/wp-json\/wp\/v2\/posts\/39912\/revisions"}],"wp:featuredmedia":[{"embeddable":true,"href":"https:\/\/vosgesinfo.fr\/saintdieinfo\/wp-json\/wp\/v2\/media\/39913"}],"wp:attachment":[{"href":"https:\/\/vosgesinfo.fr\/saintdieinfo\/wp-json\/wp\/v2\/media?parent=39912"}],"wp:term":[{"taxonomy":"category","embeddable":true,"href":"https:\/\/vosgesinfo.fr\/saintdieinfo\/wp-json\/wp\/v2\/categories?post=39912"},{"taxonomy":"post_tag","embeddable":true,"href":"https:\/\/vosgesinfo.fr\/saintdieinfo\/wp-json\/wp\/v2\/tags?post=39912"}],"curies":[{"name":"wp","href":"https:\/\/api.w.org\/{rel}","templated":true}]}}