{"id":39963,"date":"2021-03-25T18:05:53","date_gmt":"2021-03-25T17:05:53","guid":{"rendered":"https:\/\/vosgesinfo.fr\/saintdieinfo\/2021\/03\/de-communaute-detablissements-de-deodatie-a-nouveau-centre-hospitalier-intercommunal\/"},"modified":"2021-03-25T18:05:53","modified_gmt":"2021-03-25T17:05:53","slug":"de-communaute-detablissements-de-deodatie-a-nouveau-centre-hospitalier-intercommunal","status":"publish","type":"post","link":"https:\/\/vosgesinfo.fr\/saintdieinfo\/2021\/03\/de-communaute-detablissements-de-deodatie-a-nouveau-centre-hospitalier-intercommunal\/","title":{"rendered":"De la communaut\u00e9 d\u2019\u00e9tablissements de la D\u00e9odatie \u00e0 un nouveau Centre Hospitalier Intercommunal"},"content":{"rendered":"<h2><span style=\"font-size: 14pt;\"><strong>Les h\u00f4pitaux de Saint-Di\u00e9, G\u00e9rardmer, Fraize, Raon-l&rsquo;Etape et Senones ont r\u00e9solu de cr\u00e9er ensemble un centre hospitalier intercommunal multi-sites au service de toute la population du massif des Vosges. R\u00e9unis\u00a0lundi\u00a015 mars en session conjointe, les quatre conseils de surveillance ont approuv\u00e9 la convention de fusion.<\/strong><\/span><\/h2>\n<p><!--more--><\/p>\n<p><span style=\"font-size: large;\">Ce projet de grande envergure est n\u00e9 de la volont\u00e9 de s&rsquo;unir pour soutenir l&rsquo;attractivit\u00e9 m\u00e9dicale et pour d\u00e9fendre la qualit\u00e9 des services de sant\u00e9 offerts \u00e0 la population. Le nouvel \u00e9tablissement sera aussi plus fort pour mener \u00e0 bien les grands investissements pr\u00e9vus dans les plans nationaux de sant\u00e9 en faveur de l&rsquo;h\u00f4pital et de l&rsquo;accueil des s\u00e9niors.<\/span><\/p>\n<p><span style=\"font-size: large;\">D\u00e9nomm\u00e9 H\u00f4pitaux du Massif des Vosges (HMV), ce nouvel \u00e9tablissement de sant\u00e9 hospitalier, sanitaire et m\u00e9dico-social offrira toute la palette de l&rsquo;offre de soins n\u00e9cessaire en proximit\u00e9 des bassins de vie vosgien : plateau m\u00e9dico-technique, centre d&rsquo;imagerie, soins d&rsquo;urgence, sp\u00e9cialit\u00e9s m\u00e9dico-chirurgicales, gyn\u00e9cologie, maternit\u00e9 et p\u00e9diatrie, soins de r\u00e9\u00e9ducation. Les HMV seront aussi un acteur majeur de l&rsquo;accueil des s\u00e9niors et du soin \u00e0 domicile avec 6 EHPAD et plus de 150 places de soins \u00e0 domicile. Le CCAS de la ville de Saint-Di\u00e9 a d&rsquo;ailleurs souhait\u00e9 associer au projet l&rsquo;EHPAD municipal et le SSIAD de Saint-Di\u00e9.<\/span><\/p>\n<p><span style=\"font-size: large;\">Au total, ce sont plus de 1320 usagers que les HMV prendront en charge quotidiennement avec le d\u00e9vouement et le professionnalisme des 1750 professionnels de sant\u00e9 qui constitueront ses effectifs. Ouvert sur la ville, le centre hospitalier intercommunal, au travers de ses h\u00f4pitaux, sera le partenaire naturel des m\u00e9decins et professionnels de sant\u00e9 lib\u00e9raux du territoire pour assurer le meilleur parcours de soins.<\/span><\/p>\n<p><span style=\"font-size: large;\">En application des d\u00e9lib\u00e9rations conjointes des conseils de surveillance, les quatre \u00e9tablissements vont constituer un comit\u00e9 de pilotage largement ouvert \u00e0 la concertation pour pr\u00e9parer le lancement de cette action en faveur de la sant\u00e9 de la population du massif des Vosges avec le soutien de l&rsquo;ARS, du D\u00e9partement, de la communaut\u00e9 d&rsquo;agglom\u00e9ration de Saint-Di\u00e9-des-Vosges et de la communaut\u00e9 de commune G\u00e9rardmer-Hautes-Vosges.<\/span><\/p>\n","protected":false},"excerpt":{"rendered":"<p>Les h\u00f4pitaux de Saint-Di\u00e9, G\u00e9rardmer, Fraize, Raon-l&rsquo;Etape et Senones ont r\u00e9solu de cr\u00e9er ensemble un centre hospitalier intercommunal multi-sites au [&hellip;]<\/p>\n","protected":false},"author":44,"featured_media":39964,"comment_status":"open","ping_status":"open","sticky":false,"template":"","format":"standard","meta":{"footnotes":""},"categories":[460,2915,4152,13],"tags":[2927,79,3146,2654,2998],"class_list":["post-39963","post","type-post","status-publish","format-standard","has-post-thumbnail","hentry","category-a-la-une","category-saint-die-son-canton","category-sante","category-societe","tag-fraize","tag-gerardmer","tag-hopitaux-du-massif-des-vosges","tag-raon-letape","tag-senones"],"acf":[],"yoast_head":"<!-- This site is optimized with the Yoast SEO plugin v22.5 - https:\/\/yoast.com\/wordpress\/plugins\/seo\/ -->\n<title>De la communaut\u00e9 d\u2019\u00e9tablissements de la D\u00e9odatie \u00e0 un nouveau Centre Hospitalier Intercommunal - Saint Die Info<\/title>\n<meta name=\"robots\" content=\"index, follow, max-snippet:-1, max-image-preview:large, max-video-preview:-1\" \/>\n<link rel=\"canonical\" href=\"https:\/\/vosgesinfo.fr\/saintdieinfo\/2021\/03\/de-communaute-detablissements-de-deodatie-a-nouveau-centre-hospitalier-intercommunal\/\" \/>\n<meta name=\"twitter:card\" content=\"summary_large_image\" \/>\n<meta name=\"twitter:title\" content=\"De la communaut\u00e9 d\u2019\u00e9tablissements de la D\u00e9odatie \u00e0 un nouveau Centre Hospitalier Intercommunal - Saint Die Info\" \/>\n<meta name=\"twitter:description\" content=\"Les h\u00f4pitaux de Saint-Di\u00e9, G\u00e9rardmer, Fraize, Raon-l&rsquo;Etape et Senones ont r\u00e9solu de cr\u00e9er ensemble un centre hospitalier intercommunal multi-sites au [&hellip;]\" \/>\n<meta name=\"twitter:image\" content=\"https:\/\/vosgesinfo.fr\/app\/uploads\/sites\/4\/2024\/08\/201710centre-hospitalier-saint-charles-9.jpg\" \/>\n<meta name=\"twitter:creator\" content=\"@VosgesInfo88\" \/>\n<meta name=\"twitter:site\" content=\"@VosgesInfo88\" \/>\n<meta name=\"twitter:label1\" content=\"\u00c9crit par\" \/>\n\t<meta name=\"twitter:data1\" content=\"la r\u00e9daction\" \/>\n\t<meta name=\"twitter:label2\" content=\"Dur\u00e9e de lecture estim\u00e9e\" \/>\n\t<meta name=\"twitter:data2\" content=\"2 minutes\" \/>\n<script type=\"application\/ld+json\" class=\"yoast-schema-graph\">{\"@context\":\"https:\/\/schema.org\",\"@graph\":[{\"@type\":\"Article\",\"@id\":\"https:\/\/vosgesinfo.fr\/saintdieinfo\/2021\/03\/de-communaute-detablissements-de-deodatie-a-nouveau-centre-hospitalier-intercommunal\/#article\",\"isPartOf\":{\"@id\":\"https:\/\/vosgesinfo.fr\/saintdieinfo\/2021\/03\/de-communaute-detablissements-de-deodatie-a-nouveau-centre-hospitalier-intercommunal\/\"},\"author\":{\"name\":\"la r\u00e9daction\",\"@id\":\"https:\/\/vosgesinfo.fr\/saintdieinfo\/#\/schema\/person\/faee6704a21f3977511db84bd1cd450f\"},\"headline\":\"De la communaut\u00e9 d\u2019\u00e9tablissements de la D\u00e9odatie \u00e0 un nouveau Centre Hospitalier Intercommunal\",\"datePublished\":\"2021-03-25T17:05:53+00:00\",\"dateModified\":\"2021-03-25T17:05:53+00:00\",\"mainEntityOfPage\":{\"@id\":\"https:\/\/vosgesinfo.fr\/saintdieinfo\/2021\/03\/de-communaute-detablissements-de-deodatie-a-nouveau-centre-hospitalier-intercommunal\/\"},\"wordCount\":376,\"commentCount\":0,\"publisher\":{\"@id\":\"https:\/\/vosgesinfo.fr\/saintdieinfo\/#organization\"},\"image\":{\"@id\":\"https:\/\/vosgesinfo.fr\/saintdieinfo\/2021\/03\/de-communaute-detablissements-de-deodatie-a-nouveau-centre-hospitalier-intercommunal\/#primaryimage\"},\"thumbnailUrl\":\"https:\/\/vosgesinfo.fr\/app\/uploads\/sites\/4\/2024\/08\/201710centre-hospitalier-saint-charles-9.jpg\",\"keywords\":[\"Fraize\",\"G\u00e9rardmer\",\"H\u00f4pitaux du Massif des Vosges\",\"Raon-l\u2019Etape\",\"Senones\"],\"articleSection\":[\"A la Une\",\"Saint-Di\u00e9-des-Vosges et son Agglom\u00e9ration\",\"Sant\u00e9\",\"Soci\u00e9t\u00e9\"],\"inLanguage\":\"fr-FR\",\"potentialAction\":[{\"@type\":\"CommentAction\",\"name\":\"Comment\",\"target\":[\"https:\/\/vosgesinfo.fr\/saintdieinfo\/2021\/03\/de-communaute-detablissements-de-deodatie-a-nouveau-centre-hospitalier-intercommunal\/#respond\"]}]},{\"@type\":\"WebPage\",\"@id\":\"https:\/\/vosgesinfo.fr\/saintdieinfo\/2021\/03\/de-communaute-detablissements-de-deodatie-a-nouveau-centre-hospitalier-intercommunal\/\",\"url\":\"https:\/\/vosgesinfo.fr\/saintdieinfo\/2021\/03\/de-communaute-detablissements-de-deodatie-a-nouveau-centre-hospitalier-intercommunal\/\",\"name\":\"De la communaut\u00e9 d\u2019\u00e9tablissements de la D\u00e9odatie \u00e0 un nouveau Centre Hospitalier Intercommunal - Saint Die Info\",\"isPartOf\":{\"@id\":\"https:\/\/vosgesinfo.fr\/saintdieinfo\/#website\"},\"primaryImageOfPage\":{\"@id\":\"https:\/\/vosgesinfo.fr\/saintdieinfo\/2021\/03\/de-communaute-detablissements-de-deodatie-a-nouveau-centre-hospitalier-intercommunal\/#primaryimage\"},\"image\":{\"@id\":\"https:\/\/vosgesinfo.fr\/saintdieinfo\/2021\/03\/de-communaute-detablissements-de-deodatie-a-nouveau-centre-hospitalier-intercommunal\/#primaryimage\"},\"thumbnailUrl\":\"https:\/\/vosgesinfo.fr\/app\/uploads\/sites\/4\/2024\/08\/201710centre-hospitalier-saint-charles-9.jpg\",\"datePublished\":\"2021-03-25T17:05:53+00:00\",\"dateModified\":\"2021-03-25T17:05:53+00:00\",\"breadcrumb\":{\"@id\":\"https:\/\/vosgesinfo.fr\/saintdieinfo\/2021\/03\/de-communaute-detablissements-de-deodatie-a-nouveau-centre-hospitalier-intercommunal\/#breadcrumb\"},\"inLanguage\":\"fr-FR\",\"potentialAction\":[{\"@type\":\"ReadAction\",\"target\":[\"https:\/\/vosgesinfo.fr\/saintdieinfo\/2021\/03\/de-communaute-detablissements-de-deodatie-a-nouveau-centre-hospitalier-intercommunal\/\"]}]},{\"@type\":\"ImageObject\",\"inLanguage\":\"fr-FR\",\"@id\":\"https:\/\/vosgesinfo.fr\/saintdieinfo\/2021\/03\/de-communaute-detablissements-de-deodatie-a-nouveau-centre-hospitalier-intercommunal\/#primaryimage\",\"url\":\"https:\/\/vosgesinfo.fr\/app\/uploads\/sites\/4\/2024\/08\/201710centre-hospitalier-saint-charles-9.jpg\",\"contentUrl\":\"https:\/\/vosgesinfo.fr\/app\/uploads\/sites\/4\/2024\/08\/201710centre-hospitalier-saint-charles-9.jpg\",\"width\":2126,\"height\":1010},{\"@type\":\"BreadcrumbList\",\"@id\":\"https:\/\/vosgesinfo.fr\/saintdieinfo\/2021\/03\/de-communaute-detablissements-de-deodatie-a-nouveau-centre-hospitalier-intercommunal\/#breadcrumb\",\"itemListElement\":[{\"@type\":\"ListItem\",\"position\":1,\"name\":\"Home\",\"item\":\"https:\/\/vosgesinfo.fr\/saintdieinfo\/\"},{\"@type\":\"ListItem\",\"position\":2,\"name\":\"De la communaut\u00e9 d\u2019\u00e9tablissements de la D\u00e9odatie \u00e0 un nouveau Centre Hospitalier Intercommunal\"}]},{\"@type\":\"WebSite\",\"@id\":\"https:\/\/vosgesinfo.fr\/saintdieinfo\/#website\",\"url\":\"https:\/\/vosgesinfo.fr\/saintdieinfo\/\",\"name\":\"Saint Die Info\",\"description\":\"Toute l&#039;actualit\u00e9 de Saint-Di\u00e9-Des-Vosges\",\"publisher\":{\"@id\":\"https:\/\/vosgesinfo.fr\/saintdieinfo\/#organization\"},\"alternateName\":\"Toute l'actualit\u00e9 de Saint-Di\u00e9-Des-Vosges\",\"potentialAction\":[{\"@type\":\"SearchAction\",\"target\":{\"@type\":\"EntryPoint\",\"urlTemplate\":\"https:\/\/vosgesinfo.fr\/saintdieinfo\/?s={search_term_string}\"},\"query-input\":\"required name=search_term_string\"}],\"inLanguage\":\"fr-FR\"},{\"@type\":\"Organization\",\"@id\":\"https:\/\/vosgesinfo.fr\/saintdieinfo\/#organization\",\"name\":\"Saint Die Info\",\"url\":\"https:\/\/vosgesinfo.fr\/saintdieinfo\/\",\"logo\":{\"@type\":\"ImageObject\",\"inLanguage\":\"fr-FR\",\"@id\":\"https:\/\/vosgesinfo.fr\/saintdieinfo\/#\/schema\/logo\/image\/\",\"url\":\"https:\/\/vosgesinfo.fr\/app\/uploads\/sites\/4\/2024\/02\/logo-sdi.jpg\",\"contentUrl\":\"https:\/\/vosgesinfo.fr\/app\/uploads\/sites\/4\/2024\/02\/logo-sdi.jpg\",\"width\":600,\"height\":600,\"caption\":\"Saint Die Info\"},\"image\":{\"@id\":\"https:\/\/vosgesinfo.fr\/saintdieinfo\/#\/schema\/logo\/image\/\"},\"sameAs\":[\"https:\/\/www.facebook.com\/Saintdieinfofr\",\"https:\/\/x.com\/VosgesInfo88\",\"https:\/\/www.youtube.com\/@vosgesinfo\"]},{\"@type\":\"Person\",\"@id\":\"https:\/\/vosgesinfo.fr\/saintdieinfo\/#\/schema\/person\/faee6704a21f3977511db84bd1cd450f\",\"name\":\"la r\u00e9daction\",\"image\":{\"@type\":\"ImageObject\",\"inLanguage\":\"fr-FR\",\"@id\":\"https:\/\/vosgesinfo.fr\/saintdieinfo\/#\/schema\/person\/image\/\",\"url\":\"https:\/\/secure.gravatar.com\/avatar\/6673d8bc6a9c17fa9a453eaa3448de834fa308c2ec9635b7aa99441a7c8d2cf6?s=96&d=mm&r=g\",\"contentUrl\":\"https:\/\/secure.gravatar.com\/avatar\/6673d8bc6a9c17fa9a453eaa3448de834fa308c2ec9635b7aa99441a7c8d2cf6?s=96&d=mm&r=g\",\"caption\":\"la r\u00e9daction\"},\"url\":\"https:\/\/vosgesinfo.fr\/saintdieinfo\/author\/redac\/\"}]}<\/script>\n<!-- \/ Yoast SEO plugin. -->","yoast_head_json":{"title":"De la communaut\u00e9 d\u2019\u00e9tablissements de la D\u00e9odatie \u00e0 un nouveau Centre Hospitalier Intercommunal - Saint Die Info","robots":{"index":"index","follow":"follow","max-snippet":"max-snippet:-1","max-image-preview":"max-image-preview:large","max-video-preview":"max-video-preview:-1"},"canonical":"https:\/\/vosgesinfo.fr\/saintdieinfo\/2021\/03\/de-communaute-detablissements-de-deodatie-a-nouveau-centre-hospitalier-intercommunal\/","twitter_card":"summary_large_image","twitter_title":"De la communaut\u00e9 d\u2019\u00e9tablissements de la D\u00e9odatie \u00e0 un nouveau Centre Hospitalier Intercommunal - Saint Die Info","twitter_description":"Les h\u00f4pitaux de Saint-Di\u00e9, G\u00e9rardmer, Fraize, Raon-l&rsquo;Etape et Senones ont r\u00e9solu de cr\u00e9er ensemble un centre hospitalier intercommunal multi-sites au [&hellip;]","twitter_image":"https:\/\/vosgesinfo.fr\/app\/uploads\/sites\/4\/2024\/08\/201710centre-hospitalier-saint-charles-9.jpg","twitter_creator":"@VosgesInfo88","twitter_site":"@VosgesInfo88","twitter_misc":{"\u00c9crit par":"la r\u00e9daction","Dur\u00e9e de lecture estim\u00e9e":"2 minutes"},"schema":{"@context":"https:\/\/schema.org","@graph":[{"@type":"Article","@id":"https:\/\/vosgesinfo.fr\/saintdieinfo\/2021\/03\/de-communaute-detablissements-de-deodatie-a-nouveau-centre-hospitalier-intercommunal\/#article","isPartOf":{"@id":"https:\/\/vosgesinfo.fr\/saintdieinfo\/2021\/03\/de-communaute-detablissements-de-deodatie-a-nouveau-centre-hospitalier-intercommunal\/"},"author":{"name":"la r\u00e9daction","@id":"https:\/\/vosgesinfo.fr\/saintdieinfo\/#\/schema\/person\/faee6704a21f3977511db84bd1cd450f"},"headline":"De la communaut\u00e9 d\u2019\u00e9tablissements de la D\u00e9odatie \u00e0 un nouveau Centre Hospitalier Intercommunal","datePublished":"2021-03-25T17:05:53+00:00","dateModified":"2021-03-25T17:05:53+00:00","mainEntityOfPage":{"@id":"https:\/\/vosgesinfo.fr\/saintdieinfo\/2021\/03\/de-communaute-detablissements-de-deodatie-a-nouveau-centre-hospitalier-intercommunal\/"},"wordCount":376,"commentCount":0,"publisher":{"@id":"https:\/\/vosgesinfo.fr\/saintdieinfo\/#organization"},"image":{"@id":"https:\/\/vosgesinfo.fr\/saintdieinfo\/2021\/03\/de-communaute-detablissements-de-deodatie-a-nouveau-centre-hospitalier-intercommunal\/#primaryimage"},"thumbnailUrl":"https:\/\/vosgesinfo.fr\/app\/uploads\/sites\/4\/2024\/08\/201710centre-hospitalier-saint-charles-9.jpg","keywords":["Fraize","G\u00e9rardmer","H\u00f4pitaux du Massif des Vosges","Raon-l\u2019Etape","Senones"],"articleSection":["A la Une","Saint-Di\u00e9-des-Vosges et son Agglom\u00e9ration","Sant\u00e9","Soci\u00e9t\u00e9"],"inLanguage":"fr-FR","potentialAction":[{"@type":"CommentAction","name":"Comment","target":["https:\/\/vosgesinfo.fr\/saintdieinfo\/2021\/03\/de-communaute-detablissements-de-deodatie-a-nouveau-centre-hospitalier-intercommunal\/#respond"]}]},{"@type":"WebPage","@id":"https:\/\/vosgesinfo.fr\/saintdieinfo\/2021\/03\/de-communaute-detablissements-de-deodatie-a-nouveau-centre-hospitalier-intercommunal\/","url":"https:\/\/vosgesinfo.fr\/saintdieinfo\/2021\/03\/de-communaute-detablissements-de-deodatie-a-nouveau-centre-hospitalier-intercommunal\/","name":"De la communaut\u00e9 d\u2019\u00e9tablissements de la D\u00e9odatie \u00e0 un nouveau Centre Hospitalier Intercommunal - Saint Die Info","isPartOf":{"@id":"https:\/\/vosgesinfo.fr\/saintdieinfo\/#website"},"primaryImageOfPage":{"@id":"https:\/\/vosgesinfo.fr\/saintdieinfo\/2021\/03\/de-communaute-detablissements-de-deodatie-a-nouveau-centre-hospitalier-intercommunal\/#primaryimage"},"image":{"@id":"https:\/\/vosgesinfo.fr\/saintdieinfo\/2021\/03\/de-communaute-detablissements-de-deodatie-a-nouveau-centre-hospitalier-intercommunal\/#primaryimage"},"thumbnailUrl":"https:\/\/vosgesinfo.fr\/app\/uploads\/sites\/4\/2024\/08\/201710centre-hospitalier-saint-charles-9.jpg","datePublished":"2021-03-25T17:05:53+00:00","dateModified":"2021-03-25T17:05:53+00:00","breadcrumb":{"@id":"https:\/\/vosgesinfo.fr\/saintdieinfo\/2021\/03\/de-communaute-detablissements-de-deodatie-a-nouveau-centre-hospitalier-intercommunal\/#breadcrumb"},"inLanguage":"fr-FR","potentialAction":[{"@type":"ReadAction","target":["https:\/\/vosgesinfo.fr\/saintdieinfo\/2021\/03\/de-communaute-detablissements-de-deodatie-a-nouveau-centre-hospitalier-intercommunal\/"]}]},{"@type":"ImageObject","inLanguage":"fr-FR","@id":"https:\/\/vosgesinfo.fr\/saintdieinfo\/2021\/03\/de-communaute-detablissements-de-deodatie-a-nouveau-centre-hospitalier-intercommunal\/#primaryimage","url":"https:\/\/vosgesinfo.fr\/app\/uploads\/sites\/4\/2024\/08\/201710centre-hospitalier-saint-charles-9.jpg","contentUrl":"https:\/\/vosgesinfo.fr\/app\/uploads\/sites\/4\/2024\/08\/201710centre-hospitalier-saint-charles-9.jpg","width":2126,"height":1010},{"@type":"BreadcrumbList","@id":"https:\/\/vosgesinfo.fr\/saintdieinfo\/2021\/03\/de-communaute-detablissements-de-deodatie-a-nouveau-centre-hospitalier-intercommunal\/#breadcrumb","itemListElement":[{"@type":"ListItem","position":1,"name":"Home","item":"https:\/\/vosgesinfo.fr\/saintdieinfo\/"},{"@type":"ListItem","position":2,"name":"De la communaut\u00e9 d\u2019\u00e9tablissements de la D\u00e9odatie \u00e0 un nouveau Centre Hospitalier Intercommunal"}]},{"@type":"WebSite","@id":"https:\/\/vosgesinfo.fr\/saintdieinfo\/#website","url":"https:\/\/vosgesinfo.fr\/saintdieinfo\/","name":"Saint Die Info","description":"Toute l&#039;actualit\u00e9 de Saint-Di\u00e9-Des-Vosges","publisher":{"@id":"https:\/\/vosgesinfo.fr\/saintdieinfo\/#organization"},"alternateName":"Toute l'actualit\u00e9 de Saint-Di\u00e9-Des-Vosges","potentialAction":[{"@type":"SearchAction","target":{"@type":"EntryPoint","urlTemplate":"https:\/\/vosgesinfo.fr\/saintdieinfo\/?s={search_term_string}"},"query-input":"required name=search_term_string"}],"inLanguage":"fr-FR"},{"@type":"Organization","@id":"https:\/\/vosgesinfo.fr\/saintdieinfo\/#organization","name":"Saint Die Info","url":"https:\/\/vosgesinfo.fr\/saintdieinfo\/","logo":{"@type":"ImageObject","inLanguage":"fr-FR","@id":"https:\/\/vosgesinfo.fr\/saintdieinfo\/#\/schema\/logo\/image\/","url":"https:\/\/vosgesinfo.fr\/app\/uploads\/sites\/4\/2024\/02\/logo-sdi.jpg","contentUrl":"https:\/\/vosgesinfo.fr\/app\/uploads\/sites\/4\/2024\/02\/logo-sdi.jpg","width":600,"height":600,"caption":"Saint Die Info"},"image":{"@id":"https:\/\/vosgesinfo.fr\/saintdieinfo\/#\/schema\/logo\/image\/"},"sameAs":["https:\/\/www.facebook.com\/Saintdieinfofr","https:\/\/x.com\/VosgesInfo88","https:\/\/www.youtube.com\/@vosgesinfo"]},{"@type":"Person","@id":"https:\/\/vosgesinfo.fr\/saintdieinfo\/#\/schema\/person\/faee6704a21f3977511db84bd1cd450f","name":"la r\u00e9daction","image":{"@type":"ImageObject","inLanguage":"fr-FR","@id":"https:\/\/vosgesinfo.fr\/saintdieinfo\/#\/schema\/person\/image\/","url":"https:\/\/secure.gravatar.com\/avatar\/6673d8bc6a9c17fa9a453eaa3448de834fa308c2ec9635b7aa99441a7c8d2cf6?s=96&d=mm&r=g","contentUrl":"https:\/\/secure.gravatar.com\/avatar\/6673d8bc6a9c17fa9a453eaa3448de834fa308c2ec9635b7aa99441a7c8d2cf6?s=96&d=mm&r=g","caption":"la r\u00e9daction"},"url":"https:\/\/vosgesinfo.fr\/saintdieinfo\/author\/redac\/"}]}},"_links":{"self":[{"href":"https:\/\/vosgesinfo.fr\/saintdieinfo\/wp-json\/wp\/v2\/posts\/39963","targetHints":{"allow":["GET"]}}],"collection":[{"href":"https:\/\/vosgesinfo.fr\/saintdieinfo\/wp-json\/wp\/v2\/posts"}],"about":[{"href":"https:\/\/vosgesinfo.fr\/saintdieinfo\/wp-json\/wp\/v2\/types\/post"}],"author":[{"embeddable":true,"href":"https:\/\/vosgesinfo.fr\/saintdieinfo\/wp-json\/wp\/v2\/users\/44"}],"replies":[{"embeddable":true,"href":"https:\/\/vosgesinfo.fr\/saintdieinfo\/wp-json\/wp\/v2\/comments?post=39963"}],"version-history":[{"count":0,"href":"https:\/\/vosgesinfo.fr\/saintdieinfo\/wp-json\/wp\/v2\/posts\/39963\/revisions"}],"wp:featuredmedia":[{"embeddable":true,"href":"https:\/\/vosgesinfo.fr\/saintdieinfo\/wp-json\/wp\/v2\/media\/39964"}],"wp:attachment":[{"href":"https:\/\/vosgesinfo.fr\/saintdieinfo\/wp-json\/wp\/v2\/media?parent=39963"}],"wp:term":[{"taxonomy":"category","embeddable":true,"href":"https:\/\/vosgesinfo.fr\/saintdieinfo\/wp-json\/wp\/v2\/categories?post=39963"},{"taxonomy":"post_tag","embeddable":true,"href":"https:\/\/vosgesinfo.fr\/saintdieinfo\/wp-json\/wp\/v2\/tags?post=39963"}],"curies":[{"name":"wp","href":"https:\/\/api.w.org\/{rel}","templated":true}]}}