{"id":39985,"date":"2021-03-28T07:21:39","date_gmt":"2021-03-28T05:21:39","guid":{"rendered":"https:\/\/vosgesinfo.fr\/saintdieinfo\/2021\/03\/chute-violente-a-cascade-de-merelle\/"},"modified":"2021-03-28T07:21:39","modified_gmt":"2021-03-28T05:21:39","slug":"chute-violente-a-cascade-de-merelle","status":"publish","type":"post","link":"https:\/\/vosgesinfo.fr\/saintdieinfo\/2021\/03\/chute-violente-a-cascade-de-merelle\/","title":{"rendered":"Chute violente \u00e0 la cascade de M\u00e9relle"},"content":{"rendered":"<p><a href=\"\/2021\/03\/mere.jpg\"><img decoding=\"async\" class=\"aligncenter wp-image-167147 size-full\" src=\"\/2021\/03\/mere.jpg\" alt=\"mere\" width=\"800\" height=\"600\" \/><\/a>Il \u00e9tait environ 12h30 ce samedi lorsque les secours \u00e9taient amen\u00e9s \u00e0 intervenir \u00e0\u00a0 la cascade de M\u00e9relle \u00e0\u00a0 G\u00e9rardmer.\u00a0 Une personne\u00a0 en promenade dans le secteur \u00e0 fait une chute violente au niveau de la rupture d\u2019eau n\u00e9cessitant l\u2019intervention de deux gendarmes du PGM de Xonrupt-Longemer et des pompiers de G\u00e9rardmer. H\u00e9liport\u00e9 (Dragon 67) vers un h\u00f4pital de la r\u00e9gion, le bless\u00e9 souffre de diff\u00e9rents traumatismes, \u00e0 la face, au dos avec des suspicions de fractures.<\/p>\n<p>L\u2019endroit encore l\u00e9g\u00e8rement enneig\u00e9 est particuli\u00e8rement glissant en cette p\u00e9riode de l\u2019ann\u00e9e.<\/p>\n<p>A noter, la pr\u00e9sence sur les lieux de l\u2019adjointe au maire Karine B\u00e9dez.<\/p>\n<p><a href=\"https:\/\/gerardmerinfo.fr\/2021\/03\/chute-violente-a-cascade-de-merelle\/20210327_123554\/?_ga=2.223174879.554835393.1616914602-259869636.1616573753\" rel=\"attachment wp-att-174803\"><img decoding=\"async\" class=\"aligncenter size-full wp-image-174803\" src=\"https:\/\/vosgesinfo.fr\/app\/uploads\/sites\/4\/2021\/03\/20210327-123554.jpg\" alt=\"20210327_123554\" width=\"800\" height=\"600\" \/><\/a><\/p>\n<div class=\"really_simple_share really_simple_share_button robots-nocontent snap_nopreview\">\n<div class=\"really_simple_share_facebook_like\"><iframe loading=\"lazy\" src=\"https:\/\/www.facebook.com\/plugins\/like.php?href=https%3A%2F%2Fepinalinfos.fr%2F2021%2F03%2Fchute-violente-a-cascade-de-merelle%2F&amp;layout=button_count&amp;width=100&amp;height=27&amp;locale=fr_FR\" width=\"300\" height=\"150\" frameborder=\"0\" scrolling=\"no\"><\/iframe><\/div>\n<\/div>\n","protected":false},"excerpt":{"rendered":"<p>Il \u00e9tait environ 12h30 ce samedi lorsque les secours \u00e9taient amen\u00e9s \u00e0 intervenir \u00e0\u00a0 la cascade de M\u00e9relle \u00e0\u00a0 G\u00e9rardmer.\u00a0 [&hellip;]<\/p>\n","protected":false},"author":44,"featured_media":39986,"comment_status":"open","ping_status":"open","sticky":false,"template":"","format":"standard","meta":{"footnotes":""},"categories":[460,18],"tags":[],"class_list":["post-39985","post","type-post","status-publish","format-standard","has-post-thumbnail","hentry","category-a-la-une","category-vosges"],"acf":[],"yoast_head":"<!-- This site is optimized with the Yoast SEO plugin v22.5 - https:\/\/yoast.com\/wordpress\/plugins\/seo\/ -->\n<title>Chute violente \u00e0 la cascade de M\u00e9relle - Saint Die Info<\/title>\n<meta name=\"robots\" content=\"index, follow, max-snippet:-1, max-image-preview:large, max-video-preview:-1\" \/>\n<link rel=\"canonical\" href=\"https:\/\/vosgesinfo.fr\/saintdieinfo\/2021\/03\/chute-violente-a-cascade-de-merelle\/\" \/>\n<meta name=\"twitter:card\" content=\"summary_large_image\" \/>\n<meta name=\"twitter:title\" content=\"Chute violente \u00e0 la cascade de M\u00e9relle - Saint Die Info\" \/>\n<meta name=\"twitter:description\" content=\"Il \u00e9tait environ 12h30 ce samedi lorsque les secours \u00e9taient amen\u00e9s \u00e0 intervenir \u00e0\u00a0 la cascade de M\u00e9relle \u00e0\u00a0 G\u00e9rardmer.\u00a0 [&hellip;]\" \/>\n<meta name=\"twitter:image\" content=\"https:\/\/vosgesinfo.fr\/app\/uploads\/sites\/4\/2024\/08\/202103mere.jpg\" \/>\n<meta name=\"twitter:creator\" content=\"@VosgesInfo88\" \/>\n<meta name=\"twitter:site\" content=\"@VosgesInfo88\" \/>\n<meta name=\"twitter:label1\" content=\"\u00c9crit par\" \/>\n\t<meta name=\"twitter:data1\" content=\"la r\u00e9daction\" \/>\n\t<meta name=\"twitter:label2\" content=\"Dur\u00e9e de lecture estim\u00e9e\" \/>\n\t<meta name=\"twitter:data2\" content=\"1 minute\" \/>\n<script type=\"application\/ld+json\" class=\"yoast-schema-graph\">{\"@context\":\"https:\/\/schema.org\",\"@graph\":[{\"@type\":\"Article\",\"@id\":\"https:\/\/vosgesinfo.fr\/saintdieinfo\/2021\/03\/chute-violente-a-cascade-de-merelle\/#article\",\"isPartOf\":{\"@id\":\"https:\/\/vosgesinfo.fr\/saintdieinfo\/2021\/03\/chute-violente-a-cascade-de-merelle\/\"},\"author\":{\"name\":\"la r\u00e9daction\",\"@id\":\"https:\/\/vosgesinfo.fr\/saintdieinfo\/#\/schema\/person\/faee6704a21f3977511db84bd1cd450f\"},\"headline\":\"Chute violente \u00e0 la cascade de M\u00e9relle\",\"datePublished\":\"2021-03-28T05:21:39+00:00\",\"dateModified\":\"2021-03-28T05:21:39+00:00\",\"mainEntityOfPage\":{\"@id\":\"https:\/\/vosgesinfo.fr\/saintdieinfo\/2021\/03\/chute-violente-a-cascade-de-merelle\/\"},\"wordCount\":124,\"commentCount\":0,\"publisher\":{\"@id\":\"https:\/\/vosgesinfo.fr\/saintdieinfo\/#organization\"},\"image\":{\"@id\":\"https:\/\/vosgesinfo.fr\/saintdieinfo\/2021\/03\/chute-violente-a-cascade-de-merelle\/#primaryimage\"},\"thumbnailUrl\":\"https:\/\/vosgesinfo.fr\/app\/uploads\/sites\/4\/2024\/08\/202103mere.jpg\",\"articleSection\":[\"A la Une\",\"Vosges\"],\"inLanguage\":\"fr-FR\",\"potentialAction\":[{\"@type\":\"CommentAction\",\"name\":\"Comment\",\"target\":[\"https:\/\/vosgesinfo.fr\/saintdieinfo\/2021\/03\/chute-violente-a-cascade-de-merelle\/#respond\"]}]},{\"@type\":\"WebPage\",\"@id\":\"https:\/\/vosgesinfo.fr\/saintdieinfo\/2021\/03\/chute-violente-a-cascade-de-merelle\/\",\"url\":\"https:\/\/vosgesinfo.fr\/saintdieinfo\/2021\/03\/chute-violente-a-cascade-de-merelle\/\",\"name\":\"Chute violente \u00e0 la cascade de M\u00e9relle - Saint Die Info\",\"isPartOf\":{\"@id\":\"https:\/\/vosgesinfo.fr\/saintdieinfo\/#website\"},\"primaryImageOfPage\":{\"@id\":\"https:\/\/vosgesinfo.fr\/saintdieinfo\/2021\/03\/chute-violente-a-cascade-de-merelle\/#primaryimage\"},\"image\":{\"@id\":\"https:\/\/vosgesinfo.fr\/saintdieinfo\/2021\/03\/chute-violente-a-cascade-de-merelle\/#primaryimage\"},\"thumbnailUrl\":\"https:\/\/vosgesinfo.fr\/app\/uploads\/sites\/4\/2024\/08\/202103mere.jpg\",\"datePublished\":\"2021-03-28T05:21:39+00:00\",\"dateModified\":\"2021-03-28T05:21:39+00:00\",\"breadcrumb\":{\"@id\":\"https:\/\/vosgesinfo.fr\/saintdieinfo\/2021\/03\/chute-violente-a-cascade-de-merelle\/#breadcrumb\"},\"inLanguage\":\"fr-FR\",\"potentialAction\":[{\"@type\":\"ReadAction\",\"target\":[\"https:\/\/vosgesinfo.fr\/saintdieinfo\/2021\/03\/chute-violente-a-cascade-de-merelle\/\"]}]},{\"@type\":\"ImageObject\",\"inLanguage\":\"fr-FR\",\"@id\":\"https:\/\/vosgesinfo.fr\/saintdieinfo\/2021\/03\/chute-violente-a-cascade-de-merelle\/#primaryimage\",\"url\":\"https:\/\/vosgesinfo.fr\/app\/uploads\/sites\/4\/2024\/08\/202103mere.jpg\",\"contentUrl\":\"https:\/\/vosgesinfo.fr\/app\/uploads\/sites\/4\/2024\/08\/202103mere.jpg\",\"width\":800,\"height\":600},{\"@type\":\"BreadcrumbList\",\"@id\":\"https:\/\/vosgesinfo.fr\/saintdieinfo\/2021\/03\/chute-violente-a-cascade-de-merelle\/#breadcrumb\",\"itemListElement\":[{\"@type\":\"ListItem\",\"position\":1,\"name\":\"Home\",\"item\":\"https:\/\/vosgesinfo.fr\/saintdieinfo\/\"},{\"@type\":\"ListItem\",\"position\":2,\"name\":\"Chute violente \u00e0 la cascade de M\u00e9relle\"}]},{\"@type\":\"WebSite\",\"@id\":\"https:\/\/vosgesinfo.fr\/saintdieinfo\/#website\",\"url\":\"https:\/\/vosgesinfo.fr\/saintdieinfo\/\",\"name\":\"Saint Die Info\",\"description\":\"Toute l&#039;actualit\u00e9 de Saint-Di\u00e9-Des-Vosges\",\"publisher\":{\"@id\":\"https:\/\/vosgesinfo.fr\/saintdieinfo\/#organization\"},\"alternateName\":\"Toute l'actualit\u00e9 de Saint-Di\u00e9-Des-Vosges\",\"potentialAction\":[{\"@type\":\"SearchAction\",\"target\":{\"@type\":\"EntryPoint\",\"urlTemplate\":\"https:\/\/vosgesinfo.fr\/saintdieinfo\/?s={search_term_string}\"},\"query-input\":\"required name=search_term_string\"}],\"inLanguage\":\"fr-FR\"},{\"@type\":\"Organization\",\"@id\":\"https:\/\/vosgesinfo.fr\/saintdieinfo\/#organization\",\"name\":\"Saint Die Info\",\"url\":\"https:\/\/vosgesinfo.fr\/saintdieinfo\/\",\"logo\":{\"@type\":\"ImageObject\",\"inLanguage\":\"fr-FR\",\"@id\":\"https:\/\/vosgesinfo.fr\/saintdieinfo\/#\/schema\/logo\/image\/\",\"url\":\"https:\/\/vosgesinfo.fr\/app\/uploads\/sites\/4\/2024\/02\/logo-sdi.jpg\",\"contentUrl\":\"https:\/\/vosgesinfo.fr\/app\/uploads\/sites\/4\/2024\/02\/logo-sdi.jpg\",\"width\":600,\"height\":600,\"caption\":\"Saint Die Info\"},\"image\":{\"@id\":\"https:\/\/vosgesinfo.fr\/saintdieinfo\/#\/schema\/logo\/image\/\"},\"sameAs\":[\"https:\/\/www.facebook.com\/Saintdieinfofr\",\"https:\/\/x.com\/VosgesInfo88\",\"https:\/\/www.youtube.com\/@vosgesinfo\"]},{\"@type\":\"Person\",\"@id\":\"https:\/\/vosgesinfo.fr\/saintdieinfo\/#\/schema\/person\/faee6704a21f3977511db84bd1cd450f\",\"name\":\"la r\u00e9daction\",\"image\":{\"@type\":\"ImageObject\",\"inLanguage\":\"fr-FR\",\"@id\":\"https:\/\/vosgesinfo.fr\/saintdieinfo\/#\/schema\/person\/image\/\",\"url\":\"https:\/\/secure.gravatar.com\/avatar\/6673d8bc6a9c17fa9a453eaa3448de834fa308c2ec9635b7aa99441a7c8d2cf6?s=96&d=mm&r=g\",\"contentUrl\":\"https:\/\/secure.gravatar.com\/avatar\/6673d8bc6a9c17fa9a453eaa3448de834fa308c2ec9635b7aa99441a7c8d2cf6?s=96&d=mm&r=g\",\"caption\":\"la r\u00e9daction\"},\"url\":\"https:\/\/vosgesinfo.fr\/saintdieinfo\/author\/redac\/\"}]}<\/script>\n<!-- \/ Yoast SEO plugin. -->","yoast_head_json":{"title":"Chute violente \u00e0 la cascade de M\u00e9relle - Saint Die Info","robots":{"index":"index","follow":"follow","max-snippet":"max-snippet:-1","max-image-preview":"max-image-preview:large","max-video-preview":"max-video-preview:-1"},"canonical":"https:\/\/vosgesinfo.fr\/saintdieinfo\/2021\/03\/chute-violente-a-cascade-de-merelle\/","twitter_card":"summary_large_image","twitter_title":"Chute violente \u00e0 la cascade de M\u00e9relle - Saint Die Info","twitter_description":"Il \u00e9tait environ 12h30 ce samedi lorsque les secours \u00e9taient amen\u00e9s \u00e0 intervenir \u00e0\u00a0 la cascade de M\u00e9relle \u00e0\u00a0 G\u00e9rardmer.\u00a0 [&hellip;]","twitter_image":"https:\/\/vosgesinfo.fr\/app\/uploads\/sites\/4\/2024\/08\/202103mere.jpg","twitter_creator":"@VosgesInfo88","twitter_site":"@VosgesInfo88","twitter_misc":{"\u00c9crit par":"la r\u00e9daction","Dur\u00e9e de lecture estim\u00e9e":"1 minute"},"schema":{"@context":"https:\/\/schema.org","@graph":[{"@type":"Article","@id":"https:\/\/vosgesinfo.fr\/saintdieinfo\/2021\/03\/chute-violente-a-cascade-de-merelle\/#article","isPartOf":{"@id":"https:\/\/vosgesinfo.fr\/saintdieinfo\/2021\/03\/chute-violente-a-cascade-de-merelle\/"},"author":{"name":"la r\u00e9daction","@id":"https:\/\/vosgesinfo.fr\/saintdieinfo\/#\/schema\/person\/faee6704a21f3977511db84bd1cd450f"},"headline":"Chute violente \u00e0 la cascade de M\u00e9relle","datePublished":"2021-03-28T05:21:39+00:00","dateModified":"2021-03-28T05:21:39+00:00","mainEntityOfPage":{"@id":"https:\/\/vosgesinfo.fr\/saintdieinfo\/2021\/03\/chute-violente-a-cascade-de-merelle\/"},"wordCount":124,"commentCount":0,"publisher":{"@id":"https:\/\/vosgesinfo.fr\/saintdieinfo\/#organization"},"image":{"@id":"https:\/\/vosgesinfo.fr\/saintdieinfo\/2021\/03\/chute-violente-a-cascade-de-merelle\/#primaryimage"},"thumbnailUrl":"https:\/\/vosgesinfo.fr\/app\/uploads\/sites\/4\/2024\/08\/202103mere.jpg","articleSection":["A la Une","Vosges"],"inLanguage":"fr-FR","potentialAction":[{"@type":"CommentAction","name":"Comment","target":["https:\/\/vosgesinfo.fr\/saintdieinfo\/2021\/03\/chute-violente-a-cascade-de-merelle\/#respond"]}]},{"@type":"WebPage","@id":"https:\/\/vosgesinfo.fr\/saintdieinfo\/2021\/03\/chute-violente-a-cascade-de-merelle\/","url":"https:\/\/vosgesinfo.fr\/saintdieinfo\/2021\/03\/chute-violente-a-cascade-de-merelle\/","name":"Chute violente \u00e0 la cascade de M\u00e9relle - Saint Die Info","isPartOf":{"@id":"https:\/\/vosgesinfo.fr\/saintdieinfo\/#website"},"primaryImageOfPage":{"@id":"https:\/\/vosgesinfo.fr\/saintdieinfo\/2021\/03\/chute-violente-a-cascade-de-merelle\/#primaryimage"},"image":{"@id":"https:\/\/vosgesinfo.fr\/saintdieinfo\/2021\/03\/chute-violente-a-cascade-de-merelle\/#primaryimage"},"thumbnailUrl":"https:\/\/vosgesinfo.fr\/app\/uploads\/sites\/4\/2024\/08\/202103mere.jpg","datePublished":"2021-03-28T05:21:39+00:00","dateModified":"2021-03-28T05:21:39+00:00","breadcrumb":{"@id":"https:\/\/vosgesinfo.fr\/saintdieinfo\/2021\/03\/chute-violente-a-cascade-de-merelle\/#breadcrumb"},"inLanguage":"fr-FR","potentialAction":[{"@type":"ReadAction","target":["https:\/\/vosgesinfo.fr\/saintdieinfo\/2021\/03\/chute-violente-a-cascade-de-merelle\/"]}]},{"@type":"ImageObject","inLanguage":"fr-FR","@id":"https:\/\/vosgesinfo.fr\/saintdieinfo\/2021\/03\/chute-violente-a-cascade-de-merelle\/#primaryimage","url":"https:\/\/vosgesinfo.fr\/app\/uploads\/sites\/4\/2024\/08\/202103mere.jpg","contentUrl":"https:\/\/vosgesinfo.fr\/app\/uploads\/sites\/4\/2024\/08\/202103mere.jpg","width":800,"height":600},{"@type":"BreadcrumbList","@id":"https:\/\/vosgesinfo.fr\/saintdieinfo\/2021\/03\/chute-violente-a-cascade-de-merelle\/#breadcrumb","itemListElement":[{"@type":"ListItem","position":1,"name":"Home","item":"https:\/\/vosgesinfo.fr\/saintdieinfo\/"},{"@type":"ListItem","position":2,"name":"Chute violente \u00e0 la cascade de M\u00e9relle"}]},{"@type":"WebSite","@id":"https:\/\/vosgesinfo.fr\/saintdieinfo\/#website","url":"https:\/\/vosgesinfo.fr\/saintdieinfo\/","name":"Saint Die Info","description":"Toute l&#039;actualit\u00e9 de Saint-Di\u00e9-Des-Vosges","publisher":{"@id":"https:\/\/vosgesinfo.fr\/saintdieinfo\/#organization"},"alternateName":"Toute l'actualit\u00e9 de Saint-Di\u00e9-Des-Vosges","potentialAction":[{"@type":"SearchAction","target":{"@type":"EntryPoint","urlTemplate":"https:\/\/vosgesinfo.fr\/saintdieinfo\/?s={search_term_string}"},"query-input":"required name=search_term_string"}],"inLanguage":"fr-FR"},{"@type":"Organization","@id":"https:\/\/vosgesinfo.fr\/saintdieinfo\/#organization","name":"Saint Die Info","url":"https:\/\/vosgesinfo.fr\/saintdieinfo\/","logo":{"@type":"ImageObject","inLanguage":"fr-FR","@id":"https:\/\/vosgesinfo.fr\/saintdieinfo\/#\/schema\/logo\/image\/","url":"https:\/\/vosgesinfo.fr\/app\/uploads\/sites\/4\/2024\/02\/logo-sdi.jpg","contentUrl":"https:\/\/vosgesinfo.fr\/app\/uploads\/sites\/4\/2024\/02\/logo-sdi.jpg","width":600,"height":600,"caption":"Saint Die Info"},"image":{"@id":"https:\/\/vosgesinfo.fr\/saintdieinfo\/#\/schema\/logo\/image\/"},"sameAs":["https:\/\/www.facebook.com\/Saintdieinfofr","https:\/\/x.com\/VosgesInfo88","https:\/\/www.youtube.com\/@vosgesinfo"]},{"@type":"Person","@id":"https:\/\/vosgesinfo.fr\/saintdieinfo\/#\/schema\/person\/faee6704a21f3977511db84bd1cd450f","name":"la r\u00e9daction","image":{"@type":"ImageObject","inLanguage":"fr-FR","@id":"https:\/\/vosgesinfo.fr\/saintdieinfo\/#\/schema\/person\/image\/","url":"https:\/\/secure.gravatar.com\/avatar\/6673d8bc6a9c17fa9a453eaa3448de834fa308c2ec9635b7aa99441a7c8d2cf6?s=96&d=mm&r=g","contentUrl":"https:\/\/secure.gravatar.com\/avatar\/6673d8bc6a9c17fa9a453eaa3448de834fa308c2ec9635b7aa99441a7c8d2cf6?s=96&d=mm&r=g","caption":"la r\u00e9daction"},"url":"https:\/\/vosgesinfo.fr\/saintdieinfo\/author\/redac\/"}]}},"_links":{"self":[{"href":"https:\/\/vosgesinfo.fr\/saintdieinfo\/wp-json\/wp\/v2\/posts\/39985","targetHints":{"allow":["GET"]}}],"collection":[{"href":"https:\/\/vosgesinfo.fr\/saintdieinfo\/wp-json\/wp\/v2\/posts"}],"about":[{"href":"https:\/\/vosgesinfo.fr\/saintdieinfo\/wp-json\/wp\/v2\/types\/post"}],"author":[{"embeddable":true,"href":"https:\/\/vosgesinfo.fr\/saintdieinfo\/wp-json\/wp\/v2\/users\/44"}],"replies":[{"embeddable":true,"href":"https:\/\/vosgesinfo.fr\/saintdieinfo\/wp-json\/wp\/v2\/comments?post=39985"}],"version-history":[{"count":0,"href":"https:\/\/vosgesinfo.fr\/saintdieinfo\/wp-json\/wp\/v2\/posts\/39985\/revisions"}],"wp:featuredmedia":[{"embeddable":true,"href":"https:\/\/vosgesinfo.fr\/saintdieinfo\/wp-json\/wp\/v2\/media\/39986"}],"wp:attachment":[{"href":"https:\/\/vosgesinfo.fr\/saintdieinfo\/wp-json\/wp\/v2\/media?parent=39985"}],"wp:term":[{"taxonomy":"category","embeddable":true,"href":"https:\/\/vosgesinfo.fr\/saintdieinfo\/wp-json\/wp\/v2\/categories?post=39985"},{"taxonomy":"post_tag","embeddable":true,"href":"https:\/\/vosgesinfo.fr\/saintdieinfo\/wp-json\/wp\/v2\/tags?post=39985"}],"curies":[{"name":"wp","href":"https:\/\/api.w.org\/{rel}","templated":true}]}}