{"id":40000,"date":"2021-03-29T13:35:49","date_gmt":"2021-03-29T11:35:49","guid":{"rendered":"https:\/\/vosgesinfo.fr\/saintdieinfo\/2021\/03\/covid-19-centre-de-vaccination-de-saint-die-vosges-a-demenage\/"},"modified":"2021-03-29T13:35:49","modified_gmt":"2021-03-29T11:35:49","slug":"covid-19-centre-de-vaccination-de-saint-die-vosges-a-demenage","status":"publish","type":"post","link":"https:\/\/vosgesinfo.fr\/saintdieinfo\/2021\/03\/covid-19-centre-de-vaccination-de-saint-die-vosges-a-demenage\/","title":{"rendered":"Covid-19 \u2013Le centre de vaccination de Saint-Di\u00e9-des-Vosges a d\u00e9m\u00e9nag\u00e9"},"content":{"rendered":"<div id=\"attachment_167171\" style=\"width: 810px\" class=\"wp-caption aligncenter\"><a href=\"\/2021\/03\/Centre_Vaccination_POJC-5.jpg\" target=\"_blank\" rel=\"noopener\"><img decoding=\"async\" aria-describedby=\"caption-attachment-167171\" class=\"wp-image-167171 size-full\" src=\"\/2021\/03\/Centre_Vaccination_POJC-5.jpg\" alt=\"Centre_Vaccination_POJC (5)\" width=\"800\" height=\"534\" \/><\/a><p id=\"caption-attachment-167171\" class=\"wp-caption-text\">(Photographies Marc Fourniquet)<\/p><\/div>\n<h2><span style=\"font-size: 14pt;\"><strong><span style=\"font-family: Calibri, sans-serif;\">Depuis ce lundi 29 mars \u00e0 8h30, le centre de vaccination de Saint-Di\u00e9-des-Vosges est d\u00e9sormais situ\u00e9 au Palais Omnisports Joseph-Claudel.<\/span><\/strong><\/span><\/h2>\n<p><!--more--><\/p>\n<p><span style=\"font-family: Calibri, sans-serif;\">Sur les coups de 10h, le maire David Valence s&rsquo;est rendu sur place accompagn\u00e9 de Bruno Toussaint, premier adjoint, Nathalie Mandra, directrice du CCAS et Alejandro Delgado, directeur adjoint du centre hospitalier, pour une visite du nouveau centre d\u00e9odatien.<\/span><\/p>\n<p><span style=\"font-family: Calibri, sans-serif;\">Depuis le 12 janvier 2021, le Centre Carbonnar, ainsi que les 2 centres de vaccination \u00e9ph\u00e9m\u00e8re de Anould et de Raon l&rsquo;Etape, ont permis pr\u00e8s de 10 000 vaccinations et 800 dans les EHPAD. Soit 14% au niveau de l&rsquo;agglo de Saint-Di\u00e9-des-Vosges.<\/span><\/p>\n<p><span style=\"font-family: Calibri, sans-serif;\">Pour intensifier la vaccination contre la COVID-19, la Ville, l\u2019Agglom\u00e9ration et le centre hospitalier de Saint-Di\u00e9-des-Vosges, avec le soutien de l\u2019\u00c9tat, ont d\u00e9cid\u00e9 de transf\u00e9rer le centre Carbonnar au Palais Omnisports Joseph-Claudel en cr\u00e9ant une quatri\u00e8me ligne de vaccination, qui permet 120 vaccination\/jour. Cette mont\u00e9e en puissance, pouvant recevoir jusqu&rsquo;\u00e0 12 lignes, augmentera la cadence jusqu&rsquo;\u00e0 500 vaccinations\/jour. Ce centre, qui fonctionnera au moins jusqu&rsquo;\u00e0 la fin de l&rsquo;ann\u00e9e, a pour objectif d&rsquo;int\u00e9r\u00eat g\u00e9n\u00e9ral de prot\u00e9ger la population et d&rsquo;atteindre une immunit\u00e9 collective.<\/span><\/p>\n<p><span style=\"font-family: Calibri, sans-serif;\">Le premier adjoint Bruno Toussaint rappelle que l&rsquo;on peut prendre rendez-vous au <strong>03 29 42 16 75<\/strong> (du lundi au vendredi de 8 h 30 \u00e0 12 h et de 14 h \u00e0 17 h 30). L&rsquo;\u00e9lu demande \u00e9galement de venir \u00e0 l&rsquo;heure ou pas plus de 10 minutes avant l&rsquo;heure, afin de fluidifier la circulation et les temps d&rsquo;attente administratif et d&rsquo;apr\u00e8s vaccination.<\/span><\/p>\n\n","protected":false},"excerpt":{"rendered":"<p>Depuis ce lundi 29 mars \u00e0 8h30, le centre de vaccination de Saint-Di\u00e9-des-Vosges est d\u00e9sormais situ\u00e9 au Palais Omnisports Joseph-Claudel.<\/p>\n","protected":false},"author":44,"featured_media":40001,"comment_status":"open","ping_status":"open","sticky":false,"template":"","format":"standard","meta":{"footnotes":""},"categories":[460,2915,4152,13],"tags":[7970,1072,3126],"class_list":["post-40000","post","type-post","status-publish","format-standard","has-post-thumbnail","hentry","category-a-la-une","category-saint-die-son-canton","category-sante","category-societe","tag-centre-de-vaccination-ephemere","tag-covid-19","tag-palais-omnisports-joseph-claudel"],"acf":[],"yoast_head":"<!-- This site is optimized with the Yoast SEO plugin v22.5 - https:\/\/yoast.com\/wordpress\/plugins\/seo\/ -->\n<title>Covid-19 \u2013Le centre de vaccination de Saint-Di\u00e9-des-Vosges a d\u00e9m\u00e9nag\u00e9 - Saint Die Info<\/title>\n<meta name=\"robots\" content=\"index, follow, max-snippet:-1, max-image-preview:large, max-video-preview:-1\" \/>\n<link rel=\"canonical\" href=\"https:\/\/vosgesinfo.fr\/saintdieinfo\/2021\/03\/covid-19-centre-de-vaccination-de-saint-die-vosges-a-demenage\/\" \/>\n<meta name=\"twitter:card\" content=\"summary_large_image\" \/>\n<meta name=\"twitter:title\" content=\"Covid-19 \u2013Le centre de vaccination de Saint-Di\u00e9-des-Vosges a d\u00e9m\u00e9nag\u00e9 - Saint Die Info\" \/>\n<meta name=\"twitter:description\" content=\"Depuis ce lundi 29 mars \u00e0 8h30, le centre de vaccination de Saint-Di\u00e9-des-Vosges est d\u00e9sormais situ\u00e9 au Palais Omnisports Joseph-Claudel.\" \/>\n<meta name=\"twitter:image\" content=\"https:\/\/vosgesinfo.fr\/app\/uploads\/sites\/4\/2024\/08\/202103centre-vaccination-pojc-5.jpg\" \/>\n<meta name=\"twitter:creator\" content=\"@VosgesInfo88\" \/>\n<meta name=\"twitter:site\" content=\"@VosgesInfo88\" \/>\n<meta name=\"twitter:label1\" content=\"\u00c9crit par\" \/>\n\t<meta name=\"twitter:data1\" content=\"la r\u00e9daction\" \/>\n\t<meta name=\"twitter:label2\" content=\"Dur\u00e9e de lecture estim\u00e9e\" \/>\n\t<meta name=\"twitter:data2\" content=\"1 minute\" \/>\n<script type=\"application\/ld+json\" class=\"yoast-schema-graph\">{\"@context\":\"https:\/\/schema.org\",\"@graph\":[{\"@type\":\"Article\",\"@id\":\"https:\/\/vosgesinfo.fr\/saintdieinfo\/2021\/03\/covid-19-centre-de-vaccination-de-saint-die-vosges-a-demenage\/#article\",\"isPartOf\":{\"@id\":\"https:\/\/vosgesinfo.fr\/saintdieinfo\/2021\/03\/covid-19-centre-de-vaccination-de-saint-die-vosges-a-demenage\/\"},\"author\":{\"name\":\"la r\u00e9daction\",\"@id\":\"https:\/\/vosgesinfo.fr\/saintdieinfo\/#\/schema\/person\/faee6704a21f3977511db84bd1cd450f\"},\"headline\":\"Covid-19 \u2013Le centre de vaccination de Saint-Di\u00e9-des-Vosges a d\u00e9m\u00e9nag\u00e9\",\"datePublished\":\"2021-03-29T11:35:49+00:00\",\"dateModified\":\"2021-03-29T11:35:49+00:00\",\"mainEntityOfPage\":{\"@id\":\"https:\/\/vosgesinfo.fr\/saintdieinfo\/2021\/03\/covid-19-centre-de-vaccination-de-saint-die-vosges-a-demenage\/\"},\"wordCount\":286,\"commentCount\":0,\"publisher\":{\"@id\":\"https:\/\/vosgesinfo.fr\/saintdieinfo\/#organization\"},\"image\":{\"@id\":\"https:\/\/vosgesinfo.fr\/saintdieinfo\/2021\/03\/covid-19-centre-de-vaccination-de-saint-die-vosges-a-demenage\/#primaryimage\"},\"thumbnailUrl\":\"https:\/\/vosgesinfo.fr\/app\/uploads\/sites\/4\/2024\/08\/202103centre-vaccination-pojc-5.jpg\",\"keywords\":[\"Centre de vaccination \u00e9ph\u00e9m\u00e8re\",\"Covid-19\",\"Palais Omnisports Joseph-Claudel\"],\"articleSection\":[\"A la Une\",\"Saint-Di\u00e9-des-Vosges et son Agglom\u00e9ration\",\"Sant\u00e9\",\"Soci\u00e9t\u00e9\"],\"inLanguage\":\"fr-FR\",\"potentialAction\":[{\"@type\":\"CommentAction\",\"name\":\"Comment\",\"target\":[\"https:\/\/vosgesinfo.fr\/saintdieinfo\/2021\/03\/covid-19-centre-de-vaccination-de-saint-die-vosges-a-demenage\/#respond\"]}]},{\"@type\":\"WebPage\",\"@id\":\"https:\/\/vosgesinfo.fr\/saintdieinfo\/2021\/03\/covid-19-centre-de-vaccination-de-saint-die-vosges-a-demenage\/\",\"url\":\"https:\/\/vosgesinfo.fr\/saintdieinfo\/2021\/03\/covid-19-centre-de-vaccination-de-saint-die-vosges-a-demenage\/\",\"name\":\"Covid-19 \u2013Le centre de vaccination de Saint-Di\u00e9-des-Vosges a d\u00e9m\u00e9nag\u00e9 - Saint Die Info\",\"isPartOf\":{\"@id\":\"https:\/\/vosgesinfo.fr\/saintdieinfo\/#website\"},\"primaryImageOfPage\":{\"@id\":\"https:\/\/vosgesinfo.fr\/saintdieinfo\/2021\/03\/covid-19-centre-de-vaccination-de-saint-die-vosges-a-demenage\/#primaryimage\"},\"image\":{\"@id\":\"https:\/\/vosgesinfo.fr\/saintdieinfo\/2021\/03\/covid-19-centre-de-vaccination-de-saint-die-vosges-a-demenage\/#primaryimage\"},\"thumbnailUrl\":\"https:\/\/vosgesinfo.fr\/app\/uploads\/sites\/4\/2024\/08\/202103centre-vaccination-pojc-5.jpg\",\"datePublished\":\"2021-03-29T11:35:49+00:00\",\"dateModified\":\"2021-03-29T11:35:49+00:00\",\"breadcrumb\":{\"@id\":\"https:\/\/vosgesinfo.fr\/saintdieinfo\/2021\/03\/covid-19-centre-de-vaccination-de-saint-die-vosges-a-demenage\/#breadcrumb\"},\"inLanguage\":\"fr-FR\",\"potentialAction\":[{\"@type\":\"ReadAction\",\"target\":[\"https:\/\/vosgesinfo.fr\/saintdieinfo\/2021\/03\/covid-19-centre-de-vaccination-de-saint-die-vosges-a-demenage\/\"]}]},{\"@type\":\"ImageObject\",\"inLanguage\":\"fr-FR\",\"@id\":\"https:\/\/vosgesinfo.fr\/saintdieinfo\/2021\/03\/covid-19-centre-de-vaccination-de-saint-die-vosges-a-demenage\/#primaryimage\",\"url\":\"https:\/\/vosgesinfo.fr\/app\/uploads\/sites\/4\/2024\/08\/202103centre-vaccination-pojc-5.jpg\",\"contentUrl\":\"https:\/\/vosgesinfo.fr\/app\/uploads\/sites\/4\/2024\/08\/202103centre-vaccination-pojc-5.jpg\",\"width\":800,\"height\":534},{\"@type\":\"BreadcrumbList\",\"@id\":\"https:\/\/vosgesinfo.fr\/saintdieinfo\/2021\/03\/covid-19-centre-de-vaccination-de-saint-die-vosges-a-demenage\/#breadcrumb\",\"itemListElement\":[{\"@type\":\"ListItem\",\"position\":1,\"name\":\"Home\",\"item\":\"https:\/\/vosgesinfo.fr\/saintdieinfo\/\"},{\"@type\":\"ListItem\",\"position\":2,\"name\":\"Covid-19 \u2013Le centre de vaccination de Saint-Di\u00e9-des-Vosges a d\u00e9m\u00e9nag\u00e9\"}]},{\"@type\":\"WebSite\",\"@id\":\"https:\/\/vosgesinfo.fr\/saintdieinfo\/#website\",\"url\":\"https:\/\/vosgesinfo.fr\/saintdieinfo\/\",\"name\":\"Saint Die Info\",\"description\":\"Toute l&#039;actualit\u00e9 de Saint-Di\u00e9-Des-Vosges\",\"publisher\":{\"@id\":\"https:\/\/vosgesinfo.fr\/saintdieinfo\/#organization\"},\"alternateName\":\"Toute l'actualit\u00e9 de Saint-Di\u00e9-Des-Vosges\",\"potentialAction\":[{\"@type\":\"SearchAction\",\"target\":{\"@type\":\"EntryPoint\",\"urlTemplate\":\"https:\/\/vosgesinfo.fr\/saintdieinfo\/?s={search_term_string}\"},\"query-input\":\"required name=search_term_string\"}],\"inLanguage\":\"fr-FR\"},{\"@type\":\"Organization\",\"@id\":\"https:\/\/vosgesinfo.fr\/saintdieinfo\/#organization\",\"name\":\"Saint Die Info\",\"url\":\"https:\/\/vosgesinfo.fr\/saintdieinfo\/\",\"logo\":{\"@type\":\"ImageObject\",\"inLanguage\":\"fr-FR\",\"@id\":\"https:\/\/vosgesinfo.fr\/saintdieinfo\/#\/schema\/logo\/image\/\",\"url\":\"https:\/\/vosgesinfo.fr\/app\/uploads\/sites\/4\/2024\/02\/logo-sdi.jpg\",\"contentUrl\":\"https:\/\/vosgesinfo.fr\/app\/uploads\/sites\/4\/2024\/02\/logo-sdi.jpg\",\"width\":600,\"height\":600,\"caption\":\"Saint Die Info\"},\"image\":{\"@id\":\"https:\/\/vosgesinfo.fr\/saintdieinfo\/#\/schema\/logo\/image\/\"},\"sameAs\":[\"https:\/\/www.facebook.com\/Saintdieinfofr\",\"https:\/\/x.com\/VosgesInfo88\",\"https:\/\/www.youtube.com\/@vosgesinfo\"]},{\"@type\":\"Person\",\"@id\":\"https:\/\/vosgesinfo.fr\/saintdieinfo\/#\/schema\/person\/faee6704a21f3977511db84bd1cd450f\",\"name\":\"la r\u00e9daction\",\"image\":{\"@type\":\"ImageObject\",\"inLanguage\":\"fr-FR\",\"@id\":\"https:\/\/vosgesinfo.fr\/saintdieinfo\/#\/schema\/person\/image\/\",\"url\":\"https:\/\/secure.gravatar.com\/avatar\/6673d8bc6a9c17fa9a453eaa3448de834fa308c2ec9635b7aa99441a7c8d2cf6?s=96&d=mm&r=g\",\"contentUrl\":\"https:\/\/secure.gravatar.com\/avatar\/6673d8bc6a9c17fa9a453eaa3448de834fa308c2ec9635b7aa99441a7c8d2cf6?s=96&d=mm&r=g\",\"caption\":\"la r\u00e9daction\"},\"url\":\"https:\/\/vosgesinfo.fr\/saintdieinfo\/author\/redac\/\"}]}<\/script>\n<!-- \/ Yoast SEO plugin. -->","yoast_head_json":{"title":"Covid-19 \u2013Le centre de vaccination de Saint-Di\u00e9-des-Vosges a d\u00e9m\u00e9nag\u00e9 - Saint Die Info","robots":{"index":"index","follow":"follow","max-snippet":"max-snippet:-1","max-image-preview":"max-image-preview:large","max-video-preview":"max-video-preview:-1"},"canonical":"https:\/\/vosgesinfo.fr\/saintdieinfo\/2021\/03\/covid-19-centre-de-vaccination-de-saint-die-vosges-a-demenage\/","twitter_card":"summary_large_image","twitter_title":"Covid-19 \u2013Le centre de vaccination de Saint-Di\u00e9-des-Vosges a d\u00e9m\u00e9nag\u00e9 - Saint Die Info","twitter_description":"Depuis ce lundi 29 mars \u00e0 8h30, le centre de vaccination de Saint-Di\u00e9-des-Vosges est d\u00e9sormais situ\u00e9 au Palais Omnisports Joseph-Claudel.","twitter_image":"https:\/\/vosgesinfo.fr\/app\/uploads\/sites\/4\/2024\/08\/202103centre-vaccination-pojc-5.jpg","twitter_creator":"@VosgesInfo88","twitter_site":"@VosgesInfo88","twitter_misc":{"\u00c9crit par":"la r\u00e9daction","Dur\u00e9e de lecture estim\u00e9e":"1 minute"},"schema":{"@context":"https:\/\/schema.org","@graph":[{"@type":"Article","@id":"https:\/\/vosgesinfo.fr\/saintdieinfo\/2021\/03\/covid-19-centre-de-vaccination-de-saint-die-vosges-a-demenage\/#article","isPartOf":{"@id":"https:\/\/vosgesinfo.fr\/saintdieinfo\/2021\/03\/covid-19-centre-de-vaccination-de-saint-die-vosges-a-demenage\/"},"author":{"name":"la r\u00e9daction","@id":"https:\/\/vosgesinfo.fr\/saintdieinfo\/#\/schema\/person\/faee6704a21f3977511db84bd1cd450f"},"headline":"Covid-19 \u2013Le centre de vaccination de Saint-Di\u00e9-des-Vosges a d\u00e9m\u00e9nag\u00e9","datePublished":"2021-03-29T11:35:49+00:00","dateModified":"2021-03-29T11:35:49+00:00","mainEntityOfPage":{"@id":"https:\/\/vosgesinfo.fr\/saintdieinfo\/2021\/03\/covid-19-centre-de-vaccination-de-saint-die-vosges-a-demenage\/"},"wordCount":286,"commentCount":0,"publisher":{"@id":"https:\/\/vosgesinfo.fr\/saintdieinfo\/#organization"},"image":{"@id":"https:\/\/vosgesinfo.fr\/saintdieinfo\/2021\/03\/covid-19-centre-de-vaccination-de-saint-die-vosges-a-demenage\/#primaryimage"},"thumbnailUrl":"https:\/\/vosgesinfo.fr\/app\/uploads\/sites\/4\/2024\/08\/202103centre-vaccination-pojc-5.jpg","keywords":["Centre de vaccination \u00e9ph\u00e9m\u00e8re","Covid-19","Palais Omnisports Joseph-Claudel"],"articleSection":["A la Une","Saint-Di\u00e9-des-Vosges et son Agglom\u00e9ration","Sant\u00e9","Soci\u00e9t\u00e9"],"inLanguage":"fr-FR","potentialAction":[{"@type":"CommentAction","name":"Comment","target":["https:\/\/vosgesinfo.fr\/saintdieinfo\/2021\/03\/covid-19-centre-de-vaccination-de-saint-die-vosges-a-demenage\/#respond"]}]},{"@type":"WebPage","@id":"https:\/\/vosgesinfo.fr\/saintdieinfo\/2021\/03\/covid-19-centre-de-vaccination-de-saint-die-vosges-a-demenage\/","url":"https:\/\/vosgesinfo.fr\/saintdieinfo\/2021\/03\/covid-19-centre-de-vaccination-de-saint-die-vosges-a-demenage\/","name":"Covid-19 \u2013Le centre de vaccination de Saint-Di\u00e9-des-Vosges a d\u00e9m\u00e9nag\u00e9 - Saint Die Info","isPartOf":{"@id":"https:\/\/vosgesinfo.fr\/saintdieinfo\/#website"},"primaryImageOfPage":{"@id":"https:\/\/vosgesinfo.fr\/saintdieinfo\/2021\/03\/covid-19-centre-de-vaccination-de-saint-die-vosges-a-demenage\/#primaryimage"},"image":{"@id":"https:\/\/vosgesinfo.fr\/saintdieinfo\/2021\/03\/covid-19-centre-de-vaccination-de-saint-die-vosges-a-demenage\/#primaryimage"},"thumbnailUrl":"https:\/\/vosgesinfo.fr\/app\/uploads\/sites\/4\/2024\/08\/202103centre-vaccination-pojc-5.jpg","datePublished":"2021-03-29T11:35:49+00:00","dateModified":"2021-03-29T11:35:49+00:00","breadcrumb":{"@id":"https:\/\/vosgesinfo.fr\/saintdieinfo\/2021\/03\/covid-19-centre-de-vaccination-de-saint-die-vosges-a-demenage\/#breadcrumb"},"inLanguage":"fr-FR","potentialAction":[{"@type":"ReadAction","target":["https:\/\/vosgesinfo.fr\/saintdieinfo\/2021\/03\/covid-19-centre-de-vaccination-de-saint-die-vosges-a-demenage\/"]}]},{"@type":"ImageObject","inLanguage":"fr-FR","@id":"https:\/\/vosgesinfo.fr\/saintdieinfo\/2021\/03\/covid-19-centre-de-vaccination-de-saint-die-vosges-a-demenage\/#primaryimage","url":"https:\/\/vosgesinfo.fr\/app\/uploads\/sites\/4\/2024\/08\/202103centre-vaccination-pojc-5.jpg","contentUrl":"https:\/\/vosgesinfo.fr\/app\/uploads\/sites\/4\/2024\/08\/202103centre-vaccination-pojc-5.jpg","width":800,"height":534},{"@type":"BreadcrumbList","@id":"https:\/\/vosgesinfo.fr\/saintdieinfo\/2021\/03\/covid-19-centre-de-vaccination-de-saint-die-vosges-a-demenage\/#breadcrumb","itemListElement":[{"@type":"ListItem","position":1,"name":"Home","item":"https:\/\/vosgesinfo.fr\/saintdieinfo\/"},{"@type":"ListItem","position":2,"name":"Covid-19 \u2013Le centre de vaccination de Saint-Di\u00e9-des-Vosges a d\u00e9m\u00e9nag\u00e9"}]},{"@type":"WebSite","@id":"https:\/\/vosgesinfo.fr\/saintdieinfo\/#website","url":"https:\/\/vosgesinfo.fr\/saintdieinfo\/","name":"Saint Die Info","description":"Toute l&#039;actualit\u00e9 de Saint-Di\u00e9-Des-Vosges","publisher":{"@id":"https:\/\/vosgesinfo.fr\/saintdieinfo\/#organization"},"alternateName":"Toute l'actualit\u00e9 de Saint-Di\u00e9-Des-Vosges","potentialAction":[{"@type":"SearchAction","target":{"@type":"EntryPoint","urlTemplate":"https:\/\/vosgesinfo.fr\/saintdieinfo\/?s={search_term_string}"},"query-input":"required name=search_term_string"}],"inLanguage":"fr-FR"},{"@type":"Organization","@id":"https:\/\/vosgesinfo.fr\/saintdieinfo\/#organization","name":"Saint Die Info","url":"https:\/\/vosgesinfo.fr\/saintdieinfo\/","logo":{"@type":"ImageObject","inLanguage":"fr-FR","@id":"https:\/\/vosgesinfo.fr\/saintdieinfo\/#\/schema\/logo\/image\/","url":"https:\/\/vosgesinfo.fr\/app\/uploads\/sites\/4\/2024\/02\/logo-sdi.jpg","contentUrl":"https:\/\/vosgesinfo.fr\/app\/uploads\/sites\/4\/2024\/02\/logo-sdi.jpg","width":600,"height":600,"caption":"Saint Die Info"},"image":{"@id":"https:\/\/vosgesinfo.fr\/saintdieinfo\/#\/schema\/logo\/image\/"},"sameAs":["https:\/\/www.facebook.com\/Saintdieinfofr","https:\/\/x.com\/VosgesInfo88","https:\/\/www.youtube.com\/@vosgesinfo"]},{"@type":"Person","@id":"https:\/\/vosgesinfo.fr\/saintdieinfo\/#\/schema\/person\/faee6704a21f3977511db84bd1cd450f","name":"la r\u00e9daction","image":{"@type":"ImageObject","inLanguage":"fr-FR","@id":"https:\/\/vosgesinfo.fr\/saintdieinfo\/#\/schema\/person\/image\/","url":"https:\/\/secure.gravatar.com\/avatar\/6673d8bc6a9c17fa9a453eaa3448de834fa308c2ec9635b7aa99441a7c8d2cf6?s=96&d=mm&r=g","contentUrl":"https:\/\/secure.gravatar.com\/avatar\/6673d8bc6a9c17fa9a453eaa3448de834fa308c2ec9635b7aa99441a7c8d2cf6?s=96&d=mm&r=g","caption":"la r\u00e9daction"},"url":"https:\/\/vosgesinfo.fr\/saintdieinfo\/author\/redac\/"}]}},"_links":{"self":[{"href":"https:\/\/vosgesinfo.fr\/saintdieinfo\/wp-json\/wp\/v2\/posts\/40000","targetHints":{"allow":["GET"]}}],"collection":[{"href":"https:\/\/vosgesinfo.fr\/saintdieinfo\/wp-json\/wp\/v2\/posts"}],"about":[{"href":"https:\/\/vosgesinfo.fr\/saintdieinfo\/wp-json\/wp\/v2\/types\/post"}],"author":[{"embeddable":true,"href":"https:\/\/vosgesinfo.fr\/saintdieinfo\/wp-json\/wp\/v2\/users\/44"}],"replies":[{"embeddable":true,"href":"https:\/\/vosgesinfo.fr\/saintdieinfo\/wp-json\/wp\/v2\/comments?post=40000"}],"version-history":[{"count":0,"href":"https:\/\/vosgesinfo.fr\/saintdieinfo\/wp-json\/wp\/v2\/posts\/40000\/revisions"}],"wp:featuredmedia":[{"embeddable":true,"href":"https:\/\/vosgesinfo.fr\/saintdieinfo\/wp-json\/wp\/v2\/media\/40001"}],"wp:attachment":[{"href":"https:\/\/vosgesinfo.fr\/saintdieinfo\/wp-json\/wp\/v2\/media?parent=40000"}],"wp:term":[{"taxonomy":"category","embeddable":true,"href":"https:\/\/vosgesinfo.fr\/saintdieinfo\/wp-json\/wp\/v2\/categories?post=40000"},{"taxonomy":"post_tag","embeddable":true,"href":"https:\/\/vosgesinfo.fr\/saintdieinfo\/wp-json\/wp\/v2\/tags?post=40000"}],"curies":[{"name":"wp","href":"https:\/\/api.w.org\/{rel}","templated":true}]}}