{"id":40010,"date":"2021-03-30T14:00:46","date_gmt":"2021-03-30T12:00:46","guid":{"rendered":"https:\/\/vosgesinfo.fr\/saintdieinfo\/2021\/03\/semaine-sainte-de-paroisse-de-saint-die\/"},"modified":"2021-03-30T14:00:46","modified_gmt":"2021-03-30T12:00:46","slug":"semaine-sainte-de-paroisse-de-saint-die","status":"publish","type":"post","link":"https:\/\/vosgesinfo.fr\/saintdieinfo\/2021\/03\/semaine-sainte-de-paroisse-de-saint-die\/","title":{"rendered":"La Semaine Sainte de la Paroisse de Saint-Di\u00e9"},"content":{"rendered":"\n<h3 align=\"JUSTIFY\"><strong><span style=\"font-size: large;\">Mardi 30 mars<\/span><span style=\"font-size: large;\">\u00a0: <\/span><\/strong><\/h3>\n<ul>\n<li><span style=\"font-size: large;\">messe chrismale \u00e0 <\/span><span style=\"font-size: large;\"><b>16h<\/b><\/span><span style=\"font-size: large;\"> \u00e0 la Cath\u00e9drale.<\/span><\/li>\n<\/ul>\n<h3 align=\"JUSTIFY\"><strong><span style=\"font-size: large;\">Mercredi 31 mars<\/span><span style=\"font-size: large;\">\u00a0: journ\u00e9e p\u00e9nitentielle \u00e0 la Cath\u00e9drale<\/span><\/strong><\/h3>\n<ul>\n<li><span style=\"font-size: large;\">C\u00e9l\u00e9bration p\u00e9nitentielle \u00e0 <\/span><span style=\"font-size: large;\"><b>12h15<\/b><\/span><span style=\"font-size: large;\">, suivie des confessions individuelles jusqu\u2019\u00e0 17h30;<\/span><\/li>\n<li><span style=\"font-size: large;\">Messe \u00e0 <\/span><span style=\"font-size: large;\"><b>18h.<\/b><\/span><\/li>\n<\/ul>\n<h3 align=\"JUSTIFY\"><strong><span style=\"font-size: large;\">Jeudi Saint 1<\/span><sup><span style=\"font-size: large;\">er<\/span><\/sup><span style=\"font-size: large;\"> avril\u00a0: <\/span><\/strong><\/h3>\n<ul>\n<li><span style=\"font-size: large;\"><b>C\u00e9l\u00e9bration de la Sainte C\u00e8ne \u00e0 16h <\/b><\/span><span style=\"font-size: large;\">\u00e0 la Cath\u00e9drale.<\/span><\/li>\n<\/ul>\n<h3 align=\"JUSTIFY\"><strong><span style=\"font-size: large;\">Vendredi Saint 2 avril<\/span><span style=\"font-size: large;\">\u00a0: \u00e0 la Cath\u00e9drale <\/span><\/strong><\/h3>\n<ul>\n<li><span style=\"font-size: large;\">chemin de croix \u00e0 <\/span><span style=\"font-size: large;\"><b>12h15;<\/b><\/span><\/li>\n<li><span style=\"font-size: large;\">office de la Croix \u00e0 <\/span><span style=\"font-size: large;\"><b>15h.<\/b><\/span><\/li>\n<\/ul>\n<h3 align=\"JUSTIFY\"><strong><span style=\"font-size: large;\">Samedi 3 avril<\/span><span style=\"font-size: large;\">\u00a0: \u00e0 la Cath\u00e9drale <\/span><span style=\"font-size: large;\">en pr\u00e9sence de Monseigneur Berthet<\/span><\/strong><\/h3>\n<ul>\n<li><span style=\"font-size: large;\"><b>Vigile Pascale \u00e0 17h.<\/b><\/span><\/li>\n<\/ul>\n<h3 align=\"JUSTIFY\"><strong><span style=\"font-size: large;\">Dimanche 4 avril\u00a0: <\/span><span style=\"font-size: large;\"><u>P\u00c2QUES<\/u><\/span><\/strong><\/h3>\n<ul>\n<li><span style=\"font-size: large;\"><b>Messe \u00e0 <\/b><\/span><span style=\"font-size: large;\"><u><b>l\u2019\u00e9glise Saint-Martin (r\u00e9ouverture apr\u00e8s travaux)<\/b><\/u><\/span><span style=\"font-size: large;\"><b> \u00e0 9h;<\/b><\/span><\/li>\n<li><span style=\"font-size: large;\">Messe \u00e0 la <\/span><span style=\"font-size: large;\"><b>Cath\u00e9drale<\/b><\/span><span style=\"font-size: large;\"> \u00e0 <\/span><span style=\"font-size: large;\"><b>11h, c\u00e9l\u00e9br\u00e9e par Monseigneur Didier Berthet<\/b><\/span><span style=\"font-size: large;\"><b>;<\/b><\/span><\/li>\n<li><span style=\"font-size: large;\">V\u00eapres solennelles \u00e0<\/span><span style=\"font-size: large;\"><b> 16h30 \u00e0 la Cath\u00e9drale.<\/b><\/span><\/li>\n<\/ul>\n","protected":false},"excerpt":{"rendered":"<p>Mardi 30 mars\u00a0: messe chrismale \u00e0 16h \u00e0 la Cath\u00e9drale. Mercredi 31 mars\u00a0: journ\u00e9e p\u00e9nitentielle \u00e0 la Cath\u00e9drale C\u00e9l\u00e9bration p\u00e9nitentielle [&hellip;]<\/p>\n","protected":false},"author":44,"featured_media":40011,"comment_status":"open","ping_status":"open","sticky":false,"template":"","format":"standard","meta":{"footnotes":""},"categories":[2915],"tags":[5453,3078,5454],"class_list":["post-40010","post","type-post","status-publish","format-standard","has-post-thumbnail","hentry","category-saint-die-son-canton","tag-paques","tag-paroisse-de-saint-die","tag-semaine-sainte"],"acf":[],"yoast_head":"<!-- This site is optimized with the Yoast SEO plugin v22.5 - https:\/\/yoast.com\/wordpress\/plugins\/seo\/ -->\n<title>La Semaine Sainte de la Paroisse de Saint-Di\u00e9 - Saint Die Info<\/title>\n<meta name=\"robots\" content=\"index, follow, max-snippet:-1, max-image-preview:large, max-video-preview:-1\" \/>\n<link rel=\"canonical\" href=\"https:\/\/vosgesinfo.fr\/saintdieinfo\/2021\/03\/semaine-sainte-de-paroisse-de-saint-die\/\" \/>\n<meta name=\"twitter:card\" content=\"summary_large_image\" \/>\n<meta name=\"twitter:title\" content=\"La Semaine Sainte de la Paroisse de Saint-Di\u00e9 - Saint Die Info\" \/>\n<meta name=\"twitter:description\" content=\"Mardi 30 mars\u00a0: messe chrismale \u00e0 16h \u00e0 la Cath\u00e9drale. Mercredi 31 mars\u00a0: journ\u00e9e p\u00e9nitentielle \u00e0 la Cath\u00e9drale C\u00e9l\u00e9bration p\u00e9nitentielle [&hellip;]\" \/>\n<meta name=\"twitter:image\" content=\"https:\/\/vosgesinfo.fr\/app\/uploads\/sites\/4\/2024\/08\/202103visuel-reouverture-eglise-saint-martin.png\" \/>\n<meta name=\"twitter:creator\" content=\"@VosgesInfo88\" \/>\n<meta name=\"twitter:site\" content=\"@VosgesInfo88\" \/>\n<meta name=\"twitter:label1\" content=\"\u00c9crit par\" \/>\n\t<meta name=\"twitter:data1\" content=\"la r\u00e9daction\" \/>\n\t<meta name=\"twitter:label2\" content=\"Dur\u00e9e de lecture estim\u00e9e\" \/>\n\t<meta name=\"twitter:data2\" content=\"1 minute\" \/>\n<script type=\"application\/ld+json\" class=\"yoast-schema-graph\">{\"@context\":\"https:\/\/schema.org\",\"@graph\":[{\"@type\":\"Article\",\"@id\":\"https:\/\/vosgesinfo.fr\/saintdieinfo\/2021\/03\/semaine-sainte-de-paroisse-de-saint-die\/#article\",\"isPartOf\":{\"@id\":\"https:\/\/vosgesinfo.fr\/saintdieinfo\/2021\/03\/semaine-sainte-de-paroisse-de-saint-die\/\"},\"author\":{\"name\":\"la r\u00e9daction\",\"@id\":\"https:\/\/vosgesinfo.fr\/saintdieinfo\/#\/schema\/person\/faee6704a21f3977511db84bd1cd450f\"},\"headline\":\"La Semaine Sainte de la Paroisse de Saint-Di\u00e9\",\"datePublished\":\"2021-03-30T12:00:46+00:00\",\"dateModified\":\"2021-03-30T12:00:46+00:00\",\"mainEntityOfPage\":{\"@id\":\"https:\/\/vosgesinfo.fr\/saintdieinfo\/2021\/03\/semaine-sainte-de-paroisse-de-saint-die\/\"},\"wordCount\":124,\"commentCount\":0,\"publisher\":{\"@id\":\"https:\/\/vosgesinfo.fr\/saintdieinfo\/#organization\"},\"image\":{\"@id\":\"https:\/\/vosgesinfo.fr\/saintdieinfo\/2021\/03\/semaine-sainte-de-paroisse-de-saint-die\/#primaryimage\"},\"thumbnailUrl\":\"https:\/\/vosgesinfo.fr\/app\/uploads\/sites\/4\/2024\/08\/202103visuel-reouverture-eglise-saint-martin.png\",\"keywords\":[\"P\u00e2ques\",\"Paroisse de Saint-Di\u00e9\",\"Semaine Sainte\"],\"articleSection\":[\"Saint-Di\u00e9-des-Vosges et son Agglom\u00e9ration\"],\"inLanguage\":\"fr-FR\",\"potentialAction\":[{\"@type\":\"CommentAction\",\"name\":\"Comment\",\"target\":[\"https:\/\/vosgesinfo.fr\/saintdieinfo\/2021\/03\/semaine-sainte-de-paroisse-de-saint-die\/#respond\"]}]},{\"@type\":\"WebPage\",\"@id\":\"https:\/\/vosgesinfo.fr\/saintdieinfo\/2021\/03\/semaine-sainte-de-paroisse-de-saint-die\/\",\"url\":\"https:\/\/vosgesinfo.fr\/saintdieinfo\/2021\/03\/semaine-sainte-de-paroisse-de-saint-die\/\",\"name\":\"La Semaine Sainte de la Paroisse de Saint-Di\u00e9 - Saint Die Info\",\"isPartOf\":{\"@id\":\"https:\/\/vosgesinfo.fr\/saintdieinfo\/#website\"},\"primaryImageOfPage\":{\"@id\":\"https:\/\/vosgesinfo.fr\/saintdieinfo\/2021\/03\/semaine-sainte-de-paroisse-de-saint-die\/#primaryimage\"},\"image\":{\"@id\":\"https:\/\/vosgesinfo.fr\/saintdieinfo\/2021\/03\/semaine-sainte-de-paroisse-de-saint-die\/#primaryimage\"},\"thumbnailUrl\":\"https:\/\/vosgesinfo.fr\/app\/uploads\/sites\/4\/2024\/08\/202103visuel-reouverture-eglise-saint-martin.png\",\"datePublished\":\"2021-03-30T12:00:46+00:00\",\"dateModified\":\"2021-03-30T12:00:46+00:00\",\"breadcrumb\":{\"@id\":\"https:\/\/vosgesinfo.fr\/saintdieinfo\/2021\/03\/semaine-sainte-de-paroisse-de-saint-die\/#breadcrumb\"},\"inLanguage\":\"fr-FR\",\"potentialAction\":[{\"@type\":\"ReadAction\",\"target\":[\"https:\/\/vosgesinfo.fr\/saintdieinfo\/2021\/03\/semaine-sainte-de-paroisse-de-saint-die\/\"]}]},{\"@type\":\"ImageObject\",\"inLanguage\":\"fr-FR\",\"@id\":\"https:\/\/vosgesinfo.fr\/saintdieinfo\/2021\/03\/semaine-sainte-de-paroisse-de-saint-die\/#primaryimage\",\"url\":\"https:\/\/vosgesinfo.fr\/app\/uploads\/sites\/4\/2024\/08\/202103visuel-reouverture-eglise-saint-martin.png\",\"contentUrl\":\"https:\/\/vosgesinfo.fr\/app\/uploads\/sites\/4\/2024\/08\/202103visuel-reouverture-eglise-saint-martin.png\",\"width\":800,\"height\":568},{\"@type\":\"BreadcrumbList\",\"@id\":\"https:\/\/vosgesinfo.fr\/saintdieinfo\/2021\/03\/semaine-sainte-de-paroisse-de-saint-die\/#breadcrumb\",\"itemListElement\":[{\"@type\":\"ListItem\",\"position\":1,\"name\":\"Home\",\"item\":\"https:\/\/vosgesinfo.fr\/saintdieinfo\/\"},{\"@type\":\"ListItem\",\"position\":2,\"name\":\"La Semaine Sainte de la Paroisse de Saint-Di\u00e9\"}]},{\"@type\":\"WebSite\",\"@id\":\"https:\/\/vosgesinfo.fr\/saintdieinfo\/#website\",\"url\":\"https:\/\/vosgesinfo.fr\/saintdieinfo\/\",\"name\":\"Saint Die Info\",\"description\":\"Toute l&#039;actualit\u00e9 de Saint-Di\u00e9-Des-Vosges\",\"publisher\":{\"@id\":\"https:\/\/vosgesinfo.fr\/saintdieinfo\/#organization\"},\"alternateName\":\"Toute l'actualit\u00e9 de Saint-Di\u00e9-Des-Vosges\",\"potentialAction\":[{\"@type\":\"SearchAction\",\"target\":{\"@type\":\"EntryPoint\",\"urlTemplate\":\"https:\/\/vosgesinfo.fr\/saintdieinfo\/?s={search_term_string}\"},\"query-input\":\"required name=search_term_string\"}],\"inLanguage\":\"fr-FR\"},{\"@type\":\"Organization\",\"@id\":\"https:\/\/vosgesinfo.fr\/saintdieinfo\/#organization\",\"name\":\"Saint Die Info\",\"url\":\"https:\/\/vosgesinfo.fr\/saintdieinfo\/\",\"logo\":{\"@type\":\"ImageObject\",\"inLanguage\":\"fr-FR\",\"@id\":\"https:\/\/vosgesinfo.fr\/saintdieinfo\/#\/schema\/logo\/image\/\",\"url\":\"https:\/\/vosgesinfo.fr\/app\/uploads\/sites\/4\/2024\/02\/logo-sdi.jpg\",\"contentUrl\":\"https:\/\/vosgesinfo.fr\/app\/uploads\/sites\/4\/2024\/02\/logo-sdi.jpg\",\"width\":600,\"height\":600,\"caption\":\"Saint Die Info\"},\"image\":{\"@id\":\"https:\/\/vosgesinfo.fr\/saintdieinfo\/#\/schema\/logo\/image\/\"},\"sameAs\":[\"https:\/\/www.facebook.com\/Saintdieinfofr\",\"https:\/\/x.com\/VosgesInfo88\",\"https:\/\/www.youtube.com\/@vosgesinfo\"]},{\"@type\":\"Person\",\"@id\":\"https:\/\/vosgesinfo.fr\/saintdieinfo\/#\/schema\/person\/faee6704a21f3977511db84bd1cd450f\",\"name\":\"la r\u00e9daction\",\"image\":{\"@type\":\"ImageObject\",\"inLanguage\":\"fr-FR\",\"@id\":\"https:\/\/vosgesinfo.fr\/saintdieinfo\/#\/schema\/person\/image\/\",\"url\":\"https:\/\/secure.gravatar.com\/avatar\/6673d8bc6a9c17fa9a453eaa3448de834fa308c2ec9635b7aa99441a7c8d2cf6?s=96&d=mm&r=g\",\"contentUrl\":\"https:\/\/secure.gravatar.com\/avatar\/6673d8bc6a9c17fa9a453eaa3448de834fa308c2ec9635b7aa99441a7c8d2cf6?s=96&d=mm&r=g\",\"caption\":\"la r\u00e9daction\"},\"url\":\"https:\/\/vosgesinfo.fr\/saintdieinfo\/author\/redac\/\"}]}<\/script>\n<!-- \/ Yoast SEO plugin. -->","yoast_head_json":{"title":"La Semaine Sainte de la Paroisse de Saint-Di\u00e9 - Saint Die Info","robots":{"index":"index","follow":"follow","max-snippet":"max-snippet:-1","max-image-preview":"max-image-preview:large","max-video-preview":"max-video-preview:-1"},"canonical":"https:\/\/vosgesinfo.fr\/saintdieinfo\/2021\/03\/semaine-sainte-de-paroisse-de-saint-die\/","twitter_card":"summary_large_image","twitter_title":"La Semaine Sainte de la Paroisse de Saint-Di\u00e9 - Saint Die Info","twitter_description":"Mardi 30 mars\u00a0: messe chrismale \u00e0 16h \u00e0 la Cath\u00e9drale. Mercredi 31 mars\u00a0: journ\u00e9e p\u00e9nitentielle \u00e0 la Cath\u00e9drale C\u00e9l\u00e9bration p\u00e9nitentielle [&hellip;]","twitter_image":"https:\/\/vosgesinfo.fr\/app\/uploads\/sites\/4\/2024\/08\/202103visuel-reouverture-eglise-saint-martin.png","twitter_creator":"@VosgesInfo88","twitter_site":"@VosgesInfo88","twitter_misc":{"\u00c9crit par":"la r\u00e9daction","Dur\u00e9e de lecture estim\u00e9e":"1 minute"},"schema":{"@context":"https:\/\/schema.org","@graph":[{"@type":"Article","@id":"https:\/\/vosgesinfo.fr\/saintdieinfo\/2021\/03\/semaine-sainte-de-paroisse-de-saint-die\/#article","isPartOf":{"@id":"https:\/\/vosgesinfo.fr\/saintdieinfo\/2021\/03\/semaine-sainte-de-paroisse-de-saint-die\/"},"author":{"name":"la r\u00e9daction","@id":"https:\/\/vosgesinfo.fr\/saintdieinfo\/#\/schema\/person\/faee6704a21f3977511db84bd1cd450f"},"headline":"La Semaine Sainte de la Paroisse de Saint-Di\u00e9","datePublished":"2021-03-30T12:00:46+00:00","dateModified":"2021-03-30T12:00:46+00:00","mainEntityOfPage":{"@id":"https:\/\/vosgesinfo.fr\/saintdieinfo\/2021\/03\/semaine-sainte-de-paroisse-de-saint-die\/"},"wordCount":124,"commentCount":0,"publisher":{"@id":"https:\/\/vosgesinfo.fr\/saintdieinfo\/#organization"},"image":{"@id":"https:\/\/vosgesinfo.fr\/saintdieinfo\/2021\/03\/semaine-sainte-de-paroisse-de-saint-die\/#primaryimage"},"thumbnailUrl":"https:\/\/vosgesinfo.fr\/app\/uploads\/sites\/4\/2024\/08\/202103visuel-reouverture-eglise-saint-martin.png","keywords":["P\u00e2ques","Paroisse de Saint-Di\u00e9","Semaine Sainte"],"articleSection":["Saint-Di\u00e9-des-Vosges et son Agglom\u00e9ration"],"inLanguage":"fr-FR","potentialAction":[{"@type":"CommentAction","name":"Comment","target":["https:\/\/vosgesinfo.fr\/saintdieinfo\/2021\/03\/semaine-sainte-de-paroisse-de-saint-die\/#respond"]}]},{"@type":"WebPage","@id":"https:\/\/vosgesinfo.fr\/saintdieinfo\/2021\/03\/semaine-sainte-de-paroisse-de-saint-die\/","url":"https:\/\/vosgesinfo.fr\/saintdieinfo\/2021\/03\/semaine-sainte-de-paroisse-de-saint-die\/","name":"La Semaine Sainte de la Paroisse de Saint-Di\u00e9 - Saint Die Info","isPartOf":{"@id":"https:\/\/vosgesinfo.fr\/saintdieinfo\/#website"},"primaryImageOfPage":{"@id":"https:\/\/vosgesinfo.fr\/saintdieinfo\/2021\/03\/semaine-sainte-de-paroisse-de-saint-die\/#primaryimage"},"image":{"@id":"https:\/\/vosgesinfo.fr\/saintdieinfo\/2021\/03\/semaine-sainte-de-paroisse-de-saint-die\/#primaryimage"},"thumbnailUrl":"https:\/\/vosgesinfo.fr\/app\/uploads\/sites\/4\/2024\/08\/202103visuel-reouverture-eglise-saint-martin.png","datePublished":"2021-03-30T12:00:46+00:00","dateModified":"2021-03-30T12:00:46+00:00","breadcrumb":{"@id":"https:\/\/vosgesinfo.fr\/saintdieinfo\/2021\/03\/semaine-sainte-de-paroisse-de-saint-die\/#breadcrumb"},"inLanguage":"fr-FR","potentialAction":[{"@type":"ReadAction","target":["https:\/\/vosgesinfo.fr\/saintdieinfo\/2021\/03\/semaine-sainte-de-paroisse-de-saint-die\/"]}]},{"@type":"ImageObject","inLanguage":"fr-FR","@id":"https:\/\/vosgesinfo.fr\/saintdieinfo\/2021\/03\/semaine-sainte-de-paroisse-de-saint-die\/#primaryimage","url":"https:\/\/vosgesinfo.fr\/app\/uploads\/sites\/4\/2024\/08\/202103visuel-reouverture-eglise-saint-martin.png","contentUrl":"https:\/\/vosgesinfo.fr\/app\/uploads\/sites\/4\/2024\/08\/202103visuel-reouverture-eglise-saint-martin.png","width":800,"height":568},{"@type":"BreadcrumbList","@id":"https:\/\/vosgesinfo.fr\/saintdieinfo\/2021\/03\/semaine-sainte-de-paroisse-de-saint-die\/#breadcrumb","itemListElement":[{"@type":"ListItem","position":1,"name":"Home","item":"https:\/\/vosgesinfo.fr\/saintdieinfo\/"},{"@type":"ListItem","position":2,"name":"La Semaine Sainte de la Paroisse de Saint-Di\u00e9"}]},{"@type":"WebSite","@id":"https:\/\/vosgesinfo.fr\/saintdieinfo\/#website","url":"https:\/\/vosgesinfo.fr\/saintdieinfo\/","name":"Saint Die Info","description":"Toute l&#039;actualit\u00e9 de Saint-Di\u00e9-Des-Vosges","publisher":{"@id":"https:\/\/vosgesinfo.fr\/saintdieinfo\/#organization"},"alternateName":"Toute l'actualit\u00e9 de Saint-Di\u00e9-Des-Vosges","potentialAction":[{"@type":"SearchAction","target":{"@type":"EntryPoint","urlTemplate":"https:\/\/vosgesinfo.fr\/saintdieinfo\/?s={search_term_string}"},"query-input":"required name=search_term_string"}],"inLanguage":"fr-FR"},{"@type":"Organization","@id":"https:\/\/vosgesinfo.fr\/saintdieinfo\/#organization","name":"Saint Die Info","url":"https:\/\/vosgesinfo.fr\/saintdieinfo\/","logo":{"@type":"ImageObject","inLanguage":"fr-FR","@id":"https:\/\/vosgesinfo.fr\/saintdieinfo\/#\/schema\/logo\/image\/","url":"https:\/\/vosgesinfo.fr\/app\/uploads\/sites\/4\/2024\/02\/logo-sdi.jpg","contentUrl":"https:\/\/vosgesinfo.fr\/app\/uploads\/sites\/4\/2024\/02\/logo-sdi.jpg","width":600,"height":600,"caption":"Saint Die Info"},"image":{"@id":"https:\/\/vosgesinfo.fr\/saintdieinfo\/#\/schema\/logo\/image\/"},"sameAs":["https:\/\/www.facebook.com\/Saintdieinfofr","https:\/\/x.com\/VosgesInfo88","https:\/\/www.youtube.com\/@vosgesinfo"]},{"@type":"Person","@id":"https:\/\/vosgesinfo.fr\/saintdieinfo\/#\/schema\/person\/faee6704a21f3977511db84bd1cd450f","name":"la r\u00e9daction","image":{"@type":"ImageObject","inLanguage":"fr-FR","@id":"https:\/\/vosgesinfo.fr\/saintdieinfo\/#\/schema\/person\/image\/","url":"https:\/\/secure.gravatar.com\/avatar\/6673d8bc6a9c17fa9a453eaa3448de834fa308c2ec9635b7aa99441a7c8d2cf6?s=96&d=mm&r=g","contentUrl":"https:\/\/secure.gravatar.com\/avatar\/6673d8bc6a9c17fa9a453eaa3448de834fa308c2ec9635b7aa99441a7c8d2cf6?s=96&d=mm&r=g","caption":"la r\u00e9daction"},"url":"https:\/\/vosgesinfo.fr\/saintdieinfo\/author\/redac\/"}]}},"_links":{"self":[{"href":"https:\/\/vosgesinfo.fr\/saintdieinfo\/wp-json\/wp\/v2\/posts\/40010","targetHints":{"allow":["GET"]}}],"collection":[{"href":"https:\/\/vosgesinfo.fr\/saintdieinfo\/wp-json\/wp\/v2\/posts"}],"about":[{"href":"https:\/\/vosgesinfo.fr\/saintdieinfo\/wp-json\/wp\/v2\/types\/post"}],"author":[{"embeddable":true,"href":"https:\/\/vosgesinfo.fr\/saintdieinfo\/wp-json\/wp\/v2\/users\/44"}],"replies":[{"embeddable":true,"href":"https:\/\/vosgesinfo.fr\/saintdieinfo\/wp-json\/wp\/v2\/comments?post=40010"}],"version-history":[{"count":0,"href":"https:\/\/vosgesinfo.fr\/saintdieinfo\/wp-json\/wp\/v2\/posts\/40010\/revisions"}],"wp:featuredmedia":[{"embeddable":true,"href":"https:\/\/vosgesinfo.fr\/saintdieinfo\/wp-json\/wp\/v2\/media\/40011"}],"wp:attachment":[{"href":"https:\/\/vosgesinfo.fr\/saintdieinfo\/wp-json\/wp\/v2\/media?parent=40010"}],"wp:term":[{"taxonomy":"category","embeddable":true,"href":"https:\/\/vosgesinfo.fr\/saintdieinfo\/wp-json\/wp\/v2\/categories?post=40010"},{"taxonomy":"post_tag","embeddable":true,"href":"https:\/\/vosgesinfo.fr\/saintdieinfo\/wp-json\/wp\/v2\/tags?post=40010"}],"curies":[{"name":"wp","href":"https:\/\/api.w.org\/{rel}","templated":true}]}}