{"id":40053,"date":"2021-04-06T09:10:34","date_gmt":"2021-04-06T07:10:34","guid":{"rendered":"https:\/\/vosgesinfo.fr\/saintdieinfo\/2021\/04\/residents-charmes-ont-fete-paques\/"},"modified":"2021-04-06T09:10:34","modified_gmt":"2021-04-06T07:10:34","slug":"residents-charmes-ont-fete-paques","status":"publish","type":"post","link":"https:\/\/vosgesinfo.fr\/saintdieinfo\/2021\/04\/residents-charmes-ont-fete-paques\/","title":{"rendered":"Les r\u00e9sidents des Charmes ont f\u00eat\u00e9 P\u00e2ques"},"content":{"rendered":"<div class=\"gmail_default\">\n<div id=\"attachment_167244\" style=\"width: 810px\" class=\"wp-caption aligncenter\"><a href=\"\/2021\/04\/P\u00e2ques_Les_Charmes-1.jpg\" target=\"_blank\" rel=\"noopener\"><img decoding=\"async\" aria-describedby=\"caption-attachment-167244\" class=\"wp-image-167244 size-full\" src=\"\/2021\/04\/P\u00e2ques_Les_Charmes-1.jpg\" alt=\"P\u00e2ques_Les_Charmes (1)\" width=\"800\" height=\"534\" \/><\/a><p id=\"caption-attachment-167244\" class=\"wp-caption-text\">(Photographies Marc Fourniquet)<\/p><\/div>\n<\/div>\n<h2 class=\"gmail_default\"><span style=\"font-size: 14pt;\"><strong>Les r\u00e9sidents de l&rsquo;EHPAD Les Charmes g\u00e2t\u00e9s\u00a0pour les festivit\u00e9s de P\u00e2ques. Ce fut le cas ce vendredi \u00e0 l&rsquo;Ehpad les Charmes, avec un go\u00fbter organis\u00e9 et offert par l&rsquo;\u00e9tablissement et le CCAS, en pr\u00e9sence de Marie-Claude Ancel, conseill\u00e8re municipale. Au menu brioche et \u0153ufs de P\u00e2ques en chocolat dans la joie et la bonne humeur.<\/strong> <\/span><\/h2>\n<p><!--more--><\/p>\n<div class=\"gmail_default\">Puis en ce dimanche Pascal, sur le coup de 11h30, Sylvie Ferry, responsable locale de la section VMEH de Saint-Di\u00e9-des-Vosges, accompagn\u00e9s de l&rsquo;\u00e9quipe de b\u00e9n\u00e9voles de la r\u00e9sidence des Charmes, ont remis des jeux, \u00e0 l&rsquo;occasion de P\u00e2ques, pour les r\u00e9sidents des services PASA (P\u00f4le de Soins Adapt\u00e9s) UVP (Unit\u00e9 de Vie Prot\u00e9g\u00e9e) et de l&rsquo;H\u00e9bergement de l&rsquo;\u00e9tablissement, en pr\u00e9sence de Bruno Toussaint premier adjoint au Maire et de Marie Claude\u00a0Ancel.<\/div>\n<div class=\"gmail_default\"><\/div>\n<div class=\"gmail_default\">Sur chaque table, une bo\u00eete confectionn\u00e9e par les r\u00e9sidents et les b\u00e9n\u00e9voles VMEH remplies de chocolats offerts par l&rsquo;\u00e9tablissement et le CCAS. Bruno Toussaint a remerci\u00e9 les b\u00e9n\u00e9voles VMEH pour leur implication en intervenant trois fois par semaine au sein de l&rsquo;EHPAD et le personnel toujours d\u00e9vou\u00e9 \u00e0 leur mission. Sylvie Ferry remercie la municipalit\u00e9. Un week end Pascal riche en \u00e9motions et en cadeaux qui r\u00e9conforte le moral des r\u00e9sidents en ces temps de restrictions sanitaires.<\/div>\n<div class=\"gmail_default\"><\/div>\n<div class=\"gmail_default\">\n\n<\/div>\n","protected":false},"excerpt":{"rendered":"<p>Les r\u00e9sidents de l&rsquo;EHPAD Les Charmes g\u00e2t\u00e9s\u00a0pour les festivit\u00e9s de P\u00e2ques. Ce fut le cas ce vendredi \u00e0 l&rsquo;Ehpad les [&hellip;]<\/p>\n","protected":false},"author":44,"featured_media":40054,"comment_status":"open","ping_status":"open","sticky":false,"template":"","format":"standard","meta":{"footnotes":""},"categories":[460,2915,29,17],"tags":[3342,3804,8035],"class_list":["post-40053","post","type-post","status-publish","format-standard","has-post-thumbnail","hentry","category-a-la-une","category-saint-die-son-canton","category-solidarite","category-vie-associative","tag-ccas-de-saint-die-des-vosges","tag-ehpad-les-charmes","tag-section-de-saint-die-des-vosges-des-vmeh"],"acf":[],"yoast_head":"<!-- This site is optimized with the Yoast SEO plugin v22.5 - https:\/\/yoast.com\/wordpress\/plugins\/seo\/ -->\n<title>Les r\u00e9sidents des Charmes ont f\u00eat\u00e9 P\u00e2ques - Saint Die Info<\/title>\n<meta name=\"robots\" content=\"index, follow, max-snippet:-1, max-image-preview:large, max-video-preview:-1\" \/>\n<link rel=\"canonical\" href=\"https:\/\/vosgesinfo.fr\/saintdieinfo\/2021\/04\/residents-charmes-ont-fete-paques\/\" \/>\n<meta name=\"twitter:card\" content=\"summary_large_image\" \/>\n<meta name=\"twitter:title\" content=\"Les r\u00e9sidents des Charmes ont f\u00eat\u00e9 P\u00e2ques - Saint Die Info\" \/>\n<meta name=\"twitter:description\" content=\"Les r\u00e9sidents de l&rsquo;EHPAD Les Charmes g\u00e2t\u00e9s\u00a0pour les festivit\u00e9s de P\u00e2ques. Ce fut le cas ce vendredi \u00e0 l&rsquo;Ehpad les [&hellip;]\" \/>\n<meta name=\"twitter:image\" content=\"https:\/\/vosgesinfo.fr\/app\/uploads\/sites\/4\/2024\/08\/202104paques-les-charmes-1.jpg\" \/>\n<meta name=\"twitter:creator\" content=\"@VosgesInfo88\" \/>\n<meta name=\"twitter:site\" content=\"@VosgesInfo88\" \/>\n<meta name=\"twitter:label1\" content=\"\u00c9crit par\" \/>\n\t<meta name=\"twitter:data1\" content=\"la r\u00e9daction\" \/>\n\t<meta name=\"twitter:label2\" content=\"Dur\u00e9e de lecture estim\u00e9e\" \/>\n\t<meta name=\"twitter:data2\" content=\"1 minute\" \/>\n<script type=\"application\/ld+json\" class=\"yoast-schema-graph\">{\"@context\":\"https:\/\/schema.org\",\"@graph\":[{\"@type\":\"Article\",\"@id\":\"https:\/\/vosgesinfo.fr\/saintdieinfo\/2021\/04\/residents-charmes-ont-fete-paques\/#article\",\"isPartOf\":{\"@id\":\"https:\/\/vosgesinfo.fr\/saintdieinfo\/2021\/04\/residents-charmes-ont-fete-paques\/\"},\"author\":{\"name\":\"la r\u00e9daction\",\"@id\":\"https:\/\/vosgesinfo.fr\/saintdieinfo\/#\/schema\/person\/faee6704a21f3977511db84bd1cd450f\"},\"headline\":\"Les r\u00e9sidents des Charmes ont f\u00eat\u00e9 P\u00e2ques\",\"datePublished\":\"2021-04-06T07:10:34+00:00\",\"dateModified\":\"2021-04-06T07:10:34+00:00\",\"mainEntityOfPage\":{\"@id\":\"https:\/\/vosgesinfo.fr\/saintdieinfo\/2021\/04\/residents-charmes-ont-fete-paques\/\"},\"wordCount\":269,\"commentCount\":0,\"publisher\":{\"@id\":\"https:\/\/vosgesinfo.fr\/saintdieinfo\/#organization\"},\"image\":{\"@id\":\"https:\/\/vosgesinfo.fr\/saintdieinfo\/2021\/04\/residents-charmes-ont-fete-paques\/#primaryimage\"},\"thumbnailUrl\":\"https:\/\/vosgesinfo.fr\/app\/uploads\/sites\/4\/2024\/08\/202104paques-les-charmes-1.jpg\",\"keywords\":[\"CCAS de Saint-Di\u00e9-des-Vosges\",\"EHPAD Les Charmes\",\"Section de Saint-Di\u00e9-des-Vosges des VMEH\"],\"articleSection\":[\"A la Une\",\"Saint-Di\u00e9-des-Vosges et son Agglom\u00e9ration\",\"Solidarit\u00e9\",\"Vie Associative\"],\"inLanguage\":\"fr-FR\",\"potentialAction\":[{\"@type\":\"CommentAction\",\"name\":\"Comment\",\"target\":[\"https:\/\/vosgesinfo.fr\/saintdieinfo\/2021\/04\/residents-charmes-ont-fete-paques\/#respond\"]}]},{\"@type\":\"WebPage\",\"@id\":\"https:\/\/vosgesinfo.fr\/saintdieinfo\/2021\/04\/residents-charmes-ont-fete-paques\/\",\"url\":\"https:\/\/vosgesinfo.fr\/saintdieinfo\/2021\/04\/residents-charmes-ont-fete-paques\/\",\"name\":\"Les r\u00e9sidents des Charmes ont f\u00eat\u00e9 P\u00e2ques - Saint Die Info\",\"isPartOf\":{\"@id\":\"https:\/\/vosgesinfo.fr\/saintdieinfo\/#website\"},\"primaryImageOfPage\":{\"@id\":\"https:\/\/vosgesinfo.fr\/saintdieinfo\/2021\/04\/residents-charmes-ont-fete-paques\/#primaryimage\"},\"image\":{\"@id\":\"https:\/\/vosgesinfo.fr\/saintdieinfo\/2021\/04\/residents-charmes-ont-fete-paques\/#primaryimage\"},\"thumbnailUrl\":\"https:\/\/vosgesinfo.fr\/app\/uploads\/sites\/4\/2024\/08\/202104paques-les-charmes-1.jpg\",\"datePublished\":\"2021-04-06T07:10:34+00:00\",\"dateModified\":\"2021-04-06T07:10:34+00:00\",\"breadcrumb\":{\"@id\":\"https:\/\/vosgesinfo.fr\/saintdieinfo\/2021\/04\/residents-charmes-ont-fete-paques\/#breadcrumb\"},\"inLanguage\":\"fr-FR\",\"potentialAction\":[{\"@type\":\"ReadAction\",\"target\":[\"https:\/\/vosgesinfo.fr\/saintdieinfo\/2021\/04\/residents-charmes-ont-fete-paques\/\"]}]},{\"@type\":\"ImageObject\",\"inLanguage\":\"fr-FR\",\"@id\":\"https:\/\/vosgesinfo.fr\/saintdieinfo\/2021\/04\/residents-charmes-ont-fete-paques\/#primaryimage\",\"url\":\"https:\/\/vosgesinfo.fr\/app\/uploads\/sites\/4\/2024\/08\/202104paques-les-charmes-1.jpg\",\"contentUrl\":\"https:\/\/vosgesinfo.fr\/app\/uploads\/sites\/4\/2024\/08\/202104paques-les-charmes-1.jpg\",\"width\":800,\"height\":534},{\"@type\":\"BreadcrumbList\",\"@id\":\"https:\/\/vosgesinfo.fr\/saintdieinfo\/2021\/04\/residents-charmes-ont-fete-paques\/#breadcrumb\",\"itemListElement\":[{\"@type\":\"ListItem\",\"position\":1,\"name\":\"Home\",\"item\":\"https:\/\/vosgesinfo.fr\/saintdieinfo\/\"},{\"@type\":\"ListItem\",\"position\":2,\"name\":\"Les r\u00e9sidents des Charmes ont f\u00eat\u00e9 P\u00e2ques\"}]},{\"@type\":\"WebSite\",\"@id\":\"https:\/\/vosgesinfo.fr\/saintdieinfo\/#website\",\"url\":\"https:\/\/vosgesinfo.fr\/saintdieinfo\/\",\"name\":\"Saint Die Info\",\"description\":\"Toute l&#039;actualit\u00e9 de Saint-Di\u00e9-Des-Vosges\",\"publisher\":{\"@id\":\"https:\/\/vosgesinfo.fr\/saintdieinfo\/#organization\"},\"alternateName\":\"Toute l'actualit\u00e9 de Saint-Di\u00e9-Des-Vosges\",\"potentialAction\":[{\"@type\":\"SearchAction\",\"target\":{\"@type\":\"EntryPoint\",\"urlTemplate\":\"https:\/\/vosgesinfo.fr\/saintdieinfo\/?s={search_term_string}\"},\"query-input\":\"required name=search_term_string\"}],\"inLanguage\":\"fr-FR\"},{\"@type\":\"Organization\",\"@id\":\"https:\/\/vosgesinfo.fr\/saintdieinfo\/#organization\",\"name\":\"Saint Die Info\",\"url\":\"https:\/\/vosgesinfo.fr\/saintdieinfo\/\",\"logo\":{\"@type\":\"ImageObject\",\"inLanguage\":\"fr-FR\",\"@id\":\"https:\/\/vosgesinfo.fr\/saintdieinfo\/#\/schema\/logo\/image\/\",\"url\":\"https:\/\/vosgesinfo.fr\/app\/uploads\/sites\/4\/2024\/02\/logo-sdi.jpg\",\"contentUrl\":\"https:\/\/vosgesinfo.fr\/app\/uploads\/sites\/4\/2024\/02\/logo-sdi.jpg\",\"width\":600,\"height\":600,\"caption\":\"Saint Die Info\"},\"image\":{\"@id\":\"https:\/\/vosgesinfo.fr\/saintdieinfo\/#\/schema\/logo\/image\/\"},\"sameAs\":[\"https:\/\/www.facebook.com\/Saintdieinfofr\",\"https:\/\/x.com\/VosgesInfo88\",\"https:\/\/www.youtube.com\/@vosgesinfo\"]},{\"@type\":\"Person\",\"@id\":\"https:\/\/vosgesinfo.fr\/saintdieinfo\/#\/schema\/person\/faee6704a21f3977511db84bd1cd450f\",\"name\":\"la r\u00e9daction\",\"image\":{\"@type\":\"ImageObject\",\"inLanguage\":\"fr-FR\",\"@id\":\"https:\/\/vosgesinfo.fr\/saintdieinfo\/#\/schema\/person\/image\/\",\"url\":\"https:\/\/secure.gravatar.com\/avatar\/6673d8bc6a9c17fa9a453eaa3448de834fa308c2ec9635b7aa99441a7c8d2cf6?s=96&d=mm&r=g\",\"contentUrl\":\"https:\/\/secure.gravatar.com\/avatar\/6673d8bc6a9c17fa9a453eaa3448de834fa308c2ec9635b7aa99441a7c8d2cf6?s=96&d=mm&r=g\",\"caption\":\"la r\u00e9daction\"},\"url\":\"https:\/\/vosgesinfo.fr\/saintdieinfo\/author\/redac\/\"}]}<\/script>\n<!-- \/ Yoast SEO plugin. -->","yoast_head_json":{"title":"Les r\u00e9sidents des Charmes ont f\u00eat\u00e9 P\u00e2ques - Saint Die Info","robots":{"index":"index","follow":"follow","max-snippet":"max-snippet:-1","max-image-preview":"max-image-preview:large","max-video-preview":"max-video-preview:-1"},"canonical":"https:\/\/vosgesinfo.fr\/saintdieinfo\/2021\/04\/residents-charmes-ont-fete-paques\/","twitter_card":"summary_large_image","twitter_title":"Les r\u00e9sidents des Charmes ont f\u00eat\u00e9 P\u00e2ques - Saint Die Info","twitter_description":"Les r\u00e9sidents de l&rsquo;EHPAD Les Charmes g\u00e2t\u00e9s\u00a0pour les festivit\u00e9s de P\u00e2ques. Ce fut le cas ce vendredi \u00e0 l&rsquo;Ehpad les [&hellip;]","twitter_image":"https:\/\/vosgesinfo.fr\/app\/uploads\/sites\/4\/2024\/08\/202104paques-les-charmes-1.jpg","twitter_creator":"@VosgesInfo88","twitter_site":"@VosgesInfo88","twitter_misc":{"\u00c9crit par":"la r\u00e9daction","Dur\u00e9e de lecture estim\u00e9e":"1 minute"},"schema":{"@context":"https:\/\/schema.org","@graph":[{"@type":"Article","@id":"https:\/\/vosgesinfo.fr\/saintdieinfo\/2021\/04\/residents-charmes-ont-fete-paques\/#article","isPartOf":{"@id":"https:\/\/vosgesinfo.fr\/saintdieinfo\/2021\/04\/residents-charmes-ont-fete-paques\/"},"author":{"name":"la r\u00e9daction","@id":"https:\/\/vosgesinfo.fr\/saintdieinfo\/#\/schema\/person\/faee6704a21f3977511db84bd1cd450f"},"headline":"Les r\u00e9sidents des Charmes ont f\u00eat\u00e9 P\u00e2ques","datePublished":"2021-04-06T07:10:34+00:00","dateModified":"2021-04-06T07:10:34+00:00","mainEntityOfPage":{"@id":"https:\/\/vosgesinfo.fr\/saintdieinfo\/2021\/04\/residents-charmes-ont-fete-paques\/"},"wordCount":269,"commentCount":0,"publisher":{"@id":"https:\/\/vosgesinfo.fr\/saintdieinfo\/#organization"},"image":{"@id":"https:\/\/vosgesinfo.fr\/saintdieinfo\/2021\/04\/residents-charmes-ont-fete-paques\/#primaryimage"},"thumbnailUrl":"https:\/\/vosgesinfo.fr\/app\/uploads\/sites\/4\/2024\/08\/202104paques-les-charmes-1.jpg","keywords":["CCAS de Saint-Di\u00e9-des-Vosges","EHPAD Les Charmes","Section de Saint-Di\u00e9-des-Vosges des VMEH"],"articleSection":["A la Une","Saint-Di\u00e9-des-Vosges et son Agglom\u00e9ration","Solidarit\u00e9","Vie Associative"],"inLanguage":"fr-FR","potentialAction":[{"@type":"CommentAction","name":"Comment","target":["https:\/\/vosgesinfo.fr\/saintdieinfo\/2021\/04\/residents-charmes-ont-fete-paques\/#respond"]}]},{"@type":"WebPage","@id":"https:\/\/vosgesinfo.fr\/saintdieinfo\/2021\/04\/residents-charmes-ont-fete-paques\/","url":"https:\/\/vosgesinfo.fr\/saintdieinfo\/2021\/04\/residents-charmes-ont-fete-paques\/","name":"Les r\u00e9sidents des Charmes ont f\u00eat\u00e9 P\u00e2ques - Saint Die Info","isPartOf":{"@id":"https:\/\/vosgesinfo.fr\/saintdieinfo\/#website"},"primaryImageOfPage":{"@id":"https:\/\/vosgesinfo.fr\/saintdieinfo\/2021\/04\/residents-charmes-ont-fete-paques\/#primaryimage"},"image":{"@id":"https:\/\/vosgesinfo.fr\/saintdieinfo\/2021\/04\/residents-charmes-ont-fete-paques\/#primaryimage"},"thumbnailUrl":"https:\/\/vosgesinfo.fr\/app\/uploads\/sites\/4\/2024\/08\/202104paques-les-charmes-1.jpg","datePublished":"2021-04-06T07:10:34+00:00","dateModified":"2021-04-06T07:10:34+00:00","breadcrumb":{"@id":"https:\/\/vosgesinfo.fr\/saintdieinfo\/2021\/04\/residents-charmes-ont-fete-paques\/#breadcrumb"},"inLanguage":"fr-FR","potentialAction":[{"@type":"ReadAction","target":["https:\/\/vosgesinfo.fr\/saintdieinfo\/2021\/04\/residents-charmes-ont-fete-paques\/"]}]},{"@type":"ImageObject","inLanguage":"fr-FR","@id":"https:\/\/vosgesinfo.fr\/saintdieinfo\/2021\/04\/residents-charmes-ont-fete-paques\/#primaryimage","url":"https:\/\/vosgesinfo.fr\/app\/uploads\/sites\/4\/2024\/08\/202104paques-les-charmes-1.jpg","contentUrl":"https:\/\/vosgesinfo.fr\/app\/uploads\/sites\/4\/2024\/08\/202104paques-les-charmes-1.jpg","width":800,"height":534},{"@type":"BreadcrumbList","@id":"https:\/\/vosgesinfo.fr\/saintdieinfo\/2021\/04\/residents-charmes-ont-fete-paques\/#breadcrumb","itemListElement":[{"@type":"ListItem","position":1,"name":"Home","item":"https:\/\/vosgesinfo.fr\/saintdieinfo\/"},{"@type":"ListItem","position":2,"name":"Les r\u00e9sidents des Charmes ont f\u00eat\u00e9 P\u00e2ques"}]},{"@type":"WebSite","@id":"https:\/\/vosgesinfo.fr\/saintdieinfo\/#website","url":"https:\/\/vosgesinfo.fr\/saintdieinfo\/","name":"Saint Die Info","description":"Toute l&#039;actualit\u00e9 de Saint-Di\u00e9-Des-Vosges","publisher":{"@id":"https:\/\/vosgesinfo.fr\/saintdieinfo\/#organization"},"alternateName":"Toute l'actualit\u00e9 de Saint-Di\u00e9-Des-Vosges","potentialAction":[{"@type":"SearchAction","target":{"@type":"EntryPoint","urlTemplate":"https:\/\/vosgesinfo.fr\/saintdieinfo\/?s={search_term_string}"},"query-input":"required name=search_term_string"}],"inLanguage":"fr-FR"},{"@type":"Organization","@id":"https:\/\/vosgesinfo.fr\/saintdieinfo\/#organization","name":"Saint Die Info","url":"https:\/\/vosgesinfo.fr\/saintdieinfo\/","logo":{"@type":"ImageObject","inLanguage":"fr-FR","@id":"https:\/\/vosgesinfo.fr\/saintdieinfo\/#\/schema\/logo\/image\/","url":"https:\/\/vosgesinfo.fr\/app\/uploads\/sites\/4\/2024\/02\/logo-sdi.jpg","contentUrl":"https:\/\/vosgesinfo.fr\/app\/uploads\/sites\/4\/2024\/02\/logo-sdi.jpg","width":600,"height":600,"caption":"Saint Die Info"},"image":{"@id":"https:\/\/vosgesinfo.fr\/saintdieinfo\/#\/schema\/logo\/image\/"},"sameAs":["https:\/\/www.facebook.com\/Saintdieinfofr","https:\/\/x.com\/VosgesInfo88","https:\/\/www.youtube.com\/@vosgesinfo"]},{"@type":"Person","@id":"https:\/\/vosgesinfo.fr\/saintdieinfo\/#\/schema\/person\/faee6704a21f3977511db84bd1cd450f","name":"la r\u00e9daction","image":{"@type":"ImageObject","inLanguage":"fr-FR","@id":"https:\/\/vosgesinfo.fr\/saintdieinfo\/#\/schema\/person\/image\/","url":"https:\/\/secure.gravatar.com\/avatar\/6673d8bc6a9c17fa9a453eaa3448de834fa308c2ec9635b7aa99441a7c8d2cf6?s=96&d=mm&r=g","contentUrl":"https:\/\/secure.gravatar.com\/avatar\/6673d8bc6a9c17fa9a453eaa3448de834fa308c2ec9635b7aa99441a7c8d2cf6?s=96&d=mm&r=g","caption":"la r\u00e9daction"},"url":"https:\/\/vosgesinfo.fr\/saintdieinfo\/author\/redac\/"}]}},"_links":{"self":[{"href":"https:\/\/vosgesinfo.fr\/saintdieinfo\/wp-json\/wp\/v2\/posts\/40053","targetHints":{"allow":["GET"]}}],"collection":[{"href":"https:\/\/vosgesinfo.fr\/saintdieinfo\/wp-json\/wp\/v2\/posts"}],"about":[{"href":"https:\/\/vosgesinfo.fr\/saintdieinfo\/wp-json\/wp\/v2\/types\/post"}],"author":[{"embeddable":true,"href":"https:\/\/vosgesinfo.fr\/saintdieinfo\/wp-json\/wp\/v2\/users\/44"}],"replies":[{"embeddable":true,"href":"https:\/\/vosgesinfo.fr\/saintdieinfo\/wp-json\/wp\/v2\/comments?post=40053"}],"version-history":[{"count":0,"href":"https:\/\/vosgesinfo.fr\/saintdieinfo\/wp-json\/wp\/v2\/posts\/40053\/revisions"}],"wp:featuredmedia":[{"embeddable":true,"href":"https:\/\/vosgesinfo.fr\/saintdieinfo\/wp-json\/wp\/v2\/media\/40054"}],"wp:attachment":[{"href":"https:\/\/vosgesinfo.fr\/saintdieinfo\/wp-json\/wp\/v2\/media?parent=40053"}],"wp:term":[{"taxonomy":"category","embeddable":true,"href":"https:\/\/vosgesinfo.fr\/saintdieinfo\/wp-json\/wp\/v2\/categories?post=40053"},{"taxonomy":"post_tag","embeddable":true,"href":"https:\/\/vosgesinfo.fr\/saintdieinfo\/wp-json\/wp\/v2\/tags?post=40053"}],"curies":[{"name":"wp","href":"https:\/\/api.w.org\/{rel}","templated":true}]}}