{"id":40059,"date":"2021-04-06T10:36:04","date_gmt":"2021-04-06T08:36:04","guid":{"rendered":"https:\/\/vosgesinfo.fr\/saintdieinfo\/2021\/04\/mission-locale-de-saint-die-vosges-reste-ouverte\/"},"modified":"2021-04-06T10:36:04","modified_gmt":"2021-04-06T08:36:04","slug":"mission-locale-de-saint-die-vosges-reste-ouverte","status":"publish","type":"post","link":"https:\/\/vosgesinfo.fr\/saintdieinfo\/2021\/04\/mission-locale-de-saint-die-vosges-reste-ouverte\/","title":{"rendered":"La Mission Locale de Saint-Di\u00e9-des-Vosges reste ouverte"},"content":{"rendered":"<h2><span style=\"font-size: 14pt;\"><strong>\u00ab <em>L\u2019accompagnement des demandeurs d\u2019emploi et des jeunes est plus que jamais essentiel en cette p\u00e9riode de crise. Il faut qu\u2019ils puissent continuer \u00e0 se former ou \u00e0 chercher un emploi. Pour cela, l\u2019ensemble des acteurs du service public de l\u2019emploi et de la formation restent pleinement mobilis\u00e9s. <\/em>\u00bb d\u00e9clare \u00c9lisabeth Borne, ministre du Travail, de l\u2019Emploi et de l\u2019Insertion. \u00a0<\/strong><\/span><\/h2>\n<p><!--more--><\/p>\n<p>Tout comme pour le second confinement, la Mission locale reste ouverte et re\u00e7ois les jeunes dans le respect du protocole sanitaire. Alors si vous avez entre 16 et 25 ans ou que vous connaissez un jeune dans cette tranche d\u2019\u00e2ge qui n\u2019est plus scolaris\u00e9, pas de question \u00e0 se poser, appelez la Mission Locale de Saint-Di\u00e9-des-Vosges.<\/p>\n<h3><span style=\"font-size: 14pt;\"><strong>La Mission Locale, un espace de solutions pour la jeunesse locale<\/strong><\/span><\/h3>\n<p>De Raon l\u2019Etape \u00e0 G\u00e9rardmer et de Saint-Michel-sur-Meurthe \u00e0 Provench\u00e8res-et-Colroy, en passant par Saint-Di\u00e9-des-Vosges et G\u00e9rardmer,<br \/>\nla Mission Locale c\u2019est <strong>11 lieux d\u2019accueil<\/strong> au service des <strong>jeunes 16-25 ans<\/strong>, hors parcours scolaire.<br \/>\nUne \u00e9quipe pr\u00eate \u00e0 trouver des solutions dans les domaines suivants\u00a0: <a href=\"https:\/\/mlsaintdie.fr\/planete-jeunes\/acces-a-lemploi\/\" target=\"_blank\" data-saferedirecturl=\"https:\/\/www.google.com\/url?q=https:\/\/mlsaintdie.fr\/planete-jeunes\/acces-a-lemploi\/&amp;source=gmail&amp;ust=1617791172586000&amp;usg=AFQjCNH13QE8WU-QBAGwn8tOlRIA4q9H3A\" rel=\"noopener\">emploi, formation, mobilit\u00e9, logement, sant\u00e9<\/a>, <a href=\"https:\/\/mlsaintdie.fr\/planete-jeunes\/acces-aux-loisirs-et-citoyennete\/\" target=\"_blank\" rel=\"noopener\">citoyennet\u00e9 <\/a>\u2026<br \/>\n<strong>Coup de pouce g\u00e9n\u00e9ral, pensez Mission Locale\u00a0!<\/strong><\/p>\n<p>du Lundi au Vendredi<\/p>\n<p>de 09h \u00e0 12h et de 14h \u00e0 17h<\/p>\n<p><a href=\"mailto:contact@mlsaintdie.fr\" target=\"_blank\" rel=\"noopener\">contact@mlsaintdie.fr<\/a><\/p>\n<p><strong>T\u00e9l. : 03 29 51 65 55<\/strong><\/p>\n","protected":false},"excerpt":{"rendered":"<p>\u00ab L\u2019accompagnement des demandeurs d\u2019emploi et des jeunes est plus que jamais essentiel en cette p\u00e9riode de crise. Il faut [&hellip;]<\/p>\n","protected":false},"author":44,"featured_media":40060,"comment_status":"open","ping_status":"open","sticky":false,"template":"","format":"standard","meta":{"footnotes":""},"categories":[460,6,2915],"tags":[2845,8036],"class_list":["post-40059","post","type-post","status-publish","format-standard","has-post-thumbnail","hentry","category-a-la-une","category-education","category-saint-die-son-canton","tag-mission-locale","tag-mission-locale-du-bassin-de-saint-die-des-vosges"],"acf":[],"yoast_head":"<!-- This site is optimized with the Yoast SEO plugin v22.5 - https:\/\/yoast.com\/wordpress\/plugins\/seo\/ -->\n<title>La Mission Locale de Saint-Di\u00e9-des-Vosges reste ouverte - Saint Die Info<\/title>\n<meta name=\"robots\" content=\"index, follow, max-snippet:-1, max-image-preview:large, max-video-preview:-1\" \/>\n<link rel=\"canonical\" href=\"https:\/\/vosgesinfo.fr\/saintdieinfo\/2021\/04\/mission-locale-de-saint-die-vosges-reste-ouverte\/\" \/>\n<meta name=\"twitter:card\" content=\"summary_large_image\" \/>\n<meta name=\"twitter:title\" content=\"La Mission Locale de Saint-Di\u00e9-des-Vosges reste ouverte - Saint Die Info\" \/>\n<meta name=\"twitter:description\" content=\"\u00ab L\u2019accompagnement des demandeurs d\u2019emploi et des jeunes est plus que jamais essentiel en cette p\u00e9riode de crise. Il faut [&hellip;]\" \/>\n<meta name=\"twitter:image\" content=\"https:\/\/vosgesinfo.fr\/app\/uploads\/sites\/4\/2024\/08\/202104mission-locale-logo.jpg\" \/>\n<meta name=\"twitter:creator\" content=\"@VosgesInfo88\" \/>\n<meta name=\"twitter:site\" content=\"@VosgesInfo88\" \/>\n<meta name=\"twitter:label1\" content=\"\u00c9crit par\" \/>\n\t<meta name=\"twitter:data1\" content=\"la r\u00e9daction\" \/>\n\t<meta name=\"twitter:label2\" content=\"Dur\u00e9e de lecture estim\u00e9e\" \/>\n\t<meta name=\"twitter:data2\" content=\"1 minute\" \/>\n<script type=\"application\/ld+json\" class=\"yoast-schema-graph\">{\"@context\":\"https:\/\/schema.org\",\"@graph\":[{\"@type\":\"Article\",\"@id\":\"https:\/\/vosgesinfo.fr\/saintdieinfo\/2021\/04\/mission-locale-de-saint-die-vosges-reste-ouverte\/#article\",\"isPartOf\":{\"@id\":\"https:\/\/vosgesinfo.fr\/saintdieinfo\/2021\/04\/mission-locale-de-saint-die-vosges-reste-ouverte\/\"},\"author\":{\"name\":\"la r\u00e9daction\",\"@id\":\"https:\/\/vosgesinfo.fr\/saintdieinfo\/#\/schema\/person\/faee6704a21f3977511db84bd1cd450f\"},\"headline\":\"La Mission Locale de Saint-Di\u00e9-des-Vosges reste ouverte\",\"datePublished\":\"2021-04-06T08:36:04+00:00\",\"dateModified\":\"2021-04-06T08:36:04+00:00\",\"mainEntityOfPage\":{\"@id\":\"https:\/\/vosgesinfo.fr\/saintdieinfo\/2021\/04\/mission-locale-de-saint-die-vosges-reste-ouverte\/\"},\"wordCount\":220,\"commentCount\":0,\"publisher\":{\"@id\":\"https:\/\/vosgesinfo.fr\/saintdieinfo\/#organization\"},\"image\":{\"@id\":\"https:\/\/vosgesinfo.fr\/saintdieinfo\/2021\/04\/mission-locale-de-saint-die-vosges-reste-ouverte\/#primaryimage\"},\"thumbnailUrl\":\"https:\/\/vosgesinfo.fr\/app\/uploads\/sites\/4\/2024\/08\/202104mission-locale-logo.jpg\",\"keywords\":[\"mission locale\",\"Mission Locale du Bassin de Saint-Di\u00e9-des-Vosges\"],\"articleSection\":[\"A la Une\",\"\u00c9ducation\",\"Saint-Di\u00e9-des-Vosges et son Agglom\u00e9ration\"],\"inLanguage\":\"fr-FR\",\"potentialAction\":[{\"@type\":\"CommentAction\",\"name\":\"Comment\",\"target\":[\"https:\/\/vosgesinfo.fr\/saintdieinfo\/2021\/04\/mission-locale-de-saint-die-vosges-reste-ouverte\/#respond\"]}]},{\"@type\":\"WebPage\",\"@id\":\"https:\/\/vosgesinfo.fr\/saintdieinfo\/2021\/04\/mission-locale-de-saint-die-vosges-reste-ouverte\/\",\"url\":\"https:\/\/vosgesinfo.fr\/saintdieinfo\/2021\/04\/mission-locale-de-saint-die-vosges-reste-ouverte\/\",\"name\":\"La Mission Locale de Saint-Di\u00e9-des-Vosges reste ouverte - Saint Die Info\",\"isPartOf\":{\"@id\":\"https:\/\/vosgesinfo.fr\/saintdieinfo\/#website\"},\"primaryImageOfPage\":{\"@id\":\"https:\/\/vosgesinfo.fr\/saintdieinfo\/2021\/04\/mission-locale-de-saint-die-vosges-reste-ouverte\/#primaryimage\"},\"image\":{\"@id\":\"https:\/\/vosgesinfo.fr\/saintdieinfo\/2021\/04\/mission-locale-de-saint-die-vosges-reste-ouverte\/#primaryimage\"},\"thumbnailUrl\":\"https:\/\/vosgesinfo.fr\/app\/uploads\/sites\/4\/2024\/08\/202104mission-locale-logo.jpg\",\"datePublished\":\"2021-04-06T08:36:04+00:00\",\"dateModified\":\"2021-04-06T08:36:04+00:00\",\"breadcrumb\":{\"@id\":\"https:\/\/vosgesinfo.fr\/saintdieinfo\/2021\/04\/mission-locale-de-saint-die-vosges-reste-ouverte\/#breadcrumb\"},\"inLanguage\":\"fr-FR\",\"potentialAction\":[{\"@type\":\"ReadAction\",\"target\":[\"https:\/\/vosgesinfo.fr\/saintdieinfo\/2021\/04\/mission-locale-de-saint-die-vosges-reste-ouverte\/\"]}]},{\"@type\":\"ImageObject\",\"inLanguage\":\"fr-FR\",\"@id\":\"https:\/\/vosgesinfo.fr\/saintdieinfo\/2021\/04\/mission-locale-de-saint-die-vosges-reste-ouverte\/#primaryimage\",\"url\":\"https:\/\/vosgesinfo.fr\/app\/uploads\/sites\/4\/2024\/08\/202104mission-locale-logo.jpg\",\"contentUrl\":\"https:\/\/vosgesinfo.fr\/app\/uploads\/sites\/4\/2024\/08\/202104mission-locale-logo.jpg\",\"width\":318,\"height\":286},{\"@type\":\"BreadcrumbList\",\"@id\":\"https:\/\/vosgesinfo.fr\/saintdieinfo\/2021\/04\/mission-locale-de-saint-die-vosges-reste-ouverte\/#breadcrumb\",\"itemListElement\":[{\"@type\":\"ListItem\",\"position\":1,\"name\":\"Home\",\"item\":\"https:\/\/vosgesinfo.fr\/saintdieinfo\/\"},{\"@type\":\"ListItem\",\"position\":2,\"name\":\"La Mission Locale de Saint-Di\u00e9-des-Vosges reste ouverte\"}]},{\"@type\":\"WebSite\",\"@id\":\"https:\/\/vosgesinfo.fr\/saintdieinfo\/#website\",\"url\":\"https:\/\/vosgesinfo.fr\/saintdieinfo\/\",\"name\":\"Saint Die Info\",\"description\":\"Toute l&#039;actualit\u00e9 de Saint-Di\u00e9-Des-Vosges\",\"publisher\":{\"@id\":\"https:\/\/vosgesinfo.fr\/saintdieinfo\/#organization\"},\"alternateName\":\"Toute l'actualit\u00e9 de Saint-Di\u00e9-Des-Vosges\",\"potentialAction\":[{\"@type\":\"SearchAction\",\"target\":{\"@type\":\"EntryPoint\",\"urlTemplate\":\"https:\/\/vosgesinfo.fr\/saintdieinfo\/?s={search_term_string}\"},\"query-input\":\"required name=search_term_string\"}],\"inLanguage\":\"fr-FR\"},{\"@type\":\"Organization\",\"@id\":\"https:\/\/vosgesinfo.fr\/saintdieinfo\/#organization\",\"name\":\"Saint Die Info\",\"url\":\"https:\/\/vosgesinfo.fr\/saintdieinfo\/\",\"logo\":{\"@type\":\"ImageObject\",\"inLanguage\":\"fr-FR\",\"@id\":\"https:\/\/vosgesinfo.fr\/saintdieinfo\/#\/schema\/logo\/image\/\",\"url\":\"https:\/\/vosgesinfo.fr\/app\/uploads\/sites\/4\/2024\/02\/logo-sdi.jpg\",\"contentUrl\":\"https:\/\/vosgesinfo.fr\/app\/uploads\/sites\/4\/2024\/02\/logo-sdi.jpg\",\"width\":600,\"height\":600,\"caption\":\"Saint Die Info\"},\"image\":{\"@id\":\"https:\/\/vosgesinfo.fr\/saintdieinfo\/#\/schema\/logo\/image\/\"},\"sameAs\":[\"https:\/\/www.facebook.com\/Saintdieinfofr\",\"https:\/\/x.com\/VosgesInfo88\",\"https:\/\/www.youtube.com\/@vosgesinfo\"]},{\"@type\":\"Person\",\"@id\":\"https:\/\/vosgesinfo.fr\/saintdieinfo\/#\/schema\/person\/faee6704a21f3977511db84bd1cd450f\",\"name\":\"la r\u00e9daction\",\"image\":{\"@type\":\"ImageObject\",\"inLanguage\":\"fr-FR\",\"@id\":\"https:\/\/vosgesinfo.fr\/saintdieinfo\/#\/schema\/person\/image\/\",\"url\":\"https:\/\/secure.gravatar.com\/avatar\/6673d8bc6a9c17fa9a453eaa3448de834fa308c2ec9635b7aa99441a7c8d2cf6?s=96&d=mm&r=g\",\"contentUrl\":\"https:\/\/secure.gravatar.com\/avatar\/6673d8bc6a9c17fa9a453eaa3448de834fa308c2ec9635b7aa99441a7c8d2cf6?s=96&d=mm&r=g\",\"caption\":\"la r\u00e9daction\"},\"url\":\"https:\/\/vosgesinfo.fr\/saintdieinfo\/author\/redac\/\"}]}<\/script>\n<!-- \/ Yoast SEO plugin. -->","yoast_head_json":{"title":"La Mission Locale de Saint-Di\u00e9-des-Vosges reste ouverte - Saint Die Info","robots":{"index":"index","follow":"follow","max-snippet":"max-snippet:-1","max-image-preview":"max-image-preview:large","max-video-preview":"max-video-preview:-1"},"canonical":"https:\/\/vosgesinfo.fr\/saintdieinfo\/2021\/04\/mission-locale-de-saint-die-vosges-reste-ouverte\/","twitter_card":"summary_large_image","twitter_title":"La Mission Locale de Saint-Di\u00e9-des-Vosges reste ouverte - Saint Die Info","twitter_description":"\u00ab L\u2019accompagnement des demandeurs d\u2019emploi et des jeunes est plus que jamais essentiel en cette p\u00e9riode de crise. Il faut [&hellip;]","twitter_image":"https:\/\/vosgesinfo.fr\/app\/uploads\/sites\/4\/2024\/08\/202104mission-locale-logo.jpg","twitter_creator":"@VosgesInfo88","twitter_site":"@VosgesInfo88","twitter_misc":{"\u00c9crit par":"la r\u00e9daction","Dur\u00e9e de lecture estim\u00e9e":"1 minute"},"schema":{"@context":"https:\/\/schema.org","@graph":[{"@type":"Article","@id":"https:\/\/vosgesinfo.fr\/saintdieinfo\/2021\/04\/mission-locale-de-saint-die-vosges-reste-ouverte\/#article","isPartOf":{"@id":"https:\/\/vosgesinfo.fr\/saintdieinfo\/2021\/04\/mission-locale-de-saint-die-vosges-reste-ouverte\/"},"author":{"name":"la r\u00e9daction","@id":"https:\/\/vosgesinfo.fr\/saintdieinfo\/#\/schema\/person\/faee6704a21f3977511db84bd1cd450f"},"headline":"La Mission Locale de Saint-Di\u00e9-des-Vosges reste ouverte","datePublished":"2021-04-06T08:36:04+00:00","dateModified":"2021-04-06T08:36:04+00:00","mainEntityOfPage":{"@id":"https:\/\/vosgesinfo.fr\/saintdieinfo\/2021\/04\/mission-locale-de-saint-die-vosges-reste-ouverte\/"},"wordCount":220,"commentCount":0,"publisher":{"@id":"https:\/\/vosgesinfo.fr\/saintdieinfo\/#organization"},"image":{"@id":"https:\/\/vosgesinfo.fr\/saintdieinfo\/2021\/04\/mission-locale-de-saint-die-vosges-reste-ouverte\/#primaryimage"},"thumbnailUrl":"https:\/\/vosgesinfo.fr\/app\/uploads\/sites\/4\/2024\/08\/202104mission-locale-logo.jpg","keywords":["mission locale","Mission Locale du Bassin de Saint-Di\u00e9-des-Vosges"],"articleSection":["A la Une","\u00c9ducation","Saint-Di\u00e9-des-Vosges et son Agglom\u00e9ration"],"inLanguage":"fr-FR","potentialAction":[{"@type":"CommentAction","name":"Comment","target":["https:\/\/vosgesinfo.fr\/saintdieinfo\/2021\/04\/mission-locale-de-saint-die-vosges-reste-ouverte\/#respond"]}]},{"@type":"WebPage","@id":"https:\/\/vosgesinfo.fr\/saintdieinfo\/2021\/04\/mission-locale-de-saint-die-vosges-reste-ouverte\/","url":"https:\/\/vosgesinfo.fr\/saintdieinfo\/2021\/04\/mission-locale-de-saint-die-vosges-reste-ouverte\/","name":"La Mission Locale de Saint-Di\u00e9-des-Vosges reste ouverte - Saint Die Info","isPartOf":{"@id":"https:\/\/vosgesinfo.fr\/saintdieinfo\/#website"},"primaryImageOfPage":{"@id":"https:\/\/vosgesinfo.fr\/saintdieinfo\/2021\/04\/mission-locale-de-saint-die-vosges-reste-ouverte\/#primaryimage"},"image":{"@id":"https:\/\/vosgesinfo.fr\/saintdieinfo\/2021\/04\/mission-locale-de-saint-die-vosges-reste-ouverte\/#primaryimage"},"thumbnailUrl":"https:\/\/vosgesinfo.fr\/app\/uploads\/sites\/4\/2024\/08\/202104mission-locale-logo.jpg","datePublished":"2021-04-06T08:36:04+00:00","dateModified":"2021-04-06T08:36:04+00:00","breadcrumb":{"@id":"https:\/\/vosgesinfo.fr\/saintdieinfo\/2021\/04\/mission-locale-de-saint-die-vosges-reste-ouverte\/#breadcrumb"},"inLanguage":"fr-FR","potentialAction":[{"@type":"ReadAction","target":["https:\/\/vosgesinfo.fr\/saintdieinfo\/2021\/04\/mission-locale-de-saint-die-vosges-reste-ouverte\/"]}]},{"@type":"ImageObject","inLanguage":"fr-FR","@id":"https:\/\/vosgesinfo.fr\/saintdieinfo\/2021\/04\/mission-locale-de-saint-die-vosges-reste-ouverte\/#primaryimage","url":"https:\/\/vosgesinfo.fr\/app\/uploads\/sites\/4\/2024\/08\/202104mission-locale-logo.jpg","contentUrl":"https:\/\/vosgesinfo.fr\/app\/uploads\/sites\/4\/2024\/08\/202104mission-locale-logo.jpg","width":318,"height":286},{"@type":"BreadcrumbList","@id":"https:\/\/vosgesinfo.fr\/saintdieinfo\/2021\/04\/mission-locale-de-saint-die-vosges-reste-ouverte\/#breadcrumb","itemListElement":[{"@type":"ListItem","position":1,"name":"Home","item":"https:\/\/vosgesinfo.fr\/saintdieinfo\/"},{"@type":"ListItem","position":2,"name":"La Mission Locale de Saint-Di\u00e9-des-Vosges reste ouverte"}]},{"@type":"WebSite","@id":"https:\/\/vosgesinfo.fr\/saintdieinfo\/#website","url":"https:\/\/vosgesinfo.fr\/saintdieinfo\/","name":"Saint Die Info","description":"Toute l&#039;actualit\u00e9 de Saint-Di\u00e9-Des-Vosges","publisher":{"@id":"https:\/\/vosgesinfo.fr\/saintdieinfo\/#organization"},"alternateName":"Toute l'actualit\u00e9 de Saint-Di\u00e9-Des-Vosges","potentialAction":[{"@type":"SearchAction","target":{"@type":"EntryPoint","urlTemplate":"https:\/\/vosgesinfo.fr\/saintdieinfo\/?s={search_term_string}"},"query-input":"required name=search_term_string"}],"inLanguage":"fr-FR"},{"@type":"Organization","@id":"https:\/\/vosgesinfo.fr\/saintdieinfo\/#organization","name":"Saint Die Info","url":"https:\/\/vosgesinfo.fr\/saintdieinfo\/","logo":{"@type":"ImageObject","inLanguage":"fr-FR","@id":"https:\/\/vosgesinfo.fr\/saintdieinfo\/#\/schema\/logo\/image\/","url":"https:\/\/vosgesinfo.fr\/app\/uploads\/sites\/4\/2024\/02\/logo-sdi.jpg","contentUrl":"https:\/\/vosgesinfo.fr\/app\/uploads\/sites\/4\/2024\/02\/logo-sdi.jpg","width":600,"height":600,"caption":"Saint Die Info"},"image":{"@id":"https:\/\/vosgesinfo.fr\/saintdieinfo\/#\/schema\/logo\/image\/"},"sameAs":["https:\/\/www.facebook.com\/Saintdieinfofr","https:\/\/x.com\/VosgesInfo88","https:\/\/www.youtube.com\/@vosgesinfo"]},{"@type":"Person","@id":"https:\/\/vosgesinfo.fr\/saintdieinfo\/#\/schema\/person\/faee6704a21f3977511db84bd1cd450f","name":"la r\u00e9daction","image":{"@type":"ImageObject","inLanguage":"fr-FR","@id":"https:\/\/vosgesinfo.fr\/saintdieinfo\/#\/schema\/person\/image\/","url":"https:\/\/secure.gravatar.com\/avatar\/6673d8bc6a9c17fa9a453eaa3448de834fa308c2ec9635b7aa99441a7c8d2cf6?s=96&d=mm&r=g","contentUrl":"https:\/\/secure.gravatar.com\/avatar\/6673d8bc6a9c17fa9a453eaa3448de834fa308c2ec9635b7aa99441a7c8d2cf6?s=96&d=mm&r=g","caption":"la r\u00e9daction"},"url":"https:\/\/vosgesinfo.fr\/saintdieinfo\/author\/redac\/"}]}},"_links":{"self":[{"href":"https:\/\/vosgesinfo.fr\/saintdieinfo\/wp-json\/wp\/v2\/posts\/40059","targetHints":{"allow":["GET"]}}],"collection":[{"href":"https:\/\/vosgesinfo.fr\/saintdieinfo\/wp-json\/wp\/v2\/posts"}],"about":[{"href":"https:\/\/vosgesinfo.fr\/saintdieinfo\/wp-json\/wp\/v2\/types\/post"}],"author":[{"embeddable":true,"href":"https:\/\/vosgesinfo.fr\/saintdieinfo\/wp-json\/wp\/v2\/users\/44"}],"replies":[{"embeddable":true,"href":"https:\/\/vosgesinfo.fr\/saintdieinfo\/wp-json\/wp\/v2\/comments?post=40059"}],"version-history":[{"count":0,"href":"https:\/\/vosgesinfo.fr\/saintdieinfo\/wp-json\/wp\/v2\/posts\/40059\/revisions"}],"wp:featuredmedia":[{"embeddable":true,"href":"https:\/\/vosgesinfo.fr\/saintdieinfo\/wp-json\/wp\/v2\/media\/40060"}],"wp:attachment":[{"href":"https:\/\/vosgesinfo.fr\/saintdieinfo\/wp-json\/wp\/v2\/media?parent=40059"}],"wp:term":[{"taxonomy":"category","embeddable":true,"href":"https:\/\/vosgesinfo.fr\/saintdieinfo\/wp-json\/wp\/v2\/categories?post=40059"},{"taxonomy":"post_tag","embeddable":true,"href":"https:\/\/vosgesinfo.fr\/saintdieinfo\/wp-json\/wp\/v2\/tags?post=40059"}],"curies":[{"name":"wp","href":"https:\/\/api.w.org\/{rel}","templated":true}]}}