{"id":40147,"date":"2021-04-19T20:08:00","date_gmt":"2021-04-19T18:08:00","guid":{"rendered":"https:\/\/vosgesinfo.fr\/saintdieinfo\/2021\/04\/vosges-bombardier-deau-se-pose-a-laeroport-depinal-mirecourt\/"},"modified":"2021-04-19T20:08:00","modified_gmt":"2021-04-19T18:08:00","slug":"vosges-bombardier-deau-se-pose-a-laeroport-depinal-mirecourt","status":"publish","type":"post","link":"https:\/\/vosgesinfo.fr\/saintdieinfo\/2021\/04\/vosges-bombardier-deau-se-pose-a-laeroport-depinal-mirecourt\/","title":{"rendered":"Vosges : un bombardier d\u2019eau se pose \u00e0 l\u2019a\u00e9roport d\u2019\u00c9pinal-Mirecourt"},"content":{"rendered":"<h2 align=\"left\"><strong>Une op\u00e9ration de reconnaissance avec un avion DASH, bombardier d\u2019eau, a eu lieu ce lundi apr\u00e8s-midi sur le site de l\u2019a\u00e9roport d\u2019Epinal-Mirecourt dans le cadre de la validation, sur le plan op\u00e9rationnel, de la qualification de cette infrastructure comme p\u00e9licandrome de la zone Est.<\/strong><\/h2>\n<p align=\"left\">Accompagn\u00e9s par des sapeurs pompiers, Yves S\u00e9guy, pr\u00e9fet des Vosges, et Fran\u00e7ois Vannson, pr\u00e9sident du conseil d\u00e9partemental, se sont notamment rendus sur place pour d\u00e9couvrir et visiter l\u2019appareil, un avion DASH, bombardier d\u2019eau de la S\u00e9curit\u00e9 Civile. <em>\u00ab\u00a0Depuis plusieurs ann\u00e9es, le D\u00e9partement des Vosges et les D\u00e9partements voisins sont confront\u00e9s \u00e0 des incendies au sein des espaces naturels\u00a0\u00bb<\/em>, affirme le Conseil D\u00e9partemental des Vosges <a href=\"https:\/\/www.facebook.com\/vosgesmag\">dans VosgesMag.<\/a> Dans le m\u00eame temps,<em> \u00ab\u00a0le risque de feux de for\u00eats, en \u00e9t\u00e9, augmente en raison de la grande inflammabilit\u00e9 des \u00e9pic\u00e9as souffrant des scolytes\u00a0\u00bb<\/em>.<\/p>\n","protected":false},"excerpt":{"rendered":"<p>Une op\u00e9ration de reconnaissance avec un avion DASH, bombardier d\u2019eau, a eu lieu ce lundi apr\u00e8s-midi sur le site de [&hellip;]<\/p>\n","protected":false},"author":44,"featured_media":40148,"comment_status":"open","ping_status":"open","sticky":false,"template":"","format":"standard","meta":{"footnotes":""},"categories":[460,2924,18],"tags":[8046,8047,8048],"class_list":["post-40147","post","type-post","status-publish","format-standard","has-post-thumbnail","hentry","category-a-la-une","category-fait-divers","category-vosges","tag-bombardier","tag-dash","tag-pelicandrome"],"acf":[],"yoast_head":"<!-- This site is optimized with the Yoast SEO plugin v22.5 - https:\/\/yoast.com\/wordpress\/plugins\/seo\/ -->\n<title>Vosges : un bombardier d\u2019eau se pose \u00e0 l\u2019a\u00e9roport d\u2019\u00c9pinal-Mirecourt - Saint Die Info<\/title>\n<meta name=\"robots\" content=\"index, follow, max-snippet:-1, max-image-preview:large, max-video-preview:-1\" \/>\n<link rel=\"canonical\" href=\"https:\/\/vosgesinfo.fr\/saintdieinfo\/2021\/04\/vosges-bombardier-deau-se-pose-a-laeroport-depinal-mirecourt\/\" \/>\n<meta name=\"twitter:card\" content=\"summary_large_image\" \/>\n<meta name=\"twitter:title\" content=\"Vosges : un bombardier d\u2019eau se pose \u00e0 l\u2019a\u00e9roport d\u2019\u00c9pinal-Mirecourt - Saint Die Info\" \/>\n<meta name=\"twitter:description\" content=\"Une op\u00e9ration de reconnaissance avec un avion DASH, bombardier d\u2019eau, a eu lieu ce lundi apr\u00e8s-midi sur le site de [&hellip;]\" \/>\n<meta name=\"twitter:image\" content=\"https:\/\/vosgesinfo.fr\/app\/uploads\/sites\/4\/2024\/08\/202104bombardier-epinal-avion-11.jpg\" \/>\n<meta name=\"twitter:creator\" content=\"@VosgesInfo88\" \/>\n<meta name=\"twitter:site\" content=\"@VosgesInfo88\" \/>\n<meta name=\"twitter:label1\" content=\"\u00c9crit par\" \/>\n\t<meta name=\"twitter:data1\" content=\"la r\u00e9daction\" \/>\n\t<meta name=\"twitter:label2\" content=\"Dur\u00e9e de lecture estim\u00e9e\" \/>\n\t<meta name=\"twitter:data2\" content=\"1 minute\" \/>\n<script type=\"application\/ld+json\" class=\"yoast-schema-graph\">{\"@context\":\"https:\/\/schema.org\",\"@graph\":[{\"@type\":\"Article\",\"@id\":\"https:\/\/vosgesinfo.fr\/saintdieinfo\/2021\/04\/vosges-bombardier-deau-se-pose-a-laeroport-depinal-mirecourt\/#article\",\"isPartOf\":{\"@id\":\"https:\/\/vosgesinfo.fr\/saintdieinfo\/2021\/04\/vosges-bombardier-deau-se-pose-a-laeroport-depinal-mirecourt\/\"},\"author\":{\"name\":\"la r\u00e9daction\",\"@id\":\"https:\/\/vosgesinfo.fr\/saintdieinfo\/#\/schema\/person\/faee6704a21f3977511db84bd1cd450f\"},\"headline\":\"Vosges : un bombardier d\u2019eau se pose \u00e0 l\u2019a\u00e9roport d\u2019\u00c9pinal-Mirecourt\",\"datePublished\":\"2021-04-19T18:08:00+00:00\",\"dateModified\":\"2021-04-19T18:08:00+00:00\",\"mainEntityOfPage\":{\"@id\":\"https:\/\/vosgesinfo.fr\/saintdieinfo\/2021\/04\/vosges-bombardier-deau-se-pose-a-laeroport-depinal-mirecourt\/\"},\"wordCount\":171,\"commentCount\":0,\"publisher\":{\"@id\":\"https:\/\/vosgesinfo.fr\/saintdieinfo\/#organization\"},\"image\":{\"@id\":\"https:\/\/vosgesinfo.fr\/saintdieinfo\/2021\/04\/vosges-bombardier-deau-se-pose-a-laeroport-depinal-mirecourt\/#primaryimage\"},\"thumbnailUrl\":\"https:\/\/vosgesinfo.fr\/app\/uploads\/sites\/4\/2024\/08\/202104bombardier-epinal-avion-11.jpg\",\"keywords\":[\"Bombardier\",\"DASH\",\"p\u00e9licandrome\"],\"articleSection\":[\"A la Une\",\"Fait Divers\",\"Vosges\"],\"inLanguage\":\"fr-FR\",\"potentialAction\":[{\"@type\":\"CommentAction\",\"name\":\"Comment\",\"target\":[\"https:\/\/vosgesinfo.fr\/saintdieinfo\/2021\/04\/vosges-bombardier-deau-se-pose-a-laeroport-depinal-mirecourt\/#respond\"]}]},{\"@type\":\"WebPage\",\"@id\":\"https:\/\/vosgesinfo.fr\/saintdieinfo\/2021\/04\/vosges-bombardier-deau-se-pose-a-laeroport-depinal-mirecourt\/\",\"url\":\"https:\/\/vosgesinfo.fr\/saintdieinfo\/2021\/04\/vosges-bombardier-deau-se-pose-a-laeroport-depinal-mirecourt\/\",\"name\":\"Vosges : un bombardier d\u2019eau se pose \u00e0 l\u2019a\u00e9roport d\u2019\u00c9pinal-Mirecourt - Saint Die Info\",\"isPartOf\":{\"@id\":\"https:\/\/vosgesinfo.fr\/saintdieinfo\/#website\"},\"primaryImageOfPage\":{\"@id\":\"https:\/\/vosgesinfo.fr\/saintdieinfo\/2021\/04\/vosges-bombardier-deau-se-pose-a-laeroport-depinal-mirecourt\/#primaryimage\"},\"image\":{\"@id\":\"https:\/\/vosgesinfo.fr\/saintdieinfo\/2021\/04\/vosges-bombardier-deau-se-pose-a-laeroport-depinal-mirecourt\/#primaryimage\"},\"thumbnailUrl\":\"https:\/\/vosgesinfo.fr\/app\/uploads\/sites\/4\/2024\/08\/202104bombardier-epinal-avion-11.jpg\",\"datePublished\":\"2021-04-19T18:08:00+00:00\",\"dateModified\":\"2021-04-19T18:08:00+00:00\",\"breadcrumb\":{\"@id\":\"https:\/\/vosgesinfo.fr\/saintdieinfo\/2021\/04\/vosges-bombardier-deau-se-pose-a-laeroport-depinal-mirecourt\/#breadcrumb\"},\"inLanguage\":\"fr-FR\",\"potentialAction\":[{\"@type\":\"ReadAction\",\"target\":[\"https:\/\/vosgesinfo.fr\/saintdieinfo\/2021\/04\/vosges-bombardier-deau-se-pose-a-laeroport-depinal-mirecourt\/\"]}]},{\"@type\":\"ImageObject\",\"inLanguage\":\"fr-FR\",\"@id\":\"https:\/\/vosgesinfo.fr\/saintdieinfo\/2021\/04\/vosges-bombardier-deau-se-pose-a-laeroport-depinal-mirecourt\/#primaryimage\",\"url\":\"https:\/\/vosgesinfo.fr\/app\/uploads\/sites\/4\/2024\/08\/202104bombardier-epinal-avion-11.jpg\",\"contentUrl\":\"https:\/\/vosgesinfo.fr\/app\/uploads\/sites\/4\/2024\/08\/202104bombardier-epinal-avion-11.jpg\",\"width\":666,\"height\":477},{\"@type\":\"BreadcrumbList\",\"@id\":\"https:\/\/vosgesinfo.fr\/saintdieinfo\/2021\/04\/vosges-bombardier-deau-se-pose-a-laeroport-depinal-mirecourt\/#breadcrumb\",\"itemListElement\":[{\"@type\":\"ListItem\",\"position\":1,\"name\":\"Home\",\"item\":\"https:\/\/vosgesinfo.fr\/saintdieinfo\/\"},{\"@type\":\"ListItem\",\"position\":2,\"name\":\"Vosges : un bombardier d\u2019eau se pose \u00e0 l\u2019a\u00e9roport d\u2019\u00c9pinal-Mirecourt\"}]},{\"@type\":\"WebSite\",\"@id\":\"https:\/\/vosgesinfo.fr\/saintdieinfo\/#website\",\"url\":\"https:\/\/vosgesinfo.fr\/saintdieinfo\/\",\"name\":\"Saint Die Info\",\"description\":\"Toute l&#039;actualit\u00e9 de Saint-Di\u00e9-Des-Vosges\",\"publisher\":{\"@id\":\"https:\/\/vosgesinfo.fr\/saintdieinfo\/#organization\"},\"alternateName\":\"Toute l'actualit\u00e9 de Saint-Di\u00e9-Des-Vosges\",\"potentialAction\":[{\"@type\":\"SearchAction\",\"target\":{\"@type\":\"EntryPoint\",\"urlTemplate\":\"https:\/\/vosgesinfo.fr\/saintdieinfo\/?s={search_term_string}\"},\"query-input\":\"required name=search_term_string\"}],\"inLanguage\":\"fr-FR\"},{\"@type\":\"Organization\",\"@id\":\"https:\/\/vosgesinfo.fr\/saintdieinfo\/#organization\",\"name\":\"Saint Die Info\",\"url\":\"https:\/\/vosgesinfo.fr\/saintdieinfo\/\",\"logo\":{\"@type\":\"ImageObject\",\"inLanguage\":\"fr-FR\",\"@id\":\"https:\/\/vosgesinfo.fr\/saintdieinfo\/#\/schema\/logo\/image\/\",\"url\":\"https:\/\/vosgesinfo.fr\/app\/uploads\/sites\/4\/2024\/02\/logo-sdi.jpg\",\"contentUrl\":\"https:\/\/vosgesinfo.fr\/app\/uploads\/sites\/4\/2024\/02\/logo-sdi.jpg\",\"width\":600,\"height\":600,\"caption\":\"Saint Die Info\"},\"image\":{\"@id\":\"https:\/\/vosgesinfo.fr\/saintdieinfo\/#\/schema\/logo\/image\/\"},\"sameAs\":[\"https:\/\/www.facebook.com\/Saintdieinfofr\",\"https:\/\/x.com\/VosgesInfo88\",\"https:\/\/www.youtube.com\/@vosgesinfo\"]},{\"@type\":\"Person\",\"@id\":\"https:\/\/vosgesinfo.fr\/saintdieinfo\/#\/schema\/person\/faee6704a21f3977511db84bd1cd450f\",\"name\":\"la r\u00e9daction\",\"image\":{\"@type\":\"ImageObject\",\"inLanguage\":\"fr-FR\",\"@id\":\"https:\/\/vosgesinfo.fr\/saintdieinfo\/#\/schema\/person\/image\/\",\"url\":\"https:\/\/secure.gravatar.com\/avatar\/6673d8bc6a9c17fa9a453eaa3448de834fa308c2ec9635b7aa99441a7c8d2cf6?s=96&d=mm&r=g\",\"contentUrl\":\"https:\/\/secure.gravatar.com\/avatar\/6673d8bc6a9c17fa9a453eaa3448de834fa308c2ec9635b7aa99441a7c8d2cf6?s=96&d=mm&r=g\",\"caption\":\"la r\u00e9daction\"},\"url\":\"https:\/\/vosgesinfo.fr\/saintdieinfo\/author\/redac\/\"}]}<\/script>\n<!-- \/ Yoast SEO plugin. -->","yoast_head_json":{"title":"Vosges : un bombardier d\u2019eau se pose \u00e0 l\u2019a\u00e9roport d\u2019\u00c9pinal-Mirecourt - Saint Die Info","robots":{"index":"index","follow":"follow","max-snippet":"max-snippet:-1","max-image-preview":"max-image-preview:large","max-video-preview":"max-video-preview:-1"},"canonical":"https:\/\/vosgesinfo.fr\/saintdieinfo\/2021\/04\/vosges-bombardier-deau-se-pose-a-laeroport-depinal-mirecourt\/","twitter_card":"summary_large_image","twitter_title":"Vosges : un bombardier d\u2019eau se pose \u00e0 l\u2019a\u00e9roport d\u2019\u00c9pinal-Mirecourt - Saint Die Info","twitter_description":"Une op\u00e9ration de reconnaissance avec un avion DASH, bombardier d\u2019eau, a eu lieu ce lundi apr\u00e8s-midi sur le site de [&hellip;]","twitter_image":"https:\/\/vosgesinfo.fr\/app\/uploads\/sites\/4\/2024\/08\/202104bombardier-epinal-avion-11.jpg","twitter_creator":"@VosgesInfo88","twitter_site":"@VosgesInfo88","twitter_misc":{"\u00c9crit par":"la r\u00e9daction","Dur\u00e9e de lecture estim\u00e9e":"1 minute"},"schema":{"@context":"https:\/\/schema.org","@graph":[{"@type":"Article","@id":"https:\/\/vosgesinfo.fr\/saintdieinfo\/2021\/04\/vosges-bombardier-deau-se-pose-a-laeroport-depinal-mirecourt\/#article","isPartOf":{"@id":"https:\/\/vosgesinfo.fr\/saintdieinfo\/2021\/04\/vosges-bombardier-deau-se-pose-a-laeroport-depinal-mirecourt\/"},"author":{"name":"la r\u00e9daction","@id":"https:\/\/vosgesinfo.fr\/saintdieinfo\/#\/schema\/person\/faee6704a21f3977511db84bd1cd450f"},"headline":"Vosges : un bombardier d\u2019eau se pose \u00e0 l\u2019a\u00e9roport d\u2019\u00c9pinal-Mirecourt","datePublished":"2021-04-19T18:08:00+00:00","dateModified":"2021-04-19T18:08:00+00:00","mainEntityOfPage":{"@id":"https:\/\/vosgesinfo.fr\/saintdieinfo\/2021\/04\/vosges-bombardier-deau-se-pose-a-laeroport-depinal-mirecourt\/"},"wordCount":171,"commentCount":0,"publisher":{"@id":"https:\/\/vosgesinfo.fr\/saintdieinfo\/#organization"},"image":{"@id":"https:\/\/vosgesinfo.fr\/saintdieinfo\/2021\/04\/vosges-bombardier-deau-se-pose-a-laeroport-depinal-mirecourt\/#primaryimage"},"thumbnailUrl":"https:\/\/vosgesinfo.fr\/app\/uploads\/sites\/4\/2024\/08\/202104bombardier-epinal-avion-11.jpg","keywords":["Bombardier","DASH","p\u00e9licandrome"],"articleSection":["A la Une","Fait Divers","Vosges"],"inLanguage":"fr-FR","potentialAction":[{"@type":"CommentAction","name":"Comment","target":["https:\/\/vosgesinfo.fr\/saintdieinfo\/2021\/04\/vosges-bombardier-deau-se-pose-a-laeroport-depinal-mirecourt\/#respond"]}]},{"@type":"WebPage","@id":"https:\/\/vosgesinfo.fr\/saintdieinfo\/2021\/04\/vosges-bombardier-deau-se-pose-a-laeroport-depinal-mirecourt\/","url":"https:\/\/vosgesinfo.fr\/saintdieinfo\/2021\/04\/vosges-bombardier-deau-se-pose-a-laeroport-depinal-mirecourt\/","name":"Vosges : un bombardier d\u2019eau se pose \u00e0 l\u2019a\u00e9roport d\u2019\u00c9pinal-Mirecourt - Saint Die Info","isPartOf":{"@id":"https:\/\/vosgesinfo.fr\/saintdieinfo\/#website"},"primaryImageOfPage":{"@id":"https:\/\/vosgesinfo.fr\/saintdieinfo\/2021\/04\/vosges-bombardier-deau-se-pose-a-laeroport-depinal-mirecourt\/#primaryimage"},"image":{"@id":"https:\/\/vosgesinfo.fr\/saintdieinfo\/2021\/04\/vosges-bombardier-deau-se-pose-a-laeroport-depinal-mirecourt\/#primaryimage"},"thumbnailUrl":"https:\/\/vosgesinfo.fr\/app\/uploads\/sites\/4\/2024\/08\/202104bombardier-epinal-avion-11.jpg","datePublished":"2021-04-19T18:08:00+00:00","dateModified":"2021-04-19T18:08:00+00:00","breadcrumb":{"@id":"https:\/\/vosgesinfo.fr\/saintdieinfo\/2021\/04\/vosges-bombardier-deau-se-pose-a-laeroport-depinal-mirecourt\/#breadcrumb"},"inLanguage":"fr-FR","potentialAction":[{"@type":"ReadAction","target":["https:\/\/vosgesinfo.fr\/saintdieinfo\/2021\/04\/vosges-bombardier-deau-se-pose-a-laeroport-depinal-mirecourt\/"]}]},{"@type":"ImageObject","inLanguage":"fr-FR","@id":"https:\/\/vosgesinfo.fr\/saintdieinfo\/2021\/04\/vosges-bombardier-deau-se-pose-a-laeroport-depinal-mirecourt\/#primaryimage","url":"https:\/\/vosgesinfo.fr\/app\/uploads\/sites\/4\/2024\/08\/202104bombardier-epinal-avion-11.jpg","contentUrl":"https:\/\/vosgesinfo.fr\/app\/uploads\/sites\/4\/2024\/08\/202104bombardier-epinal-avion-11.jpg","width":666,"height":477},{"@type":"BreadcrumbList","@id":"https:\/\/vosgesinfo.fr\/saintdieinfo\/2021\/04\/vosges-bombardier-deau-se-pose-a-laeroport-depinal-mirecourt\/#breadcrumb","itemListElement":[{"@type":"ListItem","position":1,"name":"Home","item":"https:\/\/vosgesinfo.fr\/saintdieinfo\/"},{"@type":"ListItem","position":2,"name":"Vosges : un bombardier d\u2019eau se pose \u00e0 l\u2019a\u00e9roport d\u2019\u00c9pinal-Mirecourt"}]},{"@type":"WebSite","@id":"https:\/\/vosgesinfo.fr\/saintdieinfo\/#website","url":"https:\/\/vosgesinfo.fr\/saintdieinfo\/","name":"Saint Die Info","description":"Toute l&#039;actualit\u00e9 de Saint-Di\u00e9-Des-Vosges","publisher":{"@id":"https:\/\/vosgesinfo.fr\/saintdieinfo\/#organization"},"alternateName":"Toute l'actualit\u00e9 de Saint-Di\u00e9-Des-Vosges","potentialAction":[{"@type":"SearchAction","target":{"@type":"EntryPoint","urlTemplate":"https:\/\/vosgesinfo.fr\/saintdieinfo\/?s={search_term_string}"},"query-input":"required name=search_term_string"}],"inLanguage":"fr-FR"},{"@type":"Organization","@id":"https:\/\/vosgesinfo.fr\/saintdieinfo\/#organization","name":"Saint Die Info","url":"https:\/\/vosgesinfo.fr\/saintdieinfo\/","logo":{"@type":"ImageObject","inLanguage":"fr-FR","@id":"https:\/\/vosgesinfo.fr\/saintdieinfo\/#\/schema\/logo\/image\/","url":"https:\/\/vosgesinfo.fr\/app\/uploads\/sites\/4\/2024\/02\/logo-sdi.jpg","contentUrl":"https:\/\/vosgesinfo.fr\/app\/uploads\/sites\/4\/2024\/02\/logo-sdi.jpg","width":600,"height":600,"caption":"Saint Die Info"},"image":{"@id":"https:\/\/vosgesinfo.fr\/saintdieinfo\/#\/schema\/logo\/image\/"},"sameAs":["https:\/\/www.facebook.com\/Saintdieinfofr","https:\/\/x.com\/VosgesInfo88","https:\/\/www.youtube.com\/@vosgesinfo"]},{"@type":"Person","@id":"https:\/\/vosgesinfo.fr\/saintdieinfo\/#\/schema\/person\/faee6704a21f3977511db84bd1cd450f","name":"la r\u00e9daction","image":{"@type":"ImageObject","inLanguage":"fr-FR","@id":"https:\/\/vosgesinfo.fr\/saintdieinfo\/#\/schema\/person\/image\/","url":"https:\/\/secure.gravatar.com\/avatar\/6673d8bc6a9c17fa9a453eaa3448de834fa308c2ec9635b7aa99441a7c8d2cf6?s=96&d=mm&r=g","contentUrl":"https:\/\/secure.gravatar.com\/avatar\/6673d8bc6a9c17fa9a453eaa3448de834fa308c2ec9635b7aa99441a7c8d2cf6?s=96&d=mm&r=g","caption":"la r\u00e9daction"},"url":"https:\/\/vosgesinfo.fr\/saintdieinfo\/author\/redac\/"}]}},"_links":{"self":[{"href":"https:\/\/vosgesinfo.fr\/saintdieinfo\/wp-json\/wp\/v2\/posts\/40147","targetHints":{"allow":["GET"]}}],"collection":[{"href":"https:\/\/vosgesinfo.fr\/saintdieinfo\/wp-json\/wp\/v2\/posts"}],"about":[{"href":"https:\/\/vosgesinfo.fr\/saintdieinfo\/wp-json\/wp\/v2\/types\/post"}],"author":[{"embeddable":true,"href":"https:\/\/vosgesinfo.fr\/saintdieinfo\/wp-json\/wp\/v2\/users\/44"}],"replies":[{"embeddable":true,"href":"https:\/\/vosgesinfo.fr\/saintdieinfo\/wp-json\/wp\/v2\/comments?post=40147"}],"version-history":[{"count":0,"href":"https:\/\/vosgesinfo.fr\/saintdieinfo\/wp-json\/wp\/v2\/posts\/40147\/revisions"}],"wp:featuredmedia":[{"embeddable":true,"href":"https:\/\/vosgesinfo.fr\/saintdieinfo\/wp-json\/wp\/v2\/media\/40148"}],"wp:attachment":[{"href":"https:\/\/vosgesinfo.fr\/saintdieinfo\/wp-json\/wp\/v2\/media?parent=40147"}],"wp:term":[{"taxonomy":"category","embeddable":true,"href":"https:\/\/vosgesinfo.fr\/saintdieinfo\/wp-json\/wp\/v2\/categories?post=40147"},{"taxonomy":"post_tag","embeddable":true,"href":"https:\/\/vosgesinfo.fr\/saintdieinfo\/wp-json\/wp\/v2\/tags?post=40147"}],"curies":[{"name":"wp","href":"https:\/\/api.w.org\/{rel}","templated":true}]}}