{"id":40414,"date":"2021-05-12T11:00:48","date_gmt":"2021-05-12T09:00:48","guid":{"rendered":"https:\/\/vosgesinfo.fr\/saintdieinfo\/2021\/05\/saint-michel-meurthe-premiere-collecte-de-sang-vendredi\/"},"modified":"2021-05-12T11:00:48","modified_gmt":"2021-05-12T09:00:48","slug":"saint-michel-meurthe-premiere-collecte-de-sang-vendredi","status":"publish","type":"post","link":"https:\/\/vosgesinfo.fr\/saintdieinfo\/2021\/05\/saint-michel-meurthe-premiere-collecte-de-sang-vendredi\/","title":{"rendered":"Saint-Michel-sur-Meurthe \u2013 Premi\u00e8re collecte de sang ce vendredi"},"content":{"rendered":"<div id=\"attachment_167770\" style=\"width: 810px\" class=\"wp-caption aligncenter\"><a href=\"\/2021\/05\/Facebook-DSC_0366-bd.jpg\" target=\"_blank\" rel=\"noopener\"><img decoding=\"async\" aria-describedby=\"caption-attachment-167770\" class=\"wp-image-167770 size-full\" src=\"\/2021\/05\/Facebook-DSC_0366-bd.jpg\" alt=\"Facebook DSC_0366 bd\" width=\"800\" height=\"533\" \/><\/a><p id=\"caption-attachment-167770\" class=\"wp-caption-text\">(Photographies Amicale pour le Don de Sang B\u00e9n\u00e9vole de Saint-Di\u00e9-des-Vosges et sa r\u00e9gion)<\/p><\/div>\n<h2><span style=\"font-size: 14pt;\"><strong>Une collecte de sang aura lieu pour la premi\u00e8re fois \u00e0 Saint-Michel-sur-Meurthe, ce vendredi 14 mai de 16h \u00e0 19h30. Cette initiative r\u00e9sulte de l&rsquo;engagement de l&rsquo;Amicale pour le Don de Sang B\u00e9n\u00e9vole de Saint-Di\u00e9-des-Vosges et sa r\u00e9gion de cultiver la proximit\u00e9 sur le territoire sur lequel elle op\u00e8re.<\/strong><\/span><\/h2>\n<p><!--more--><\/p>\n<p>Cette ann\u00e9e, ainsi, l&rsquo;amicale a convaincu l&rsquo;Etablissement Fran\u00e7ais du Sang (EFS) de la pertinence de deux collectes dans des communes limitrophes de Saint-Di\u00e9-des-Vosges :<\/p>\n<ul>\n<li>Saint-Michel-sur-Meurthe le vendredi 14 mai de 16 h \u00e0 19 h 30;<\/li>\n<li>Sainte-Marguerite le lundi 18 octobre de 16 h \u00e0 19 h 30.<\/li>\n<\/ul>\n<div><em>\u00ab\u00a0Ajoutons que nous pouvons compter sur le soutien de la municipalit\u00e9 michelloise, que nous remercions. A noter que notre derni\u00e8re Assembl\u00e9e G\u00e9n\u00e9rale \u00ab\u00a0physique\u00a0\u00bb (en f\u00e9vrier 2020) avait eu lieu \u00e0 Saint-Michel-sur-Meurthe et que le Maire de la commune, William Mathis, nous avait \u00e0 ce moment-l\u00e0 donn\u00e9 son accord de principe pour l&rsquo;organisation d&rsquo;une collecte dans la salle polyvalente michelloise. A noter aussi que la boulangerie-p\u00e2tisserie locale sera mise \u00e0 contribution pour la confection de la collation qui attend les donneurs !\u00a0\u00bb<\/em> pr\u00e9cise l&rsquo;amicale locale.<\/div>\n<div>\n\n<p><a href=\"\/2021\/05\/Affiche-don-du-sang-St-Michel-Gd-mod.jpg\" target=\"_blank\" rel=\"noopener\"><img decoding=\"async\" class=\"aligncenter wp-image-167767 size-full\" src=\"\/2021\/05\/Affiche-don-du-sang-St-Michel-Gd-mod.jpg\" alt=\"Affiche don du sang St Michel Gd mod\" width=\"577\" height=\"800\" \/><\/a><\/p>\n<\/div>\n<div><\/div>\n","protected":false},"excerpt":{"rendered":"<p>Une collecte de sang aura lieu pour la premi\u00e8re fois \u00e0 Saint-Michel-sur-Meurthe, ce vendredi 14 mai de 16h \u00e0 19h30. [&hellip;]<\/p>\n","protected":false},"author":44,"featured_media":40415,"comment_status":"open","ping_status":"open","sticky":false,"template":"","format":"standard","meta":{"footnotes":""},"categories":[460,2915,29],"tags":[8094,4071,1243,4199],"class_list":["post-40414","post","type-post","status-publish","format-standard","has-post-thumbnail","hentry","category-a-la-une","category-saint-die-son-canton","category-solidarite","tag-amicale-pour-le-don-de-sang-benevole-de-saint-die-des-vosges-et-sa-region","tag-collecte-de-sang-mobile","tag-don-de-sang","tag-etablissement-francais-du-sang"],"acf":[],"yoast_head":"<!-- This site is optimized with the Yoast SEO plugin v22.5 - https:\/\/yoast.com\/wordpress\/plugins\/seo\/ -->\n<title>Saint-Michel-sur-Meurthe \u2013 Premi\u00e8re collecte de sang ce vendredi - Saint Die Info<\/title>\n<meta name=\"robots\" content=\"index, follow, max-snippet:-1, max-image-preview:large, max-video-preview:-1\" \/>\n<link rel=\"canonical\" href=\"https:\/\/vosgesinfo.fr\/saintdieinfo\/2021\/05\/saint-michel-meurthe-premiere-collecte-de-sang-vendredi\/\" \/>\n<meta name=\"twitter:card\" content=\"summary_large_image\" \/>\n<meta name=\"twitter:title\" content=\"Saint-Michel-sur-Meurthe \u2013 Premi\u00e8re collecte de sang ce vendredi - Saint Die Info\" \/>\n<meta name=\"twitter:description\" content=\"Une collecte de sang aura lieu pour la premi\u00e8re fois \u00e0 Saint-Michel-sur-Meurthe, ce vendredi 14 mai de 16h \u00e0 19h30. [&hellip;]\" \/>\n<meta name=\"twitter:image\" content=\"https:\/\/vosgesinfo.fr\/app\/uploads\/sites\/4\/2024\/08\/202105facebook-dsc-0366-bd.jpg\" \/>\n<meta name=\"twitter:creator\" content=\"@VosgesInfo88\" \/>\n<meta name=\"twitter:site\" content=\"@VosgesInfo88\" \/>\n<meta name=\"twitter:label1\" content=\"\u00c9crit par\" \/>\n\t<meta name=\"twitter:data1\" content=\"la r\u00e9daction\" \/>\n\t<meta name=\"twitter:label2\" content=\"Dur\u00e9e de lecture estim\u00e9e\" \/>\n\t<meta name=\"twitter:data2\" content=\"1 minute\" \/>\n<script type=\"application\/ld+json\" class=\"yoast-schema-graph\">{\"@context\":\"https:\/\/schema.org\",\"@graph\":[{\"@type\":\"Article\",\"@id\":\"https:\/\/vosgesinfo.fr\/saintdieinfo\/2021\/05\/saint-michel-meurthe-premiere-collecte-de-sang-vendredi\/#article\",\"isPartOf\":{\"@id\":\"https:\/\/vosgesinfo.fr\/saintdieinfo\/2021\/05\/saint-michel-meurthe-premiere-collecte-de-sang-vendredi\/\"},\"author\":{\"name\":\"la r\u00e9daction\",\"@id\":\"https:\/\/vosgesinfo.fr\/saintdieinfo\/#\/schema\/person\/faee6704a21f3977511db84bd1cd450f\"},\"headline\":\"Saint-Michel-sur-Meurthe \u2013 Premi\u00e8re collecte de sang ce vendredi\",\"datePublished\":\"2021-05-12T09:00:48+00:00\",\"dateModified\":\"2021-05-12T09:00:48+00:00\",\"mainEntityOfPage\":{\"@id\":\"https:\/\/vosgesinfo.fr\/saintdieinfo\/2021\/05\/saint-michel-meurthe-premiere-collecte-de-sang-vendredi\/\"},\"wordCount\":224,\"commentCount\":0,\"publisher\":{\"@id\":\"https:\/\/vosgesinfo.fr\/saintdieinfo\/#organization\"},\"image\":{\"@id\":\"https:\/\/vosgesinfo.fr\/saintdieinfo\/2021\/05\/saint-michel-meurthe-premiere-collecte-de-sang-vendredi\/#primaryimage\"},\"thumbnailUrl\":\"https:\/\/vosgesinfo.fr\/app\/uploads\/sites\/4\/2024\/08\/202105facebook-dsc-0366-bd.jpg\",\"keywords\":[\"Amicale pour le Don de Sang B\u00e9n\u00e9vole de Saint-Di\u00e9-des-Vosges et sa r\u00e9gion\",\"Collecte de sang mobile\",\"don de sang\",\"Etablissement Fran\u00e7ais du Sang\"],\"articleSection\":[\"A la Une\",\"Saint-Di\u00e9-des-Vosges et son Agglom\u00e9ration\",\"Solidarit\u00e9\"],\"inLanguage\":\"fr-FR\",\"potentialAction\":[{\"@type\":\"CommentAction\",\"name\":\"Comment\",\"target\":[\"https:\/\/vosgesinfo.fr\/saintdieinfo\/2021\/05\/saint-michel-meurthe-premiere-collecte-de-sang-vendredi\/#respond\"]}]},{\"@type\":\"WebPage\",\"@id\":\"https:\/\/vosgesinfo.fr\/saintdieinfo\/2021\/05\/saint-michel-meurthe-premiere-collecte-de-sang-vendredi\/\",\"url\":\"https:\/\/vosgesinfo.fr\/saintdieinfo\/2021\/05\/saint-michel-meurthe-premiere-collecte-de-sang-vendredi\/\",\"name\":\"Saint-Michel-sur-Meurthe \u2013 Premi\u00e8re collecte de sang ce vendredi - Saint Die Info\",\"isPartOf\":{\"@id\":\"https:\/\/vosgesinfo.fr\/saintdieinfo\/#website\"},\"primaryImageOfPage\":{\"@id\":\"https:\/\/vosgesinfo.fr\/saintdieinfo\/2021\/05\/saint-michel-meurthe-premiere-collecte-de-sang-vendredi\/#primaryimage\"},\"image\":{\"@id\":\"https:\/\/vosgesinfo.fr\/saintdieinfo\/2021\/05\/saint-michel-meurthe-premiere-collecte-de-sang-vendredi\/#primaryimage\"},\"thumbnailUrl\":\"https:\/\/vosgesinfo.fr\/app\/uploads\/sites\/4\/2024\/08\/202105facebook-dsc-0366-bd.jpg\",\"datePublished\":\"2021-05-12T09:00:48+00:00\",\"dateModified\":\"2021-05-12T09:00:48+00:00\",\"breadcrumb\":{\"@id\":\"https:\/\/vosgesinfo.fr\/saintdieinfo\/2021\/05\/saint-michel-meurthe-premiere-collecte-de-sang-vendredi\/#breadcrumb\"},\"inLanguage\":\"fr-FR\",\"potentialAction\":[{\"@type\":\"ReadAction\",\"target\":[\"https:\/\/vosgesinfo.fr\/saintdieinfo\/2021\/05\/saint-michel-meurthe-premiere-collecte-de-sang-vendredi\/\"]}]},{\"@type\":\"ImageObject\",\"inLanguage\":\"fr-FR\",\"@id\":\"https:\/\/vosgesinfo.fr\/saintdieinfo\/2021\/05\/saint-michel-meurthe-premiere-collecte-de-sang-vendredi\/#primaryimage\",\"url\":\"https:\/\/vosgesinfo.fr\/app\/uploads\/sites\/4\/2024\/08\/202105facebook-dsc-0366-bd.jpg\",\"contentUrl\":\"https:\/\/vosgesinfo.fr\/app\/uploads\/sites\/4\/2024\/08\/202105facebook-dsc-0366-bd.jpg\",\"width\":800,\"height\":533},{\"@type\":\"BreadcrumbList\",\"@id\":\"https:\/\/vosgesinfo.fr\/saintdieinfo\/2021\/05\/saint-michel-meurthe-premiere-collecte-de-sang-vendredi\/#breadcrumb\",\"itemListElement\":[{\"@type\":\"ListItem\",\"position\":1,\"name\":\"Home\",\"item\":\"https:\/\/vosgesinfo.fr\/saintdieinfo\/\"},{\"@type\":\"ListItem\",\"position\":2,\"name\":\"Saint-Michel-sur-Meurthe \u2013 Premi\u00e8re collecte de sang ce vendredi\"}]},{\"@type\":\"WebSite\",\"@id\":\"https:\/\/vosgesinfo.fr\/saintdieinfo\/#website\",\"url\":\"https:\/\/vosgesinfo.fr\/saintdieinfo\/\",\"name\":\"Saint Die Info\",\"description\":\"Toute l&#039;actualit\u00e9 de Saint-Di\u00e9-Des-Vosges\",\"publisher\":{\"@id\":\"https:\/\/vosgesinfo.fr\/saintdieinfo\/#organization\"},\"alternateName\":\"Toute l'actualit\u00e9 de Saint-Di\u00e9-Des-Vosges\",\"potentialAction\":[{\"@type\":\"SearchAction\",\"target\":{\"@type\":\"EntryPoint\",\"urlTemplate\":\"https:\/\/vosgesinfo.fr\/saintdieinfo\/?s={search_term_string}\"},\"query-input\":\"required name=search_term_string\"}],\"inLanguage\":\"fr-FR\"},{\"@type\":\"Organization\",\"@id\":\"https:\/\/vosgesinfo.fr\/saintdieinfo\/#organization\",\"name\":\"Saint Die Info\",\"url\":\"https:\/\/vosgesinfo.fr\/saintdieinfo\/\",\"logo\":{\"@type\":\"ImageObject\",\"inLanguage\":\"fr-FR\",\"@id\":\"https:\/\/vosgesinfo.fr\/saintdieinfo\/#\/schema\/logo\/image\/\",\"url\":\"https:\/\/vosgesinfo.fr\/app\/uploads\/sites\/4\/2024\/02\/logo-sdi.jpg\",\"contentUrl\":\"https:\/\/vosgesinfo.fr\/app\/uploads\/sites\/4\/2024\/02\/logo-sdi.jpg\",\"width\":600,\"height\":600,\"caption\":\"Saint Die Info\"},\"image\":{\"@id\":\"https:\/\/vosgesinfo.fr\/saintdieinfo\/#\/schema\/logo\/image\/\"},\"sameAs\":[\"https:\/\/www.facebook.com\/Saintdieinfofr\",\"https:\/\/x.com\/VosgesInfo88\",\"https:\/\/www.youtube.com\/@vosgesinfo\"]},{\"@type\":\"Person\",\"@id\":\"https:\/\/vosgesinfo.fr\/saintdieinfo\/#\/schema\/person\/faee6704a21f3977511db84bd1cd450f\",\"name\":\"la r\u00e9daction\",\"image\":{\"@type\":\"ImageObject\",\"inLanguage\":\"fr-FR\",\"@id\":\"https:\/\/vosgesinfo.fr\/saintdieinfo\/#\/schema\/person\/image\/\",\"url\":\"https:\/\/secure.gravatar.com\/avatar\/6673d8bc6a9c17fa9a453eaa3448de834fa308c2ec9635b7aa99441a7c8d2cf6?s=96&d=mm&r=g\",\"contentUrl\":\"https:\/\/secure.gravatar.com\/avatar\/6673d8bc6a9c17fa9a453eaa3448de834fa308c2ec9635b7aa99441a7c8d2cf6?s=96&d=mm&r=g\",\"caption\":\"la r\u00e9daction\"},\"url\":\"https:\/\/vosgesinfo.fr\/saintdieinfo\/author\/redac\/\"}]}<\/script>\n<!-- \/ Yoast SEO plugin. -->","yoast_head_json":{"title":"Saint-Michel-sur-Meurthe \u2013 Premi\u00e8re collecte de sang ce vendredi - Saint Die Info","robots":{"index":"index","follow":"follow","max-snippet":"max-snippet:-1","max-image-preview":"max-image-preview:large","max-video-preview":"max-video-preview:-1"},"canonical":"https:\/\/vosgesinfo.fr\/saintdieinfo\/2021\/05\/saint-michel-meurthe-premiere-collecte-de-sang-vendredi\/","twitter_card":"summary_large_image","twitter_title":"Saint-Michel-sur-Meurthe \u2013 Premi\u00e8re collecte de sang ce vendredi - Saint Die Info","twitter_description":"Une collecte de sang aura lieu pour la premi\u00e8re fois \u00e0 Saint-Michel-sur-Meurthe, ce vendredi 14 mai de 16h \u00e0 19h30. [&hellip;]","twitter_image":"https:\/\/vosgesinfo.fr\/app\/uploads\/sites\/4\/2024\/08\/202105facebook-dsc-0366-bd.jpg","twitter_creator":"@VosgesInfo88","twitter_site":"@VosgesInfo88","twitter_misc":{"\u00c9crit par":"la r\u00e9daction","Dur\u00e9e de lecture estim\u00e9e":"1 minute"},"schema":{"@context":"https:\/\/schema.org","@graph":[{"@type":"Article","@id":"https:\/\/vosgesinfo.fr\/saintdieinfo\/2021\/05\/saint-michel-meurthe-premiere-collecte-de-sang-vendredi\/#article","isPartOf":{"@id":"https:\/\/vosgesinfo.fr\/saintdieinfo\/2021\/05\/saint-michel-meurthe-premiere-collecte-de-sang-vendredi\/"},"author":{"name":"la r\u00e9daction","@id":"https:\/\/vosgesinfo.fr\/saintdieinfo\/#\/schema\/person\/faee6704a21f3977511db84bd1cd450f"},"headline":"Saint-Michel-sur-Meurthe \u2013 Premi\u00e8re collecte de sang ce vendredi","datePublished":"2021-05-12T09:00:48+00:00","dateModified":"2021-05-12T09:00:48+00:00","mainEntityOfPage":{"@id":"https:\/\/vosgesinfo.fr\/saintdieinfo\/2021\/05\/saint-michel-meurthe-premiere-collecte-de-sang-vendredi\/"},"wordCount":224,"commentCount":0,"publisher":{"@id":"https:\/\/vosgesinfo.fr\/saintdieinfo\/#organization"},"image":{"@id":"https:\/\/vosgesinfo.fr\/saintdieinfo\/2021\/05\/saint-michel-meurthe-premiere-collecte-de-sang-vendredi\/#primaryimage"},"thumbnailUrl":"https:\/\/vosgesinfo.fr\/app\/uploads\/sites\/4\/2024\/08\/202105facebook-dsc-0366-bd.jpg","keywords":["Amicale pour le Don de Sang B\u00e9n\u00e9vole de Saint-Di\u00e9-des-Vosges et sa r\u00e9gion","Collecte de sang mobile","don de sang","Etablissement Fran\u00e7ais du Sang"],"articleSection":["A la Une","Saint-Di\u00e9-des-Vosges et son Agglom\u00e9ration","Solidarit\u00e9"],"inLanguage":"fr-FR","potentialAction":[{"@type":"CommentAction","name":"Comment","target":["https:\/\/vosgesinfo.fr\/saintdieinfo\/2021\/05\/saint-michel-meurthe-premiere-collecte-de-sang-vendredi\/#respond"]}]},{"@type":"WebPage","@id":"https:\/\/vosgesinfo.fr\/saintdieinfo\/2021\/05\/saint-michel-meurthe-premiere-collecte-de-sang-vendredi\/","url":"https:\/\/vosgesinfo.fr\/saintdieinfo\/2021\/05\/saint-michel-meurthe-premiere-collecte-de-sang-vendredi\/","name":"Saint-Michel-sur-Meurthe \u2013 Premi\u00e8re collecte de sang ce vendredi - Saint Die Info","isPartOf":{"@id":"https:\/\/vosgesinfo.fr\/saintdieinfo\/#website"},"primaryImageOfPage":{"@id":"https:\/\/vosgesinfo.fr\/saintdieinfo\/2021\/05\/saint-michel-meurthe-premiere-collecte-de-sang-vendredi\/#primaryimage"},"image":{"@id":"https:\/\/vosgesinfo.fr\/saintdieinfo\/2021\/05\/saint-michel-meurthe-premiere-collecte-de-sang-vendredi\/#primaryimage"},"thumbnailUrl":"https:\/\/vosgesinfo.fr\/app\/uploads\/sites\/4\/2024\/08\/202105facebook-dsc-0366-bd.jpg","datePublished":"2021-05-12T09:00:48+00:00","dateModified":"2021-05-12T09:00:48+00:00","breadcrumb":{"@id":"https:\/\/vosgesinfo.fr\/saintdieinfo\/2021\/05\/saint-michel-meurthe-premiere-collecte-de-sang-vendredi\/#breadcrumb"},"inLanguage":"fr-FR","potentialAction":[{"@type":"ReadAction","target":["https:\/\/vosgesinfo.fr\/saintdieinfo\/2021\/05\/saint-michel-meurthe-premiere-collecte-de-sang-vendredi\/"]}]},{"@type":"ImageObject","inLanguage":"fr-FR","@id":"https:\/\/vosgesinfo.fr\/saintdieinfo\/2021\/05\/saint-michel-meurthe-premiere-collecte-de-sang-vendredi\/#primaryimage","url":"https:\/\/vosgesinfo.fr\/app\/uploads\/sites\/4\/2024\/08\/202105facebook-dsc-0366-bd.jpg","contentUrl":"https:\/\/vosgesinfo.fr\/app\/uploads\/sites\/4\/2024\/08\/202105facebook-dsc-0366-bd.jpg","width":800,"height":533},{"@type":"BreadcrumbList","@id":"https:\/\/vosgesinfo.fr\/saintdieinfo\/2021\/05\/saint-michel-meurthe-premiere-collecte-de-sang-vendredi\/#breadcrumb","itemListElement":[{"@type":"ListItem","position":1,"name":"Home","item":"https:\/\/vosgesinfo.fr\/saintdieinfo\/"},{"@type":"ListItem","position":2,"name":"Saint-Michel-sur-Meurthe \u2013 Premi\u00e8re collecte de sang ce vendredi"}]},{"@type":"WebSite","@id":"https:\/\/vosgesinfo.fr\/saintdieinfo\/#website","url":"https:\/\/vosgesinfo.fr\/saintdieinfo\/","name":"Saint Die Info","description":"Toute l&#039;actualit\u00e9 de Saint-Di\u00e9-Des-Vosges","publisher":{"@id":"https:\/\/vosgesinfo.fr\/saintdieinfo\/#organization"},"alternateName":"Toute l'actualit\u00e9 de Saint-Di\u00e9-Des-Vosges","potentialAction":[{"@type":"SearchAction","target":{"@type":"EntryPoint","urlTemplate":"https:\/\/vosgesinfo.fr\/saintdieinfo\/?s={search_term_string}"},"query-input":"required name=search_term_string"}],"inLanguage":"fr-FR"},{"@type":"Organization","@id":"https:\/\/vosgesinfo.fr\/saintdieinfo\/#organization","name":"Saint Die Info","url":"https:\/\/vosgesinfo.fr\/saintdieinfo\/","logo":{"@type":"ImageObject","inLanguage":"fr-FR","@id":"https:\/\/vosgesinfo.fr\/saintdieinfo\/#\/schema\/logo\/image\/","url":"https:\/\/vosgesinfo.fr\/app\/uploads\/sites\/4\/2024\/02\/logo-sdi.jpg","contentUrl":"https:\/\/vosgesinfo.fr\/app\/uploads\/sites\/4\/2024\/02\/logo-sdi.jpg","width":600,"height":600,"caption":"Saint Die Info"},"image":{"@id":"https:\/\/vosgesinfo.fr\/saintdieinfo\/#\/schema\/logo\/image\/"},"sameAs":["https:\/\/www.facebook.com\/Saintdieinfofr","https:\/\/x.com\/VosgesInfo88","https:\/\/www.youtube.com\/@vosgesinfo"]},{"@type":"Person","@id":"https:\/\/vosgesinfo.fr\/saintdieinfo\/#\/schema\/person\/faee6704a21f3977511db84bd1cd450f","name":"la r\u00e9daction","image":{"@type":"ImageObject","inLanguage":"fr-FR","@id":"https:\/\/vosgesinfo.fr\/saintdieinfo\/#\/schema\/person\/image\/","url":"https:\/\/secure.gravatar.com\/avatar\/6673d8bc6a9c17fa9a453eaa3448de834fa308c2ec9635b7aa99441a7c8d2cf6?s=96&d=mm&r=g","contentUrl":"https:\/\/secure.gravatar.com\/avatar\/6673d8bc6a9c17fa9a453eaa3448de834fa308c2ec9635b7aa99441a7c8d2cf6?s=96&d=mm&r=g","caption":"la r\u00e9daction"},"url":"https:\/\/vosgesinfo.fr\/saintdieinfo\/author\/redac\/"}]}},"_links":{"self":[{"href":"https:\/\/vosgesinfo.fr\/saintdieinfo\/wp-json\/wp\/v2\/posts\/40414","targetHints":{"allow":["GET"]}}],"collection":[{"href":"https:\/\/vosgesinfo.fr\/saintdieinfo\/wp-json\/wp\/v2\/posts"}],"about":[{"href":"https:\/\/vosgesinfo.fr\/saintdieinfo\/wp-json\/wp\/v2\/types\/post"}],"author":[{"embeddable":true,"href":"https:\/\/vosgesinfo.fr\/saintdieinfo\/wp-json\/wp\/v2\/users\/44"}],"replies":[{"embeddable":true,"href":"https:\/\/vosgesinfo.fr\/saintdieinfo\/wp-json\/wp\/v2\/comments?post=40414"}],"version-history":[{"count":0,"href":"https:\/\/vosgesinfo.fr\/saintdieinfo\/wp-json\/wp\/v2\/posts\/40414\/revisions"}],"wp:featuredmedia":[{"embeddable":true,"href":"https:\/\/vosgesinfo.fr\/saintdieinfo\/wp-json\/wp\/v2\/media\/40415"}],"wp:attachment":[{"href":"https:\/\/vosgesinfo.fr\/saintdieinfo\/wp-json\/wp\/v2\/media?parent=40414"}],"wp:term":[{"taxonomy":"category","embeddable":true,"href":"https:\/\/vosgesinfo.fr\/saintdieinfo\/wp-json\/wp\/v2\/categories?post=40414"},{"taxonomy":"post_tag","embeddable":true,"href":"https:\/\/vosgesinfo.fr\/saintdieinfo\/wp-json\/wp\/v2\/tags?post=40414"}],"curies":[{"name":"wp","href":"https:\/\/api.w.org\/{rel}","templated":true}]}}