{"id":40428,"date":"2021-05-13T08:42:08","date_gmt":"2021-05-13T06:42:08","guid":{"rendered":"https:\/\/vosgesinfo.fr\/saintdieinfo\/2021\/05\/plombieres-tournage-de-serie-combattantes-de-tf1-a-commence\/"},"modified":"2021-05-13T08:42:08","modified_gmt":"2021-05-13T06:42:08","slug":"plombieres-tournage-de-serie-combattantes-de-tf1-a-commence","status":"publish","type":"post","link":"https:\/\/vosgesinfo.fr\/saintdieinfo\/2021\/05\/plombieres-tournage-de-serie-combattantes-de-tf1-a-commence\/","title":{"rendered":"Plombi\u00e8res : le tournage de la s\u00e9rie \u00ab Les Combattantes \u00bb de TF1 a commenc\u00e9"},"content":{"rendered":"<h2><strong>Le tournage de la nouvelle s\u00e9rie de TF1 \u00ab\u00a0Les Combattantes\u00a0\u00bb a d\u00e9marr\u00e9 ce mercredi dans les rues de Plombi\u00e8res. Depuis quelques jours, le c\u0153ur historique de la ville est transform\u00e9 par l\u2019\u00e9quipe de d\u00e9coration.<\/strong><\/h2>\n<p>\u00ab Les Combattantes \u00bb, est une nouvelle s\u00e9rie \u00ab d\u2019\u00e9poque \u00bb, command\u00e9e par TF1 suite au fort succ\u00e8s du \u00ab Bazar de la Charit\u00e9 \u00bb. Elle est r\u00e9alis\u00e9e par Alexandre Laurent. Une mini-s\u00e9rie de huit \u00e9pisodes de quelque 52 minutes, \u00e9crite par C\u00e9cile Lorne et Camille Treiner, avec la collaboration d\u2019Alexandre Laurent, et d\u2019apr\u00e8s une id\u00e9e originale de C\u00e9cile Lorne. Elle est produite par Quad Drama, Iris Bucher, en coproduction avec TF1. Le projet re\u00e7oit le soutien du CNC, de la R\u00e9gion Grand Est et du D\u00e9partement des Vosges, de la Procirep et de l\u2019Angoa. Au casting, on retrouve notamment Audrey Fleurot, Julie de Bona, Camille Lou et Sofia Essa\u00efdi. Mais aussi Laurent Gerra, Tom Leeb, ou encore Sandrine Bonnaire.<\/p>\n","protected":false},"excerpt":{"rendered":"<p>Le tournage de la nouvelle s\u00e9rie de TF1 \u00ab\u00a0Les Combattantes\u00a0\u00bb a d\u00e9marr\u00e9 ce mercredi dans les rues de Plombi\u00e8res. Depuis [&hellip;]<\/p>\n","protected":false},"author":44,"featured_media":26930,"comment_status":"open","ping_status":"open","sticky":false,"template":"","format":"standard","meta":{"footnotes":""},"categories":[460,7847,18],"tags":[8007],"class_list":["post-40428","post","type-post","status-publish","format-standard","has-post-thumbnail","hentry","category-a-la-une","category-art-culture","category-vosges","tag-les-combattantes"],"acf":[],"yoast_head":"<!-- This site is optimized with the Yoast SEO plugin v22.5 - https:\/\/yoast.com\/wordpress\/plugins\/seo\/ -->\n<title>Plombi\u00e8res : le tournage de la s\u00e9rie \u00ab Les Combattantes \u00bb de TF1 a commenc\u00e9 - Saint Die Info<\/title>\n<meta name=\"robots\" content=\"index, follow, max-snippet:-1, max-image-preview:large, max-video-preview:-1\" \/>\n<link rel=\"canonical\" href=\"https:\/\/vosgesinfo.fr\/saintdieinfo\/2021\/05\/plombieres-tournage-de-serie-combattantes-de-tf1-a-commence\/\" \/>\n<meta name=\"twitter:card\" content=\"summary_large_image\" \/>\n<meta name=\"twitter:title\" content=\"Plombi\u00e8res : le tournage de la s\u00e9rie \u00ab Les Combattantes \u00bb de TF1 a commenc\u00e9 - Saint Die Info\" \/>\n<meta name=\"twitter:description\" content=\"Le tournage de la nouvelle s\u00e9rie de TF1 \u00ab\u00a0Les Combattantes\u00a0\u00bb a d\u00e9marr\u00e9 ce mercredi dans les rues de Plombi\u00e8res. Depuis [&hellip;]\" \/>\n<meta name=\"twitter:image\" content=\"https:\/\/vosgesinfo.fr\/app\/uploads\/sites\/4\/2023\/10\/unnamed.jpg\" \/>\n<meta name=\"twitter:creator\" content=\"@VosgesInfo88\" \/>\n<meta name=\"twitter:site\" content=\"@VosgesInfo88\" \/>\n<meta name=\"twitter:label1\" content=\"\u00c9crit par\" \/>\n\t<meta name=\"twitter:data1\" content=\"la r\u00e9daction\" \/>\n\t<meta name=\"twitter:label2\" content=\"Dur\u00e9e de lecture estim\u00e9e\" \/>\n\t<meta name=\"twitter:data2\" content=\"1 minute\" \/>\n<script type=\"application\/ld+json\" class=\"yoast-schema-graph\">{\"@context\":\"https:\/\/schema.org\",\"@graph\":[{\"@type\":\"Article\",\"@id\":\"https:\/\/vosgesinfo.fr\/saintdieinfo\/2021\/05\/plombieres-tournage-de-serie-combattantes-de-tf1-a-commence\/#article\",\"isPartOf\":{\"@id\":\"https:\/\/vosgesinfo.fr\/saintdieinfo\/2021\/05\/plombieres-tournage-de-serie-combattantes-de-tf1-a-commence\/\"},\"author\":{\"name\":\"la r\u00e9daction\",\"@id\":\"https:\/\/vosgesinfo.fr\/saintdieinfo\/#\/schema\/person\/faee6704a21f3977511db84bd1cd450f\"},\"headline\":\"Plombi\u00e8res : le tournage de la s\u00e9rie \u00ab Les Combattantes \u00bb de TF1 a commenc\u00e9\",\"datePublished\":\"2021-05-13T06:42:08+00:00\",\"dateModified\":\"2021-05-13T06:42:08+00:00\",\"mainEntityOfPage\":{\"@id\":\"https:\/\/vosgesinfo.fr\/saintdieinfo\/2021\/05\/plombieres-tournage-de-serie-combattantes-de-tf1-a-commence\/\"},\"wordCount\":185,\"commentCount\":0,\"publisher\":{\"@id\":\"https:\/\/vosgesinfo.fr\/saintdieinfo\/#organization\"},\"image\":{\"@id\":\"https:\/\/vosgesinfo.fr\/saintdieinfo\/2021\/05\/plombieres-tournage-de-serie-combattantes-de-tf1-a-commence\/#primaryimage\"},\"thumbnailUrl\":\"https:\/\/vosgesinfo.fr\/app\/uploads\/sites\/4\/2023\/10\/unnamed.jpg\",\"keywords\":[\"Les Combattantes\"],\"articleSection\":[\"A la Une\",\"Culture\",\"Vosges\"],\"inLanguage\":\"fr-FR\",\"potentialAction\":[{\"@type\":\"CommentAction\",\"name\":\"Comment\",\"target\":[\"https:\/\/vosgesinfo.fr\/saintdieinfo\/2021\/05\/plombieres-tournage-de-serie-combattantes-de-tf1-a-commence\/#respond\"]}]},{\"@type\":\"WebPage\",\"@id\":\"https:\/\/vosgesinfo.fr\/saintdieinfo\/2021\/05\/plombieres-tournage-de-serie-combattantes-de-tf1-a-commence\/\",\"url\":\"https:\/\/vosgesinfo.fr\/saintdieinfo\/2021\/05\/plombieres-tournage-de-serie-combattantes-de-tf1-a-commence\/\",\"name\":\"Plombi\u00e8res : le tournage de la s\u00e9rie \u00ab Les Combattantes \u00bb de TF1 a commenc\u00e9 - Saint Die Info\",\"isPartOf\":{\"@id\":\"https:\/\/vosgesinfo.fr\/saintdieinfo\/#website\"},\"primaryImageOfPage\":{\"@id\":\"https:\/\/vosgesinfo.fr\/saintdieinfo\/2021\/05\/plombieres-tournage-de-serie-combattantes-de-tf1-a-commence\/#primaryimage\"},\"image\":{\"@id\":\"https:\/\/vosgesinfo.fr\/saintdieinfo\/2021\/05\/plombieres-tournage-de-serie-combattantes-de-tf1-a-commence\/#primaryimage\"},\"thumbnailUrl\":\"https:\/\/vosgesinfo.fr\/app\/uploads\/sites\/4\/2023\/10\/unnamed.jpg\",\"datePublished\":\"2021-05-13T06:42:08+00:00\",\"dateModified\":\"2021-05-13T06:42:08+00:00\",\"breadcrumb\":{\"@id\":\"https:\/\/vosgesinfo.fr\/saintdieinfo\/2021\/05\/plombieres-tournage-de-serie-combattantes-de-tf1-a-commence\/#breadcrumb\"},\"inLanguage\":\"fr-FR\",\"potentialAction\":[{\"@type\":\"ReadAction\",\"target\":[\"https:\/\/vosgesinfo.fr\/saintdieinfo\/2021\/05\/plombieres-tournage-de-serie-combattantes-de-tf1-a-commence\/\"]}]},{\"@type\":\"ImageObject\",\"inLanguage\":\"fr-FR\",\"@id\":\"https:\/\/vosgesinfo.fr\/saintdieinfo\/2021\/05\/plombieres-tournage-de-serie-combattantes-de-tf1-a-commence\/#primaryimage\",\"url\":\"https:\/\/vosgesinfo.fr\/app\/uploads\/sites\/4\/2023\/10\/unnamed.jpg\",\"contentUrl\":\"https:\/\/vosgesinfo.fr\/app\/uploads\/sites\/4\/2023\/10\/unnamed.jpg\"},{\"@type\":\"BreadcrumbList\",\"@id\":\"https:\/\/vosgesinfo.fr\/saintdieinfo\/2021\/05\/plombieres-tournage-de-serie-combattantes-de-tf1-a-commence\/#breadcrumb\",\"itemListElement\":[{\"@type\":\"ListItem\",\"position\":1,\"name\":\"Home\",\"item\":\"https:\/\/vosgesinfo.fr\/saintdieinfo\/\"},{\"@type\":\"ListItem\",\"position\":2,\"name\":\"Plombi\u00e8res : le tournage de la s\u00e9rie \u00ab Les Combattantes \u00bb de TF1 a commenc\u00e9\"}]},{\"@type\":\"WebSite\",\"@id\":\"https:\/\/vosgesinfo.fr\/saintdieinfo\/#website\",\"url\":\"https:\/\/vosgesinfo.fr\/saintdieinfo\/\",\"name\":\"Saint Die Info\",\"description\":\"Toute l&#039;actualit\u00e9 de Saint-Di\u00e9-Des-Vosges\",\"publisher\":{\"@id\":\"https:\/\/vosgesinfo.fr\/saintdieinfo\/#organization\"},\"alternateName\":\"Toute l'actualit\u00e9 de Saint-Di\u00e9-Des-Vosges\",\"potentialAction\":[{\"@type\":\"SearchAction\",\"target\":{\"@type\":\"EntryPoint\",\"urlTemplate\":\"https:\/\/vosgesinfo.fr\/saintdieinfo\/?s={search_term_string}\"},\"query-input\":\"required name=search_term_string\"}],\"inLanguage\":\"fr-FR\"},{\"@type\":\"Organization\",\"@id\":\"https:\/\/vosgesinfo.fr\/saintdieinfo\/#organization\",\"name\":\"Saint Die Info\",\"url\":\"https:\/\/vosgesinfo.fr\/saintdieinfo\/\",\"logo\":{\"@type\":\"ImageObject\",\"inLanguage\":\"fr-FR\",\"@id\":\"https:\/\/vosgesinfo.fr\/saintdieinfo\/#\/schema\/logo\/image\/\",\"url\":\"https:\/\/vosgesinfo.fr\/app\/uploads\/sites\/4\/2024\/02\/logo-sdi.jpg\",\"contentUrl\":\"https:\/\/vosgesinfo.fr\/app\/uploads\/sites\/4\/2024\/02\/logo-sdi.jpg\",\"width\":600,\"height\":600,\"caption\":\"Saint Die Info\"},\"image\":{\"@id\":\"https:\/\/vosgesinfo.fr\/saintdieinfo\/#\/schema\/logo\/image\/\"},\"sameAs\":[\"https:\/\/www.facebook.com\/Saintdieinfofr\",\"https:\/\/x.com\/VosgesInfo88\",\"https:\/\/www.youtube.com\/@vosgesinfo\"]},{\"@type\":\"Person\",\"@id\":\"https:\/\/vosgesinfo.fr\/saintdieinfo\/#\/schema\/person\/faee6704a21f3977511db84bd1cd450f\",\"name\":\"la r\u00e9daction\",\"image\":{\"@type\":\"ImageObject\",\"inLanguage\":\"fr-FR\",\"@id\":\"https:\/\/vosgesinfo.fr\/saintdieinfo\/#\/schema\/person\/image\/\",\"url\":\"https:\/\/secure.gravatar.com\/avatar\/6673d8bc6a9c17fa9a453eaa3448de834fa308c2ec9635b7aa99441a7c8d2cf6?s=96&d=mm&r=g\",\"contentUrl\":\"https:\/\/secure.gravatar.com\/avatar\/6673d8bc6a9c17fa9a453eaa3448de834fa308c2ec9635b7aa99441a7c8d2cf6?s=96&d=mm&r=g\",\"caption\":\"la r\u00e9daction\"},\"url\":\"https:\/\/vosgesinfo.fr\/saintdieinfo\/author\/redac\/\"}]}<\/script>\n<!-- \/ Yoast SEO plugin. -->","yoast_head_json":{"title":"Plombi\u00e8res : le tournage de la s\u00e9rie \u00ab Les Combattantes \u00bb de TF1 a commenc\u00e9 - Saint Die Info","robots":{"index":"index","follow":"follow","max-snippet":"max-snippet:-1","max-image-preview":"max-image-preview:large","max-video-preview":"max-video-preview:-1"},"canonical":"https:\/\/vosgesinfo.fr\/saintdieinfo\/2021\/05\/plombieres-tournage-de-serie-combattantes-de-tf1-a-commence\/","twitter_card":"summary_large_image","twitter_title":"Plombi\u00e8res : le tournage de la s\u00e9rie \u00ab Les Combattantes \u00bb de TF1 a commenc\u00e9 - Saint Die Info","twitter_description":"Le tournage de la nouvelle s\u00e9rie de TF1 \u00ab\u00a0Les Combattantes\u00a0\u00bb a d\u00e9marr\u00e9 ce mercredi dans les rues de Plombi\u00e8res. Depuis [&hellip;]","twitter_image":"https:\/\/vosgesinfo.fr\/app\/uploads\/sites\/4\/2023\/10\/unnamed.jpg","twitter_creator":"@VosgesInfo88","twitter_site":"@VosgesInfo88","twitter_misc":{"\u00c9crit par":"la r\u00e9daction","Dur\u00e9e de lecture estim\u00e9e":"1 minute"},"schema":{"@context":"https:\/\/schema.org","@graph":[{"@type":"Article","@id":"https:\/\/vosgesinfo.fr\/saintdieinfo\/2021\/05\/plombieres-tournage-de-serie-combattantes-de-tf1-a-commence\/#article","isPartOf":{"@id":"https:\/\/vosgesinfo.fr\/saintdieinfo\/2021\/05\/plombieres-tournage-de-serie-combattantes-de-tf1-a-commence\/"},"author":{"name":"la r\u00e9daction","@id":"https:\/\/vosgesinfo.fr\/saintdieinfo\/#\/schema\/person\/faee6704a21f3977511db84bd1cd450f"},"headline":"Plombi\u00e8res : le tournage de la s\u00e9rie \u00ab Les Combattantes \u00bb de TF1 a commenc\u00e9","datePublished":"2021-05-13T06:42:08+00:00","dateModified":"2021-05-13T06:42:08+00:00","mainEntityOfPage":{"@id":"https:\/\/vosgesinfo.fr\/saintdieinfo\/2021\/05\/plombieres-tournage-de-serie-combattantes-de-tf1-a-commence\/"},"wordCount":185,"commentCount":0,"publisher":{"@id":"https:\/\/vosgesinfo.fr\/saintdieinfo\/#organization"},"image":{"@id":"https:\/\/vosgesinfo.fr\/saintdieinfo\/2021\/05\/plombieres-tournage-de-serie-combattantes-de-tf1-a-commence\/#primaryimage"},"thumbnailUrl":"https:\/\/vosgesinfo.fr\/app\/uploads\/sites\/4\/2023\/10\/unnamed.jpg","keywords":["Les Combattantes"],"articleSection":["A la Une","Culture","Vosges"],"inLanguage":"fr-FR","potentialAction":[{"@type":"CommentAction","name":"Comment","target":["https:\/\/vosgesinfo.fr\/saintdieinfo\/2021\/05\/plombieres-tournage-de-serie-combattantes-de-tf1-a-commence\/#respond"]}]},{"@type":"WebPage","@id":"https:\/\/vosgesinfo.fr\/saintdieinfo\/2021\/05\/plombieres-tournage-de-serie-combattantes-de-tf1-a-commence\/","url":"https:\/\/vosgesinfo.fr\/saintdieinfo\/2021\/05\/plombieres-tournage-de-serie-combattantes-de-tf1-a-commence\/","name":"Plombi\u00e8res : le tournage de la s\u00e9rie \u00ab Les Combattantes \u00bb de TF1 a commenc\u00e9 - Saint Die Info","isPartOf":{"@id":"https:\/\/vosgesinfo.fr\/saintdieinfo\/#website"},"primaryImageOfPage":{"@id":"https:\/\/vosgesinfo.fr\/saintdieinfo\/2021\/05\/plombieres-tournage-de-serie-combattantes-de-tf1-a-commence\/#primaryimage"},"image":{"@id":"https:\/\/vosgesinfo.fr\/saintdieinfo\/2021\/05\/plombieres-tournage-de-serie-combattantes-de-tf1-a-commence\/#primaryimage"},"thumbnailUrl":"https:\/\/vosgesinfo.fr\/app\/uploads\/sites\/4\/2023\/10\/unnamed.jpg","datePublished":"2021-05-13T06:42:08+00:00","dateModified":"2021-05-13T06:42:08+00:00","breadcrumb":{"@id":"https:\/\/vosgesinfo.fr\/saintdieinfo\/2021\/05\/plombieres-tournage-de-serie-combattantes-de-tf1-a-commence\/#breadcrumb"},"inLanguage":"fr-FR","potentialAction":[{"@type":"ReadAction","target":["https:\/\/vosgesinfo.fr\/saintdieinfo\/2021\/05\/plombieres-tournage-de-serie-combattantes-de-tf1-a-commence\/"]}]},{"@type":"ImageObject","inLanguage":"fr-FR","@id":"https:\/\/vosgesinfo.fr\/saintdieinfo\/2021\/05\/plombieres-tournage-de-serie-combattantes-de-tf1-a-commence\/#primaryimage","url":"https:\/\/vosgesinfo.fr\/app\/uploads\/sites\/4\/2023\/10\/unnamed.jpg","contentUrl":"https:\/\/vosgesinfo.fr\/app\/uploads\/sites\/4\/2023\/10\/unnamed.jpg"},{"@type":"BreadcrumbList","@id":"https:\/\/vosgesinfo.fr\/saintdieinfo\/2021\/05\/plombieres-tournage-de-serie-combattantes-de-tf1-a-commence\/#breadcrumb","itemListElement":[{"@type":"ListItem","position":1,"name":"Home","item":"https:\/\/vosgesinfo.fr\/saintdieinfo\/"},{"@type":"ListItem","position":2,"name":"Plombi\u00e8res : le tournage de la s\u00e9rie \u00ab Les Combattantes \u00bb de TF1 a commenc\u00e9"}]},{"@type":"WebSite","@id":"https:\/\/vosgesinfo.fr\/saintdieinfo\/#website","url":"https:\/\/vosgesinfo.fr\/saintdieinfo\/","name":"Saint Die Info","description":"Toute l&#039;actualit\u00e9 de Saint-Di\u00e9-Des-Vosges","publisher":{"@id":"https:\/\/vosgesinfo.fr\/saintdieinfo\/#organization"},"alternateName":"Toute l'actualit\u00e9 de Saint-Di\u00e9-Des-Vosges","potentialAction":[{"@type":"SearchAction","target":{"@type":"EntryPoint","urlTemplate":"https:\/\/vosgesinfo.fr\/saintdieinfo\/?s={search_term_string}"},"query-input":"required name=search_term_string"}],"inLanguage":"fr-FR"},{"@type":"Organization","@id":"https:\/\/vosgesinfo.fr\/saintdieinfo\/#organization","name":"Saint Die Info","url":"https:\/\/vosgesinfo.fr\/saintdieinfo\/","logo":{"@type":"ImageObject","inLanguage":"fr-FR","@id":"https:\/\/vosgesinfo.fr\/saintdieinfo\/#\/schema\/logo\/image\/","url":"https:\/\/vosgesinfo.fr\/app\/uploads\/sites\/4\/2024\/02\/logo-sdi.jpg","contentUrl":"https:\/\/vosgesinfo.fr\/app\/uploads\/sites\/4\/2024\/02\/logo-sdi.jpg","width":600,"height":600,"caption":"Saint Die Info"},"image":{"@id":"https:\/\/vosgesinfo.fr\/saintdieinfo\/#\/schema\/logo\/image\/"},"sameAs":["https:\/\/www.facebook.com\/Saintdieinfofr","https:\/\/x.com\/VosgesInfo88","https:\/\/www.youtube.com\/@vosgesinfo"]},{"@type":"Person","@id":"https:\/\/vosgesinfo.fr\/saintdieinfo\/#\/schema\/person\/faee6704a21f3977511db84bd1cd450f","name":"la r\u00e9daction","image":{"@type":"ImageObject","inLanguage":"fr-FR","@id":"https:\/\/vosgesinfo.fr\/saintdieinfo\/#\/schema\/person\/image\/","url":"https:\/\/secure.gravatar.com\/avatar\/6673d8bc6a9c17fa9a453eaa3448de834fa308c2ec9635b7aa99441a7c8d2cf6?s=96&d=mm&r=g","contentUrl":"https:\/\/secure.gravatar.com\/avatar\/6673d8bc6a9c17fa9a453eaa3448de834fa308c2ec9635b7aa99441a7c8d2cf6?s=96&d=mm&r=g","caption":"la r\u00e9daction"},"url":"https:\/\/vosgesinfo.fr\/saintdieinfo\/author\/redac\/"}]}},"_links":{"self":[{"href":"https:\/\/vosgesinfo.fr\/saintdieinfo\/wp-json\/wp\/v2\/posts\/40428","targetHints":{"allow":["GET"]}}],"collection":[{"href":"https:\/\/vosgesinfo.fr\/saintdieinfo\/wp-json\/wp\/v2\/posts"}],"about":[{"href":"https:\/\/vosgesinfo.fr\/saintdieinfo\/wp-json\/wp\/v2\/types\/post"}],"author":[{"embeddable":true,"href":"https:\/\/vosgesinfo.fr\/saintdieinfo\/wp-json\/wp\/v2\/users\/44"}],"replies":[{"embeddable":true,"href":"https:\/\/vosgesinfo.fr\/saintdieinfo\/wp-json\/wp\/v2\/comments?post=40428"}],"version-history":[{"count":0,"href":"https:\/\/vosgesinfo.fr\/saintdieinfo\/wp-json\/wp\/v2\/posts\/40428\/revisions"}],"wp:featuredmedia":[{"embeddable":true,"href":"https:\/\/vosgesinfo.fr\/saintdieinfo\/wp-json\/wp\/v2\/media\/26930"}],"wp:attachment":[{"href":"https:\/\/vosgesinfo.fr\/saintdieinfo\/wp-json\/wp\/v2\/media?parent=40428"}],"wp:term":[{"taxonomy":"category","embeddable":true,"href":"https:\/\/vosgesinfo.fr\/saintdieinfo\/wp-json\/wp\/v2\/categories?post=40428"},{"taxonomy":"post_tag","embeddable":true,"href":"https:\/\/vosgesinfo.fr\/saintdieinfo\/wp-json\/wp\/v2\/tags?post=40428"}],"curies":[{"name":"wp","href":"https:\/\/api.w.org\/{rel}","templated":true}]}}