{"id":40487,"date":"2021-05-21T20:02:24","date_gmt":"2021-05-21T18:02:24","guid":{"rendered":"https:\/\/vosgesinfo.fr\/saintdieinfo\/2021\/05\/nouvelle-etape-vers-retour-a-vie-normale-ehpad-de-communaute-detablissements-de-deodatie\/"},"modified":"2021-05-21T20:02:24","modified_gmt":"2021-05-21T18:02:24","slug":"nouvelle-etape-vers-retour-a-vie-normale-ehpad-de-communaute-detablissements-de-deodatie","status":"publish","type":"post","link":"https:\/\/vosgesinfo.fr\/saintdieinfo\/2021\/05\/nouvelle-etape-vers-retour-a-vie-normale-ehpad-de-communaute-detablissements-de-deodatie\/","title":{"rendered":"Nouvelle \u00e9tape vers un retour \u00e0 la vie normale dans les EHPAD de la Communaut\u00e9 d&rsquo;Etablissements de la D\u00e9odatie"},"content":{"rendered":"<h2 align=\"JUSTIFY\"><span style=\"font-size: 14pt;\"><strong><span style=\"font-family: Arial, serif;\">Apr\u00e8s une premi\u00e8re \u00e9tape d\u2019assouplissements des conditions de visites en EHPAD et USLD, le 13 mars dernier, les structures se pr\u00e9parent \u00e0 un retour progressif \u00e0 la normale qui doit n\u00e9anmoins s\u2019accompagner d\u2019une vigilance renforc\u00e9e quant \u00e0 l\u2019apparition de sympt\u00f4mes \u00e9vocateurs du virus, notamment chez les personnes non encore prot\u00e9g\u00e9es par la vaccination.<\/span><\/strong><\/span><\/h2>\n<p align=\"JUSTIFY\"><!--more--><\/p>\n<p align=\"JUSTIFY\"><span style=\"font-family: Arial, serif; font-size: 12pt;\">En concertation avec les \u00e9quipes pluridisciplinaires des EHPAD de la Communaut\u00e9 d\u2019Etablissements de la D\u00e9odatie* et apr\u00e8s avoir \u00e9chang\u00e9 avec des repr\u00e9sentants du Conseil de la Vie Sociale il a \u00e9t\u00e9 d\u00e9cid\u00e9 des \u00e9volutions suivantes\u00a0: <\/span><\/p>\n<h3 align=\"JUSTIFY\"><strong><span style=\"font-family: Arial, serif; font-size: 12pt;\">A compter du 25 mai, les visites seront propos\u00e9es en chambre dans toutes les unit\u00e9s (EHPAD, USLD, UVP) et seront facilit\u00e9es par\u00a0:<\/span><\/strong><\/h3>\n<ul>\n<li>\n<p align=\"JUSTIFY\"><span style=\"font-family: Arial, serif; font-size: 12pt;\">une augmentation substantielle des RDV disponibles,<\/span><\/p>\n<\/li>\n<li>\n<p align=\"JUSTIFY\"><span style=\"font-family: Arial, serif; font-size: 12pt;\">un \u00e9largissement de la dur\u00e9e des rencontres \u00e0 une heure,<\/span><\/p>\n<\/li>\n<li>\n<p align=\"JUSTIFY\"><span style=\"font-family: Arial, serif; font-size: 12pt;\">l\u2019acc\u00e8s possible pour 2 visiteurs par chambre, dont les enfants de plus de 6 ans capables d&rsquo;observer strictement le port du masque et accompagn\u00e9s d&rsquo;un adulte.<\/span><\/p>\n<\/li>\n<\/ul>\n<p align=\"JUSTIFY\"><span style=\"font-family: Arial, serif; font-size: 12pt;\">Les rencontres peuvent \u00e9galement avoir lieu dans les espaces ext\u00e9rieurs de l\u2019\u00e9tablissement.<\/span><\/p>\n<p align=\"JUSTIFY\"><span style=\"font-family: Arial, serif; font-size: 12pt;\">Les RDV sont \u00e0 r\u00e9server sur les cr\u00e9neaux ouverts tous les jours aupr\u00e8s de l\u2019agent d\u2019accueil des EHPAD respectifs de la communaut\u00e9 d\u2019\u00e9tablissements.<\/span><\/p>\n<p align=\"JUSTIFY\"><span style=\"font-size: 12pt;\"><span style=\"font-family: Arial, serif;\">Outres ces \u00e9volutions relatives aux visites, la vie int\u00e9rieure aux \u00e9tablissements revient progressivement \u00e0 la vie d\u2019avant avec notamment une reprise des <\/span><span style=\"font-family: Arial, serif;\">activit\u00e9s collectives dans les espaces int\u00e9rieurs et ext\u00e9rieurs<\/span><span style=\"font-family: Arial, serif;\">,<\/span><span style=\"font-family: Arial, serif;\"> la c\u00e9l\u00e9bration d\u2019office religieux moyennant un agencement sp\u00e9cifique des salles et un protocole adapt\u00e9 et enfin l\u2019intervention possible des coiffeuses et esth\u00e9ticiennes.<\/span><\/span><\/p>\n<p align=\"JUSTIFY\"><span style=\"font-family: Arial, serif; font-size: 12pt;\">* <\/span><span style=\"font-family: Arial, serif;\"><span style=\"font-size: small;\"><i><span style=\"font-size: 12pt;\">Ces nouvelles mesures ne sont \u00e0 ce jour pas applicables \u00e0 l\u2019\u00e9tablissement de Foucharupt (EHPAD et USLD) o\u00f9 un cluster est en cours d\u2019investigation. Par prudence et afin d\u2019assurer la s\u00e9curit\u00e9 des r\u00e9sidents et professionnels ces mesures sont diff\u00e9r\u00e9es de quelques jours.<\/span> <\/i><\/span><\/span><\/p>\n","protected":false},"excerpt":{"rendered":"<p>Apr\u00e8s une premi\u00e8re \u00e9tape d\u2019assouplissements des conditions de visites en EHPAD et USLD, le 13 mars dernier, les structures se [&hellip;]<\/p>\n","protected":false},"author":44,"featured_media":40488,"comment_status":"open","ping_status":"open","sticky":false,"template":"","format":"standard","meta":{"footnotes":""},"categories":[460,2915,4152,13],"tags":[7891,1072],"class_list":["post-40487","post","type-post","status-publish","format-standard","has-post-thumbnail","hentry","category-a-la-une","category-saint-die-son-canton","category-sante","category-societe","tag-communaute-detablissements-de-la-deodatie","tag-covid-19"],"acf":[],"yoast_head":"<!-- This site is optimized with the Yoast SEO plugin v22.5 - https:\/\/yoast.com\/wordpress\/plugins\/seo\/ -->\n<title>Nouvelle \u00e9tape vers un retour \u00e0 la vie normale dans les EHPAD de la Communaut\u00e9 d&#039;Etablissements de la D\u00e9odatie - Saint Die Info<\/title>\n<meta name=\"robots\" content=\"index, follow, max-snippet:-1, max-image-preview:large, max-video-preview:-1\" \/>\n<link rel=\"canonical\" href=\"https:\/\/vosgesinfo.fr\/saintdieinfo\/2021\/05\/nouvelle-etape-vers-retour-a-vie-normale-ehpad-de-communaute-detablissements-de-deodatie\/\" \/>\n<meta name=\"twitter:card\" content=\"summary_large_image\" \/>\n<meta name=\"twitter:title\" content=\"Nouvelle \u00e9tape vers un retour \u00e0 la vie normale dans les EHPAD de la Communaut\u00e9 d&#039;Etablissements de la D\u00e9odatie - Saint Die Info\" \/>\n<meta name=\"twitter:description\" content=\"Apr\u00e8s une premi\u00e8re \u00e9tape d\u2019assouplissements des conditions de visites en EHPAD et USLD, le 13 mars dernier, les structures se [&hellip;]\" \/>\n<meta name=\"twitter:image\" content=\"https:\/\/vosgesinfo.fr\/app\/uploads\/sites\/4\/2024\/08\/201907communaute-etablissements-deodatie-logo.jpg\" \/>\n<meta name=\"twitter:creator\" content=\"@VosgesInfo88\" \/>\n<meta name=\"twitter:site\" content=\"@VosgesInfo88\" \/>\n<meta name=\"twitter:label1\" content=\"\u00c9crit par\" \/>\n\t<meta name=\"twitter:data1\" content=\"la r\u00e9daction\" \/>\n\t<meta name=\"twitter:label2\" content=\"Dur\u00e9e de lecture estim\u00e9e\" \/>\n\t<meta name=\"twitter:data2\" content=\"2 minutes\" \/>\n<script type=\"application\/ld+json\" class=\"yoast-schema-graph\">{\"@context\":\"https:\/\/schema.org\",\"@graph\":[{\"@type\":\"Article\",\"@id\":\"https:\/\/vosgesinfo.fr\/saintdieinfo\/2021\/05\/nouvelle-etape-vers-retour-a-vie-normale-ehpad-de-communaute-detablissements-de-deodatie\/#article\",\"isPartOf\":{\"@id\":\"https:\/\/vosgesinfo.fr\/saintdieinfo\/2021\/05\/nouvelle-etape-vers-retour-a-vie-normale-ehpad-de-communaute-detablissements-de-deodatie\/\"},\"author\":{\"name\":\"la r\u00e9daction\",\"@id\":\"https:\/\/vosgesinfo.fr\/saintdieinfo\/#\/schema\/person\/faee6704a21f3977511db84bd1cd450f\"},\"headline\":\"Nouvelle \u00e9tape vers un retour \u00e0 la vie normale dans les EHPAD de la Communaut\u00e9 d&rsquo;Etablissements de la D\u00e9odatie\",\"datePublished\":\"2021-05-21T18:02:24+00:00\",\"dateModified\":\"2021-05-21T18:02:24+00:00\",\"mainEntityOfPage\":{\"@id\":\"https:\/\/vosgesinfo.fr\/saintdieinfo\/2021\/05\/nouvelle-etape-vers-retour-a-vie-normale-ehpad-de-communaute-detablissements-de-deodatie\/\"},\"wordCount\":341,\"commentCount\":0,\"publisher\":{\"@id\":\"https:\/\/vosgesinfo.fr\/saintdieinfo\/#organization\"},\"image\":{\"@id\":\"https:\/\/vosgesinfo.fr\/saintdieinfo\/2021\/05\/nouvelle-etape-vers-retour-a-vie-normale-ehpad-de-communaute-detablissements-de-deodatie\/#primaryimage\"},\"thumbnailUrl\":\"https:\/\/vosgesinfo.fr\/app\/uploads\/sites\/4\/2024\/08\/201907communaute-etablissements-deodatie-logo.jpg\",\"keywords\":[\"Communaut\u00e9 d'Etablissements de la D\u00e9odatie\",\"Covid-19\"],\"articleSection\":[\"A la Une\",\"Saint-Di\u00e9-des-Vosges et son Agglom\u00e9ration\",\"Sant\u00e9\",\"Soci\u00e9t\u00e9\"],\"inLanguage\":\"fr-FR\",\"potentialAction\":[{\"@type\":\"CommentAction\",\"name\":\"Comment\",\"target\":[\"https:\/\/vosgesinfo.fr\/saintdieinfo\/2021\/05\/nouvelle-etape-vers-retour-a-vie-normale-ehpad-de-communaute-detablissements-de-deodatie\/#respond\"]}]},{\"@type\":\"WebPage\",\"@id\":\"https:\/\/vosgesinfo.fr\/saintdieinfo\/2021\/05\/nouvelle-etape-vers-retour-a-vie-normale-ehpad-de-communaute-detablissements-de-deodatie\/\",\"url\":\"https:\/\/vosgesinfo.fr\/saintdieinfo\/2021\/05\/nouvelle-etape-vers-retour-a-vie-normale-ehpad-de-communaute-detablissements-de-deodatie\/\",\"name\":\"Nouvelle \u00e9tape vers un retour \u00e0 la vie normale dans les EHPAD de la Communaut\u00e9 d'Etablissements de la D\u00e9odatie - Saint Die Info\",\"isPartOf\":{\"@id\":\"https:\/\/vosgesinfo.fr\/saintdieinfo\/#website\"},\"primaryImageOfPage\":{\"@id\":\"https:\/\/vosgesinfo.fr\/saintdieinfo\/2021\/05\/nouvelle-etape-vers-retour-a-vie-normale-ehpad-de-communaute-detablissements-de-deodatie\/#primaryimage\"},\"image\":{\"@id\":\"https:\/\/vosgesinfo.fr\/saintdieinfo\/2021\/05\/nouvelle-etape-vers-retour-a-vie-normale-ehpad-de-communaute-detablissements-de-deodatie\/#primaryimage\"},\"thumbnailUrl\":\"https:\/\/vosgesinfo.fr\/app\/uploads\/sites\/4\/2024\/08\/201907communaute-etablissements-deodatie-logo.jpg\",\"datePublished\":\"2021-05-21T18:02:24+00:00\",\"dateModified\":\"2021-05-21T18:02:24+00:00\",\"breadcrumb\":{\"@id\":\"https:\/\/vosgesinfo.fr\/saintdieinfo\/2021\/05\/nouvelle-etape-vers-retour-a-vie-normale-ehpad-de-communaute-detablissements-de-deodatie\/#breadcrumb\"},\"inLanguage\":\"fr-FR\",\"potentialAction\":[{\"@type\":\"ReadAction\",\"target\":[\"https:\/\/vosgesinfo.fr\/saintdieinfo\/2021\/05\/nouvelle-etape-vers-retour-a-vie-normale-ehpad-de-communaute-detablissements-de-deodatie\/\"]}]},{\"@type\":\"ImageObject\",\"inLanguage\":\"fr-FR\",\"@id\":\"https:\/\/vosgesinfo.fr\/saintdieinfo\/2021\/05\/nouvelle-etape-vers-retour-a-vie-normale-ehpad-de-communaute-detablissements-de-deodatie\/#primaryimage\",\"url\":\"https:\/\/vosgesinfo.fr\/app\/uploads\/sites\/4\/2024\/08\/201907communaute-etablissements-deodatie-logo.jpg\",\"contentUrl\":\"https:\/\/vosgesinfo.fr\/app\/uploads\/sites\/4\/2024\/08\/201907communaute-etablissements-deodatie-logo.jpg\",\"width\":500,\"height\":384},{\"@type\":\"BreadcrumbList\",\"@id\":\"https:\/\/vosgesinfo.fr\/saintdieinfo\/2021\/05\/nouvelle-etape-vers-retour-a-vie-normale-ehpad-de-communaute-detablissements-de-deodatie\/#breadcrumb\",\"itemListElement\":[{\"@type\":\"ListItem\",\"position\":1,\"name\":\"Home\",\"item\":\"https:\/\/vosgesinfo.fr\/saintdieinfo\/\"},{\"@type\":\"ListItem\",\"position\":2,\"name\":\"Nouvelle \u00e9tape vers un retour \u00e0 la vie normale dans les EHPAD de la Communaut\u00e9 d&rsquo;Etablissements de la D\u00e9odatie\"}]},{\"@type\":\"WebSite\",\"@id\":\"https:\/\/vosgesinfo.fr\/saintdieinfo\/#website\",\"url\":\"https:\/\/vosgesinfo.fr\/saintdieinfo\/\",\"name\":\"Saint Die Info\",\"description\":\"Toute l&#039;actualit\u00e9 de Saint-Di\u00e9-Des-Vosges\",\"publisher\":{\"@id\":\"https:\/\/vosgesinfo.fr\/saintdieinfo\/#organization\"},\"alternateName\":\"Toute l'actualit\u00e9 de Saint-Di\u00e9-Des-Vosges\",\"potentialAction\":[{\"@type\":\"SearchAction\",\"target\":{\"@type\":\"EntryPoint\",\"urlTemplate\":\"https:\/\/vosgesinfo.fr\/saintdieinfo\/?s={search_term_string}\"},\"query-input\":\"required name=search_term_string\"}],\"inLanguage\":\"fr-FR\"},{\"@type\":\"Organization\",\"@id\":\"https:\/\/vosgesinfo.fr\/saintdieinfo\/#organization\",\"name\":\"Saint Die Info\",\"url\":\"https:\/\/vosgesinfo.fr\/saintdieinfo\/\",\"logo\":{\"@type\":\"ImageObject\",\"inLanguage\":\"fr-FR\",\"@id\":\"https:\/\/vosgesinfo.fr\/saintdieinfo\/#\/schema\/logo\/image\/\",\"url\":\"https:\/\/vosgesinfo.fr\/app\/uploads\/sites\/4\/2024\/02\/logo-sdi.jpg\",\"contentUrl\":\"https:\/\/vosgesinfo.fr\/app\/uploads\/sites\/4\/2024\/02\/logo-sdi.jpg\",\"width\":600,\"height\":600,\"caption\":\"Saint Die Info\"},\"image\":{\"@id\":\"https:\/\/vosgesinfo.fr\/saintdieinfo\/#\/schema\/logo\/image\/\"},\"sameAs\":[\"https:\/\/www.facebook.com\/Saintdieinfofr\",\"https:\/\/x.com\/VosgesInfo88\",\"https:\/\/www.youtube.com\/@vosgesinfo\"]},{\"@type\":\"Person\",\"@id\":\"https:\/\/vosgesinfo.fr\/saintdieinfo\/#\/schema\/person\/faee6704a21f3977511db84bd1cd450f\",\"name\":\"la r\u00e9daction\",\"image\":{\"@type\":\"ImageObject\",\"inLanguage\":\"fr-FR\",\"@id\":\"https:\/\/vosgesinfo.fr\/saintdieinfo\/#\/schema\/person\/image\/\",\"url\":\"https:\/\/secure.gravatar.com\/avatar\/6673d8bc6a9c17fa9a453eaa3448de834fa308c2ec9635b7aa99441a7c8d2cf6?s=96&d=mm&r=g\",\"contentUrl\":\"https:\/\/secure.gravatar.com\/avatar\/6673d8bc6a9c17fa9a453eaa3448de834fa308c2ec9635b7aa99441a7c8d2cf6?s=96&d=mm&r=g\",\"caption\":\"la r\u00e9daction\"},\"url\":\"https:\/\/vosgesinfo.fr\/saintdieinfo\/author\/redac\/\"}]}<\/script>\n<!-- \/ Yoast SEO plugin. -->","yoast_head_json":{"title":"Nouvelle \u00e9tape vers un retour \u00e0 la vie normale dans les EHPAD de la Communaut\u00e9 d'Etablissements de la D\u00e9odatie - Saint Die Info","robots":{"index":"index","follow":"follow","max-snippet":"max-snippet:-1","max-image-preview":"max-image-preview:large","max-video-preview":"max-video-preview:-1"},"canonical":"https:\/\/vosgesinfo.fr\/saintdieinfo\/2021\/05\/nouvelle-etape-vers-retour-a-vie-normale-ehpad-de-communaute-detablissements-de-deodatie\/","twitter_card":"summary_large_image","twitter_title":"Nouvelle \u00e9tape vers un retour \u00e0 la vie normale dans les EHPAD de la Communaut\u00e9 d'Etablissements de la D\u00e9odatie - Saint Die Info","twitter_description":"Apr\u00e8s une premi\u00e8re \u00e9tape d\u2019assouplissements des conditions de visites en EHPAD et USLD, le 13 mars dernier, les structures se [&hellip;]","twitter_image":"https:\/\/vosgesinfo.fr\/app\/uploads\/sites\/4\/2024\/08\/201907communaute-etablissements-deodatie-logo.jpg","twitter_creator":"@VosgesInfo88","twitter_site":"@VosgesInfo88","twitter_misc":{"\u00c9crit par":"la r\u00e9daction","Dur\u00e9e de lecture estim\u00e9e":"2 minutes"},"schema":{"@context":"https:\/\/schema.org","@graph":[{"@type":"Article","@id":"https:\/\/vosgesinfo.fr\/saintdieinfo\/2021\/05\/nouvelle-etape-vers-retour-a-vie-normale-ehpad-de-communaute-detablissements-de-deodatie\/#article","isPartOf":{"@id":"https:\/\/vosgesinfo.fr\/saintdieinfo\/2021\/05\/nouvelle-etape-vers-retour-a-vie-normale-ehpad-de-communaute-detablissements-de-deodatie\/"},"author":{"name":"la r\u00e9daction","@id":"https:\/\/vosgesinfo.fr\/saintdieinfo\/#\/schema\/person\/faee6704a21f3977511db84bd1cd450f"},"headline":"Nouvelle \u00e9tape vers un retour \u00e0 la vie normale dans les EHPAD de la Communaut\u00e9 d&rsquo;Etablissements de la D\u00e9odatie","datePublished":"2021-05-21T18:02:24+00:00","dateModified":"2021-05-21T18:02:24+00:00","mainEntityOfPage":{"@id":"https:\/\/vosgesinfo.fr\/saintdieinfo\/2021\/05\/nouvelle-etape-vers-retour-a-vie-normale-ehpad-de-communaute-detablissements-de-deodatie\/"},"wordCount":341,"commentCount":0,"publisher":{"@id":"https:\/\/vosgesinfo.fr\/saintdieinfo\/#organization"},"image":{"@id":"https:\/\/vosgesinfo.fr\/saintdieinfo\/2021\/05\/nouvelle-etape-vers-retour-a-vie-normale-ehpad-de-communaute-detablissements-de-deodatie\/#primaryimage"},"thumbnailUrl":"https:\/\/vosgesinfo.fr\/app\/uploads\/sites\/4\/2024\/08\/201907communaute-etablissements-deodatie-logo.jpg","keywords":["Communaut\u00e9 d'Etablissements de la D\u00e9odatie","Covid-19"],"articleSection":["A la Une","Saint-Di\u00e9-des-Vosges et son Agglom\u00e9ration","Sant\u00e9","Soci\u00e9t\u00e9"],"inLanguage":"fr-FR","potentialAction":[{"@type":"CommentAction","name":"Comment","target":["https:\/\/vosgesinfo.fr\/saintdieinfo\/2021\/05\/nouvelle-etape-vers-retour-a-vie-normale-ehpad-de-communaute-detablissements-de-deodatie\/#respond"]}]},{"@type":"WebPage","@id":"https:\/\/vosgesinfo.fr\/saintdieinfo\/2021\/05\/nouvelle-etape-vers-retour-a-vie-normale-ehpad-de-communaute-detablissements-de-deodatie\/","url":"https:\/\/vosgesinfo.fr\/saintdieinfo\/2021\/05\/nouvelle-etape-vers-retour-a-vie-normale-ehpad-de-communaute-detablissements-de-deodatie\/","name":"Nouvelle \u00e9tape vers un retour \u00e0 la vie normale dans les EHPAD de la Communaut\u00e9 d'Etablissements de la D\u00e9odatie - Saint Die Info","isPartOf":{"@id":"https:\/\/vosgesinfo.fr\/saintdieinfo\/#website"},"primaryImageOfPage":{"@id":"https:\/\/vosgesinfo.fr\/saintdieinfo\/2021\/05\/nouvelle-etape-vers-retour-a-vie-normale-ehpad-de-communaute-detablissements-de-deodatie\/#primaryimage"},"image":{"@id":"https:\/\/vosgesinfo.fr\/saintdieinfo\/2021\/05\/nouvelle-etape-vers-retour-a-vie-normale-ehpad-de-communaute-detablissements-de-deodatie\/#primaryimage"},"thumbnailUrl":"https:\/\/vosgesinfo.fr\/app\/uploads\/sites\/4\/2024\/08\/201907communaute-etablissements-deodatie-logo.jpg","datePublished":"2021-05-21T18:02:24+00:00","dateModified":"2021-05-21T18:02:24+00:00","breadcrumb":{"@id":"https:\/\/vosgesinfo.fr\/saintdieinfo\/2021\/05\/nouvelle-etape-vers-retour-a-vie-normale-ehpad-de-communaute-detablissements-de-deodatie\/#breadcrumb"},"inLanguage":"fr-FR","potentialAction":[{"@type":"ReadAction","target":["https:\/\/vosgesinfo.fr\/saintdieinfo\/2021\/05\/nouvelle-etape-vers-retour-a-vie-normale-ehpad-de-communaute-detablissements-de-deodatie\/"]}]},{"@type":"ImageObject","inLanguage":"fr-FR","@id":"https:\/\/vosgesinfo.fr\/saintdieinfo\/2021\/05\/nouvelle-etape-vers-retour-a-vie-normale-ehpad-de-communaute-detablissements-de-deodatie\/#primaryimage","url":"https:\/\/vosgesinfo.fr\/app\/uploads\/sites\/4\/2024\/08\/201907communaute-etablissements-deodatie-logo.jpg","contentUrl":"https:\/\/vosgesinfo.fr\/app\/uploads\/sites\/4\/2024\/08\/201907communaute-etablissements-deodatie-logo.jpg","width":500,"height":384},{"@type":"BreadcrumbList","@id":"https:\/\/vosgesinfo.fr\/saintdieinfo\/2021\/05\/nouvelle-etape-vers-retour-a-vie-normale-ehpad-de-communaute-detablissements-de-deodatie\/#breadcrumb","itemListElement":[{"@type":"ListItem","position":1,"name":"Home","item":"https:\/\/vosgesinfo.fr\/saintdieinfo\/"},{"@type":"ListItem","position":2,"name":"Nouvelle \u00e9tape vers un retour \u00e0 la vie normale dans les EHPAD de la Communaut\u00e9 d&rsquo;Etablissements de la D\u00e9odatie"}]},{"@type":"WebSite","@id":"https:\/\/vosgesinfo.fr\/saintdieinfo\/#website","url":"https:\/\/vosgesinfo.fr\/saintdieinfo\/","name":"Saint Die Info","description":"Toute l&#039;actualit\u00e9 de Saint-Di\u00e9-Des-Vosges","publisher":{"@id":"https:\/\/vosgesinfo.fr\/saintdieinfo\/#organization"},"alternateName":"Toute l'actualit\u00e9 de Saint-Di\u00e9-Des-Vosges","potentialAction":[{"@type":"SearchAction","target":{"@type":"EntryPoint","urlTemplate":"https:\/\/vosgesinfo.fr\/saintdieinfo\/?s={search_term_string}"},"query-input":"required name=search_term_string"}],"inLanguage":"fr-FR"},{"@type":"Organization","@id":"https:\/\/vosgesinfo.fr\/saintdieinfo\/#organization","name":"Saint Die Info","url":"https:\/\/vosgesinfo.fr\/saintdieinfo\/","logo":{"@type":"ImageObject","inLanguage":"fr-FR","@id":"https:\/\/vosgesinfo.fr\/saintdieinfo\/#\/schema\/logo\/image\/","url":"https:\/\/vosgesinfo.fr\/app\/uploads\/sites\/4\/2024\/02\/logo-sdi.jpg","contentUrl":"https:\/\/vosgesinfo.fr\/app\/uploads\/sites\/4\/2024\/02\/logo-sdi.jpg","width":600,"height":600,"caption":"Saint Die Info"},"image":{"@id":"https:\/\/vosgesinfo.fr\/saintdieinfo\/#\/schema\/logo\/image\/"},"sameAs":["https:\/\/www.facebook.com\/Saintdieinfofr","https:\/\/x.com\/VosgesInfo88","https:\/\/www.youtube.com\/@vosgesinfo"]},{"@type":"Person","@id":"https:\/\/vosgesinfo.fr\/saintdieinfo\/#\/schema\/person\/faee6704a21f3977511db84bd1cd450f","name":"la r\u00e9daction","image":{"@type":"ImageObject","inLanguage":"fr-FR","@id":"https:\/\/vosgesinfo.fr\/saintdieinfo\/#\/schema\/person\/image\/","url":"https:\/\/secure.gravatar.com\/avatar\/6673d8bc6a9c17fa9a453eaa3448de834fa308c2ec9635b7aa99441a7c8d2cf6?s=96&d=mm&r=g","contentUrl":"https:\/\/secure.gravatar.com\/avatar\/6673d8bc6a9c17fa9a453eaa3448de834fa308c2ec9635b7aa99441a7c8d2cf6?s=96&d=mm&r=g","caption":"la r\u00e9daction"},"url":"https:\/\/vosgesinfo.fr\/saintdieinfo\/author\/redac\/"}]}},"_links":{"self":[{"href":"https:\/\/vosgesinfo.fr\/saintdieinfo\/wp-json\/wp\/v2\/posts\/40487","targetHints":{"allow":["GET"]}}],"collection":[{"href":"https:\/\/vosgesinfo.fr\/saintdieinfo\/wp-json\/wp\/v2\/posts"}],"about":[{"href":"https:\/\/vosgesinfo.fr\/saintdieinfo\/wp-json\/wp\/v2\/types\/post"}],"author":[{"embeddable":true,"href":"https:\/\/vosgesinfo.fr\/saintdieinfo\/wp-json\/wp\/v2\/users\/44"}],"replies":[{"embeddable":true,"href":"https:\/\/vosgesinfo.fr\/saintdieinfo\/wp-json\/wp\/v2\/comments?post=40487"}],"version-history":[{"count":0,"href":"https:\/\/vosgesinfo.fr\/saintdieinfo\/wp-json\/wp\/v2\/posts\/40487\/revisions"}],"wp:featuredmedia":[{"embeddable":true,"href":"https:\/\/vosgesinfo.fr\/saintdieinfo\/wp-json\/wp\/v2\/media\/40488"}],"wp:attachment":[{"href":"https:\/\/vosgesinfo.fr\/saintdieinfo\/wp-json\/wp\/v2\/media?parent=40487"}],"wp:term":[{"taxonomy":"category","embeddable":true,"href":"https:\/\/vosgesinfo.fr\/saintdieinfo\/wp-json\/wp\/v2\/categories?post=40487"},{"taxonomy":"post_tag","embeddable":true,"href":"https:\/\/vosgesinfo.fr\/saintdieinfo\/wp-json\/wp\/v2\/tags?post=40487"}],"curies":[{"name":"wp","href":"https:\/\/api.w.org\/{rel}","templated":true}]}}