{"id":40833,"date":"2021-06-11T07:14:17","date_gmt":"2021-06-11T05:14:17","guid":{"rendered":"https:\/\/vosgesinfo.fr\/saintdieinfo\/2021\/06\/maison-albert-joseph-vetements-tissu-bio-vosges\/"},"modified":"2021-06-11T07:14:17","modified_gmt":"2021-06-11T05:14:17","slug":"maison-albert-joseph-vetements-tissu-bio-vosges","status":"publish","type":"post","link":"https:\/\/vosgesinfo.fr\/saintdieinfo\/2021\/06\/maison-albert-joseph-vetements-tissu-bio-vosges\/","title":{"rendered":"Maison Albert Joseph : des sous-v\u00eatements en tissu bio des Vosges"},"content":{"rendered":"<h2><a href=\"\/2021\/06\/utkd2.jpg\" target=\"_blank\" rel=\"noopener\"><img decoding=\"async\" class=\"aligncenter wp-image-168397 size-full\" src=\"\/2021\/06\/utkd2.jpg\" alt=\"utkd2\" width=\"800\" height=\"609\" \/><\/a><\/h2>\n<h2><span style=\"font-size: 14pt;\"><strong>\u00c0 26 ans, le spinalien Louis le Nev\u00e9 est sur le point de voir son projet aboutir : cr\u00e9er une marque de sous-v\u00eatements haut de gamme et \u00e9coresponsable. La Maison Albert Joseph lance ses premiers boxers en tissu bio des Vosges\u00a0!<\/strong><\/span><\/h2>\n<p><!--more--><\/p>\n<p>Nouvelle venue dans l\u2019univers de la mode et du pr\u00eat \u00e0 porter, l\u2019entreprise commercialise son premier mod\u00e8le de sous-v\u00eatement, le \u00ab Joseph \u00bb. Cette premi\u00e8re pi\u00e8ce porte les convictions de la marque cr\u00e9e par le spinalien : \u00ab\u00a0un style \u00e9pur\u00e9, chic, mais surtout un produit confortable et \u00e9coresponsable\u00a0\u00bb. <em>\u00ab\u00a0J\u2019ai toujours eu un go\u00fbt pour la mode\u00a0\u00bb<\/em>, explique le cr\u00e9ateur de l\u2019entreprise. Cependant, ce dernier n\u2019a suivi aucune formation dans ce domaine, et a tout appris directement <em>\u00ab\u00a0sur le terrain\u00a0\u00bb<\/em>. Lancer son entreprise en pleine crise \u00e9conomique, et participer \u00e0 la relance de l\u2019industrie textile dans les Vosges est le double d\u00e9fi que s\u2019est lanc\u00e9 Louis le Nev\u00e9. Un d\u00e9fi de taille dans le contexte particulier de ces derniers mois. Le choix d\u2019une production locale est au c\u0153ur de la d\u00e9marche.<\/p>\n<p><em>\u00ab Aujourd\u2019hui, les Fran\u00e7ais sont de plus en plus int\u00e9ress\u00e9s par le fait de soutenir l\u2019\u00e9conomie locale, d\u2019acc\u00e9der \u00e0 des circuits-courts, de faire travailler des personnes pr\u00e8s de chez eux et de conna\u00eetre la composition ou la provenance de leurs aliments notamment\u00a0\u00bb<\/em>, affirme Louis le Nev\u00e9. Vosgien, le cr\u00e9ateur de la Maison Albert Joseph voulait imp\u00e9rativement s\u2019inscrire dans la longue tradition textile du d\u00e9partement. Ainsi, le tissu est vosgien. Le tricotage est r\u00e9alis\u00e9 \u00e0 Saint-Nabord chez Maille Verte des Vosges. <em>\u00ab\u00a0Dans les Vosges, le textile est fortement ancr\u00e9 dans notre territoire. Je voulais m\u2019appuyer sur ce savoir-faire pour proposer des sous-v\u00eatements 100 % fran\u00e7ais et de qualit\u00e9\u00a0\u00bb<\/em>. La confection est r\u00e9alis\u00e9e dans la Loire.<em> \u00ab\u00a0L\u2019attachement \u00e0 ces valeurs, aux choses simples, \u00e0 l\u2019Histoire aussi, me faisait penser \u00e0 mes deux grands-p\u00e8res, Albert et Joseph. C\u2019est ce qui a inspir\u00e9 le nom de notre Maison \u00bb<\/em>.<\/p>\n<blockquote><p>Imagin\u00e9s, dessin\u00e9s, con\u00e7us et fabriqu\u00e9s exclusivement en France, avec du tissu et du coton bio certifi\u00e9 GOTS et \u00e9co-responsable, ces sous-v\u00eatements auront demand\u00e9 de longs mois de recherche et d\u2019\u00e9laboration. L\u2019aventure, d\u00e9but\u00e9e en ao\u00fbt 2019, franchit une \u00e9tape cruciale avec la commercialisation du premier mod\u00e8le, \u00ab Le Joseph \u00bb, en quatre coloris. Bleu marine, blanc, gris et noir. Le \u00ab Joseph \u00bb est disponible en pr\u00e9-vente sur la plateforme Ulule depuis le 4 juin. En 5 jours, quelque 140 boxers ont \u00e9t\u00e9 command\u00e9, soit 70\u00a0% de l\u2019objectif pr\u00e9vu, alors qu\u2019il reste plus d\u2019un mois.<\/p><\/blockquote>\n<p><em>\u00ab\u00a0Je suis optimiste, il y a un march\u00e9 pour des sous-v\u00eatements \u00e9l\u00e9gants, sportwear et haut de gamme made in France\u00a0\u00bb<\/em>, affirme le cr\u00e9ateur de l\u2019entreprise. Le lancement sur la plateforme Ulule doit permettre de toucher un public large, \u00e0 la recherche de ce type de produit, mais aussi d\u2019exister dans l\u2019univers des cr\u00e9ateurs d\u2019entreprise. <em>\u00ab\u00a0D\u2019autant que nous avons de la suite dans les id\u00e9es. Ces premi\u00e8res ventes doivent nous donner la possibilit\u00e9 de commercialiser, en parall\u00e8le et dans les mois \u00e0 venir, des sous-v\u00eatements f\u00e9minins \u00bb<\/em>, esp\u00e8re Louis le Nev\u00e9.<\/p>\n<p>Un avenir qui s\u2019\u00e9crira \u00e9videmment avec les m\u00eames ingr\u00e9dients : des sous-v\u00eatements bio et \u00e9coresponsables. Les enfants ne seront pas oubli\u00e9s. Le \u00ab Joseph \u00bb sera, par exemple, propos\u00e9 du 6 ans au 14 ans. <em>\u00ab Les fesses de nos enfants m\u00e9ritent aussi ce qu\u2019il y a de mieux en termes de confort et de mati\u00e8res premi\u00e8res. Pour nous, il n\u2019y a pas de grandes difficult\u00e9s techniques, il suffit juste de r\u00e9aliser des patrons plus petits. Et, honn\u00eatement, l\u2019id\u00e9e qu\u2019un petit gar\u00e7on puisse avoir les m\u00eames sous-v\u00eatements que son papa me parle. Je trouve l\u2019image amusante et sympa \u00bb<\/em>, ajoute le cr\u00e9ateur de la Maison Albert Joseph.<\/p>\n\n","protected":false},"excerpt":{"rendered":"<p>\u00c0 26 ans, le spinalien Louis le Nev\u00e9 est sur le point de voir son projet aboutir : cr\u00e9er une [&hellip;]<\/p>\n","protected":false},"author":44,"featured_media":40834,"comment_status":"open","ping_status":"open","sticky":false,"template":"","format":"standard","meta":{"footnotes":""},"categories":[460,5,18],"tags":[8216,8217,8218],"class_list":["post-40833","post","type-post","status-publish","format-standard","has-post-thumbnail","hentry","category-a-la-une","category-economie","category-vosges","tag-boxers-en-tissu-bio-des-vosges","tag-louis-le-neve","tag-maison-albert-joseph"],"acf":[],"yoast_head":"<!-- This site is optimized with the Yoast SEO plugin v22.5 - https:\/\/yoast.com\/wordpress\/plugins\/seo\/ -->\n<title>Maison Albert Joseph : des sous-v\u00eatements en tissu bio des Vosges - Saint Die Info<\/title>\n<meta name=\"robots\" content=\"index, follow, max-snippet:-1, max-image-preview:large, max-video-preview:-1\" \/>\n<link rel=\"canonical\" href=\"https:\/\/vosgesinfo.fr\/saintdieinfo\/2021\/06\/maison-albert-joseph-vetements-tissu-bio-vosges\/\" \/>\n<meta name=\"twitter:card\" content=\"summary_large_image\" \/>\n<meta name=\"twitter:title\" content=\"Maison Albert Joseph : des sous-v\u00eatements en tissu bio des Vosges - Saint Die Info\" \/>\n<meta name=\"twitter:description\" content=\"\u00c0 26 ans, le spinalien Louis le Nev\u00e9 est sur le point de voir son projet aboutir : cr\u00e9er une [&hellip;]\" \/>\n<meta name=\"twitter:image\" content=\"https:\/\/vosgesinfo.fr\/app\/uploads\/sites\/4\/2024\/08\/202106utkd2.jpg\" \/>\n<meta name=\"twitter:creator\" content=\"@VosgesInfo88\" \/>\n<meta name=\"twitter:site\" content=\"@VosgesInfo88\" \/>\n<meta name=\"twitter:label1\" content=\"\u00c9crit par\" \/>\n\t<meta name=\"twitter:data1\" content=\"la r\u00e9daction\" \/>\n\t<meta name=\"twitter:label2\" content=\"Dur\u00e9e de lecture estim\u00e9e\" \/>\n\t<meta name=\"twitter:data2\" content=\"3 minutes\" \/>\n<script type=\"application\/ld+json\" class=\"yoast-schema-graph\">{\"@context\":\"https:\/\/schema.org\",\"@graph\":[{\"@type\":\"Article\",\"@id\":\"https:\/\/vosgesinfo.fr\/saintdieinfo\/2021\/06\/maison-albert-joseph-vetements-tissu-bio-vosges\/#article\",\"isPartOf\":{\"@id\":\"https:\/\/vosgesinfo.fr\/saintdieinfo\/2021\/06\/maison-albert-joseph-vetements-tissu-bio-vosges\/\"},\"author\":{\"name\":\"la r\u00e9daction\",\"@id\":\"https:\/\/vosgesinfo.fr\/saintdieinfo\/#\/schema\/person\/faee6704a21f3977511db84bd1cd450f\"},\"headline\":\"Maison Albert Joseph : des sous-v\u00eatements en tissu bio des Vosges\",\"datePublished\":\"2021-06-11T05:14:17+00:00\",\"dateModified\":\"2021-06-11T05:14:17+00:00\",\"mainEntityOfPage\":{\"@id\":\"https:\/\/vosgesinfo.fr\/saintdieinfo\/2021\/06\/maison-albert-joseph-vetements-tissu-bio-vosges\/\"},\"wordCount\":685,\"commentCount\":0,\"publisher\":{\"@id\":\"https:\/\/vosgesinfo.fr\/saintdieinfo\/#organization\"},\"image\":{\"@id\":\"https:\/\/vosgesinfo.fr\/saintdieinfo\/2021\/06\/maison-albert-joseph-vetements-tissu-bio-vosges\/#primaryimage\"},\"thumbnailUrl\":\"https:\/\/vosgesinfo.fr\/app\/uploads\/sites\/4\/2024\/08\/202106utkd2.jpg\",\"keywords\":[\"Boxers en tissu bio des Vosges\",\"Louis le Nev\u00e9\",\"Maison Albert Joseph\"],\"articleSection\":[\"A la Une\",\"\u00c9conomie\",\"Vosges\"],\"inLanguage\":\"fr-FR\",\"potentialAction\":[{\"@type\":\"CommentAction\",\"name\":\"Comment\",\"target\":[\"https:\/\/vosgesinfo.fr\/saintdieinfo\/2021\/06\/maison-albert-joseph-vetements-tissu-bio-vosges\/#respond\"]}]},{\"@type\":\"WebPage\",\"@id\":\"https:\/\/vosgesinfo.fr\/saintdieinfo\/2021\/06\/maison-albert-joseph-vetements-tissu-bio-vosges\/\",\"url\":\"https:\/\/vosgesinfo.fr\/saintdieinfo\/2021\/06\/maison-albert-joseph-vetements-tissu-bio-vosges\/\",\"name\":\"Maison Albert Joseph : des sous-v\u00eatements en tissu bio des Vosges - Saint Die Info\",\"isPartOf\":{\"@id\":\"https:\/\/vosgesinfo.fr\/saintdieinfo\/#website\"},\"primaryImageOfPage\":{\"@id\":\"https:\/\/vosgesinfo.fr\/saintdieinfo\/2021\/06\/maison-albert-joseph-vetements-tissu-bio-vosges\/#primaryimage\"},\"image\":{\"@id\":\"https:\/\/vosgesinfo.fr\/saintdieinfo\/2021\/06\/maison-albert-joseph-vetements-tissu-bio-vosges\/#primaryimage\"},\"thumbnailUrl\":\"https:\/\/vosgesinfo.fr\/app\/uploads\/sites\/4\/2024\/08\/202106utkd2.jpg\",\"datePublished\":\"2021-06-11T05:14:17+00:00\",\"dateModified\":\"2021-06-11T05:14:17+00:00\",\"breadcrumb\":{\"@id\":\"https:\/\/vosgesinfo.fr\/saintdieinfo\/2021\/06\/maison-albert-joseph-vetements-tissu-bio-vosges\/#breadcrumb\"},\"inLanguage\":\"fr-FR\",\"potentialAction\":[{\"@type\":\"ReadAction\",\"target\":[\"https:\/\/vosgesinfo.fr\/saintdieinfo\/2021\/06\/maison-albert-joseph-vetements-tissu-bio-vosges\/\"]}]},{\"@type\":\"ImageObject\",\"inLanguage\":\"fr-FR\",\"@id\":\"https:\/\/vosgesinfo.fr\/saintdieinfo\/2021\/06\/maison-albert-joseph-vetements-tissu-bio-vosges\/#primaryimage\",\"url\":\"https:\/\/vosgesinfo.fr\/app\/uploads\/sites\/4\/2024\/08\/202106utkd2.jpg\",\"contentUrl\":\"https:\/\/vosgesinfo.fr\/app\/uploads\/sites\/4\/2024\/08\/202106utkd2.jpg\",\"width\":800,\"height\":609},{\"@type\":\"BreadcrumbList\",\"@id\":\"https:\/\/vosgesinfo.fr\/saintdieinfo\/2021\/06\/maison-albert-joseph-vetements-tissu-bio-vosges\/#breadcrumb\",\"itemListElement\":[{\"@type\":\"ListItem\",\"position\":1,\"name\":\"Home\",\"item\":\"https:\/\/vosgesinfo.fr\/saintdieinfo\/\"},{\"@type\":\"ListItem\",\"position\":2,\"name\":\"Maison Albert Joseph : des sous-v\u00eatements en tissu bio des Vosges\"}]},{\"@type\":\"WebSite\",\"@id\":\"https:\/\/vosgesinfo.fr\/saintdieinfo\/#website\",\"url\":\"https:\/\/vosgesinfo.fr\/saintdieinfo\/\",\"name\":\"Saint Die Info\",\"description\":\"Toute l&#039;actualit\u00e9 de Saint-Di\u00e9-Des-Vosges\",\"publisher\":{\"@id\":\"https:\/\/vosgesinfo.fr\/saintdieinfo\/#organization\"},\"alternateName\":\"Toute l'actualit\u00e9 de Saint-Di\u00e9-Des-Vosges\",\"potentialAction\":[{\"@type\":\"SearchAction\",\"target\":{\"@type\":\"EntryPoint\",\"urlTemplate\":\"https:\/\/vosgesinfo.fr\/saintdieinfo\/?s={search_term_string}\"},\"query-input\":\"required name=search_term_string\"}],\"inLanguage\":\"fr-FR\"},{\"@type\":\"Organization\",\"@id\":\"https:\/\/vosgesinfo.fr\/saintdieinfo\/#organization\",\"name\":\"Saint Die Info\",\"url\":\"https:\/\/vosgesinfo.fr\/saintdieinfo\/\",\"logo\":{\"@type\":\"ImageObject\",\"inLanguage\":\"fr-FR\",\"@id\":\"https:\/\/vosgesinfo.fr\/saintdieinfo\/#\/schema\/logo\/image\/\",\"url\":\"https:\/\/vosgesinfo.fr\/app\/uploads\/sites\/4\/2024\/02\/logo-sdi.jpg\",\"contentUrl\":\"https:\/\/vosgesinfo.fr\/app\/uploads\/sites\/4\/2024\/02\/logo-sdi.jpg\",\"width\":600,\"height\":600,\"caption\":\"Saint Die Info\"},\"image\":{\"@id\":\"https:\/\/vosgesinfo.fr\/saintdieinfo\/#\/schema\/logo\/image\/\"},\"sameAs\":[\"https:\/\/www.facebook.com\/Saintdieinfofr\",\"https:\/\/x.com\/VosgesInfo88\",\"https:\/\/www.youtube.com\/@vosgesinfo\"]},{\"@type\":\"Person\",\"@id\":\"https:\/\/vosgesinfo.fr\/saintdieinfo\/#\/schema\/person\/faee6704a21f3977511db84bd1cd450f\",\"name\":\"la r\u00e9daction\",\"image\":{\"@type\":\"ImageObject\",\"inLanguage\":\"fr-FR\",\"@id\":\"https:\/\/vosgesinfo.fr\/saintdieinfo\/#\/schema\/person\/image\/\",\"url\":\"https:\/\/secure.gravatar.com\/avatar\/6673d8bc6a9c17fa9a453eaa3448de834fa308c2ec9635b7aa99441a7c8d2cf6?s=96&d=mm&r=g\",\"contentUrl\":\"https:\/\/secure.gravatar.com\/avatar\/6673d8bc6a9c17fa9a453eaa3448de834fa308c2ec9635b7aa99441a7c8d2cf6?s=96&d=mm&r=g\",\"caption\":\"la r\u00e9daction\"},\"url\":\"https:\/\/vosgesinfo.fr\/saintdieinfo\/author\/redac\/\"}]}<\/script>\n<!-- \/ Yoast SEO plugin. -->","yoast_head_json":{"title":"Maison Albert Joseph : des sous-v\u00eatements en tissu bio des Vosges - Saint Die Info","robots":{"index":"index","follow":"follow","max-snippet":"max-snippet:-1","max-image-preview":"max-image-preview:large","max-video-preview":"max-video-preview:-1"},"canonical":"https:\/\/vosgesinfo.fr\/saintdieinfo\/2021\/06\/maison-albert-joseph-vetements-tissu-bio-vosges\/","twitter_card":"summary_large_image","twitter_title":"Maison Albert Joseph : des sous-v\u00eatements en tissu bio des Vosges - Saint Die Info","twitter_description":"\u00c0 26 ans, le spinalien Louis le Nev\u00e9 est sur le point de voir son projet aboutir : cr\u00e9er une [&hellip;]","twitter_image":"https:\/\/vosgesinfo.fr\/app\/uploads\/sites\/4\/2024\/08\/202106utkd2.jpg","twitter_creator":"@VosgesInfo88","twitter_site":"@VosgesInfo88","twitter_misc":{"\u00c9crit par":"la r\u00e9daction","Dur\u00e9e de lecture estim\u00e9e":"3 minutes"},"schema":{"@context":"https:\/\/schema.org","@graph":[{"@type":"Article","@id":"https:\/\/vosgesinfo.fr\/saintdieinfo\/2021\/06\/maison-albert-joseph-vetements-tissu-bio-vosges\/#article","isPartOf":{"@id":"https:\/\/vosgesinfo.fr\/saintdieinfo\/2021\/06\/maison-albert-joseph-vetements-tissu-bio-vosges\/"},"author":{"name":"la r\u00e9daction","@id":"https:\/\/vosgesinfo.fr\/saintdieinfo\/#\/schema\/person\/faee6704a21f3977511db84bd1cd450f"},"headline":"Maison Albert Joseph : des sous-v\u00eatements en tissu bio des Vosges","datePublished":"2021-06-11T05:14:17+00:00","dateModified":"2021-06-11T05:14:17+00:00","mainEntityOfPage":{"@id":"https:\/\/vosgesinfo.fr\/saintdieinfo\/2021\/06\/maison-albert-joseph-vetements-tissu-bio-vosges\/"},"wordCount":685,"commentCount":0,"publisher":{"@id":"https:\/\/vosgesinfo.fr\/saintdieinfo\/#organization"},"image":{"@id":"https:\/\/vosgesinfo.fr\/saintdieinfo\/2021\/06\/maison-albert-joseph-vetements-tissu-bio-vosges\/#primaryimage"},"thumbnailUrl":"https:\/\/vosgesinfo.fr\/app\/uploads\/sites\/4\/2024\/08\/202106utkd2.jpg","keywords":["Boxers en tissu bio des Vosges","Louis le Nev\u00e9","Maison Albert Joseph"],"articleSection":["A la Une","\u00c9conomie","Vosges"],"inLanguage":"fr-FR","potentialAction":[{"@type":"CommentAction","name":"Comment","target":["https:\/\/vosgesinfo.fr\/saintdieinfo\/2021\/06\/maison-albert-joseph-vetements-tissu-bio-vosges\/#respond"]}]},{"@type":"WebPage","@id":"https:\/\/vosgesinfo.fr\/saintdieinfo\/2021\/06\/maison-albert-joseph-vetements-tissu-bio-vosges\/","url":"https:\/\/vosgesinfo.fr\/saintdieinfo\/2021\/06\/maison-albert-joseph-vetements-tissu-bio-vosges\/","name":"Maison Albert Joseph : des sous-v\u00eatements en tissu bio des Vosges - Saint Die Info","isPartOf":{"@id":"https:\/\/vosgesinfo.fr\/saintdieinfo\/#website"},"primaryImageOfPage":{"@id":"https:\/\/vosgesinfo.fr\/saintdieinfo\/2021\/06\/maison-albert-joseph-vetements-tissu-bio-vosges\/#primaryimage"},"image":{"@id":"https:\/\/vosgesinfo.fr\/saintdieinfo\/2021\/06\/maison-albert-joseph-vetements-tissu-bio-vosges\/#primaryimage"},"thumbnailUrl":"https:\/\/vosgesinfo.fr\/app\/uploads\/sites\/4\/2024\/08\/202106utkd2.jpg","datePublished":"2021-06-11T05:14:17+00:00","dateModified":"2021-06-11T05:14:17+00:00","breadcrumb":{"@id":"https:\/\/vosgesinfo.fr\/saintdieinfo\/2021\/06\/maison-albert-joseph-vetements-tissu-bio-vosges\/#breadcrumb"},"inLanguage":"fr-FR","potentialAction":[{"@type":"ReadAction","target":["https:\/\/vosgesinfo.fr\/saintdieinfo\/2021\/06\/maison-albert-joseph-vetements-tissu-bio-vosges\/"]}]},{"@type":"ImageObject","inLanguage":"fr-FR","@id":"https:\/\/vosgesinfo.fr\/saintdieinfo\/2021\/06\/maison-albert-joseph-vetements-tissu-bio-vosges\/#primaryimage","url":"https:\/\/vosgesinfo.fr\/app\/uploads\/sites\/4\/2024\/08\/202106utkd2.jpg","contentUrl":"https:\/\/vosgesinfo.fr\/app\/uploads\/sites\/4\/2024\/08\/202106utkd2.jpg","width":800,"height":609},{"@type":"BreadcrumbList","@id":"https:\/\/vosgesinfo.fr\/saintdieinfo\/2021\/06\/maison-albert-joseph-vetements-tissu-bio-vosges\/#breadcrumb","itemListElement":[{"@type":"ListItem","position":1,"name":"Home","item":"https:\/\/vosgesinfo.fr\/saintdieinfo\/"},{"@type":"ListItem","position":2,"name":"Maison Albert Joseph : des sous-v\u00eatements en tissu bio des Vosges"}]},{"@type":"WebSite","@id":"https:\/\/vosgesinfo.fr\/saintdieinfo\/#website","url":"https:\/\/vosgesinfo.fr\/saintdieinfo\/","name":"Saint Die Info","description":"Toute l&#039;actualit\u00e9 de Saint-Di\u00e9-Des-Vosges","publisher":{"@id":"https:\/\/vosgesinfo.fr\/saintdieinfo\/#organization"},"alternateName":"Toute l'actualit\u00e9 de Saint-Di\u00e9-Des-Vosges","potentialAction":[{"@type":"SearchAction","target":{"@type":"EntryPoint","urlTemplate":"https:\/\/vosgesinfo.fr\/saintdieinfo\/?s={search_term_string}"},"query-input":"required name=search_term_string"}],"inLanguage":"fr-FR"},{"@type":"Organization","@id":"https:\/\/vosgesinfo.fr\/saintdieinfo\/#organization","name":"Saint Die Info","url":"https:\/\/vosgesinfo.fr\/saintdieinfo\/","logo":{"@type":"ImageObject","inLanguage":"fr-FR","@id":"https:\/\/vosgesinfo.fr\/saintdieinfo\/#\/schema\/logo\/image\/","url":"https:\/\/vosgesinfo.fr\/app\/uploads\/sites\/4\/2024\/02\/logo-sdi.jpg","contentUrl":"https:\/\/vosgesinfo.fr\/app\/uploads\/sites\/4\/2024\/02\/logo-sdi.jpg","width":600,"height":600,"caption":"Saint Die Info"},"image":{"@id":"https:\/\/vosgesinfo.fr\/saintdieinfo\/#\/schema\/logo\/image\/"},"sameAs":["https:\/\/www.facebook.com\/Saintdieinfofr","https:\/\/x.com\/VosgesInfo88","https:\/\/www.youtube.com\/@vosgesinfo"]},{"@type":"Person","@id":"https:\/\/vosgesinfo.fr\/saintdieinfo\/#\/schema\/person\/faee6704a21f3977511db84bd1cd450f","name":"la r\u00e9daction","image":{"@type":"ImageObject","inLanguage":"fr-FR","@id":"https:\/\/vosgesinfo.fr\/saintdieinfo\/#\/schema\/person\/image\/","url":"https:\/\/secure.gravatar.com\/avatar\/6673d8bc6a9c17fa9a453eaa3448de834fa308c2ec9635b7aa99441a7c8d2cf6?s=96&d=mm&r=g","contentUrl":"https:\/\/secure.gravatar.com\/avatar\/6673d8bc6a9c17fa9a453eaa3448de834fa308c2ec9635b7aa99441a7c8d2cf6?s=96&d=mm&r=g","caption":"la r\u00e9daction"},"url":"https:\/\/vosgesinfo.fr\/saintdieinfo\/author\/redac\/"}]}},"_links":{"self":[{"href":"https:\/\/vosgesinfo.fr\/saintdieinfo\/wp-json\/wp\/v2\/posts\/40833","targetHints":{"allow":["GET"]}}],"collection":[{"href":"https:\/\/vosgesinfo.fr\/saintdieinfo\/wp-json\/wp\/v2\/posts"}],"about":[{"href":"https:\/\/vosgesinfo.fr\/saintdieinfo\/wp-json\/wp\/v2\/types\/post"}],"author":[{"embeddable":true,"href":"https:\/\/vosgesinfo.fr\/saintdieinfo\/wp-json\/wp\/v2\/users\/44"}],"replies":[{"embeddable":true,"href":"https:\/\/vosgesinfo.fr\/saintdieinfo\/wp-json\/wp\/v2\/comments?post=40833"}],"version-history":[{"count":0,"href":"https:\/\/vosgesinfo.fr\/saintdieinfo\/wp-json\/wp\/v2\/posts\/40833\/revisions"}],"wp:featuredmedia":[{"embeddable":true,"href":"https:\/\/vosgesinfo.fr\/saintdieinfo\/wp-json\/wp\/v2\/media\/40834"}],"wp:attachment":[{"href":"https:\/\/vosgesinfo.fr\/saintdieinfo\/wp-json\/wp\/v2\/media?parent=40833"}],"wp:term":[{"taxonomy":"category","embeddable":true,"href":"https:\/\/vosgesinfo.fr\/saintdieinfo\/wp-json\/wp\/v2\/categories?post=40833"},{"taxonomy":"post_tag","embeddable":true,"href":"https:\/\/vosgesinfo.fr\/saintdieinfo\/wp-json\/wp\/v2\/tags?post=40833"}],"curies":[{"name":"wp","href":"https:\/\/api.w.org\/{rel}","templated":true}]}}