{"id":40848,"date":"2021-06-11T07:31:48","date_gmt":"2021-06-11T05:31:48","guid":{"rendered":"https:\/\/vosgesinfo.fr\/saintdieinfo\/2021\/06\/raon-letape-lentreprise-gestra-recrute-300-personnes-elections-regionales\/"},"modified":"2021-06-11T07:31:48","modified_gmt":"2021-06-11T05:31:48","slug":"raon-letape-lentreprise-gestra-recrute-300-personnes-elections-regionales","status":"publish","type":"post","link":"https:\/\/vosgesinfo.fr\/saintdieinfo\/2021\/06\/raon-letape-lentreprise-gestra-recrute-300-personnes-elections-regionales\/","title":{"rendered":"Raon l\u2019Etape \u2013 L\u2019entreprise Gestra recrute 300 personnes pour les \u00e9lections r\u00e9gionales"},"content":{"rendered":"<h2 dir=\"auto\"><span style=\"font-size: 14pt;\"><strong>Dans l\u2019optique de la mise sous pli des bulletins de vote pour le second tour des \u00e9lections r\u00e9gionales, GESTRA recrute 300 personnes sur les postes suivants : op\u00e9rateurs pour mise sous pli manuelle, op\u00e9rateurs sur machines ou manutentionnaires H\/F.<\/strong><\/span><\/h2>\n<p><!--more--><\/p>\n<div dir=\"auto\">Le d\u00e9marrage des contrats est fix\u00e9 au 22 juin 2021. Aucune exp\u00e9rience professionnelle n\u2019est requise. Pour postuler, il vous suffit d\u2019envoyer au plus vite votre curriculum vitae \u00e0 jour, une copie recto-verso de votre carte d\u2019identit\u00e9 et de votre carte vitale ainsi qu\u2019un RIB \u00e0 l\u2019adresse mail suivante : <strong><a href=\"mailto:assistant-rh@gestra.fr\" target=\"_blank\" rel=\"noopener\">assistant-rh@gestra.fr<\/a><\/strong><\/div>\n<p>&nbsp;<\/p>\n","protected":false},"excerpt":{"rendered":"<p>Dans l\u2019optique de la mise sous pli des bulletins de vote pour le second tour des \u00e9lections r\u00e9gionales, GESTRA recrute [&hellip;]<\/p>\n","protected":false},"author":44,"featured_media":40849,"comment_status":"open","ping_status":"open","sticky":false,"template":"","format":"standard","meta":{"footnotes":""},"categories":[3900,2915],"tags":[8219,8220,2654],"class_list":["post-40848","post","type-post","status-publish","format-standard","has-post-thumbnail","hentry","category-breves","category-saint-die-son-canton","tag-elections-regionales-2021","tag-gestra","tag-raon-letape"],"acf":[],"yoast_head":"<!-- This site is optimized with the Yoast SEO plugin v22.5 - https:\/\/yoast.com\/wordpress\/plugins\/seo\/ -->\n<title>Raon l\u2019Etape \u2013 L\u2019entreprise Gestra recrute 300 personnes pour les \u00e9lections r\u00e9gionales - Saint Die Info<\/title>\n<meta name=\"robots\" content=\"index, follow, max-snippet:-1, max-image-preview:large, max-video-preview:-1\" \/>\n<link rel=\"canonical\" href=\"https:\/\/vosgesinfo.fr\/saintdieinfo\/2021\/06\/raon-letape-lentreprise-gestra-recrute-300-personnes-elections-regionales\/\" \/>\n<meta name=\"twitter:card\" content=\"summary_large_image\" \/>\n<meta name=\"twitter:title\" content=\"Raon l\u2019Etape \u2013 L\u2019entreprise Gestra recrute 300 personnes pour les \u00e9lections r\u00e9gionales - Saint Die Info\" \/>\n<meta name=\"twitter:description\" content=\"Dans l\u2019optique de la mise sous pli des bulletins de vote pour le second tour des \u00e9lections r\u00e9gionales, GESTRA recrute [&hellip;]\" \/>\n<meta name=\"twitter:image\" content=\"https:\/\/vosgesinfo.fr\/app\/uploads\/sites\/4\/2024\/08\/202106enveloppe-elections.jpg\" \/>\n<meta name=\"twitter:creator\" content=\"@VosgesInfo88\" \/>\n<meta name=\"twitter:site\" content=\"@VosgesInfo88\" \/>\n<meta name=\"twitter:label1\" content=\"\u00c9crit par\" \/>\n\t<meta name=\"twitter:data1\" content=\"la r\u00e9daction\" \/>\n<script type=\"application\/ld+json\" class=\"yoast-schema-graph\">{\"@context\":\"https:\/\/schema.org\",\"@graph\":[{\"@type\":\"Article\",\"@id\":\"https:\/\/vosgesinfo.fr\/saintdieinfo\/2021\/06\/raon-letape-lentreprise-gestra-recrute-300-personnes-elections-regionales\/#article\",\"isPartOf\":{\"@id\":\"https:\/\/vosgesinfo.fr\/saintdieinfo\/2021\/06\/raon-letape-lentreprise-gestra-recrute-300-personnes-elections-regionales\/\"},\"author\":{\"name\":\"la r\u00e9daction\",\"@id\":\"https:\/\/vosgesinfo.fr\/saintdieinfo\/#\/schema\/person\/faee6704a21f3977511db84bd1cd450f\"},\"headline\":\"Raon l\u2019Etape \u2013 L\u2019entreprise Gestra recrute 300 personnes pour les \u00e9lections r\u00e9gionales\",\"datePublished\":\"2021-06-11T05:31:48+00:00\",\"dateModified\":\"2021-06-11T05:31:48+00:00\",\"mainEntityOfPage\":{\"@id\":\"https:\/\/vosgesinfo.fr\/saintdieinfo\/2021\/06\/raon-letape-lentreprise-gestra-recrute-300-personnes-elections-regionales\/\"},\"wordCount\":110,\"commentCount\":0,\"publisher\":{\"@id\":\"https:\/\/vosgesinfo.fr\/saintdieinfo\/#organization\"},\"image\":{\"@id\":\"https:\/\/vosgesinfo.fr\/saintdieinfo\/2021\/06\/raon-letape-lentreprise-gestra-recrute-300-personnes-elections-regionales\/#primaryimage\"},\"thumbnailUrl\":\"https:\/\/vosgesinfo.fr\/app\/uploads\/sites\/4\/2024\/08\/202106enveloppe-elections.jpg\",\"keywords\":[\"Elections r\u00e9gionales 2021\",\"Gestra\",\"Raon-l\u2019Etape\"],\"articleSection\":[\"Br\u00e8ves\",\"Saint-Di\u00e9-des-Vosges et son Agglom\u00e9ration\"],\"inLanguage\":\"fr-FR\",\"potentialAction\":[{\"@type\":\"CommentAction\",\"name\":\"Comment\",\"target\":[\"https:\/\/vosgesinfo.fr\/saintdieinfo\/2021\/06\/raon-letape-lentreprise-gestra-recrute-300-personnes-elections-regionales\/#respond\"]}]},{\"@type\":\"WebPage\",\"@id\":\"https:\/\/vosgesinfo.fr\/saintdieinfo\/2021\/06\/raon-letape-lentreprise-gestra-recrute-300-personnes-elections-regionales\/\",\"url\":\"https:\/\/vosgesinfo.fr\/saintdieinfo\/2021\/06\/raon-letape-lentreprise-gestra-recrute-300-personnes-elections-regionales\/\",\"name\":\"Raon l\u2019Etape \u2013 L\u2019entreprise Gestra recrute 300 personnes pour les \u00e9lections r\u00e9gionales - Saint Die Info\",\"isPartOf\":{\"@id\":\"https:\/\/vosgesinfo.fr\/saintdieinfo\/#website\"},\"primaryImageOfPage\":{\"@id\":\"https:\/\/vosgesinfo.fr\/saintdieinfo\/2021\/06\/raon-letape-lentreprise-gestra-recrute-300-personnes-elections-regionales\/#primaryimage\"},\"image\":{\"@id\":\"https:\/\/vosgesinfo.fr\/saintdieinfo\/2021\/06\/raon-letape-lentreprise-gestra-recrute-300-personnes-elections-regionales\/#primaryimage\"},\"thumbnailUrl\":\"https:\/\/vosgesinfo.fr\/app\/uploads\/sites\/4\/2024\/08\/202106enveloppe-elections.jpg\",\"datePublished\":\"2021-06-11T05:31:48+00:00\",\"dateModified\":\"2021-06-11T05:31:48+00:00\",\"breadcrumb\":{\"@id\":\"https:\/\/vosgesinfo.fr\/saintdieinfo\/2021\/06\/raon-letape-lentreprise-gestra-recrute-300-personnes-elections-regionales\/#breadcrumb\"},\"inLanguage\":\"fr-FR\",\"potentialAction\":[{\"@type\":\"ReadAction\",\"target\":[\"https:\/\/vosgesinfo.fr\/saintdieinfo\/2021\/06\/raon-letape-lentreprise-gestra-recrute-300-personnes-elections-regionales\/\"]}]},{\"@type\":\"ImageObject\",\"inLanguage\":\"fr-FR\",\"@id\":\"https:\/\/vosgesinfo.fr\/saintdieinfo\/2021\/06\/raon-letape-lentreprise-gestra-recrute-300-personnes-elections-regionales\/#primaryimage\",\"url\":\"https:\/\/vosgesinfo.fr\/app\/uploads\/sites\/4\/2024\/08\/202106enveloppe-elections.jpg\",\"contentUrl\":\"https:\/\/vosgesinfo.fr\/app\/uploads\/sites\/4\/2024\/08\/202106enveloppe-elections.jpg\",\"width\":363,\"height\":250},{\"@type\":\"BreadcrumbList\",\"@id\":\"https:\/\/vosgesinfo.fr\/saintdieinfo\/2021\/06\/raon-letape-lentreprise-gestra-recrute-300-personnes-elections-regionales\/#breadcrumb\",\"itemListElement\":[{\"@type\":\"ListItem\",\"position\":1,\"name\":\"Home\",\"item\":\"https:\/\/vosgesinfo.fr\/saintdieinfo\/\"},{\"@type\":\"ListItem\",\"position\":2,\"name\":\"Raon l\u2019Etape \u2013 L\u2019entreprise Gestra recrute 300 personnes pour les \u00e9lections r\u00e9gionales\"}]},{\"@type\":\"WebSite\",\"@id\":\"https:\/\/vosgesinfo.fr\/saintdieinfo\/#website\",\"url\":\"https:\/\/vosgesinfo.fr\/saintdieinfo\/\",\"name\":\"Saint Die Info\",\"description\":\"Toute l&#039;actualit\u00e9 de Saint-Di\u00e9-Des-Vosges\",\"publisher\":{\"@id\":\"https:\/\/vosgesinfo.fr\/saintdieinfo\/#organization\"},\"alternateName\":\"Toute l'actualit\u00e9 de Saint-Di\u00e9-Des-Vosges\",\"potentialAction\":[{\"@type\":\"SearchAction\",\"target\":{\"@type\":\"EntryPoint\",\"urlTemplate\":\"https:\/\/vosgesinfo.fr\/saintdieinfo\/?s={search_term_string}\"},\"query-input\":\"required name=search_term_string\"}],\"inLanguage\":\"fr-FR\"},{\"@type\":\"Organization\",\"@id\":\"https:\/\/vosgesinfo.fr\/saintdieinfo\/#organization\",\"name\":\"Saint Die Info\",\"url\":\"https:\/\/vosgesinfo.fr\/saintdieinfo\/\",\"logo\":{\"@type\":\"ImageObject\",\"inLanguage\":\"fr-FR\",\"@id\":\"https:\/\/vosgesinfo.fr\/saintdieinfo\/#\/schema\/logo\/image\/\",\"url\":\"https:\/\/vosgesinfo.fr\/app\/uploads\/sites\/4\/2024\/02\/logo-sdi.jpg\",\"contentUrl\":\"https:\/\/vosgesinfo.fr\/app\/uploads\/sites\/4\/2024\/02\/logo-sdi.jpg\",\"width\":600,\"height\":600,\"caption\":\"Saint Die Info\"},\"image\":{\"@id\":\"https:\/\/vosgesinfo.fr\/saintdieinfo\/#\/schema\/logo\/image\/\"},\"sameAs\":[\"https:\/\/www.facebook.com\/Saintdieinfofr\",\"https:\/\/x.com\/VosgesInfo88\",\"https:\/\/www.youtube.com\/@vosgesinfo\"]},{\"@type\":\"Person\",\"@id\":\"https:\/\/vosgesinfo.fr\/saintdieinfo\/#\/schema\/person\/faee6704a21f3977511db84bd1cd450f\",\"name\":\"la r\u00e9daction\",\"image\":{\"@type\":\"ImageObject\",\"inLanguage\":\"fr-FR\",\"@id\":\"https:\/\/vosgesinfo.fr\/saintdieinfo\/#\/schema\/person\/image\/\",\"url\":\"https:\/\/secure.gravatar.com\/avatar\/6673d8bc6a9c17fa9a453eaa3448de834fa308c2ec9635b7aa99441a7c8d2cf6?s=96&d=mm&r=g\",\"contentUrl\":\"https:\/\/secure.gravatar.com\/avatar\/6673d8bc6a9c17fa9a453eaa3448de834fa308c2ec9635b7aa99441a7c8d2cf6?s=96&d=mm&r=g\",\"caption\":\"la r\u00e9daction\"},\"url\":\"https:\/\/vosgesinfo.fr\/saintdieinfo\/author\/redac\/\"}]}<\/script>\n<!-- \/ Yoast SEO plugin. -->","yoast_head_json":{"title":"Raon l\u2019Etape \u2013 L\u2019entreprise Gestra recrute 300 personnes pour les \u00e9lections r\u00e9gionales - Saint Die Info","robots":{"index":"index","follow":"follow","max-snippet":"max-snippet:-1","max-image-preview":"max-image-preview:large","max-video-preview":"max-video-preview:-1"},"canonical":"https:\/\/vosgesinfo.fr\/saintdieinfo\/2021\/06\/raon-letape-lentreprise-gestra-recrute-300-personnes-elections-regionales\/","twitter_card":"summary_large_image","twitter_title":"Raon l\u2019Etape \u2013 L\u2019entreprise Gestra recrute 300 personnes pour les \u00e9lections r\u00e9gionales - Saint Die Info","twitter_description":"Dans l\u2019optique de la mise sous pli des bulletins de vote pour le second tour des \u00e9lections r\u00e9gionales, GESTRA recrute [&hellip;]","twitter_image":"https:\/\/vosgesinfo.fr\/app\/uploads\/sites\/4\/2024\/08\/202106enveloppe-elections.jpg","twitter_creator":"@VosgesInfo88","twitter_site":"@VosgesInfo88","twitter_misc":{"\u00c9crit par":"la r\u00e9daction"},"schema":{"@context":"https:\/\/schema.org","@graph":[{"@type":"Article","@id":"https:\/\/vosgesinfo.fr\/saintdieinfo\/2021\/06\/raon-letape-lentreprise-gestra-recrute-300-personnes-elections-regionales\/#article","isPartOf":{"@id":"https:\/\/vosgesinfo.fr\/saintdieinfo\/2021\/06\/raon-letape-lentreprise-gestra-recrute-300-personnes-elections-regionales\/"},"author":{"name":"la r\u00e9daction","@id":"https:\/\/vosgesinfo.fr\/saintdieinfo\/#\/schema\/person\/faee6704a21f3977511db84bd1cd450f"},"headline":"Raon l\u2019Etape \u2013 L\u2019entreprise Gestra recrute 300 personnes pour les \u00e9lections r\u00e9gionales","datePublished":"2021-06-11T05:31:48+00:00","dateModified":"2021-06-11T05:31:48+00:00","mainEntityOfPage":{"@id":"https:\/\/vosgesinfo.fr\/saintdieinfo\/2021\/06\/raon-letape-lentreprise-gestra-recrute-300-personnes-elections-regionales\/"},"wordCount":110,"commentCount":0,"publisher":{"@id":"https:\/\/vosgesinfo.fr\/saintdieinfo\/#organization"},"image":{"@id":"https:\/\/vosgesinfo.fr\/saintdieinfo\/2021\/06\/raon-letape-lentreprise-gestra-recrute-300-personnes-elections-regionales\/#primaryimage"},"thumbnailUrl":"https:\/\/vosgesinfo.fr\/app\/uploads\/sites\/4\/2024\/08\/202106enveloppe-elections.jpg","keywords":["Elections r\u00e9gionales 2021","Gestra","Raon-l\u2019Etape"],"articleSection":["Br\u00e8ves","Saint-Di\u00e9-des-Vosges et son Agglom\u00e9ration"],"inLanguage":"fr-FR","potentialAction":[{"@type":"CommentAction","name":"Comment","target":["https:\/\/vosgesinfo.fr\/saintdieinfo\/2021\/06\/raon-letape-lentreprise-gestra-recrute-300-personnes-elections-regionales\/#respond"]}]},{"@type":"WebPage","@id":"https:\/\/vosgesinfo.fr\/saintdieinfo\/2021\/06\/raon-letape-lentreprise-gestra-recrute-300-personnes-elections-regionales\/","url":"https:\/\/vosgesinfo.fr\/saintdieinfo\/2021\/06\/raon-letape-lentreprise-gestra-recrute-300-personnes-elections-regionales\/","name":"Raon l\u2019Etape \u2013 L\u2019entreprise Gestra recrute 300 personnes pour les \u00e9lections r\u00e9gionales - Saint Die Info","isPartOf":{"@id":"https:\/\/vosgesinfo.fr\/saintdieinfo\/#website"},"primaryImageOfPage":{"@id":"https:\/\/vosgesinfo.fr\/saintdieinfo\/2021\/06\/raon-letape-lentreprise-gestra-recrute-300-personnes-elections-regionales\/#primaryimage"},"image":{"@id":"https:\/\/vosgesinfo.fr\/saintdieinfo\/2021\/06\/raon-letape-lentreprise-gestra-recrute-300-personnes-elections-regionales\/#primaryimage"},"thumbnailUrl":"https:\/\/vosgesinfo.fr\/app\/uploads\/sites\/4\/2024\/08\/202106enveloppe-elections.jpg","datePublished":"2021-06-11T05:31:48+00:00","dateModified":"2021-06-11T05:31:48+00:00","breadcrumb":{"@id":"https:\/\/vosgesinfo.fr\/saintdieinfo\/2021\/06\/raon-letape-lentreprise-gestra-recrute-300-personnes-elections-regionales\/#breadcrumb"},"inLanguage":"fr-FR","potentialAction":[{"@type":"ReadAction","target":["https:\/\/vosgesinfo.fr\/saintdieinfo\/2021\/06\/raon-letape-lentreprise-gestra-recrute-300-personnes-elections-regionales\/"]}]},{"@type":"ImageObject","inLanguage":"fr-FR","@id":"https:\/\/vosgesinfo.fr\/saintdieinfo\/2021\/06\/raon-letape-lentreprise-gestra-recrute-300-personnes-elections-regionales\/#primaryimage","url":"https:\/\/vosgesinfo.fr\/app\/uploads\/sites\/4\/2024\/08\/202106enveloppe-elections.jpg","contentUrl":"https:\/\/vosgesinfo.fr\/app\/uploads\/sites\/4\/2024\/08\/202106enveloppe-elections.jpg","width":363,"height":250},{"@type":"BreadcrumbList","@id":"https:\/\/vosgesinfo.fr\/saintdieinfo\/2021\/06\/raon-letape-lentreprise-gestra-recrute-300-personnes-elections-regionales\/#breadcrumb","itemListElement":[{"@type":"ListItem","position":1,"name":"Home","item":"https:\/\/vosgesinfo.fr\/saintdieinfo\/"},{"@type":"ListItem","position":2,"name":"Raon l\u2019Etape \u2013 L\u2019entreprise Gestra recrute 300 personnes pour les \u00e9lections r\u00e9gionales"}]},{"@type":"WebSite","@id":"https:\/\/vosgesinfo.fr\/saintdieinfo\/#website","url":"https:\/\/vosgesinfo.fr\/saintdieinfo\/","name":"Saint Die Info","description":"Toute l&#039;actualit\u00e9 de Saint-Di\u00e9-Des-Vosges","publisher":{"@id":"https:\/\/vosgesinfo.fr\/saintdieinfo\/#organization"},"alternateName":"Toute l'actualit\u00e9 de Saint-Di\u00e9-Des-Vosges","potentialAction":[{"@type":"SearchAction","target":{"@type":"EntryPoint","urlTemplate":"https:\/\/vosgesinfo.fr\/saintdieinfo\/?s={search_term_string}"},"query-input":"required name=search_term_string"}],"inLanguage":"fr-FR"},{"@type":"Organization","@id":"https:\/\/vosgesinfo.fr\/saintdieinfo\/#organization","name":"Saint Die Info","url":"https:\/\/vosgesinfo.fr\/saintdieinfo\/","logo":{"@type":"ImageObject","inLanguage":"fr-FR","@id":"https:\/\/vosgesinfo.fr\/saintdieinfo\/#\/schema\/logo\/image\/","url":"https:\/\/vosgesinfo.fr\/app\/uploads\/sites\/4\/2024\/02\/logo-sdi.jpg","contentUrl":"https:\/\/vosgesinfo.fr\/app\/uploads\/sites\/4\/2024\/02\/logo-sdi.jpg","width":600,"height":600,"caption":"Saint Die Info"},"image":{"@id":"https:\/\/vosgesinfo.fr\/saintdieinfo\/#\/schema\/logo\/image\/"},"sameAs":["https:\/\/www.facebook.com\/Saintdieinfofr","https:\/\/x.com\/VosgesInfo88","https:\/\/www.youtube.com\/@vosgesinfo"]},{"@type":"Person","@id":"https:\/\/vosgesinfo.fr\/saintdieinfo\/#\/schema\/person\/faee6704a21f3977511db84bd1cd450f","name":"la r\u00e9daction","image":{"@type":"ImageObject","inLanguage":"fr-FR","@id":"https:\/\/vosgesinfo.fr\/saintdieinfo\/#\/schema\/person\/image\/","url":"https:\/\/secure.gravatar.com\/avatar\/6673d8bc6a9c17fa9a453eaa3448de834fa308c2ec9635b7aa99441a7c8d2cf6?s=96&d=mm&r=g","contentUrl":"https:\/\/secure.gravatar.com\/avatar\/6673d8bc6a9c17fa9a453eaa3448de834fa308c2ec9635b7aa99441a7c8d2cf6?s=96&d=mm&r=g","caption":"la r\u00e9daction"},"url":"https:\/\/vosgesinfo.fr\/saintdieinfo\/author\/redac\/"}]}},"_links":{"self":[{"href":"https:\/\/vosgesinfo.fr\/saintdieinfo\/wp-json\/wp\/v2\/posts\/40848","targetHints":{"allow":["GET"]}}],"collection":[{"href":"https:\/\/vosgesinfo.fr\/saintdieinfo\/wp-json\/wp\/v2\/posts"}],"about":[{"href":"https:\/\/vosgesinfo.fr\/saintdieinfo\/wp-json\/wp\/v2\/types\/post"}],"author":[{"embeddable":true,"href":"https:\/\/vosgesinfo.fr\/saintdieinfo\/wp-json\/wp\/v2\/users\/44"}],"replies":[{"embeddable":true,"href":"https:\/\/vosgesinfo.fr\/saintdieinfo\/wp-json\/wp\/v2\/comments?post=40848"}],"version-history":[{"count":0,"href":"https:\/\/vosgesinfo.fr\/saintdieinfo\/wp-json\/wp\/v2\/posts\/40848\/revisions"}],"wp:featuredmedia":[{"embeddable":true,"href":"https:\/\/vosgesinfo.fr\/saintdieinfo\/wp-json\/wp\/v2\/media\/40849"}],"wp:attachment":[{"href":"https:\/\/vosgesinfo.fr\/saintdieinfo\/wp-json\/wp\/v2\/media?parent=40848"}],"wp:term":[{"taxonomy":"category","embeddable":true,"href":"https:\/\/vosgesinfo.fr\/saintdieinfo\/wp-json\/wp\/v2\/categories?post=40848"},{"taxonomy":"post_tag","embeddable":true,"href":"https:\/\/vosgesinfo.fr\/saintdieinfo\/wp-json\/wp\/v2\/tags?post=40848"}],"curies":[{"name":"wp","href":"https:\/\/api.w.org\/{rel}","templated":true}]}}