{"id":40869,"date":"2021-06-11T12:50:44","date_gmt":"2021-06-11T10:50:44","guid":{"rendered":"https:\/\/vosgesinfo.fr\/saintdieinfo\/2021\/06\/journee-deodatienne-hommage-general-de-gaulle\/"},"modified":"2021-06-11T12:50:44","modified_gmt":"2021-06-11T10:50:44","slug":"journee-deodatienne-hommage-general-de-gaulle","status":"publish","type":"post","link":"https:\/\/vosgesinfo.fr\/saintdieinfo\/2021\/06\/journee-deodatienne-hommage-general-de-gaulle\/","title":{"rendered":"Une journ\u00e9e d\u00e9odatienne en hommage au g\u00e9n\u00e9ral de Gaulle"},"content":{"rendered":"<div id=\"attachment_168438\" style=\"width: 810px\" class=\"wp-caption aligncenter\"><a href=\"\/2021\/06\/Pr\u00e9sentation_Journ\u00e9e_Charles_de_Gaulle-1.jpg\" target=\"_blank\" rel=\"noopener\"><img decoding=\"async\" aria-describedby=\"caption-attachment-168438\" class=\"wp-image-168438 size-full\" src=\"\/2021\/06\/Pr\u00e9sentation_Journ\u00e9e_Charles_de_Gaulle-1.jpg\" alt=\"Pr\u00e9sentation_Journ\u00e9e_Charles_de_Gaulle (1)\" width=\"800\" height=\"600\" \/><\/a><p id=\"caption-attachment-168438\" class=\"wp-caption-text\">Vendredi prochain, une st\u00e8le en hommage au g\u00e9n\u00e9ral de Gaulle sera scell\u00e9e sur la place d\u00e9odatienne portant son nom.<\/p><\/div>\n<h2><span style=\"font-size: 14pt;\"><strong><span style=\"font-family: Calibri, sans-serif;\">Une journ\u00e9e d\u00e9odatienne rendra prochainement hommage au g\u00e9n\u00e9ral Charles de Gaulle, plus pr\u00e9cis\u00e9ment le vendredi 18 juin prochain. Soit 81 ans apr\u00e8s son appel historique, exhortant les Fran\u00e7ais \u00e0 r\u00e9sister \u00e0 l&rsquo;envahisseur nazi.<\/span><\/strong><\/span><\/h2>\n<p><!--more--><\/p>\n<p><span style=\"font-family: Calibri, sans-serif;\"><span style=\"font-size: large;\"><em>\u00ab\u00a0Ce \u00e9v\u00e9nement a d\u00e9j\u00e0 \u00e9t\u00e9 report\u00e9 2 fois \u00e0 cause de la crise sanitaire\u00a0\u00bb<\/em> pr\u00e9cise l&rsquo;adjointe Colette Dauphin, qui a pr\u00e9sent\u00e9 le d\u00e9roul\u00e9 de la journ\u00e9e avec Claude Kiener, vice-pr\u00e9sidente de la Communaut\u00e9 d&rsquo;Agglom\u00e9ration d\u00e9l\u00e9gu\u00e9e \u00e0 la Culture, \u00e0 la M\u00e9moire et aux Grands \u00e9v\u00e9nements.<\/span><\/span><\/p>\n<p><span style=\"font-family: Calibri, sans-serif;\"><span style=\"font-size: large;\">L&rsquo;hommage d\u00e9butera \u00e0 16h30, par l&rsquo;inauguration d&rsquo;une st\u00e8le d\u00e9di\u00e9e au g\u00e9n\u00e9ral de Gaulle, qui sera sur la place du m\u00eame nom en contrebas de la cath\u00e9drale. Une c\u00e9r\u00e9monie au monument aux morts viendra ensuite comm\u00e9morer l&rsquo;Appel du 18 juin 1940, puis sur les coups de 17h30 sera inaugur\u00e9e l&rsquo;exposition \u00ab\u00a0De Gaulle \u2013 Adenauer : les b\u00e2tisseurs de l&rsquo;amiti\u00e9 franco-allemande\u00a0\u00bb.<\/span><\/span><\/p>\n<p><span style=\"font-family: Calibri, sans-serif;\"><span style=\"font-size: large;\">Con\u00e7ue par la Fondation Charles de Gaulle et la Fondation de la Maison du Chancelier Adenauer de Rhindorf, cette exposition, qui se compose de 20 panneaux de 2 m\u00e8tres de haut sur 1,20 m\u00e8tre de large, est construire autour de 3 moments distincts permettant de comprendre le lien entre le pass\u00e9 de l&rsquo;amiti\u00e9 franco-allemande, son pr\u00e9sent et son avenir. Elle sera visible \u00e0 l&rsquo;H\u00f4tel de Ville du 18 juin au 2 juillet, puis dans le hall du Centre Hospitalier de Saint-Di\u00e9-des-Vosges du 3 au 11 juillet. Elle voyagera ensuite dans la ville jumel\u00e9e de Friedrichshafen.<\/span><\/span><\/p>\n<p><span style=\"font-family: Calibri, sans-serif;\"><span style=\"font-size: large;\">A 18h, un dialogue crois\u00e9 autour de l&rsquo;ouvrage \u00ab\u00a0De Gaulle aime l&rsquo;Est\u00a0\u00bb viendra cl\u00f4turer la journ\u00e9e. Un dialogue crois\u00e9 entre le maire David Valence, qui fut directeur-adjoint de la Fondation Charles de Gaulle, et l&rsquo;historienne Fr\u00e9d\u00e9rique Neau-Dufour, auteure de plusieurs livres sur Charles de Gaulle. Elle a notamment \u00e9t\u00e9 conservatrice de La Boisserie, la maison familiale du g\u00e9n\u00e9ral. Pour assister \u00e0 ce rendez-vous, la jauge \u00e9tant limit\u00e9e en raison du protocole sanitaire, une pr\u00e9-inscription pr\u00e9alable est demand\u00e9e, aupr\u00e8s de l&rsquo;accueil de l&rsquo;H\u00f4tel de Ville au <strong>03-29-52-66-66<\/strong> ou via <strong><a href=\"mailto:contact@ville-saintdie.fr\" target=\"_blank\" rel=\"noopener\">contact@ville-saintdie.fr<\/a><\/strong>. Et pour celles et ceux qui ne pourront pas s&rsquo;y rendre, le dialogue crois\u00e9 sera retransmis en direct sur <strong><a href=\"https:\/\/www.facebook.com\/ville.saintdiedesvosges\" target=\"_blank\" rel=\"noopener\">la page Facebook de la Ville de Saint-Di\u00e9-des-Vosges<\/a><\/strong> et via <strong><a href=\"http:\/\/www.saint-die.eu\/\" target=\"_blank\" rel=\"noopener\">www.saint-die.eu<\/a><\/strong><\/span><\/span><\/p>\n<p>J.J.<\/p>\n","protected":false},"excerpt":{"rendered":"<p>Une journ\u00e9e d\u00e9odatienne rendra prochainement hommage au g\u00e9n\u00e9ral Charles de Gaulle, plus pr\u00e9cis\u00e9ment le vendredi 18 juin prochain. Soit 81 [&hellip;]<\/p>\n","protected":false},"author":44,"featured_media":40870,"comment_status":"open","ping_status":"open","sticky":false,"template":"","format":"standard","meta":{"footnotes":""},"categories":[460,2915],"tags":[4911,4912,3039],"class_list":["post-40869","post","type-post","status-publish","format-standard","has-post-thumbnail","hentry","category-a-la-une","category-saint-die-son-canton","tag-charles-de-gaulle","tag-general-de-gaulle","tag-place-du-general-de-gaulle"],"acf":[],"yoast_head":"<!-- This site is optimized with the Yoast SEO plugin v22.5 - https:\/\/yoast.com\/wordpress\/plugins\/seo\/ -->\n<title>Une journ\u00e9e d\u00e9odatienne en hommage au g\u00e9n\u00e9ral de Gaulle - Saint Die Info<\/title>\n<meta name=\"robots\" content=\"index, follow, max-snippet:-1, max-image-preview:large, max-video-preview:-1\" \/>\n<link rel=\"canonical\" href=\"https:\/\/vosgesinfo.fr\/saintdieinfo\/2021\/06\/journee-deodatienne-hommage-general-de-gaulle\/\" \/>\n<meta name=\"twitter:card\" content=\"summary_large_image\" \/>\n<meta name=\"twitter:title\" content=\"Une journ\u00e9e d\u00e9odatienne en hommage au g\u00e9n\u00e9ral de Gaulle - Saint Die Info\" \/>\n<meta name=\"twitter:description\" content=\"Une journ\u00e9e d\u00e9odatienne rendra prochainement hommage au g\u00e9n\u00e9ral Charles de Gaulle, plus pr\u00e9cis\u00e9ment le vendredi 18 juin prochain. Soit 81 [&hellip;]\" \/>\n<meta name=\"twitter:image\" content=\"https:\/\/vosgesinfo.fr\/app\/uploads\/sites\/4\/2024\/08\/202106presentation-journee-charles-de-gaulle-1-1.jpg\" \/>\n<meta name=\"twitter:creator\" content=\"@VosgesInfo88\" \/>\n<meta name=\"twitter:site\" content=\"@VosgesInfo88\" \/>\n<meta name=\"twitter:label1\" content=\"\u00c9crit par\" \/>\n\t<meta name=\"twitter:data1\" content=\"la r\u00e9daction\" \/>\n\t<meta name=\"twitter:label2\" content=\"Dur\u00e9e de lecture estim\u00e9e\" \/>\n\t<meta name=\"twitter:data2\" content=\"2 minutes\" \/>\n<script type=\"application\/ld+json\" class=\"yoast-schema-graph\">{\"@context\":\"https:\/\/schema.org\",\"@graph\":[{\"@type\":\"Article\",\"@id\":\"https:\/\/vosgesinfo.fr\/saintdieinfo\/2021\/06\/journee-deodatienne-hommage-general-de-gaulle\/#article\",\"isPartOf\":{\"@id\":\"https:\/\/vosgesinfo.fr\/saintdieinfo\/2021\/06\/journee-deodatienne-hommage-general-de-gaulle\/\"},\"author\":{\"name\":\"la r\u00e9daction\",\"@id\":\"https:\/\/vosgesinfo.fr\/saintdieinfo\/#\/schema\/person\/faee6704a21f3977511db84bd1cd450f\"},\"headline\":\"Une journ\u00e9e d\u00e9odatienne en hommage au g\u00e9n\u00e9ral de Gaulle\",\"datePublished\":\"2021-06-11T10:50:44+00:00\",\"dateModified\":\"2021-06-11T10:50:44+00:00\",\"mainEntityOfPage\":{\"@id\":\"https:\/\/vosgesinfo.fr\/saintdieinfo\/2021\/06\/journee-deodatienne-hommage-general-de-gaulle\/\"},\"wordCount\":453,\"commentCount\":0,\"publisher\":{\"@id\":\"https:\/\/vosgesinfo.fr\/saintdieinfo\/#organization\"},\"image\":{\"@id\":\"https:\/\/vosgesinfo.fr\/saintdieinfo\/2021\/06\/journee-deodatienne-hommage-general-de-gaulle\/#primaryimage\"},\"thumbnailUrl\":\"https:\/\/vosgesinfo.fr\/app\/uploads\/sites\/4\/2024\/08\/202106presentation-journee-charles-de-gaulle-1-1.jpg\",\"keywords\":[\"Charles de Gaulle\",\"G\u00e9n\u00e9ral de Gaulle\",\"Place du G\u00e9n\u00e9ral de Gaulle\"],\"articleSection\":[\"A la Une\",\"Saint-Di\u00e9-des-Vosges et son Agglom\u00e9ration\"],\"inLanguage\":\"fr-FR\",\"potentialAction\":[{\"@type\":\"CommentAction\",\"name\":\"Comment\",\"target\":[\"https:\/\/vosgesinfo.fr\/saintdieinfo\/2021\/06\/journee-deodatienne-hommage-general-de-gaulle\/#respond\"]}]},{\"@type\":\"WebPage\",\"@id\":\"https:\/\/vosgesinfo.fr\/saintdieinfo\/2021\/06\/journee-deodatienne-hommage-general-de-gaulle\/\",\"url\":\"https:\/\/vosgesinfo.fr\/saintdieinfo\/2021\/06\/journee-deodatienne-hommage-general-de-gaulle\/\",\"name\":\"Une journ\u00e9e d\u00e9odatienne en hommage au g\u00e9n\u00e9ral de Gaulle - Saint Die Info\",\"isPartOf\":{\"@id\":\"https:\/\/vosgesinfo.fr\/saintdieinfo\/#website\"},\"primaryImageOfPage\":{\"@id\":\"https:\/\/vosgesinfo.fr\/saintdieinfo\/2021\/06\/journee-deodatienne-hommage-general-de-gaulle\/#primaryimage\"},\"image\":{\"@id\":\"https:\/\/vosgesinfo.fr\/saintdieinfo\/2021\/06\/journee-deodatienne-hommage-general-de-gaulle\/#primaryimage\"},\"thumbnailUrl\":\"https:\/\/vosgesinfo.fr\/app\/uploads\/sites\/4\/2024\/08\/202106presentation-journee-charles-de-gaulle-1-1.jpg\",\"datePublished\":\"2021-06-11T10:50:44+00:00\",\"dateModified\":\"2021-06-11T10:50:44+00:00\",\"breadcrumb\":{\"@id\":\"https:\/\/vosgesinfo.fr\/saintdieinfo\/2021\/06\/journee-deodatienne-hommage-general-de-gaulle\/#breadcrumb\"},\"inLanguage\":\"fr-FR\",\"potentialAction\":[{\"@type\":\"ReadAction\",\"target\":[\"https:\/\/vosgesinfo.fr\/saintdieinfo\/2021\/06\/journee-deodatienne-hommage-general-de-gaulle\/\"]}]},{\"@type\":\"ImageObject\",\"inLanguage\":\"fr-FR\",\"@id\":\"https:\/\/vosgesinfo.fr\/saintdieinfo\/2021\/06\/journee-deodatienne-hommage-general-de-gaulle\/#primaryimage\",\"url\":\"https:\/\/vosgesinfo.fr\/app\/uploads\/sites\/4\/2024\/08\/202106presentation-journee-charles-de-gaulle-1-1.jpg\",\"contentUrl\":\"https:\/\/vosgesinfo.fr\/app\/uploads\/sites\/4\/2024\/08\/202106presentation-journee-charles-de-gaulle-1-1.jpg\",\"width\":800,\"height\":600},{\"@type\":\"BreadcrumbList\",\"@id\":\"https:\/\/vosgesinfo.fr\/saintdieinfo\/2021\/06\/journee-deodatienne-hommage-general-de-gaulle\/#breadcrumb\",\"itemListElement\":[{\"@type\":\"ListItem\",\"position\":1,\"name\":\"Home\",\"item\":\"https:\/\/vosgesinfo.fr\/saintdieinfo\/\"},{\"@type\":\"ListItem\",\"position\":2,\"name\":\"Une journ\u00e9e d\u00e9odatienne en hommage au g\u00e9n\u00e9ral de Gaulle\"}]},{\"@type\":\"WebSite\",\"@id\":\"https:\/\/vosgesinfo.fr\/saintdieinfo\/#website\",\"url\":\"https:\/\/vosgesinfo.fr\/saintdieinfo\/\",\"name\":\"Saint Die Info\",\"description\":\"Toute l&#039;actualit\u00e9 de Saint-Di\u00e9-Des-Vosges\",\"publisher\":{\"@id\":\"https:\/\/vosgesinfo.fr\/saintdieinfo\/#organization\"},\"alternateName\":\"Toute l'actualit\u00e9 de Saint-Di\u00e9-Des-Vosges\",\"potentialAction\":[{\"@type\":\"SearchAction\",\"target\":{\"@type\":\"EntryPoint\",\"urlTemplate\":\"https:\/\/vosgesinfo.fr\/saintdieinfo\/?s={search_term_string}\"},\"query-input\":\"required name=search_term_string\"}],\"inLanguage\":\"fr-FR\"},{\"@type\":\"Organization\",\"@id\":\"https:\/\/vosgesinfo.fr\/saintdieinfo\/#organization\",\"name\":\"Saint Die Info\",\"url\":\"https:\/\/vosgesinfo.fr\/saintdieinfo\/\",\"logo\":{\"@type\":\"ImageObject\",\"inLanguage\":\"fr-FR\",\"@id\":\"https:\/\/vosgesinfo.fr\/saintdieinfo\/#\/schema\/logo\/image\/\",\"url\":\"https:\/\/vosgesinfo.fr\/app\/uploads\/sites\/4\/2024\/02\/logo-sdi.jpg\",\"contentUrl\":\"https:\/\/vosgesinfo.fr\/app\/uploads\/sites\/4\/2024\/02\/logo-sdi.jpg\",\"width\":600,\"height\":600,\"caption\":\"Saint Die Info\"},\"image\":{\"@id\":\"https:\/\/vosgesinfo.fr\/saintdieinfo\/#\/schema\/logo\/image\/\"},\"sameAs\":[\"https:\/\/www.facebook.com\/Saintdieinfofr\",\"https:\/\/x.com\/VosgesInfo88\",\"https:\/\/www.youtube.com\/@vosgesinfo\"]},{\"@type\":\"Person\",\"@id\":\"https:\/\/vosgesinfo.fr\/saintdieinfo\/#\/schema\/person\/faee6704a21f3977511db84bd1cd450f\",\"name\":\"la r\u00e9daction\",\"image\":{\"@type\":\"ImageObject\",\"inLanguage\":\"fr-FR\",\"@id\":\"https:\/\/vosgesinfo.fr\/saintdieinfo\/#\/schema\/person\/image\/\",\"url\":\"https:\/\/secure.gravatar.com\/avatar\/6673d8bc6a9c17fa9a453eaa3448de834fa308c2ec9635b7aa99441a7c8d2cf6?s=96&d=mm&r=g\",\"contentUrl\":\"https:\/\/secure.gravatar.com\/avatar\/6673d8bc6a9c17fa9a453eaa3448de834fa308c2ec9635b7aa99441a7c8d2cf6?s=96&d=mm&r=g\",\"caption\":\"la r\u00e9daction\"},\"url\":\"https:\/\/vosgesinfo.fr\/saintdieinfo\/author\/redac\/\"}]}<\/script>\n<!-- \/ Yoast SEO plugin. -->","yoast_head_json":{"title":"Une journ\u00e9e d\u00e9odatienne en hommage au g\u00e9n\u00e9ral de Gaulle - Saint Die Info","robots":{"index":"index","follow":"follow","max-snippet":"max-snippet:-1","max-image-preview":"max-image-preview:large","max-video-preview":"max-video-preview:-1"},"canonical":"https:\/\/vosgesinfo.fr\/saintdieinfo\/2021\/06\/journee-deodatienne-hommage-general-de-gaulle\/","twitter_card":"summary_large_image","twitter_title":"Une journ\u00e9e d\u00e9odatienne en hommage au g\u00e9n\u00e9ral de Gaulle - Saint Die Info","twitter_description":"Une journ\u00e9e d\u00e9odatienne rendra prochainement hommage au g\u00e9n\u00e9ral Charles de Gaulle, plus pr\u00e9cis\u00e9ment le vendredi 18 juin prochain. Soit 81 [&hellip;]","twitter_image":"https:\/\/vosgesinfo.fr\/app\/uploads\/sites\/4\/2024\/08\/202106presentation-journee-charles-de-gaulle-1-1.jpg","twitter_creator":"@VosgesInfo88","twitter_site":"@VosgesInfo88","twitter_misc":{"\u00c9crit par":"la r\u00e9daction","Dur\u00e9e de lecture estim\u00e9e":"2 minutes"},"schema":{"@context":"https:\/\/schema.org","@graph":[{"@type":"Article","@id":"https:\/\/vosgesinfo.fr\/saintdieinfo\/2021\/06\/journee-deodatienne-hommage-general-de-gaulle\/#article","isPartOf":{"@id":"https:\/\/vosgesinfo.fr\/saintdieinfo\/2021\/06\/journee-deodatienne-hommage-general-de-gaulle\/"},"author":{"name":"la r\u00e9daction","@id":"https:\/\/vosgesinfo.fr\/saintdieinfo\/#\/schema\/person\/faee6704a21f3977511db84bd1cd450f"},"headline":"Une journ\u00e9e d\u00e9odatienne en hommage au g\u00e9n\u00e9ral de Gaulle","datePublished":"2021-06-11T10:50:44+00:00","dateModified":"2021-06-11T10:50:44+00:00","mainEntityOfPage":{"@id":"https:\/\/vosgesinfo.fr\/saintdieinfo\/2021\/06\/journee-deodatienne-hommage-general-de-gaulle\/"},"wordCount":453,"commentCount":0,"publisher":{"@id":"https:\/\/vosgesinfo.fr\/saintdieinfo\/#organization"},"image":{"@id":"https:\/\/vosgesinfo.fr\/saintdieinfo\/2021\/06\/journee-deodatienne-hommage-general-de-gaulle\/#primaryimage"},"thumbnailUrl":"https:\/\/vosgesinfo.fr\/app\/uploads\/sites\/4\/2024\/08\/202106presentation-journee-charles-de-gaulle-1-1.jpg","keywords":["Charles de Gaulle","G\u00e9n\u00e9ral de Gaulle","Place du G\u00e9n\u00e9ral de Gaulle"],"articleSection":["A la Une","Saint-Di\u00e9-des-Vosges et son Agglom\u00e9ration"],"inLanguage":"fr-FR","potentialAction":[{"@type":"CommentAction","name":"Comment","target":["https:\/\/vosgesinfo.fr\/saintdieinfo\/2021\/06\/journee-deodatienne-hommage-general-de-gaulle\/#respond"]}]},{"@type":"WebPage","@id":"https:\/\/vosgesinfo.fr\/saintdieinfo\/2021\/06\/journee-deodatienne-hommage-general-de-gaulle\/","url":"https:\/\/vosgesinfo.fr\/saintdieinfo\/2021\/06\/journee-deodatienne-hommage-general-de-gaulle\/","name":"Une journ\u00e9e d\u00e9odatienne en hommage au g\u00e9n\u00e9ral de Gaulle - Saint Die Info","isPartOf":{"@id":"https:\/\/vosgesinfo.fr\/saintdieinfo\/#website"},"primaryImageOfPage":{"@id":"https:\/\/vosgesinfo.fr\/saintdieinfo\/2021\/06\/journee-deodatienne-hommage-general-de-gaulle\/#primaryimage"},"image":{"@id":"https:\/\/vosgesinfo.fr\/saintdieinfo\/2021\/06\/journee-deodatienne-hommage-general-de-gaulle\/#primaryimage"},"thumbnailUrl":"https:\/\/vosgesinfo.fr\/app\/uploads\/sites\/4\/2024\/08\/202106presentation-journee-charles-de-gaulle-1-1.jpg","datePublished":"2021-06-11T10:50:44+00:00","dateModified":"2021-06-11T10:50:44+00:00","breadcrumb":{"@id":"https:\/\/vosgesinfo.fr\/saintdieinfo\/2021\/06\/journee-deodatienne-hommage-general-de-gaulle\/#breadcrumb"},"inLanguage":"fr-FR","potentialAction":[{"@type":"ReadAction","target":["https:\/\/vosgesinfo.fr\/saintdieinfo\/2021\/06\/journee-deodatienne-hommage-general-de-gaulle\/"]}]},{"@type":"ImageObject","inLanguage":"fr-FR","@id":"https:\/\/vosgesinfo.fr\/saintdieinfo\/2021\/06\/journee-deodatienne-hommage-general-de-gaulle\/#primaryimage","url":"https:\/\/vosgesinfo.fr\/app\/uploads\/sites\/4\/2024\/08\/202106presentation-journee-charles-de-gaulle-1-1.jpg","contentUrl":"https:\/\/vosgesinfo.fr\/app\/uploads\/sites\/4\/2024\/08\/202106presentation-journee-charles-de-gaulle-1-1.jpg","width":800,"height":600},{"@type":"BreadcrumbList","@id":"https:\/\/vosgesinfo.fr\/saintdieinfo\/2021\/06\/journee-deodatienne-hommage-general-de-gaulle\/#breadcrumb","itemListElement":[{"@type":"ListItem","position":1,"name":"Home","item":"https:\/\/vosgesinfo.fr\/saintdieinfo\/"},{"@type":"ListItem","position":2,"name":"Une journ\u00e9e d\u00e9odatienne en hommage au g\u00e9n\u00e9ral de Gaulle"}]},{"@type":"WebSite","@id":"https:\/\/vosgesinfo.fr\/saintdieinfo\/#website","url":"https:\/\/vosgesinfo.fr\/saintdieinfo\/","name":"Saint Die Info","description":"Toute l&#039;actualit\u00e9 de Saint-Di\u00e9-Des-Vosges","publisher":{"@id":"https:\/\/vosgesinfo.fr\/saintdieinfo\/#organization"},"alternateName":"Toute l'actualit\u00e9 de Saint-Di\u00e9-Des-Vosges","potentialAction":[{"@type":"SearchAction","target":{"@type":"EntryPoint","urlTemplate":"https:\/\/vosgesinfo.fr\/saintdieinfo\/?s={search_term_string}"},"query-input":"required name=search_term_string"}],"inLanguage":"fr-FR"},{"@type":"Organization","@id":"https:\/\/vosgesinfo.fr\/saintdieinfo\/#organization","name":"Saint Die Info","url":"https:\/\/vosgesinfo.fr\/saintdieinfo\/","logo":{"@type":"ImageObject","inLanguage":"fr-FR","@id":"https:\/\/vosgesinfo.fr\/saintdieinfo\/#\/schema\/logo\/image\/","url":"https:\/\/vosgesinfo.fr\/app\/uploads\/sites\/4\/2024\/02\/logo-sdi.jpg","contentUrl":"https:\/\/vosgesinfo.fr\/app\/uploads\/sites\/4\/2024\/02\/logo-sdi.jpg","width":600,"height":600,"caption":"Saint Die Info"},"image":{"@id":"https:\/\/vosgesinfo.fr\/saintdieinfo\/#\/schema\/logo\/image\/"},"sameAs":["https:\/\/www.facebook.com\/Saintdieinfofr","https:\/\/x.com\/VosgesInfo88","https:\/\/www.youtube.com\/@vosgesinfo"]},{"@type":"Person","@id":"https:\/\/vosgesinfo.fr\/saintdieinfo\/#\/schema\/person\/faee6704a21f3977511db84bd1cd450f","name":"la r\u00e9daction","image":{"@type":"ImageObject","inLanguage":"fr-FR","@id":"https:\/\/vosgesinfo.fr\/saintdieinfo\/#\/schema\/person\/image\/","url":"https:\/\/secure.gravatar.com\/avatar\/6673d8bc6a9c17fa9a453eaa3448de834fa308c2ec9635b7aa99441a7c8d2cf6?s=96&d=mm&r=g","contentUrl":"https:\/\/secure.gravatar.com\/avatar\/6673d8bc6a9c17fa9a453eaa3448de834fa308c2ec9635b7aa99441a7c8d2cf6?s=96&d=mm&r=g","caption":"la r\u00e9daction"},"url":"https:\/\/vosgesinfo.fr\/saintdieinfo\/author\/redac\/"}]}},"_links":{"self":[{"href":"https:\/\/vosgesinfo.fr\/saintdieinfo\/wp-json\/wp\/v2\/posts\/40869","targetHints":{"allow":["GET"]}}],"collection":[{"href":"https:\/\/vosgesinfo.fr\/saintdieinfo\/wp-json\/wp\/v2\/posts"}],"about":[{"href":"https:\/\/vosgesinfo.fr\/saintdieinfo\/wp-json\/wp\/v2\/types\/post"}],"author":[{"embeddable":true,"href":"https:\/\/vosgesinfo.fr\/saintdieinfo\/wp-json\/wp\/v2\/users\/44"}],"replies":[{"embeddable":true,"href":"https:\/\/vosgesinfo.fr\/saintdieinfo\/wp-json\/wp\/v2\/comments?post=40869"}],"version-history":[{"count":0,"href":"https:\/\/vosgesinfo.fr\/saintdieinfo\/wp-json\/wp\/v2\/posts\/40869\/revisions"}],"wp:featuredmedia":[{"embeddable":true,"href":"https:\/\/vosgesinfo.fr\/saintdieinfo\/wp-json\/wp\/v2\/media\/40870"}],"wp:attachment":[{"href":"https:\/\/vosgesinfo.fr\/saintdieinfo\/wp-json\/wp\/v2\/media?parent=40869"}],"wp:term":[{"taxonomy":"category","embeddable":true,"href":"https:\/\/vosgesinfo.fr\/saintdieinfo\/wp-json\/wp\/v2\/categories?post=40869"},{"taxonomy":"post_tag","embeddable":true,"href":"https:\/\/vosgesinfo.fr\/saintdieinfo\/wp-json\/wp\/v2\/tags?post=40869"}],"curies":[{"name":"wp","href":"https:\/\/api.w.org\/{rel}","templated":true}]}}