{"id":42027,"date":"2021-07-19T11:06:08","date_gmt":"2021-07-19T09:06:08","guid":{"rendered":"https:\/\/vosgesinfo.fr\/saintdieinfo\/2021\/07\/ete-grand-a-saint-die-vosges-programme-de-semaine-6\/"},"modified":"2021-07-19T11:06:08","modified_gmt":"2021-07-19T09:06:08","slug":"ete-grand-a-saint-die-vosges-programme-de-semaine-6","status":"publish","type":"post","link":"https:\/\/vosgesinfo.fr\/saintdieinfo\/2021\/07\/ete-grand-a-saint-die-vosges-programme-de-semaine-6\/","title":{"rendered":"Et\u00e9 en grand \u00e0 Saint-Di\u00e9-des-Vosges : le programme de la semaine"},"content":{"rendered":"<h3><strong><span style=\"font-family: Calibri, sans-serif;\"><span style=\"font-size: large;\">Lundi 19 juillet<\/span><\/span><\/strong><\/h3>\n<ul>\n<li><span style=\"font-family: Calibri, sans-serif;\"><span style=\"font-size: large;\">de 13 h 30 \u00e0 15 h 30 \u00e0 St-Roch et de 16 h \u00e0 18 h \u00e0 Kellermann. MouvTruck. Un \u00e9ducateur sportif sillonnera les Vosges, pour vous proposer des s\u00e9ances d&rsquo;activit\u00e9s physiques et sportives adapt\u00e9es \u00e0 votre niveau, au plus proche de chez vous.<\/span><\/span><\/li>\n<li><span style=\"font-family: Calibri, sans-serif;\"><span style=\"font-size: large;\">de 14 h 30 \u00e0 18 h 30 \/ Place Jean XXIII, quartier de Saint-Roch. La science en bas de chez toi ! Des animations scientifiques et ludiques pour tous \u00e2ges en bas de chez vous ! Contact : Les petits d\u00e9brouillards Grand Est. Mail : <a href=\"mailto:a.quesnel@debrouillonet.org\" target=\"_blank\" rel=\"noopener\">a.quesnel@debrouillonet.org<\/a> T\u00e9l\u00e9phone : 07 64 61 66 70.<\/span><\/span><\/li>\n<li><span style=\"font-family: Calibri, sans-serif;\"><span style=\"font-size: large;\">de 18 h \u00e0 18 h 45 \/ Tour de la Libert\u00e9. TABATA. Renforcement musculaire + cardio. Contact : M\u00e9l Fitness et Danse. Mail : mel.fitness@laposte.net. T\u00e9l. : 06 50 07 89 78. Pr\u00e9-inscription obligatoire. 3\u20ac par personne.<\/span><\/span><\/li>\n<li><span style=\"font-family: Calibri, sans-serif;\"><span style=\"font-size: large;\">de 18 h \u00e0 19 h \/ Devant le Centre Social Saint-Roch. Oplat\u2019CHITA en d\u00e9ambulation. Tour de Chant voyageur pour petits et grands curieux. Charl\u00e8ne vous envole avec sa voix de f\u00e9e polyglotte au-del\u00e0 des fronti\u00e8res et des \u00e9toiles Mail : <a href=\"mailto:ciedes3tresors@gmail.com\" target=\"_blank\" rel=\"noopener\">ciedes3tresors@gmail.com<\/a> T\u00e9l\u00e9phone : 06 24 70 73 71. Compagnie des 3 Tr\u00e9sors.<\/span><\/span><\/li>\n<li><span style=\"font-family: Calibri, sans-serif;\"><span style=\"font-size: large;\">de 19 h \u00e0 21 h \/ Jardins de la chapelle Saint-Roch. Voix au Jardin. Voix au Jardin propose un moment musical, o\u00f9 voix et piano se m\u00ealeront dans le cadre naturel de Saint-Roch.Entr\u00e9e gratuite. Mail : <a href=\"mailto:lesjardinsdelachapelle@gmail.com\" target=\"_blank\" rel=\"noopener\">lesjardinsdelachapelle@gmail.com<\/a> T\u00e9l\u00e9phone : 06 36 90 34 20.<\/span><\/span><\/li>\n<\/ul>\n<h3><strong><span style=\"font-family: Calibri, sans-serif;\"><span style=\"font-size: large;\">Mardi 20 juillet<\/span><\/span><\/strong><\/h3>\n<ul>\n<li><span style=\"font-family: Calibri, sans-serif;\"><span style=\"font-size: large;\">de 13 h \u00e0 17 h 30 \/ Saint-Roch. Diverses animations au parc de jeux par le Service politique de la ville. T\u00e9l\u00e9phone : 06 07 45 96 21. Repli : COSEC Saint-Roch.<\/span><\/span><\/li>\n<li><span style=\"font-family: Calibri, sans-serif;\"><span style=\"font-size: large;\">de 14 h \u00e0 17 h \/ Jardin Japonais au Parc Jean-Mansuy. Mus\u00e9o\u2019Tour : Destination l\u2019Asie ! Valise, ouvre-toi\u2026 Explorons ensemble, le temps d\u2019un atelier cr\u00e9atif, les oeuvres qui nous font voyager aux quatre coins du Monde ! Enfant d\u00e8s 6 ans Mail : <a href=\"mailto:jennifer.fangille@ca-saintdie.fr\" target=\"_blank\" rel=\"noopener\">jennifer.fangille@ca-saintdie.fr<\/a> T\u00e9l\u00e9phone : 03 29 51 60 35. Repli : Espace Mus\u00e9o\u2019M\u00f4mes au Mus\u00e9e Pierre-No\u00ebl.<\/span><\/span><\/li>\n<li><span style=\"font-family: Calibri, sans-serif;\"><span style=\"font-size: large;\">de 14 h \u00e0 17 h \/ Quai Sadi Carnot. Naviguer \u00e0 St Di\u00e9. Bapt\u00eames nautiques. Savoir nager est obligatoire, pr\u00e9voir chaussures adapt\u00e9es et v\u00eatements de rechange, autorisation parentale obligatoire pour mineurs non accompagn\u00e9s Annul\u00e9 si temp\u00e9rature inf\u00e9rieure \u00e0 15 degr\u00e9s. Mail : <a href=\"mailto:b.lipp@laposte.net\" target=\"_blank\" rel=\"noopener\">b.lipp@laposte.net<\/a> T\u00e9l\u00e9phone : 06 03 36 93 22. Pr\u00e9-inscription possible.<\/span><\/span><\/li>\n<li><span style=\"font-family: Calibri, sans-serif;\"><span style=\"font-size: large;\">de 14 h 30 \u00e0 18 h 30 \/ Place Jean XXIII, quartier de Saint-Roch. La science en bas de chez toi ! Des animations scientifiques et ludiques pour tous \u00e2ges en bas de chez vous ! Contact : Les petits d\u00e9brouillards Grand Est Mail : <a href=\"mailto:a.quesnel@debrouillonet.org\" target=\"_blank\" rel=\"noopener\">a.quesnel@debrouillonet.org<\/a> T\u00e9l\u00e9phone : 07 64 61 66 70.<\/span><\/span><\/li>\n<li><span style=\"font-family: Calibri, sans-serif;\"><span style=\"font-size: large;\">de 16 h 30 \u00e0 17 h 30 \/ Jardin Simone Veil. Jo\u2019Magic. Magie de Rues \u2013 Spectacle. Repli : Salle Carbonnar.<\/span><\/span><\/li>\n<li><span style=\"font-family: Calibri, sans-serif;\"><span style=\"font-size: large;\">de 20 h \u00e0 22 h \/ Jardins de la chapelle Saint-Roch. J\u2019y CroiX pas. Pi\u00e8ce de Th\u00e9\u00e2tre, Com\u00e9die. Mail : <a href=\"mailto:lesjardinsdelachapelle@gmail.com\" target=\"_blank\" rel=\"noopener\">lesjardinsdelachapelle@gmail.com<\/a> T\u00e9l\u00e9phone : 06 36 90 34 20. Entr\u00e9e gratuite.<\/span><\/span><\/li>\n<\/ul>\n<h3><strong><span style=\"font-family: Calibri, sans-serif;\"><span style=\"font-size: large;\">Mercredi 21 juillet<\/span><\/span><\/strong><\/h3>\n<ul>\n<li><span style=\"font-family: Calibri, sans-serif;\"><span style=\"font-size: large;\">de 14 h \u00e0 17 h \/ Place Allende. Gymkhana. Parcours d\u2019agilit\u00e9 \u00e0 v\u00e9lo destin\u00e9 aux 7 \u2013 12 ans qui a pour but la ma\u00eetrise du v\u00e9lo. M\u00e9diateurs Tranquillit\u00e9 Publique. T\u00e9l\u00e9phone : 03 29 52 66 66.<\/span><\/span><\/li>\n<li><span style=\"font-family: Calibri, sans-serif;\"><span style=\"font-size: large;\">de 14 h \u00e0 18 h \/ Boulodrome \u2013 Chemin du Coucheux (ext\u00e9rieur). Concours vacanciers. Le sddvp organise comme l&rsquo;an pass\u00e9 ses concours vacanciers ouverts \u00e0 tous publics pendant les mois de juillet et ao\u00fbt. Mail : <a href=\"mailto:welcomesddvp@orange.fr\" target=\"_blank\" rel=\"noopener\">welcomesddvp@orange.fr<\/a> T\u00e9l\u00e9phone : 06 87 61 87 21. Pr\u00e9-r\u00e9servation possible.<\/span><\/span><\/li>\n<li><span style=\"font-family: Calibri, sans-serif;\"><span style=\"font-size: large;\">de 14 h 30 \u00e0 17 h \/ Jardin Simone Veil. Les Petites Mains Cr\u00e9atives. Venez r\u00e9aliser des brochettes de bonbons avec Sabrina. Mail : <a href=\"mailto:sperrin@ville-saintdie.fr\" target=\"_blank\" rel=\"noopener\">sperrin@ville-saintdie.fr<\/a> T\u00e9l\u00e9phone : 06 31 73 97 40. Repli : Salle Carbonnar.<\/span><\/span><\/li>\n<li><span style=\"font-family: Calibri, sans-serif;\"><span style=\"font-size: large;\">de 14 h 30 \u00e0 18 h 30 \/ Place Jean XXIII, quartier de Saint-Roch. La science en bas de chez toi ! Des animations scientifiques et ludiques pour tous \u00e2ges en bas de chez vous ! Contact : Les petits d\u00e9brouillards Grand Est. Mail : <a href=\"mailto:a.quesnel@debrouillonet.org\" target=\"_blank\" rel=\"noopener\">a.quesnel@debrouillonet.org<\/a> T\u00e9l\u00e9phone : 07 64 61 66 70.<\/span><\/span><\/li>\n<li><span style=\"font-family: Calibri, sans-serif;\"><span style=\"font-size: large;\">de 19 h \u00e0 20 h \/ Jardins de la chapelle St-Roch. Th\u00e9\u00e2tre gestuel humoristique \u00abWanted\u00bb Bruital Cie. A partir de 10 ans. WANTED est une parodie du western, enti\u00e8rement mim\u00e9e et sonoris\u00e9e par une com\u00e9dienne et un bruiteur. Il est la voix, elle est le corps et \u00e0 eux deux ils jouent tous les personnages du Far West, du sh\u00e9rif orgueilleux au bandit sanguinaire en passant par le banquier, le prisonnier et la femme fatale. Un spectacle atypique, aux confins du cartoon, du cin\u00e9ma-endirect, de la pantomime\u2026 avec une bonne dose de d\u00e9rision et d\u2019humour ! T\u00e9l. 03 29 56 14 09 (repli \u00e0 la Nef si mauvais temps)\/<\/span><\/span><\/li>\n<li><span style=\"font-family: Calibri, sans-serif;\"><span style=\"font-size: large;\">20 h \u00e0 21 h \/ Jardins de la chapelle Saint-RochOn a vol\u00e9 STANISLAS. Cirque &amp; spectacle de clowns. Duo clownesque ultrason et Champion. Entr\u00e9e gratuite Mail : <a href=\"mailto:lesjardinsdelachapelle@gmail.com\" target=\"_blank\" rel=\"noopener\">lesjardinsdelachapelle@gmail.com<\/a> T\u00e9l\u00e9phone : 06 36 90 34 20.<\/span><\/span><\/li>\n<li><span style=\"font-family: Calibri, sans-serif;\"><span style=\"font-size: large;\">de 18 h 30 \u00e0 24 h \/ Boulodrome &#8211; Chemin du Coucheux. Tournoi de p\u00e9tanque amical. Concours de p\u00e9tanque en doublette, ouvert \u00e0 tous. Mail : <a href=\"mailto:jeanne.clauser@orange.fr\" target=\"_blank\" rel=\"noopener\">jeanne.clauser@orange.fr<\/a> Srd sport adapt\u00e9.<\/span><\/span><\/li>\n<li><span style=\"font-family: Calibri, sans-serif;\"><span style=\"font-size: large;\">Toute la journ\u00e9e \/ Mus\u00e9e Pierre-No\u00ebl. Patrimoine surprise #3. Les petits Pat&rsquo;s font leur retour avec un nouveau th\u00e8me ! Emportez un tote bag, parcourez la ville pour r\u00e9ussir le jeu de piste et r\u00e9alisez une cr\u00e9ation chez vous ! En famille d\u00e8s 6 ans. Mail : <a href=\"mailto:jennifer.fangille@ca-saintdie.fr\" target=\"_blank\" rel=\"noopener\">jennifer.fangille@ca-saintdie.fr<\/a> T\u00e9l. : 03 29 51 60 35 Retrait \u00e0 l\u2019accueil du mus\u00e9e, aux horaires d\u2019ouverture dans la limite des stocks disponibles.<\/span><\/span><\/li>\n<\/ul>\n<h3><strong><span style=\"font-family: Calibri, sans-serif;\"><span style=\"font-size: large;\">Jeudi 21 juillet<\/span><\/span><\/strong><\/h3>\n<ul>\n<li><span style=\"font-family: Calibri, sans-serif;\"><span style=\"font-size: large;\">de 13 h \u00e0 17 h 30 \/ Rue Barlier. Diverses animations au parc de jeux par le Service politique de la ville. T\u00e9l\u00e9phone : 06 07 45 96 21.<\/span><\/span><\/li>\n<li><span style=\"font-family: Calibri, sans-serif;\"><span style=\"font-size: large;\">de 14 h \u00e0 17 h 30 \/ Sous la Tour de la Libert\u00e9. Animation avec des gros jeux en bois. Jeux adapt\u00e9s \u00e0 partir de 6 ans. Mail : <a href=\"mailto:f.dolto@ville-saintdie.fr\" target=\"_blank\" rel=\"noopener\">f.dolto@ville-saintdie.fr<\/a> ou <a href=\"mailto:francoise.dolto@villesaintdie.fr\" target=\"_blank\" rel=\"noopener\">francoise.dolto@villesaintdie.fr<\/a> T\u00e9l\u00e9phone : 03 29 56 28 61. Repli : Maison de l\u2019enfance Fran\u00e7oise-Dolto.<\/span><\/span><\/li>\n<li><span style=\"font-family: Calibri, sans-serif;\"><span style=\"font-size: large;\">14 h 15 \/ Office du Tourisme. Visite guid\u00e9e : Histoire et Patrimoine XXe si\u00e8cle. De 669 \u00e0 nos jours venez d\u00e9couvrir les tr\u00e9sors de la ville et son \u00e9tonnante histoire. De Saint-D\u00e9odat aux celtes puis les 2 grandes guerres et la reconstruction qui en a d\u00e9coul\u00e9, Saint-Di\u00e9-des-Vosges vous surprendra ! Pr\u00e9-inscription obligatoire 3.50\u20ac par personne gratuit pour \u2013 12 ans. D\u00e9part \u00e0 partir de 5 personnes minimum et 10 personnes maximum. Mail : <a href=\"mailto:tourisme@ca-saintdie.fr\" target=\"_blank\" rel=\"noopener\">tourisme@ca-saintdie.fr<\/a> T\u00e9l\u00e9phone : 03 29 42 22 22.<\/span><\/span><\/li>\n<li><span style=\"font-family: Calibri, sans-serif;\"><span style=\"font-size: large;\">de 14 h 30 \u00e0 18 h 30 \/ Place Jean XXIII, quartier de Saint-Roch. La science en bas de chez toi ! Des animations scientifiques et ludiques pour tous \u00e2ges en bas de chez vous ! Contact : Les petits d\u00e9brouillards Grand Est. Mail : <a href=\"mailto:a.quesnel@debrouillonet.org\" target=\"_blank\" rel=\"noopener\">a.quesnel@debrouillonet.org<\/a> T\u00e9l\u00e9phone : 07 64 61 66 70.<\/span><\/span><\/li>\n<li><span style=\"font-family: Calibri, sans-serif;\"><span style=\"font-size: large;\">de 18 h \u00e0 18 h 45 \/ Jardin du P\u00f4le de Sant\u00e9 et Bien-\u00eatre. Circuit training. Circuit training (diff\u00e9rents exercices de renforcement musculaire et cardio) dans un endroit verdoyant. Pr\u00e9-inscription obligatoire. 3\u20ac par personne. A partir de 16 ans. Contact : M\u00e9l Fitness et Danse. Mail : <a href=\"mailto:mel.fitness@laposte.net\" target=\"_blank\" rel=\"noopener\">mel.fitness@laposte.net<\/a> T\u00e9l\u00e9phone : 06 50 07 89 78.<\/span><\/span><\/li>\n<li><span style=\"font-family: Calibri, sans-serif;\"><span style=\"font-size: large;\">de 19 h \u00e0 23 h \/ Jardin de la chapelle Saint-Roch. Concert Jack Simar \u2013 Teachel. Concert chansons Fran\u00e7aises TEACHEL et JACK SIMARD. Entr\u00e9e payante : 20\u20ac par personne. Mail : <a href=\"mailto:lesjardinsdelachapelle@gmail.com\" target=\"_blank\" rel=\"noopener\">lesjardinsdelachapelle@gmail.com<\/a> T\u00e9l\u00e9phone : 06 36 90 34 20. Pr\u00e9-inscription obligatoire. Billetteries : divers points de vente. Se renseigner au 06 36 90 34 20.<\/span><\/span><\/li>\n<\/ul>\n<h3><strong><span style=\"font-family: Calibri, sans-serif;\"><span style=\"font-size: large;\">Vendredi 23 juillet<\/span><\/span><\/strong><\/h3>\n<ul>\n<li><span style=\"font-family: Calibri, sans-serif;\"><span style=\"font-size: large;\">de 14 h \u00e0 19 h \/ Espace Fran\u00e7ois-Mitterrand. Festival Deod\u2019Art. D\u00e9couvrez pr\u00e8s de 100 artistes, peintres, photographes, sculpteurs\u2026 sur 3 jours. Performances et rencontres avec les artistes. T\u00e9l\u00e9phone : 06 08 54 37 99.<\/span><\/span><\/li>\n<li><span style=\"font-family: Calibri, sans-serif;\"><span style=\"font-size: large;\">de 14 h 30 \u00e0 18 h 30 \/ Place Jean XXIII, quartier de Saint-Roch. La science en bas de chez toi ! Des animations scientifiques et ludiques pour tous \u00e2ges en bas de chez vous ! Contact : Les petits d\u00e9brouillards Grand Est. Mail : <a href=\"mailto:a.quesnel@debrouillonet.org\" target=\"_blank\" rel=\"noopener\">a.quesnel@debrouillonet.org<\/a> T\u00e9l\u00e9phone : 07 64 61 66 70.<\/span><\/span><\/li>\n<li><span style=\"font-family: Calibri, sans-serif;\"><span style=\"font-size: large;\">17 h \/ Mus\u00e9e Pierre-No\u00ebl. Vernissage exposition \u00abEmpreintes\u00bb. Mail : <a href=\"mailto:elsa.thouvenot@ca-saintdie.fr\" target=\"_blank\" rel=\"noopener\">elsa.thouvenot@ca-saintdie.fr<\/a> T\u00e9l\u00e9phone : 03 29 51 60 35.<\/span><\/span><\/li>\n<li><span style=\"font-family: Calibri, sans-serif;\"><span style=\"font-size: large;\">de 19 h \u00e0 23 h \/ Jardin de la chapelle Saint-Roch. Tribute to AC\/DC &amp; Tribute to Deep Purple. Plateau exceptionnel de Rock. Entr\u00e9e payante : 26 \u20ac par personne. Pr\u00e9inscription obligatoire. Mail : <a href=\"mailto:lesjardinsdelachapelle@gmail.com\" target=\"_blank\" rel=\"noopener\">lesjardinsdelachapelle@gmail.com<\/a>. BILLETERIES : divers points de vente, se renseigner au 06 36 90 34 20.<\/span><\/span><\/li>\n<li><span style=\"font-family: Calibri, sans-serif;\"><span style=\"font-size: large;\">de 19 h \u00e0 23 h \/ Boulodrome \u2013 Chemin du Coucheux. Concours vaca.nciers. Mail : <a href=\"mailto:welcomesddvp@orange.fr\" target=\"_blank\" rel=\"noopener\">welcomesddvp@orange.fr<\/a> T\u00e9l\u00e9phone : 06 87 61 87 21.<\/span><\/span><\/li>\n<li><span style=\"font-family: Calibri, sans-serif;\"><span style=\"font-size: large;\">19 h 30 \/ Quai de Lattre. Les Terrasses en Musique. 4 soir\u00e9es \/ 4 concerts en plein air pour vous permettre un instant de d\u00e9tente sur un air de musique. Groupe Last Time (Reprise Pop\/Rock) de 19 h \u00e0 21 h puis Fun party DJ Nicolas Risacher (jusqu\u2019\u00e0 24 h).<\/span><\/span><\/li>\n<\/ul>\n<h3><strong><span style=\"font-family: Calibri, sans-serif;\"><span style=\"font-size: large;\">Samedi 24 juillet<\/span><\/span><\/strong><\/h3>\n<ul>\n<li><span style=\"font-family: Calibri, sans-serif;\"><span style=\"font-size: large;\">de 10 h \u00e0 20 h \/ Espace Fran\u00e7ois-Mitterrand. Festival Deod\u2019Art. T\u00e9l\u00e9phone : 06 08 54 37 99.<\/span><\/span><\/li>\n<li><span style=\"font-family: Calibri, sans-serif;\"><span style=\"font-size: large;\">de 13 h 30 \u00e0 17 h 30 \/ Mus\u00e9e Pierre-No\u00ebl. D\u00e9but de l\u2019exposition \u00abEMPREINTES\u00bb. On connait presque toutes les facettes de la peinture de Fausto Olivares qui pendant les ann\u00e9es qui ont suivi sa disparition ont \u00e9t\u00e9 vues au mus\u00e9e de Saint-Di\u00e9-des- Vosges ainsi qu\u2019en d\u2019autres lieux d\u00e9di\u00e9s \u00e0 l\u2019art. Mais la diversit\u00e9 des lieux, les exp\u00e9riences de recherches cr\u00e9atives, les rencontres artistiques et humaines, la multiplicit\u00e9 des passions et la qu\u00eate humaniste sont autant de liens qui convergent vers une multiplicit\u00e9 d\u2019interconnexions dans la vie du peintre Fausto Olivares. Mail : <a href=\"mailto:elsa.thouvenot@ca-saintdie.fr\" target=\"_blank\" rel=\"noopener\">elsa.thouvenot@ca-saintdie.fr<\/a> T\u00e9l\u00e9phone : 03 29 51 60 35. Entr\u00e9e payante (voir tarif \u00e0 l\u2019accueil).<\/span><\/span><\/li>\n<li><span style=\"font-family: Calibri, sans-serif;\"><span style=\"font-size: large;\">de 14 h 30 \u00e0 17 h 30 \/ Place du March\u00e9. D\u00e9monstration et initiation de Twirling. D\u00e9monstration de deux solistes et d\u2019un duo, suivie d\u2019une initiation \u00e0 la technique du b\u00e2ton avec les entra\u00eeneurs du club aupr\u00e8s des jeunes qui le d\u00e9sirent. Initiation pour les jeunes \u00e0 partir de 6 ans. Mail : <a href=\"mailto:saintdietwirling@gmail.com\" target=\"_blank\" rel=\"noopener\">saintdietwirling@gmail.com<\/a> T\u00e9l\u00e9phone : 06 12 47 65 85.<\/span><\/span><\/li>\n<li><span style=\"font-family: Calibri, sans-serif;\"><span style=\"font-size: large;\">de 14 h 30 \u00e0 18 h \/ Sous la Tour de la Libert\u00e9. Simultan\u00e9e avec un Ma\u00eetre : Etienne MENSCH (20 \u00e0 25 joueurs maximum). Un Ma\u00eetre international joue contre plusieurs joueurs en simultan\u00e9e. Parall\u00e8lement, des ateliers d\u2019initiations et ludiques seront propos\u00e9es. Savoir et conna\u00eetre les r\u00e8gles du jeu. Mail : <a href=\"mailto:clubdechecsstdiedesvosges@gmail.com\" target=\"_blank\" rel=\"noopener\">clubdechecsstdiedesvosges@gmail.com<\/a> T\u00e9l\u00e9phone : 06 08 73 61 00. Club d\u2019\u00e9chec de Saint-Di\u00e9 des Vosges. Repli : Espace Fran\u00e7ois-Mitterrand.<\/span><\/span><\/li>\n<li><span style=\"font-family: Calibri, sans-serif;\"><span style=\"font-size: large;\">14 h 30 \/ M\u00e9diath\u00e8que Jean-de-La-Fontaine A l\u2019eau ! Les Instants Enchancont\u00e9s de et par H\u00e9l\u00e8ne Koenig. Spectacle de comptines, histoires, chansons originales. \u00c0 partir de 5 ans.<\/span><\/span><\/li>\n<li><span style=\"font-family: Calibri, sans-serif;\"><span style=\"font-size: large;\">de 19 h \u00e0 1 h \/ Place du March\u00e9. Soir\u00e9e dansante Latino. Contact : Hanicia Danse. Mail : <a href=\"mailto:patricia.johann.watt@orange.fr\" target=\"_blank\" rel=\"noopener\">patricia.johann.watt@orange.fr<\/a> T\u00e9l\u00e9phone : 06 72 43 41 66.<\/span><\/span><\/li>\n<li><span style=\"font-family: Calibri, sans-serif;\"><span style=\"font-size: large;\">de 19 h \u00e0 23 h \/ Jardin de la chapelle Saint-Roch. Concert : Une l\u00e9gende du Rock dans les Jardins de la Chapelle Saint-Roch avec Rudy Lenners &amp; Tribute to Scorpion \u2013 substitude, Tribute to the Who. Entr\u00e9e payante : 28\u20ac par personne Mail : <a href=\"mailto:lesjardinsdelachapelle@gmail.com\" target=\"_blank\" rel=\"noopener\">lesjardinsdelachapelle@gmail.com<\/a> T\u00e9l\u00e9phone : 06 36 90 34 20. Pr\u00e9-inscription obligatoire. BILLETERIES : divers points de vente. Se renseigner au 06 36 90 34 20.<\/span><\/span><\/li>\n<li><span style=\"font-family: Calibri, sans-serif;\"><span style=\"font-size: large;\">Toute la journ\u00e9e \/ Mus\u00e9e Pierre-No\u00ebl. Patrimoine surprise #3. Les petits Pat&rsquo;s font leur retour avec un nouveau th\u00e8me ! Emportez un tote bag, parcourez la ville pour r\u00e9ussir le jeu de piste et r\u00e9alisez une cr\u00e9ation chez vous ! En famille d\u00e8s 6 ans. Mail : <a href=\"mailto:jennifer.fangille@ca-saintdie.fr\" target=\"_blank\" rel=\"noopener\">jennifer.fangille@ca-saintdie.fr<\/a> T\u00e9l\u00e9phone : 03 29 51 60 35. Retrait \u00e0 l\u2019accueil du mus\u00e9e, aux horaires d\u2019ouverture, dans la limite des stocks disponibles.<br \/>\n<\/span><\/span><\/li>\n<\/ul>\n<h3><span style=\"font-size: 14pt;\"><strong><span style=\"font-family: Calibri, sans-serif;\">Dimanche 25 juillet<\/span><\/strong><\/span><\/h3>\n<ul>\n<li><span style=\"font-family: Calibri, sans-serif;\"><span style=\"font-size: large;\">de 7 h \u00e0 18 h \/ Parking du supermarch\u00e9 Leclerc. Zone d\u2019Hellieule. Vide-greniers et march\u00e9 de l&rsquo;artisanat. Tous les dimanches de juillet et ao\u00fbt la SPA d\u00e9odatienne organise un vide-greniers pour financer les soins animaliers et la reconstruction du refuge. Ouvert aux particuliers et professionnels de la brocante et aux artisans cr\u00e9ateurs. Mail : <a href=\"mailto:bruno.toussaint5@orange.fr\" target=\"_blank\" rel=\"noopener\">bruno.toussaint5@orange.fr<\/a> T\u00e9l\u00e9phone : 06 80 62 26 52. Pr\u00e9-inscription obligatoire.<\/span><\/span><\/li>\n<li><span style=\"font-family: Calibri, sans-serif;\"><span style=\"font-size: large;\">de 19 h \u00e0 21 h \/ Place du march\u00e9 \u2013 Terrasse. London Tavern. Apero concert. Contact : 06 70 93 05 61 \u2013 <a href=\"mailto:sephirote88@gmail.com\" target=\"_blank\" rel=\"noopener\">sephirote88@gmail.com<\/a>.<\/span><\/span><\/li>\n<li><span style=\"font-family: Calibri, sans-serif;\"><span style=\"font-size: large;\">Toute la journ\u00e9e \/ Mus\u00e9e Pierre-No\u00ebl. Patrimoine surprise #3. Les petits Pat&rsquo;s font leur retour avec un nouveau th\u00e8me ! Emportez un tote bag, parcourez la ville pour r\u00e9ussir le jeu de piste et r\u00e9alisez une cr\u00e9ation chez vous ! En famille d\u00e8s 6 ans. Mail : <a href=\"mailto:jennifer.fangille@ca-saintdie.fr\" target=\"_blank\" rel=\"noopener\">jennifer.fangille@ca-saintdie.fr<\/a> T\u00e9l\u00e9phone : 03 29 51 60 35. Retrait \u00e0 l\u2019accueil du mus\u00e9e, aux horaires d\u2019ouverture. Dans la limite des stocks disponible.<\/span><\/span><\/li>\n<\/ul>\n","protected":false},"excerpt":{"rendered":"<p>Lundi 19 juillet de 13 h 30 \u00e0 15 h 30 \u00e0 St-Roch et de 16 h \u00e0 18 h [&hellip;]<\/p>\n","protected":false},"author":44,"featured_media":42028,"comment_status":"open","ping_status":"open","sticky":false,"template":"","format":"standard","meta":{"footnotes":""},"categories":[460,7847,3532,20,2915],"tags":[2967,3240],"class_list":["post-42027","post","type-post","status-publish","format-standard","has-post-thumbnail","hentry","category-a-la-une","category-art-culture","category-enfants","category-loisirs","category-saint-die-son-canton","tag-ete-en-grand-a-saint-die-des-vosges","tag-ville-de-saint-die-des-vosges"],"acf":[],"yoast_head":"<!-- This site is optimized with the Yoast SEO plugin v22.5 - https:\/\/yoast.com\/wordpress\/plugins\/seo\/ -->\n<title>Et\u00e9 en grand \u00e0 Saint-Di\u00e9-des-Vosges : le programme de la semaine - Saint Die Info<\/title>\n<meta name=\"robots\" content=\"index, follow, max-snippet:-1, max-image-preview:large, max-video-preview:-1\" \/>\n<link rel=\"canonical\" href=\"https:\/\/vosgesinfo.fr\/saintdieinfo\/2021\/07\/ete-grand-a-saint-die-vosges-programme-de-semaine-6\/\" \/>\n<meta name=\"twitter:card\" content=\"summary_large_image\" \/>\n<meta name=\"twitter:title\" content=\"Et\u00e9 en grand \u00e0 Saint-Di\u00e9-des-Vosges : le programme de la semaine - Saint Die Info\" \/>\n<meta name=\"twitter:description\" content=\"Lundi 19 juillet de 13 h 30 \u00e0 15 h 30 \u00e0 St-Roch et de 16 h \u00e0 18 h [&hellip;]\" \/>\n<meta name=\"twitter:image\" content=\"https:\/\/vosgesinfo.fr\/app\/uploads\/sites\/4\/2024\/08\/202106ete-en-grand-2021-2.jpg\" \/>\n<meta name=\"twitter:creator\" content=\"@VosgesInfo88\" \/>\n<meta name=\"twitter:site\" content=\"@VosgesInfo88\" \/>\n<meta name=\"twitter:label1\" content=\"\u00c9crit par\" \/>\n\t<meta name=\"twitter:data1\" content=\"la r\u00e9daction\" \/>\n\t<meta name=\"twitter:label2\" content=\"Dur\u00e9e de lecture estim\u00e9e\" \/>\n\t<meta name=\"twitter:data2\" content=\"9 minutes\" \/>\n<script type=\"application\/ld+json\" class=\"yoast-schema-graph\">{\"@context\":\"https:\/\/schema.org\",\"@graph\":[{\"@type\":\"Article\",\"@id\":\"https:\/\/vosgesinfo.fr\/saintdieinfo\/2021\/07\/ete-grand-a-saint-die-vosges-programme-de-semaine-6\/#article\",\"isPartOf\":{\"@id\":\"https:\/\/vosgesinfo.fr\/saintdieinfo\/2021\/07\/ete-grand-a-saint-die-vosges-programme-de-semaine-6\/\"},\"author\":{\"name\":\"la r\u00e9daction\",\"@id\":\"https:\/\/vosgesinfo.fr\/saintdieinfo\/#\/schema\/person\/faee6704a21f3977511db84bd1cd450f\"},\"headline\":\"Et\u00e9 en grand \u00e0 Saint-Di\u00e9-des-Vosges : le programme de la semaine\",\"datePublished\":\"2021-07-19T09:06:08+00:00\",\"dateModified\":\"2021-07-19T09:06:08+00:00\",\"mainEntityOfPage\":{\"@id\":\"https:\/\/vosgesinfo.fr\/saintdieinfo\/2021\/07\/ete-grand-a-saint-die-vosges-programme-de-semaine-6\/\"},\"wordCount\":1888,\"commentCount\":0,\"publisher\":{\"@id\":\"https:\/\/vosgesinfo.fr\/saintdieinfo\/#organization\"},\"image\":{\"@id\":\"https:\/\/vosgesinfo.fr\/saintdieinfo\/2021\/07\/ete-grand-a-saint-die-vosges-programme-de-semaine-6\/#primaryimage\"},\"thumbnailUrl\":\"https:\/\/vosgesinfo.fr\/app\/uploads\/sites\/4\/2024\/08\/202106ete-en-grand-2021-2.jpg\",\"keywords\":[\"Et\u00e9 en grand \u00e0 Saint-Di\u00e9-des-Vosges\",\"Ville de Saint-Di\u00e9-des-Vosges\"],\"articleSection\":[\"A la Une\",\"Culture\",\"Enfants\",\"Loisirs\",\"Saint-Di\u00e9-des-Vosges et son Agglom\u00e9ration\"],\"inLanguage\":\"fr-FR\",\"potentialAction\":[{\"@type\":\"CommentAction\",\"name\":\"Comment\",\"target\":[\"https:\/\/vosgesinfo.fr\/saintdieinfo\/2021\/07\/ete-grand-a-saint-die-vosges-programme-de-semaine-6\/#respond\"]}]},{\"@type\":\"WebPage\",\"@id\":\"https:\/\/vosgesinfo.fr\/saintdieinfo\/2021\/07\/ete-grand-a-saint-die-vosges-programme-de-semaine-6\/\",\"url\":\"https:\/\/vosgesinfo.fr\/saintdieinfo\/2021\/07\/ete-grand-a-saint-die-vosges-programme-de-semaine-6\/\",\"name\":\"Et\u00e9 en grand \u00e0 Saint-Di\u00e9-des-Vosges : le programme de la semaine - Saint Die Info\",\"isPartOf\":{\"@id\":\"https:\/\/vosgesinfo.fr\/saintdieinfo\/#website\"},\"primaryImageOfPage\":{\"@id\":\"https:\/\/vosgesinfo.fr\/saintdieinfo\/2021\/07\/ete-grand-a-saint-die-vosges-programme-de-semaine-6\/#primaryimage\"},\"image\":{\"@id\":\"https:\/\/vosgesinfo.fr\/saintdieinfo\/2021\/07\/ete-grand-a-saint-die-vosges-programme-de-semaine-6\/#primaryimage\"},\"thumbnailUrl\":\"https:\/\/vosgesinfo.fr\/app\/uploads\/sites\/4\/2024\/08\/202106ete-en-grand-2021-2.jpg\",\"datePublished\":\"2021-07-19T09:06:08+00:00\",\"dateModified\":\"2021-07-19T09:06:08+00:00\",\"breadcrumb\":{\"@id\":\"https:\/\/vosgesinfo.fr\/saintdieinfo\/2021\/07\/ete-grand-a-saint-die-vosges-programme-de-semaine-6\/#breadcrumb\"},\"inLanguage\":\"fr-FR\",\"potentialAction\":[{\"@type\":\"ReadAction\",\"target\":[\"https:\/\/vosgesinfo.fr\/saintdieinfo\/2021\/07\/ete-grand-a-saint-die-vosges-programme-de-semaine-6\/\"]}]},{\"@type\":\"ImageObject\",\"inLanguage\":\"fr-FR\",\"@id\":\"https:\/\/vosgesinfo.fr\/saintdieinfo\/2021\/07\/ete-grand-a-saint-die-vosges-programme-de-semaine-6\/#primaryimage\",\"url\":\"https:\/\/vosgesinfo.fr\/app\/uploads\/sites\/4\/2024\/08\/202106ete-en-grand-2021-2.jpg\",\"contentUrl\":\"https:\/\/vosgesinfo.fr\/app\/uploads\/sites\/4\/2024\/08\/202106ete-en-grand-2021-2.jpg\",\"width\":800,\"height\":618},{\"@type\":\"BreadcrumbList\",\"@id\":\"https:\/\/vosgesinfo.fr\/saintdieinfo\/2021\/07\/ete-grand-a-saint-die-vosges-programme-de-semaine-6\/#breadcrumb\",\"itemListElement\":[{\"@type\":\"ListItem\",\"position\":1,\"name\":\"Home\",\"item\":\"https:\/\/vosgesinfo.fr\/saintdieinfo\/\"},{\"@type\":\"ListItem\",\"position\":2,\"name\":\"Et\u00e9 en grand \u00e0 Saint-Di\u00e9-des-Vosges : le programme de la semaine\"}]},{\"@type\":\"WebSite\",\"@id\":\"https:\/\/vosgesinfo.fr\/saintdieinfo\/#website\",\"url\":\"https:\/\/vosgesinfo.fr\/saintdieinfo\/\",\"name\":\"Saint Die Info\",\"description\":\"Toute l&#039;actualit\u00e9 de Saint-Di\u00e9-Des-Vosges\",\"publisher\":{\"@id\":\"https:\/\/vosgesinfo.fr\/saintdieinfo\/#organization\"},\"alternateName\":\"Toute l'actualit\u00e9 de Saint-Di\u00e9-Des-Vosges\",\"potentialAction\":[{\"@type\":\"SearchAction\",\"target\":{\"@type\":\"EntryPoint\",\"urlTemplate\":\"https:\/\/vosgesinfo.fr\/saintdieinfo\/?s={search_term_string}\"},\"query-input\":\"required name=search_term_string\"}],\"inLanguage\":\"fr-FR\"},{\"@type\":\"Organization\",\"@id\":\"https:\/\/vosgesinfo.fr\/saintdieinfo\/#organization\",\"name\":\"Saint Die Info\",\"url\":\"https:\/\/vosgesinfo.fr\/saintdieinfo\/\",\"logo\":{\"@type\":\"ImageObject\",\"inLanguage\":\"fr-FR\",\"@id\":\"https:\/\/vosgesinfo.fr\/saintdieinfo\/#\/schema\/logo\/image\/\",\"url\":\"https:\/\/vosgesinfo.fr\/app\/uploads\/sites\/4\/2024\/02\/logo-sdi.jpg\",\"contentUrl\":\"https:\/\/vosgesinfo.fr\/app\/uploads\/sites\/4\/2024\/02\/logo-sdi.jpg\",\"width\":600,\"height\":600,\"caption\":\"Saint Die Info\"},\"image\":{\"@id\":\"https:\/\/vosgesinfo.fr\/saintdieinfo\/#\/schema\/logo\/image\/\"},\"sameAs\":[\"https:\/\/www.facebook.com\/Saintdieinfofr\",\"https:\/\/x.com\/VosgesInfo88\",\"https:\/\/www.youtube.com\/@vosgesinfo\"]},{\"@type\":\"Person\",\"@id\":\"https:\/\/vosgesinfo.fr\/saintdieinfo\/#\/schema\/person\/faee6704a21f3977511db84bd1cd450f\",\"name\":\"la r\u00e9daction\",\"image\":{\"@type\":\"ImageObject\",\"inLanguage\":\"fr-FR\",\"@id\":\"https:\/\/vosgesinfo.fr\/saintdieinfo\/#\/schema\/person\/image\/\",\"url\":\"https:\/\/secure.gravatar.com\/avatar\/6673d8bc6a9c17fa9a453eaa3448de834fa308c2ec9635b7aa99441a7c8d2cf6?s=96&d=mm&r=g\",\"contentUrl\":\"https:\/\/secure.gravatar.com\/avatar\/6673d8bc6a9c17fa9a453eaa3448de834fa308c2ec9635b7aa99441a7c8d2cf6?s=96&d=mm&r=g\",\"caption\":\"la r\u00e9daction\"},\"url\":\"https:\/\/vosgesinfo.fr\/saintdieinfo\/author\/redac\/\"}]}<\/script>\n<!-- \/ Yoast SEO plugin. -->","yoast_head_json":{"title":"Et\u00e9 en grand \u00e0 Saint-Di\u00e9-des-Vosges : le programme de la semaine - Saint Die Info","robots":{"index":"index","follow":"follow","max-snippet":"max-snippet:-1","max-image-preview":"max-image-preview:large","max-video-preview":"max-video-preview:-1"},"canonical":"https:\/\/vosgesinfo.fr\/saintdieinfo\/2021\/07\/ete-grand-a-saint-die-vosges-programme-de-semaine-6\/","twitter_card":"summary_large_image","twitter_title":"Et\u00e9 en grand \u00e0 Saint-Di\u00e9-des-Vosges : le programme de la semaine - Saint Die Info","twitter_description":"Lundi 19 juillet de 13 h 30 \u00e0 15 h 30 \u00e0 St-Roch et de 16 h \u00e0 18 h [&hellip;]","twitter_image":"https:\/\/vosgesinfo.fr\/app\/uploads\/sites\/4\/2024\/08\/202106ete-en-grand-2021-2.jpg","twitter_creator":"@VosgesInfo88","twitter_site":"@VosgesInfo88","twitter_misc":{"\u00c9crit par":"la r\u00e9daction","Dur\u00e9e de lecture estim\u00e9e":"9 minutes"},"schema":{"@context":"https:\/\/schema.org","@graph":[{"@type":"Article","@id":"https:\/\/vosgesinfo.fr\/saintdieinfo\/2021\/07\/ete-grand-a-saint-die-vosges-programme-de-semaine-6\/#article","isPartOf":{"@id":"https:\/\/vosgesinfo.fr\/saintdieinfo\/2021\/07\/ete-grand-a-saint-die-vosges-programme-de-semaine-6\/"},"author":{"name":"la r\u00e9daction","@id":"https:\/\/vosgesinfo.fr\/saintdieinfo\/#\/schema\/person\/faee6704a21f3977511db84bd1cd450f"},"headline":"Et\u00e9 en grand \u00e0 Saint-Di\u00e9-des-Vosges : le programme de la semaine","datePublished":"2021-07-19T09:06:08+00:00","dateModified":"2021-07-19T09:06:08+00:00","mainEntityOfPage":{"@id":"https:\/\/vosgesinfo.fr\/saintdieinfo\/2021\/07\/ete-grand-a-saint-die-vosges-programme-de-semaine-6\/"},"wordCount":1888,"commentCount":0,"publisher":{"@id":"https:\/\/vosgesinfo.fr\/saintdieinfo\/#organization"},"image":{"@id":"https:\/\/vosgesinfo.fr\/saintdieinfo\/2021\/07\/ete-grand-a-saint-die-vosges-programme-de-semaine-6\/#primaryimage"},"thumbnailUrl":"https:\/\/vosgesinfo.fr\/app\/uploads\/sites\/4\/2024\/08\/202106ete-en-grand-2021-2.jpg","keywords":["Et\u00e9 en grand \u00e0 Saint-Di\u00e9-des-Vosges","Ville de Saint-Di\u00e9-des-Vosges"],"articleSection":["A la Une","Culture","Enfants","Loisirs","Saint-Di\u00e9-des-Vosges et son Agglom\u00e9ration"],"inLanguage":"fr-FR","potentialAction":[{"@type":"CommentAction","name":"Comment","target":["https:\/\/vosgesinfo.fr\/saintdieinfo\/2021\/07\/ete-grand-a-saint-die-vosges-programme-de-semaine-6\/#respond"]}]},{"@type":"WebPage","@id":"https:\/\/vosgesinfo.fr\/saintdieinfo\/2021\/07\/ete-grand-a-saint-die-vosges-programme-de-semaine-6\/","url":"https:\/\/vosgesinfo.fr\/saintdieinfo\/2021\/07\/ete-grand-a-saint-die-vosges-programme-de-semaine-6\/","name":"Et\u00e9 en grand \u00e0 Saint-Di\u00e9-des-Vosges : le programme de la semaine - Saint Die Info","isPartOf":{"@id":"https:\/\/vosgesinfo.fr\/saintdieinfo\/#website"},"primaryImageOfPage":{"@id":"https:\/\/vosgesinfo.fr\/saintdieinfo\/2021\/07\/ete-grand-a-saint-die-vosges-programme-de-semaine-6\/#primaryimage"},"image":{"@id":"https:\/\/vosgesinfo.fr\/saintdieinfo\/2021\/07\/ete-grand-a-saint-die-vosges-programme-de-semaine-6\/#primaryimage"},"thumbnailUrl":"https:\/\/vosgesinfo.fr\/app\/uploads\/sites\/4\/2024\/08\/202106ete-en-grand-2021-2.jpg","datePublished":"2021-07-19T09:06:08+00:00","dateModified":"2021-07-19T09:06:08+00:00","breadcrumb":{"@id":"https:\/\/vosgesinfo.fr\/saintdieinfo\/2021\/07\/ete-grand-a-saint-die-vosges-programme-de-semaine-6\/#breadcrumb"},"inLanguage":"fr-FR","potentialAction":[{"@type":"ReadAction","target":["https:\/\/vosgesinfo.fr\/saintdieinfo\/2021\/07\/ete-grand-a-saint-die-vosges-programme-de-semaine-6\/"]}]},{"@type":"ImageObject","inLanguage":"fr-FR","@id":"https:\/\/vosgesinfo.fr\/saintdieinfo\/2021\/07\/ete-grand-a-saint-die-vosges-programme-de-semaine-6\/#primaryimage","url":"https:\/\/vosgesinfo.fr\/app\/uploads\/sites\/4\/2024\/08\/202106ete-en-grand-2021-2.jpg","contentUrl":"https:\/\/vosgesinfo.fr\/app\/uploads\/sites\/4\/2024\/08\/202106ete-en-grand-2021-2.jpg","width":800,"height":618},{"@type":"BreadcrumbList","@id":"https:\/\/vosgesinfo.fr\/saintdieinfo\/2021\/07\/ete-grand-a-saint-die-vosges-programme-de-semaine-6\/#breadcrumb","itemListElement":[{"@type":"ListItem","position":1,"name":"Home","item":"https:\/\/vosgesinfo.fr\/saintdieinfo\/"},{"@type":"ListItem","position":2,"name":"Et\u00e9 en grand \u00e0 Saint-Di\u00e9-des-Vosges : le programme de la semaine"}]},{"@type":"WebSite","@id":"https:\/\/vosgesinfo.fr\/saintdieinfo\/#website","url":"https:\/\/vosgesinfo.fr\/saintdieinfo\/","name":"Saint Die Info","description":"Toute l&#039;actualit\u00e9 de Saint-Di\u00e9-Des-Vosges","publisher":{"@id":"https:\/\/vosgesinfo.fr\/saintdieinfo\/#organization"},"alternateName":"Toute l'actualit\u00e9 de Saint-Di\u00e9-Des-Vosges","potentialAction":[{"@type":"SearchAction","target":{"@type":"EntryPoint","urlTemplate":"https:\/\/vosgesinfo.fr\/saintdieinfo\/?s={search_term_string}"},"query-input":"required name=search_term_string"}],"inLanguage":"fr-FR"},{"@type":"Organization","@id":"https:\/\/vosgesinfo.fr\/saintdieinfo\/#organization","name":"Saint Die Info","url":"https:\/\/vosgesinfo.fr\/saintdieinfo\/","logo":{"@type":"ImageObject","inLanguage":"fr-FR","@id":"https:\/\/vosgesinfo.fr\/saintdieinfo\/#\/schema\/logo\/image\/","url":"https:\/\/vosgesinfo.fr\/app\/uploads\/sites\/4\/2024\/02\/logo-sdi.jpg","contentUrl":"https:\/\/vosgesinfo.fr\/app\/uploads\/sites\/4\/2024\/02\/logo-sdi.jpg","width":600,"height":600,"caption":"Saint Die Info"},"image":{"@id":"https:\/\/vosgesinfo.fr\/saintdieinfo\/#\/schema\/logo\/image\/"},"sameAs":["https:\/\/www.facebook.com\/Saintdieinfofr","https:\/\/x.com\/VosgesInfo88","https:\/\/www.youtube.com\/@vosgesinfo"]},{"@type":"Person","@id":"https:\/\/vosgesinfo.fr\/saintdieinfo\/#\/schema\/person\/faee6704a21f3977511db84bd1cd450f","name":"la r\u00e9daction","image":{"@type":"ImageObject","inLanguage":"fr-FR","@id":"https:\/\/vosgesinfo.fr\/saintdieinfo\/#\/schema\/person\/image\/","url":"https:\/\/secure.gravatar.com\/avatar\/6673d8bc6a9c17fa9a453eaa3448de834fa308c2ec9635b7aa99441a7c8d2cf6?s=96&d=mm&r=g","contentUrl":"https:\/\/secure.gravatar.com\/avatar\/6673d8bc6a9c17fa9a453eaa3448de834fa308c2ec9635b7aa99441a7c8d2cf6?s=96&d=mm&r=g","caption":"la r\u00e9daction"},"url":"https:\/\/vosgesinfo.fr\/saintdieinfo\/author\/redac\/"}]}},"_links":{"self":[{"href":"https:\/\/vosgesinfo.fr\/saintdieinfo\/wp-json\/wp\/v2\/posts\/42027","targetHints":{"allow":["GET"]}}],"collection":[{"href":"https:\/\/vosgesinfo.fr\/saintdieinfo\/wp-json\/wp\/v2\/posts"}],"about":[{"href":"https:\/\/vosgesinfo.fr\/saintdieinfo\/wp-json\/wp\/v2\/types\/post"}],"author":[{"embeddable":true,"href":"https:\/\/vosgesinfo.fr\/saintdieinfo\/wp-json\/wp\/v2\/users\/44"}],"replies":[{"embeddable":true,"href":"https:\/\/vosgesinfo.fr\/saintdieinfo\/wp-json\/wp\/v2\/comments?post=42027"}],"version-history":[{"count":0,"href":"https:\/\/vosgesinfo.fr\/saintdieinfo\/wp-json\/wp\/v2\/posts\/42027\/revisions"}],"wp:featuredmedia":[{"embeddable":true,"href":"https:\/\/vosgesinfo.fr\/saintdieinfo\/wp-json\/wp\/v2\/media\/42028"}],"wp:attachment":[{"href":"https:\/\/vosgesinfo.fr\/saintdieinfo\/wp-json\/wp\/v2\/media?parent=42027"}],"wp:term":[{"taxonomy":"category","embeddable":true,"href":"https:\/\/vosgesinfo.fr\/saintdieinfo\/wp-json\/wp\/v2\/categories?post=42027"},{"taxonomy":"post_tag","embeddable":true,"href":"https:\/\/vosgesinfo.fr\/saintdieinfo\/wp-json\/wp\/v2\/tags?post=42027"}],"curies":[{"name":"wp","href":"https:\/\/api.w.org\/{rel}","templated":true}]}}