{"id":42033,"date":"2021-07-19T12:10:02","date_gmt":"2021-07-19T10:10:02","guid":{"rendered":"https:\/\/vosgesinfo.fr\/saintdieinfo\/2021\/07\/tourisme-vosges-enjeu-majeur\/"},"modified":"2021-07-19T12:10:02","modified_gmt":"2021-07-19T10:10:02","slug":"tourisme-vosges-enjeu-majeur","status":"publish","type":"post","link":"https:\/\/vosgesinfo.fr\/saintdieinfo\/2021\/07\/tourisme-vosges-enjeu-majeur\/","title":{"rendered":"Le Tourisme dans les Vosges, un enjeu majeur"},"content":{"rendered":"<div id=\"attachment_170089\" style=\"width: 810px\" class=\"wp-caption aligncenter\"><a href=\"\/2021\/07\/tourisme.jpg\" target=\"_blank\" rel=\"noopener\"><img decoding=\"async\" aria-describedby=\"caption-attachment-170089\" class=\"wp-image-170089 size-full\" src=\"\/2021\/07\/tourisme.jpg\" alt=\"tourisme\" width=\"800\" height=\"450\" \/><\/a><p id=\"caption-attachment-170089\" class=\"wp-caption-text\">(Photographie Michel Laurent)<\/p><\/div>\n<h2><span style=\"font-size: 14pt;\"><strong>Avec 4 millions de visiteurs par an, 230 millions de retomb\u00e9es \u00e9conomiques et 5400 emplois d\u00e9di\u00e9s au tourisme, l\u2019attractivit\u00e9 touristique du d\u00e9partement des Vosges repr\u00e9sente un enjeu prioritaire pour le dynamisme \u00e9conomique du territoire.<\/strong><\/span><\/h2>\n<p><!--more--><\/p>\n<p>Le tourisme est, depuis la loi NOTRe, une comp\u00e9tence partag\u00e9e entre les diff\u00e9rents niveaux de collectivit\u00e9 (R\u00e9gion, D\u00e9partement, Commune et intercommunalit\u00e9s). Selon le Code du Tourisme, l\u2019\u00e9chelon d\u00e9partemental doit :<\/p>\n<ul>\n<li>Avoir un Comit\u00e9 d\u00e9partemental du tourisme au sens du Code du Tourisme. Pour le D\u00e9partement des Vosges, il s\u2019agit de la r\u00e9gie Vosges d\u00e9veloppement, r\u00e9gie \u00e0 autonomie financi\u00e8re,<\/li>\n<li>Adopter un Sch\u00e9ma d\u00e9partemental du tourisme (Sch\u00e9ma du tourisme 2018-2022),<\/li>\n<li>Adopter un Plan D\u00e9partemental des Itin\u00e9raires P\u00e9destres et de Randonn\u00e9e et un Plan D\u00e9partemental des Espaces Sites et Itin\u00e9raires avec la mise en place de la Commission D\u00e9partementale des Espaces Sites et Itin\u00e9raires (en cours).<\/li>\n<\/ul>\n<p>La politique touristique du D\u00e9partement s\u2019appuie actuellement sur le <a href=\"https:\/\/tourismepro.vosges.fr\/Portals\/18\/xBlog\/uploads\/2019\/2\/5\/sddt3.pdf\" target=\"_blank\" rel=\"noopener\"><strong>Sch\u00e9ma d\u00e9partemental du tourisme des Vosges 2018-2022<\/strong><\/a>. Ce sch\u00e9ma s\u2019articule autour de <strong>4 fili\u00e8res<\/strong> jug\u00e9es comme prioritaires car elles correspondent \u00e0 l\u2019image et \u00e0 l\u2019offre touristique des Vosges :<\/p>\n<p>&#8211; Les vacances \u00e0 la neige en famille,<br \/>\n&#8211;\u00a0Le bien-\u00eatre et le thermalisme autour de la marque\u00a0<a href=\"https:\/\/www.tourisme.vosges.fr\/foret\/\" target=\"_blank\" rel=\"noopener\"><strong>FOR\u00eaT l\u2019Effet Vosges<sup>\u00ae<\/sup><\/strong><\/a>,<br \/>\n&#8211;\u00a0Les activit\u00e9s de pleine nature dont la randonn\u00e9e et le v\u00e9lo,<br \/>\n&#8211;\u00a0Les sites de visite et \u00e9v\u00e8nements.<\/p>\n<p>Tous ces atouts \u00e9tant f\u00e9d\u00e9r\u00e9s autour d\u2019une\u00a0seule\u00a0banni\u00e8re\u00a0: la marque \u00ab\u00a0<a href=\"https:\/\/www.facebook.com\/jevoislavieenvosges\"><strong>Je Vois la Vie en Vosges<\/strong><\/a>\u00a0\u00bb<\/p>\n<p><u>Le r\u00f4le du Conseil d\u00e9partemental des Vosges est donc principalement\u00a0<\/u>:<\/p>\n<p>&#8211; <strong>Accompagner, professionnaliser<\/strong> et assurer la coordination de tous les acteurs du tourisme (acteurs priv\u00e9s, associatifs, institutionnels, collectivit\u00e9s, habitants\u2026)<br \/>\n&#8211; <strong>Promouvoir et valoriser l\u2019image et les atouts des Vosges<\/strong> et ainsi rendre attractive la destination Vosges gr\u00e2ce \u00e0 la marque \u00ab\u00a0<a href=\"https:\/\/www.facebook.com\/jevoislavieenvosges\" target=\"_blank\" rel=\"noopener\"><strong>Je Vois la Vie en Vosges<\/strong><\/a>\u00a0\u00bb.<\/p>\n<p>Dans sa mission d\u2019accompagnement, <strong>il propose un ensemble de services et de dispositifs gratuits en mati\u00e8re de conseils, ing\u00e9nierie, conduite de projet, communication et promotion<\/strong> afin d\u2019encourager les porteurs de projets touristiques comme tous les professionnels du tourisme.\u00a0Il alloue \u00e9galement des subventions aux projets touristiques du territoire pour d\u00e9velopper l\u2019\u00e9conomie touristique.<\/p>\n<p>Source : <a href=\"http:\/\/www.vosgesmag.fr\" target=\"_blank\" rel=\"noopener\">www.vosgesmag.fr<\/a><\/p>\n","protected":false},"excerpt":{"rendered":"<p>Avec 4 millions de visiteurs par an, 230 millions de retomb\u00e9es \u00e9conomiques et 5400 emplois d\u00e9di\u00e9s au tourisme, l\u2019attractivit\u00e9 touristique [&hellip;]<\/p>\n","protected":false},"author":44,"featured_media":42034,"comment_status":"open","ping_status":"open","sticky":false,"template":"","format":"standard","meta":{"footnotes":""},"categories":[460,20,18],"tags":[4833,3024],"class_list":["post-42033","post","type-post","status-publish","format-standard","has-post-thumbnail","hentry","category-a-la-une","category-loisirs","category-vosges","tag-tourisme-dans-les-vosges","tag-vosges-mag"],"acf":[],"yoast_head":"<!-- This site is optimized with the Yoast SEO plugin v22.5 - https:\/\/yoast.com\/wordpress\/plugins\/seo\/ -->\n<title>Le Tourisme dans les Vosges, un enjeu majeur - Saint Die Info<\/title>\n<meta name=\"robots\" content=\"index, follow, max-snippet:-1, max-image-preview:large, max-video-preview:-1\" \/>\n<link rel=\"canonical\" href=\"https:\/\/vosgesinfo.fr\/saintdieinfo\/2021\/07\/tourisme-vosges-enjeu-majeur\/\" \/>\n<meta name=\"twitter:card\" content=\"summary_large_image\" \/>\n<meta name=\"twitter:title\" content=\"Le Tourisme dans les Vosges, un enjeu majeur - Saint Die Info\" \/>\n<meta name=\"twitter:description\" content=\"Avec 4 millions de visiteurs par an, 230 millions de retomb\u00e9es \u00e9conomiques et 5400 emplois d\u00e9di\u00e9s au tourisme, l\u2019attractivit\u00e9 touristique [&hellip;]\" \/>\n<meta name=\"twitter:image\" content=\"https:\/\/vosgesinfo.fr\/app\/uploads\/sites\/4\/2024\/08\/202107tourisme.jpg\" \/>\n<meta name=\"twitter:creator\" content=\"@VosgesInfo88\" \/>\n<meta name=\"twitter:site\" content=\"@VosgesInfo88\" \/>\n<meta name=\"twitter:label1\" content=\"\u00c9crit par\" \/>\n\t<meta name=\"twitter:data1\" content=\"la r\u00e9daction\" \/>\n\t<meta name=\"twitter:label2\" content=\"Dur\u00e9e de lecture estim\u00e9e\" \/>\n\t<meta name=\"twitter:data2\" content=\"2 minutes\" \/>\n<script type=\"application\/ld+json\" class=\"yoast-schema-graph\">{\"@context\":\"https:\/\/schema.org\",\"@graph\":[{\"@type\":\"Article\",\"@id\":\"https:\/\/vosgesinfo.fr\/saintdieinfo\/2021\/07\/tourisme-vosges-enjeu-majeur\/#article\",\"isPartOf\":{\"@id\":\"https:\/\/vosgesinfo.fr\/saintdieinfo\/2021\/07\/tourisme-vosges-enjeu-majeur\/\"},\"author\":{\"name\":\"la r\u00e9daction\",\"@id\":\"https:\/\/vosgesinfo.fr\/saintdieinfo\/#\/schema\/person\/faee6704a21f3977511db84bd1cd450f\"},\"headline\":\"Le Tourisme dans les Vosges, un enjeu majeur\",\"datePublished\":\"2021-07-19T10:10:02+00:00\",\"dateModified\":\"2021-07-19T10:10:02+00:00\",\"mainEntityOfPage\":{\"@id\":\"https:\/\/vosgesinfo.fr\/saintdieinfo\/2021\/07\/tourisme-vosges-enjeu-majeur\/\"},\"wordCount\":417,\"commentCount\":0,\"publisher\":{\"@id\":\"https:\/\/vosgesinfo.fr\/saintdieinfo\/#organization\"},\"image\":{\"@id\":\"https:\/\/vosgesinfo.fr\/saintdieinfo\/2021\/07\/tourisme-vosges-enjeu-majeur\/#primaryimage\"},\"thumbnailUrl\":\"https:\/\/vosgesinfo.fr\/app\/uploads\/sites\/4\/2024\/08\/202107tourisme.jpg\",\"keywords\":[\"Tourisme dans les Vosges\",\"Vosges Mag\"],\"articleSection\":[\"A la Une\",\"Loisirs\",\"Vosges\"],\"inLanguage\":\"fr-FR\",\"potentialAction\":[{\"@type\":\"CommentAction\",\"name\":\"Comment\",\"target\":[\"https:\/\/vosgesinfo.fr\/saintdieinfo\/2021\/07\/tourisme-vosges-enjeu-majeur\/#respond\"]}]},{\"@type\":\"WebPage\",\"@id\":\"https:\/\/vosgesinfo.fr\/saintdieinfo\/2021\/07\/tourisme-vosges-enjeu-majeur\/\",\"url\":\"https:\/\/vosgesinfo.fr\/saintdieinfo\/2021\/07\/tourisme-vosges-enjeu-majeur\/\",\"name\":\"Le Tourisme dans les Vosges, un enjeu majeur - Saint Die Info\",\"isPartOf\":{\"@id\":\"https:\/\/vosgesinfo.fr\/saintdieinfo\/#website\"},\"primaryImageOfPage\":{\"@id\":\"https:\/\/vosgesinfo.fr\/saintdieinfo\/2021\/07\/tourisme-vosges-enjeu-majeur\/#primaryimage\"},\"image\":{\"@id\":\"https:\/\/vosgesinfo.fr\/saintdieinfo\/2021\/07\/tourisme-vosges-enjeu-majeur\/#primaryimage\"},\"thumbnailUrl\":\"https:\/\/vosgesinfo.fr\/app\/uploads\/sites\/4\/2024\/08\/202107tourisme.jpg\",\"datePublished\":\"2021-07-19T10:10:02+00:00\",\"dateModified\":\"2021-07-19T10:10:02+00:00\",\"breadcrumb\":{\"@id\":\"https:\/\/vosgesinfo.fr\/saintdieinfo\/2021\/07\/tourisme-vosges-enjeu-majeur\/#breadcrumb\"},\"inLanguage\":\"fr-FR\",\"potentialAction\":[{\"@type\":\"ReadAction\",\"target\":[\"https:\/\/vosgesinfo.fr\/saintdieinfo\/2021\/07\/tourisme-vosges-enjeu-majeur\/\"]}]},{\"@type\":\"ImageObject\",\"inLanguage\":\"fr-FR\",\"@id\":\"https:\/\/vosgesinfo.fr\/saintdieinfo\/2021\/07\/tourisme-vosges-enjeu-majeur\/#primaryimage\",\"url\":\"https:\/\/vosgesinfo.fr\/app\/uploads\/sites\/4\/2024\/08\/202107tourisme.jpg\",\"contentUrl\":\"https:\/\/vosgesinfo.fr\/app\/uploads\/sites\/4\/2024\/08\/202107tourisme.jpg\",\"width\":800,\"height\":450},{\"@type\":\"BreadcrumbList\",\"@id\":\"https:\/\/vosgesinfo.fr\/saintdieinfo\/2021\/07\/tourisme-vosges-enjeu-majeur\/#breadcrumb\",\"itemListElement\":[{\"@type\":\"ListItem\",\"position\":1,\"name\":\"Home\",\"item\":\"https:\/\/vosgesinfo.fr\/saintdieinfo\/\"},{\"@type\":\"ListItem\",\"position\":2,\"name\":\"Le Tourisme dans les Vosges, un enjeu majeur\"}]},{\"@type\":\"WebSite\",\"@id\":\"https:\/\/vosgesinfo.fr\/saintdieinfo\/#website\",\"url\":\"https:\/\/vosgesinfo.fr\/saintdieinfo\/\",\"name\":\"Saint Die Info\",\"description\":\"Toute l&#039;actualit\u00e9 de Saint-Di\u00e9-Des-Vosges\",\"publisher\":{\"@id\":\"https:\/\/vosgesinfo.fr\/saintdieinfo\/#organization\"},\"alternateName\":\"Toute l'actualit\u00e9 de Saint-Di\u00e9-Des-Vosges\",\"potentialAction\":[{\"@type\":\"SearchAction\",\"target\":{\"@type\":\"EntryPoint\",\"urlTemplate\":\"https:\/\/vosgesinfo.fr\/saintdieinfo\/?s={search_term_string}\"},\"query-input\":\"required name=search_term_string\"}],\"inLanguage\":\"fr-FR\"},{\"@type\":\"Organization\",\"@id\":\"https:\/\/vosgesinfo.fr\/saintdieinfo\/#organization\",\"name\":\"Saint Die Info\",\"url\":\"https:\/\/vosgesinfo.fr\/saintdieinfo\/\",\"logo\":{\"@type\":\"ImageObject\",\"inLanguage\":\"fr-FR\",\"@id\":\"https:\/\/vosgesinfo.fr\/saintdieinfo\/#\/schema\/logo\/image\/\",\"url\":\"https:\/\/vosgesinfo.fr\/app\/uploads\/sites\/4\/2024\/02\/logo-sdi.jpg\",\"contentUrl\":\"https:\/\/vosgesinfo.fr\/app\/uploads\/sites\/4\/2024\/02\/logo-sdi.jpg\",\"width\":600,\"height\":600,\"caption\":\"Saint Die Info\"},\"image\":{\"@id\":\"https:\/\/vosgesinfo.fr\/saintdieinfo\/#\/schema\/logo\/image\/\"},\"sameAs\":[\"https:\/\/www.facebook.com\/Saintdieinfofr\",\"https:\/\/x.com\/VosgesInfo88\",\"https:\/\/www.youtube.com\/@vosgesinfo\"]},{\"@type\":\"Person\",\"@id\":\"https:\/\/vosgesinfo.fr\/saintdieinfo\/#\/schema\/person\/faee6704a21f3977511db84bd1cd450f\",\"name\":\"la r\u00e9daction\",\"image\":{\"@type\":\"ImageObject\",\"inLanguage\":\"fr-FR\",\"@id\":\"https:\/\/vosgesinfo.fr\/saintdieinfo\/#\/schema\/person\/image\/\",\"url\":\"https:\/\/secure.gravatar.com\/avatar\/6673d8bc6a9c17fa9a453eaa3448de834fa308c2ec9635b7aa99441a7c8d2cf6?s=96&d=mm&r=g\",\"contentUrl\":\"https:\/\/secure.gravatar.com\/avatar\/6673d8bc6a9c17fa9a453eaa3448de834fa308c2ec9635b7aa99441a7c8d2cf6?s=96&d=mm&r=g\",\"caption\":\"la r\u00e9daction\"},\"url\":\"https:\/\/vosgesinfo.fr\/saintdieinfo\/author\/redac\/\"}]}<\/script>\n<!-- \/ Yoast SEO plugin. -->","yoast_head_json":{"title":"Le Tourisme dans les Vosges, un enjeu majeur - Saint Die Info","robots":{"index":"index","follow":"follow","max-snippet":"max-snippet:-1","max-image-preview":"max-image-preview:large","max-video-preview":"max-video-preview:-1"},"canonical":"https:\/\/vosgesinfo.fr\/saintdieinfo\/2021\/07\/tourisme-vosges-enjeu-majeur\/","twitter_card":"summary_large_image","twitter_title":"Le Tourisme dans les Vosges, un enjeu majeur - Saint Die Info","twitter_description":"Avec 4 millions de visiteurs par an, 230 millions de retomb\u00e9es \u00e9conomiques et 5400 emplois d\u00e9di\u00e9s au tourisme, l\u2019attractivit\u00e9 touristique [&hellip;]","twitter_image":"https:\/\/vosgesinfo.fr\/app\/uploads\/sites\/4\/2024\/08\/202107tourisme.jpg","twitter_creator":"@VosgesInfo88","twitter_site":"@VosgesInfo88","twitter_misc":{"\u00c9crit par":"la r\u00e9daction","Dur\u00e9e de lecture estim\u00e9e":"2 minutes"},"schema":{"@context":"https:\/\/schema.org","@graph":[{"@type":"Article","@id":"https:\/\/vosgesinfo.fr\/saintdieinfo\/2021\/07\/tourisme-vosges-enjeu-majeur\/#article","isPartOf":{"@id":"https:\/\/vosgesinfo.fr\/saintdieinfo\/2021\/07\/tourisme-vosges-enjeu-majeur\/"},"author":{"name":"la r\u00e9daction","@id":"https:\/\/vosgesinfo.fr\/saintdieinfo\/#\/schema\/person\/faee6704a21f3977511db84bd1cd450f"},"headline":"Le Tourisme dans les Vosges, un enjeu majeur","datePublished":"2021-07-19T10:10:02+00:00","dateModified":"2021-07-19T10:10:02+00:00","mainEntityOfPage":{"@id":"https:\/\/vosgesinfo.fr\/saintdieinfo\/2021\/07\/tourisme-vosges-enjeu-majeur\/"},"wordCount":417,"commentCount":0,"publisher":{"@id":"https:\/\/vosgesinfo.fr\/saintdieinfo\/#organization"},"image":{"@id":"https:\/\/vosgesinfo.fr\/saintdieinfo\/2021\/07\/tourisme-vosges-enjeu-majeur\/#primaryimage"},"thumbnailUrl":"https:\/\/vosgesinfo.fr\/app\/uploads\/sites\/4\/2024\/08\/202107tourisme.jpg","keywords":["Tourisme dans les Vosges","Vosges Mag"],"articleSection":["A la Une","Loisirs","Vosges"],"inLanguage":"fr-FR","potentialAction":[{"@type":"CommentAction","name":"Comment","target":["https:\/\/vosgesinfo.fr\/saintdieinfo\/2021\/07\/tourisme-vosges-enjeu-majeur\/#respond"]}]},{"@type":"WebPage","@id":"https:\/\/vosgesinfo.fr\/saintdieinfo\/2021\/07\/tourisme-vosges-enjeu-majeur\/","url":"https:\/\/vosgesinfo.fr\/saintdieinfo\/2021\/07\/tourisme-vosges-enjeu-majeur\/","name":"Le Tourisme dans les Vosges, un enjeu majeur - Saint Die Info","isPartOf":{"@id":"https:\/\/vosgesinfo.fr\/saintdieinfo\/#website"},"primaryImageOfPage":{"@id":"https:\/\/vosgesinfo.fr\/saintdieinfo\/2021\/07\/tourisme-vosges-enjeu-majeur\/#primaryimage"},"image":{"@id":"https:\/\/vosgesinfo.fr\/saintdieinfo\/2021\/07\/tourisme-vosges-enjeu-majeur\/#primaryimage"},"thumbnailUrl":"https:\/\/vosgesinfo.fr\/app\/uploads\/sites\/4\/2024\/08\/202107tourisme.jpg","datePublished":"2021-07-19T10:10:02+00:00","dateModified":"2021-07-19T10:10:02+00:00","breadcrumb":{"@id":"https:\/\/vosgesinfo.fr\/saintdieinfo\/2021\/07\/tourisme-vosges-enjeu-majeur\/#breadcrumb"},"inLanguage":"fr-FR","potentialAction":[{"@type":"ReadAction","target":["https:\/\/vosgesinfo.fr\/saintdieinfo\/2021\/07\/tourisme-vosges-enjeu-majeur\/"]}]},{"@type":"ImageObject","inLanguage":"fr-FR","@id":"https:\/\/vosgesinfo.fr\/saintdieinfo\/2021\/07\/tourisme-vosges-enjeu-majeur\/#primaryimage","url":"https:\/\/vosgesinfo.fr\/app\/uploads\/sites\/4\/2024\/08\/202107tourisme.jpg","contentUrl":"https:\/\/vosgesinfo.fr\/app\/uploads\/sites\/4\/2024\/08\/202107tourisme.jpg","width":800,"height":450},{"@type":"BreadcrumbList","@id":"https:\/\/vosgesinfo.fr\/saintdieinfo\/2021\/07\/tourisme-vosges-enjeu-majeur\/#breadcrumb","itemListElement":[{"@type":"ListItem","position":1,"name":"Home","item":"https:\/\/vosgesinfo.fr\/saintdieinfo\/"},{"@type":"ListItem","position":2,"name":"Le Tourisme dans les Vosges, un enjeu majeur"}]},{"@type":"WebSite","@id":"https:\/\/vosgesinfo.fr\/saintdieinfo\/#website","url":"https:\/\/vosgesinfo.fr\/saintdieinfo\/","name":"Saint Die Info","description":"Toute l&#039;actualit\u00e9 de Saint-Di\u00e9-Des-Vosges","publisher":{"@id":"https:\/\/vosgesinfo.fr\/saintdieinfo\/#organization"},"alternateName":"Toute l'actualit\u00e9 de Saint-Di\u00e9-Des-Vosges","potentialAction":[{"@type":"SearchAction","target":{"@type":"EntryPoint","urlTemplate":"https:\/\/vosgesinfo.fr\/saintdieinfo\/?s={search_term_string}"},"query-input":"required name=search_term_string"}],"inLanguage":"fr-FR"},{"@type":"Organization","@id":"https:\/\/vosgesinfo.fr\/saintdieinfo\/#organization","name":"Saint Die Info","url":"https:\/\/vosgesinfo.fr\/saintdieinfo\/","logo":{"@type":"ImageObject","inLanguage":"fr-FR","@id":"https:\/\/vosgesinfo.fr\/saintdieinfo\/#\/schema\/logo\/image\/","url":"https:\/\/vosgesinfo.fr\/app\/uploads\/sites\/4\/2024\/02\/logo-sdi.jpg","contentUrl":"https:\/\/vosgesinfo.fr\/app\/uploads\/sites\/4\/2024\/02\/logo-sdi.jpg","width":600,"height":600,"caption":"Saint Die Info"},"image":{"@id":"https:\/\/vosgesinfo.fr\/saintdieinfo\/#\/schema\/logo\/image\/"},"sameAs":["https:\/\/www.facebook.com\/Saintdieinfofr","https:\/\/x.com\/VosgesInfo88","https:\/\/www.youtube.com\/@vosgesinfo"]},{"@type":"Person","@id":"https:\/\/vosgesinfo.fr\/saintdieinfo\/#\/schema\/person\/faee6704a21f3977511db84bd1cd450f","name":"la r\u00e9daction","image":{"@type":"ImageObject","inLanguage":"fr-FR","@id":"https:\/\/vosgesinfo.fr\/saintdieinfo\/#\/schema\/person\/image\/","url":"https:\/\/secure.gravatar.com\/avatar\/6673d8bc6a9c17fa9a453eaa3448de834fa308c2ec9635b7aa99441a7c8d2cf6?s=96&d=mm&r=g","contentUrl":"https:\/\/secure.gravatar.com\/avatar\/6673d8bc6a9c17fa9a453eaa3448de834fa308c2ec9635b7aa99441a7c8d2cf6?s=96&d=mm&r=g","caption":"la r\u00e9daction"},"url":"https:\/\/vosgesinfo.fr\/saintdieinfo\/author\/redac\/"}]}},"_links":{"self":[{"href":"https:\/\/vosgesinfo.fr\/saintdieinfo\/wp-json\/wp\/v2\/posts\/42033","targetHints":{"allow":["GET"]}}],"collection":[{"href":"https:\/\/vosgesinfo.fr\/saintdieinfo\/wp-json\/wp\/v2\/posts"}],"about":[{"href":"https:\/\/vosgesinfo.fr\/saintdieinfo\/wp-json\/wp\/v2\/types\/post"}],"author":[{"embeddable":true,"href":"https:\/\/vosgesinfo.fr\/saintdieinfo\/wp-json\/wp\/v2\/users\/44"}],"replies":[{"embeddable":true,"href":"https:\/\/vosgesinfo.fr\/saintdieinfo\/wp-json\/wp\/v2\/comments?post=42033"}],"version-history":[{"count":0,"href":"https:\/\/vosgesinfo.fr\/saintdieinfo\/wp-json\/wp\/v2\/posts\/42033\/revisions"}],"wp:featuredmedia":[{"embeddable":true,"href":"https:\/\/vosgesinfo.fr\/saintdieinfo\/wp-json\/wp\/v2\/media\/42034"}],"wp:attachment":[{"href":"https:\/\/vosgesinfo.fr\/saintdieinfo\/wp-json\/wp\/v2\/media?parent=42033"}],"wp:term":[{"taxonomy":"category","embeddable":true,"href":"https:\/\/vosgesinfo.fr\/saintdieinfo\/wp-json\/wp\/v2\/categories?post=42033"},{"taxonomy":"post_tag","embeddable":true,"href":"https:\/\/vosgesinfo.fr\/saintdieinfo\/wp-json\/wp\/v2\/tags?post=42033"}],"curies":[{"name":"wp","href":"https:\/\/api.w.org\/{rel}","templated":true}]}}