{"id":42140,"date":"2021-07-23T14:49:12","date_gmt":"2021-07-23T12:49:12","guid":{"rendered":"https:\/\/vosgesinfo.fr\/saintdieinfo\/2021\/07\/jusqua-dimanche-soir-lespace-francois-mitterrand-accueille-5eme-festival-deodart\/"},"modified":"2021-07-23T14:49:12","modified_gmt":"2021-07-23T12:49:12","slug":"jusqua-dimanche-soir-lespace-francois-mitterrand-accueille-5eme-festival-deodart","status":"publish","type":"post","link":"https:\/\/vosgesinfo.fr\/saintdieinfo\/2021\/07\/jusqua-dimanche-soir-lespace-francois-mitterrand-accueille-5eme-festival-deodart\/","title":{"rendered":"Jusqu&rsquo;\u00e0 dimanche soir, l&rsquo;Espace Fran\u00e7ois-Mitterrand accueille le 5\u00e8me festival D\u00e9od&rsquo;Art"},"content":{"rendered":"<p><a href=\"\/2021\/07\/Festival_D\u00e9odArt-8.jpg\" target=\"_blank\" rel=\"noopener\"><img decoding=\"async\" class=\"aligncenter wp-image-170258 size-full\" src=\"\/2021\/07\/Festival_D\u00e9odArt-8.jpg\" alt=\"Festival_D\u00e9od'Art (8)\" width=\"800\" height=\"600\" \/><\/a><\/p>\n<h2><span style=\"font-size: 14pt;\"><strong><span style=\"font-family: Calibri, sans-serif;\">Apr\u00e8s une annulation l&rsquo;an dernier en raison de la crise sanitaire, le festival D\u00e9od&rsquo;Art est de retour ces vendredi, samedi et dimanche \u00e0 l&rsquo;Espace Fran\u00e7ois-Mitterrand. De 14h \u00e0 19h vendredi, de 10h \u00e0 19h samedi et de 10h \u00e0 18h dimanche.<\/span><\/strong><\/span><\/h2>\n<p><!--more--><\/p>\n<p><span style=\"font-family: Calibri, sans-serif;\"><span style=\"font-size: large;\">Cette 5\u00e8me \u00e9dition, toujours organis\u00e9e par l&rsquo;association \u00ab\u00a0Les Arts en D\u00e9odatie\u00a0\u00bb, rassemble plus de 60 artistes et artisans autour du th\u00e8me \u00ab\u00a0L&rsquo;\u00e9change\u00a0\u00bb. Chaque exposant ayant r\u00e9alis\u00e9 une oeuvre en lien avec cette th\u00e9matique.<\/span><\/span><\/p>\n<p><span style=\"font-family: Calibri, sans-serif;\"><span style=\"font-size: large;\">Sur place, les visiteurs peuvent d\u00e9couvrir les cr\u00e9ations d&rsquo;artistes peintres, sculpteurs, photographes, plasticiens ainsi que d&rsquo;artisans d&rsquo;art. Outre les admirer, il est bien entendu possible d&rsquo;acqu\u00e9rir les oeuvres et r\u00e9alisations pr\u00e9sent\u00e9es par les exposants participant \u00e0 l&rsquo;\u00e9dition 2021 du festival d\u00e9odatien. En parall\u00e8le de l&rsquo;exposition, diff\u00e9rentes animations rythmeront les 3 journ\u00e9es, avec notamment des animations musicales et la r\u00e9alisation d&rsquo;une grande fresque murale participative, ouverte \u00e0 tous.<\/span><\/span><\/p>\n<p><span style=\"font-family: Calibri, sans-serif;\"><span style=\"font-size: large;\">Et si l&rsquo;entr\u00e9e est toujours gratuite, la pr\u00e9sentation du pass sanitaire est obligatoire. A noter \u00e9galement que de la restauration rapide et une buvette sont propos\u00e9es aux visiteurs.<\/span><\/span><\/p>\n<p>J.J.<\/p>\n\n","protected":false},"excerpt":{"rendered":"<p>Apr\u00e8s une annulation l&rsquo;an dernier en raison de la crise sanitaire, le festival D\u00e9od&rsquo;Art est de retour ces vendredi, samedi [&hellip;]<\/p>\n","protected":false},"author":44,"featured_media":42141,"comment_status":"open","ping_status":"open","sticky":false,"template":"","format":"standard","meta":{"footnotes":""},"categories":[460,7847,2915],"tags":[8545,8546,4189],"class_list":["post-42140","post","type-post","status-publish","format-standard","has-post-thumbnail","hentry","category-a-la-une","category-art-culture","category-saint-die-son-canton","tag-espace-francois-miterrand","tag-festival-deodart","tag-les-arts-en-deodatie"],"acf":[],"yoast_head":"<!-- This site is optimized with the Yoast SEO plugin v22.5 - https:\/\/yoast.com\/wordpress\/plugins\/seo\/ -->\n<title>Jusqu&#039;\u00e0 dimanche soir, l&#039;Espace Fran\u00e7ois-Mitterrand accueille le 5\u00e8me festival D\u00e9od&#039;Art - Saint Die Info<\/title>\n<meta name=\"robots\" content=\"index, follow, max-snippet:-1, max-image-preview:large, max-video-preview:-1\" \/>\n<link rel=\"canonical\" href=\"https:\/\/vosgesinfo.fr\/saintdieinfo\/2021\/07\/jusqua-dimanche-soir-lespace-francois-mitterrand-accueille-5eme-festival-deodart\/\" \/>\n<meta name=\"twitter:card\" content=\"summary_large_image\" \/>\n<meta name=\"twitter:title\" content=\"Jusqu&#039;\u00e0 dimanche soir, l&#039;Espace Fran\u00e7ois-Mitterrand accueille le 5\u00e8me festival D\u00e9od&#039;Art - Saint Die Info\" \/>\n<meta name=\"twitter:description\" content=\"Apr\u00e8s une annulation l&rsquo;an dernier en raison de la crise sanitaire, le festival D\u00e9od&rsquo;Art est de retour ces vendredi, samedi [&hellip;]\" \/>\n<meta name=\"twitter:image\" content=\"https:\/\/vosgesinfo.fr\/app\/uploads\/sites\/4\/2024\/08\/202107festival-deodart-8.jpg\" \/>\n<meta name=\"twitter:creator\" content=\"@VosgesInfo88\" \/>\n<meta name=\"twitter:site\" content=\"@VosgesInfo88\" \/>\n<meta name=\"twitter:label1\" content=\"\u00c9crit par\" \/>\n\t<meta name=\"twitter:data1\" content=\"la r\u00e9daction\" \/>\n\t<meta name=\"twitter:label2\" content=\"Dur\u00e9e de lecture estim\u00e9e\" \/>\n\t<meta name=\"twitter:data2\" content=\"1 minute\" \/>\n<script type=\"application\/ld+json\" class=\"yoast-schema-graph\">{\"@context\":\"https:\/\/schema.org\",\"@graph\":[{\"@type\":\"Article\",\"@id\":\"https:\/\/vosgesinfo.fr\/saintdieinfo\/2021\/07\/jusqua-dimanche-soir-lespace-francois-mitterrand-accueille-5eme-festival-deodart\/#article\",\"isPartOf\":{\"@id\":\"https:\/\/vosgesinfo.fr\/saintdieinfo\/2021\/07\/jusqua-dimanche-soir-lespace-francois-mitterrand-accueille-5eme-festival-deodart\/\"},\"author\":{\"name\":\"la r\u00e9daction\",\"@id\":\"https:\/\/vosgesinfo.fr\/saintdieinfo\/#\/schema\/person\/faee6704a21f3977511db84bd1cd450f\"},\"headline\":\"Jusqu&rsquo;\u00e0 dimanche soir, l&rsquo;Espace Fran\u00e7ois-Mitterrand accueille le 5\u00e8me festival D\u00e9od&rsquo;Art\",\"datePublished\":\"2021-07-23T12:49:12+00:00\",\"dateModified\":\"2021-07-23T12:49:12+00:00\",\"mainEntityOfPage\":{\"@id\":\"https:\/\/vosgesinfo.fr\/saintdieinfo\/2021\/07\/jusqua-dimanche-soir-lespace-francois-mitterrand-accueille-5eme-festival-deodart\/\"},\"wordCount\":217,\"commentCount\":0,\"publisher\":{\"@id\":\"https:\/\/vosgesinfo.fr\/saintdieinfo\/#organization\"},\"image\":{\"@id\":\"https:\/\/vosgesinfo.fr\/saintdieinfo\/2021\/07\/jusqua-dimanche-soir-lespace-francois-mitterrand-accueille-5eme-festival-deodart\/#primaryimage\"},\"thumbnailUrl\":\"https:\/\/vosgesinfo.fr\/app\/uploads\/sites\/4\/2024\/08\/202107festival-deodart-8.jpg\",\"keywords\":[\"Espace Fran\u00e7ois-Miterrand\",\"Festival D\u00e9od'Art\",\"Les Arts en D\u00e9odatie\"],\"articleSection\":[\"A la Une\",\"Culture\",\"Saint-Di\u00e9-des-Vosges et son Agglom\u00e9ration\"],\"inLanguage\":\"fr-FR\",\"potentialAction\":[{\"@type\":\"CommentAction\",\"name\":\"Comment\",\"target\":[\"https:\/\/vosgesinfo.fr\/saintdieinfo\/2021\/07\/jusqua-dimanche-soir-lespace-francois-mitterrand-accueille-5eme-festival-deodart\/#respond\"]}]},{\"@type\":\"WebPage\",\"@id\":\"https:\/\/vosgesinfo.fr\/saintdieinfo\/2021\/07\/jusqua-dimanche-soir-lespace-francois-mitterrand-accueille-5eme-festival-deodart\/\",\"url\":\"https:\/\/vosgesinfo.fr\/saintdieinfo\/2021\/07\/jusqua-dimanche-soir-lespace-francois-mitterrand-accueille-5eme-festival-deodart\/\",\"name\":\"Jusqu'\u00e0 dimanche soir, l'Espace Fran\u00e7ois-Mitterrand accueille le 5\u00e8me festival D\u00e9od'Art - Saint Die Info\",\"isPartOf\":{\"@id\":\"https:\/\/vosgesinfo.fr\/saintdieinfo\/#website\"},\"primaryImageOfPage\":{\"@id\":\"https:\/\/vosgesinfo.fr\/saintdieinfo\/2021\/07\/jusqua-dimanche-soir-lespace-francois-mitterrand-accueille-5eme-festival-deodart\/#primaryimage\"},\"image\":{\"@id\":\"https:\/\/vosgesinfo.fr\/saintdieinfo\/2021\/07\/jusqua-dimanche-soir-lespace-francois-mitterrand-accueille-5eme-festival-deodart\/#primaryimage\"},\"thumbnailUrl\":\"https:\/\/vosgesinfo.fr\/app\/uploads\/sites\/4\/2024\/08\/202107festival-deodart-8.jpg\",\"datePublished\":\"2021-07-23T12:49:12+00:00\",\"dateModified\":\"2021-07-23T12:49:12+00:00\",\"breadcrumb\":{\"@id\":\"https:\/\/vosgesinfo.fr\/saintdieinfo\/2021\/07\/jusqua-dimanche-soir-lespace-francois-mitterrand-accueille-5eme-festival-deodart\/#breadcrumb\"},\"inLanguage\":\"fr-FR\",\"potentialAction\":[{\"@type\":\"ReadAction\",\"target\":[\"https:\/\/vosgesinfo.fr\/saintdieinfo\/2021\/07\/jusqua-dimanche-soir-lespace-francois-mitterrand-accueille-5eme-festival-deodart\/\"]}]},{\"@type\":\"ImageObject\",\"inLanguage\":\"fr-FR\",\"@id\":\"https:\/\/vosgesinfo.fr\/saintdieinfo\/2021\/07\/jusqua-dimanche-soir-lespace-francois-mitterrand-accueille-5eme-festival-deodart\/#primaryimage\",\"url\":\"https:\/\/vosgesinfo.fr\/app\/uploads\/sites\/4\/2024\/08\/202107festival-deodart-8.jpg\",\"contentUrl\":\"https:\/\/vosgesinfo.fr\/app\/uploads\/sites\/4\/2024\/08\/202107festival-deodart-8.jpg\",\"width\":800,\"height\":600},{\"@type\":\"BreadcrumbList\",\"@id\":\"https:\/\/vosgesinfo.fr\/saintdieinfo\/2021\/07\/jusqua-dimanche-soir-lespace-francois-mitterrand-accueille-5eme-festival-deodart\/#breadcrumb\",\"itemListElement\":[{\"@type\":\"ListItem\",\"position\":1,\"name\":\"Home\",\"item\":\"https:\/\/vosgesinfo.fr\/saintdieinfo\/\"},{\"@type\":\"ListItem\",\"position\":2,\"name\":\"Jusqu&rsquo;\u00e0 dimanche soir, l&rsquo;Espace Fran\u00e7ois-Mitterrand accueille le 5\u00e8me festival D\u00e9od&rsquo;Art\"}]},{\"@type\":\"WebSite\",\"@id\":\"https:\/\/vosgesinfo.fr\/saintdieinfo\/#website\",\"url\":\"https:\/\/vosgesinfo.fr\/saintdieinfo\/\",\"name\":\"Saint Die Info\",\"description\":\"Toute l&#039;actualit\u00e9 de Saint-Di\u00e9-Des-Vosges\",\"publisher\":{\"@id\":\"https:\/\/vosgesinfo.fr\/saintdieinfo\/#organization\"},\"alternateName\":\"Toute l'actualit\u00e9 de Saint-Di\u00e9-Des-Vosges\",\"potentialAction\":[{\"@type\":\"SearchAction\",\"target\":{\"@type\":\"EntryPoint\",\"urlTemplate\":\"https:\/\/vosgesinfo.fr\/saintdieinfo\/?s={search_term_string}\"},\"query-input\":\"required name=search_term_string\"}],\"inLanguage\":\"fr-FR\"},{\"@type\":\"Organization\",\"@id\":\"https:\/\/vosgesinfo.fr\/saintdieinfo\/#organization\",\"name\":\"Saint Die Info\",\"url\":\"https:\/\/vosgesinfo.fr\/saintdieinfo\/\",\"logo\":{\"@type\":\"ImageObject\",\"inLanguage\":\"fr-FR\",\"@id\":\"https:\/\/vosgesinfo.fr\/saintdieinfo\/#\/schema\/logo\/image\/\",\"url\":\"https:\/\/vosgesinfo.fr\/app\/uploads\/sites\/4\/2024\/02\/logo-sdi.jpg\",\"contentUrl\":\"https:\/\/vosgesinfo.fr\/app\/uploads\/sites\/4\/2024\/02\/logo-sdi.jpg\",\"width\":600,\"height\":600,\"caption\":\"Saint Die Info\"},\"image\":{\"@id\":\"https:\/\/vosgesinfo.fr\/saintdieinfo\/#\/schema\/logo\/image\/\"},\"sameAs\":[\"https:\/\/www.facebook.com\/Saintdieinfofr\",\"https:\/\/x.com\/VosgesInfo88\",\"https:\/\/www.youtube.com\/@vosgesinfo\"]},{\"@type\":\"Person\",\"@id\":\"https:\/\/vosgesinfo.fr\/saintdieinfo\/#\/schema\/person\/faee6704a21f3977511db84bd1cd450f\",\"name\":\"la r\u00e9daction\",\"image\":{\"@type\":\"ImageObject\",\"inLanguage\":\"fr-FR\",\"@id\":\"https:\/\/vosgesinfo.fr\/saintdieinfo\/#\/schema\/person\/image\/\",\"url\":\"https:\/\/secure.gravatar.com\/avatar\/6673d8bc6a9c17fa9a453eaa3448de834fa308c2ec9635b7aa99441a7c8d2cf6?s=96&d=mm&r=g\",\"contentUrl\":\"https:\/\/secure.gravatar.com\/avatar\/6673d8bc6a9c17fa9a453eaa3448de834fa308c2ec9635b7aa99441a7c8d2cf6?s=96&d=mm&r=g\",\"caption\":\"la r\u00e9daction\"},\"url\":\"https:\/\/vosgesinfo.fr\/saintdieinfo\/author\/redac\/\"}]}<\/script>\n<!-- \/ Yoast SEO plugin. -->","yoast_head_json":{"title":"Jusqu'\u00e0 dimanche soir, l'Espace Fran\u00e7ois-Mitterrand accueille le 5\u00e8me festival D\u00e9od'Art - Saint Die Info","robots":{"index":"index","follow":"follow","max-snippet":"max-snippet:-1","max-image-preview":"max-image-preview:large","max-video-preview":"max-video-preview:-1"},"canonical":"https:\/\/vosgesinfo.fr\/saintdieinfo\/2021\/07\/jusqua-dimanche-soir-lespace-francois-mitterrand-accueille-5eme-festival-deodart\/","twitter_card":"summary_large_image","twitter_title":"Jusqu'\u00e0 dimanche soir, l'Espace Fran\u00e7ois-Mitterrand accueille le 5\u00e8me festival D\u00e9od'Art - Saint Die Info","twitter_description":"Apr\u00e8s une annulation l&rsquo;an dernier en raison de la crise sanitaire, le festival D\u00e9od&rsquo;Art est de retour ces vendredi, samedi [&hellip;]","twitter_image":"https:\/\/vosgesinfo.fr\/app\/uploads\/sites\/4\/2024\/08\/202107festival-deodart-8.jpg","twitter_creator":"@VosgesInfo88","twitter_site":"@VosgesInfo88","twitter_misc":{"\u00c9crit par":"la r\u00e9daction","Dur\u00e9e de lecture estim\u00e9e":"1 minute"},"schema":{"@context":"https:\/\/schema.org","@graph":[{"@type":"Article","@id":"https:\/\/vosgesinfo.fr\/saintdieinfo\/2021\/07\/jusqua-dimanche-soir-lespace-francois-mitterrand-accueille-5eme-festival-deodart\/#article","isPartOf":{"@id":"https:\/\/vosgesinfo.fr\/saintdieinfo\/2021\/07\/jusqua-dimanche-soir-lespace-francois-mitterrand-accueille-5eme-festival-deodart\/"},"author":{"name":"la r\u00e9daction","@id":"https:\/\/vosgesinfo.fr\/saintdieinfo\/#\/schema\/person\/faee6704a21f3977511db84bd1cd450f"},"headline":"Jusqu&rsquo;\u00e0 dimanche soir, l&rsquo;Espace Fran\u00e7ois-Mitterrand accueille le 5\u00e8me festival D\u00e9od&rsquo;Art","datePublished":"2021-07-23T12:49:12+00:00","dateModified":"2021-07-23T12:49:12+00:00","mainEntityOfPage":{"@id":"https:\/\/vosgesinfo.fr\/saintdieinfo\/2021\/07\/jusqua-dimanche-soir-lespace-francois-mitterrand-accueille-5eme-festival-deodart\/"},"wordCount":217,"commentCount":0,"publisher":{"@id":"https:\/\/vosgesinfo.fr\/saintdieinfo\/#organization"},"image":{"@id":"https:\/\/vosgesinfo.fr\/saintdieinfo\/2021\/07\/jusqua-dimanche-soir-lespace-francois-mitterrand-accueille-5eme-festival-deodart\/#primaryimage"},"thumbnailUrl":"https:\/\/vosgesinfo.fr\/app\/uploads\/sites\/4\/2024\/08\/202107festival-deodart-8.jpg","keywords":["Espace Fran\u00e7ois-Miterrand","Festival D\u00e9od'Art","Les Arts en D\u00e9odatie"],"articleSection":["A la Une","Culture","Saint-Di\u00e9-des-Vosges et son Agglom\u00e9ration"],"inLanguage":"fr-FR","potentialAction":[{"@type":"CommentAction","name":"Comment","target":["https:\/\/vosgesinfo.fr\/saintdieinfo\/2021\/07\/jusqua-dimanche-soir-lespace-francois-mitterrand-accueille-5eme-festival-deodart\/#respond"]}]},{"@type":"WebPage","@id":"https:\/\/vosgesinfo.fr\/saintdieinfo\/2021\/07\/jusqua-dimanche-soir-lespace-francois-mitterrand-accueille-5eme-festival-deodart\/","url":"https:\/\/vosgesinfo.fr\/saintdieinfo\/2021\/07\/jusqua-dimanche-soir-lespace-francois-mitterrand-accueille-5eme-festival-deodart\/","name":"Jusqu'\u00e0 dimanche soir, l'Espace Fran\u00e7ois-Mitterrand accueille le 5\u00e8me festival D\u00e9od'Art - Saint Die Info","isPartOf":{"@id":"https:\/\/vosgesinfo.fr\/saintdieinfo\/#website"},"primaryImageOfPage":{"@id":"https:\/\/vosgesinfo.fr\/saintdieinfo\/2021\/07\/jusqua-dimanche-soir-lespace-francois-mitterrand-accueille-5eme-festival-deodart\/#primaryimage"},"image":{"@id":"https:\/\/vosgesinfo.fr\/saintdieinfo\/2021\/07\/jusqua-dimanche-soir-lespace-francois-mitterrand-accueille-5eme-festival-deodart\/#primaryimage"},"thumbnailUrl":"https:\/\/vosgesinfo.fr\/app\/uploads\/sites\/4\/2024\/08\/202107festival-deodart-8.jpg","datePublished":"2021-07-23T12:49:12+00:00","dateModified":"2021-07-23T12:49:12+00:00","breadcrumb":{"@id":"https:\/\/vosgesinfo.fr\/saintdieinfo\/2021\/07\/jusqua-dimanche-soir-lespace-francois-mitterrand-accueille-5eme-festival-deodart\/#breadcrumb"},"inLanguage":"fr-FR","potentialAction":[{"@type":"ReadAction","target":["https:\/\/vosgesinfo.fr\/saintdieinfo\/2021\/07\/jusqua-dimanche-soir-lespace-francois-mitterrand-accueille-5eme-festival-deodart\/"]}]},{"@type":"ImageObject","inLanguage":"fr-FR","@id":"https:\/\/vosgesinfo.fr\/saintdieinfo\/2021\/07\/jusqua-dimanche-soir-lespace-francois-mitterrand-accueille-5eme-festival-deodart\/#primaryimage","url":"https:\/\/vosgesinfo.fr\/app\/uploads\/sites\/4\/2024\/08\/202107festival-deodart-8.jpg","contentUrl":"https:\/\/vosgesinfo.fr\/app\/uploads\/sites\/4\/2024\/08\/202107festival-deodart-8.jpg","width":800,"height":600},{"@type":"BreadcrumbList","@id":"https:\/\/vosgesinfo.fr\/saintdieinfo\/2021\/07\/jusqua-dimanche-soir-lespace-francois-mitterrand-accueille-5eme-festival-deodart\/#breadcrumb","itemListElement":[{"@type":"ListItem","position":1,"name":"Home","item":"https:\/\/vosgesinfo.fr\/saintdieinfo\/"},{"@type":"ListItem","position":2,"name":"Jusqu&rsquo;\u00e0 dimanche soir, l&rsquo;Espace Fran\u00e7ois-Mitterrand accueille le 5\u00e8me festival D\u00e9od&rsquo;Art"}]},{"@type":"WebSite","@id":"https:\/\/vosgesinfo.fr\/saintdieinfo\/#website","url":"https:\/\/vosgesinfo.fr\/saintdieinfo\/","name":"Saint Die Info","description":"Toute l&#039;actualit\u00e9 de Saint-Di\u00e9-Des-Vosges","publisher":{"@id":"https:\/\/vosgesinfo.fr\/saintdieinfo\/#organization"},"alternateName":"Toute l'actualit\u00e9 de Saint-Di\u00e9-Des-Vosges","potentialAction":[{"@type":"SearchAction","target":{"@type":"EntryPoint","urlTemplate":"https:\/\/vosgesinfo.fr\/saintdieinfo\/?s={search_term_string}"},"query-input":"required name=search_term_string"}],"inLanguage":"fr-FR"},{"@type":"Organization","@id":"https:\/\/vosgesinfo.fr\/saintdieinfo\/#organization","name":"Saint Die Info","url":"https:\/\/vosgesinfo.fr\/saintdieinfo\/","logo":{"@type":"ImageObject","inLanguage":"fr-FR","@id":"https:\/\/vosgesinfo.fr\/saintdieinfo\/#\/schema\/logo\/image\/","url":"https:\/\/vosgesinfo.fr\/app\/uploads\/sites\/4\/2024\/02\/logo-sdi.jpg","contentUrl":"https:\/\/vosgesinfo.fr\/app\/uploads\/sites\/4\/2024\/02\/logo-sdi.jpg","width":600,"height":600,"caption":"Saint Die Info"},"image":{"@id":"https:\/\/vosgesinfo.fr\/saintdieinfo\/#\/schema\/logo\/image\/"},"sameAs":["https:\/\/www.facebook.com\/Saintdieinfofr","https:\/\/x.com\/VosgesInfo88","https:\/\/www.youtube.com\/@vosgesinfo"]},{"@type":"Person","@id":"https:\/\/vosgesinfo.fr\/saintdieinfo\/#\/schema\/person\/faee6704a21f3977511db84bd1cd450f","name":"la r\u00e9daction","image":{"@type":"ImageObject","inLanguage":"fr-FR","@id":"https:\/\/vosgesinfo.fr\/saintdieinfo\/#\/schema\/person\/image\/","url":"https:\/\/secure.gravatar.com\/avatar\/6673d8bc6a9c17fa9a453eaa3448de834fa308c2ec9635b7aa99441a7c8d2cf6?s=96&d=mm&r=g","contentUrl":"https:\/\/secure.gravatar.com\/avatar\/6673d8bc6a9c17fa9a453eaa3448de834fa308c2ec9635b7aa99441a7c8d2cf6?s=96&d=mm&r=g","caption":"la r\u00e9daction"},"url":"https:\/\/vosgesinfo.fr\/saintdieinfo\/author\/redac\/"}]}},"_links":{"self":[{"href":"https:\/\/vosgesinfo.fr\/saintdieinfo\/wp-json\/wp\/v2\/posts\/42140","targetHints":{"allow":["GET"]}}],"collection":[{"href":"https:\/\/vosgesinfo.fr\/saintdieinfo\/wp-json\/wp\/v2\/posts"}],"about":[{"href":"https:\/\/vosgesinfo.fr\/saintdieinfo\/wp-json\/wp\/v2\/types\/post"}],"author":[{"embeddable":true,"href":"https:\/\/vosgesinfo.fr\/saintdieinfo\/wp-json\/wp\/v2\/users\/44"}],"replies":[{"embeddable":true,"href":"https:\/\/vosgesinfo.fr\/saintdieinfo\/wp-json\/wp\/v2\/comments?post=42140"}],"version-history":[{"count":0,"href":"https:\/\/vosgesinfo.fr\/saintdieinfo\/wp-json\/wp\/v2\/posts\/42140\/revisions"}],"wp:featuredmedia":[{"embeddable":true,"href":"https:\/\/vosgesinfo.fr\/saintdieinfo\/wp-json\/wp\/v2\/media\/42141"}],"wp:attachment":[{"href":"https:\/\/vosgesinfo.fr\/saintdieinfo\/wp-json\/wp\/v2\/media?parent=42140"}],"wp:term":[{"taxonomy":"category","embeddable":true,"href":"https:\/\/vosgesinfo.fr\/saintdieinfo\/wp-json\/wp\/v2\/categories?post=42140"},{"taxonomy":"post_tag","embeddable":true,"href":"https:\/\/vosgesinfo.fr\/saintdieinfo\/wp-json\/wp\/v2\/tags?post=42140"}],"curies":[{"name":"wp","href":"https:\/\/api.w.org\/{rel}","templated":true}]}}