{"id":42175,"date":"2021-07-24T08:45:23","date_gmt":"2021-07-24T06:45:23","guid":{"rendered":"https:\/\/vosgesinfo.fr\/saintdieinfo\/2021\/07\/vosgesnature-photographies-amoureux-vosges-amoureux-vosges\/"},"modified":"2021-07-24T08:45:23","modified_gmt":"2021-07-24T06:45:23","slug":"vosgesnature-photographies-amoureux-vosges-amoureux-vosges","status":"publish","type":"post","link":"https:\/\/vosgesinfo.fr\/saintdieinfo\/2021\/07\/vosgesnature-photographies-amoureux-vosges-amoureux-vosges\/","title":{"rendered":"\u00ab\u00a0VosgesNature\u00a0\u00bb, des photographies pour les amoureux des Vosges par un amoureux des Vosges"},"content":{"rendered":"<div id=\"attachment_170294\" style=\"width: 544px\" class=\"wp-caption aligncenter\"><a href=\"\/2021\/07\/VosgesNature_Pascal_Galmiche-1.jpg\" target=\"_blank\" rel=\"noopener\"><img decoding=\"async\" aria-describedby=\"caption-attachment-170294\" class=\"wp-image-170294 size-full\" src=\"\/2021\/07\/VosgesNature_Pascal_Galmiche-1.jpg\" alt=\"VosgesNature_Pascal_Galmiche (1)\" width=\"534\" height=\"800\" \/><\/a><p id=\"caption-attachment-170294\" class=\"wp-caption-text\">Pascal Galmiche sur le terrain. (Photographies Vosges Nature)<\/p><\/div>\n<h2><strong><span style=\"font-family: Calibri, sans-serif;\"><span style=\"font-size: large;\">Une page Facebook de photographies cr\u00e9\u00e9e par un amoureux des Vosges pour les amoureux des Vosges. C&rsquo;est en ces termes que l&rsquo;on pourrait simplement r\u00e9sumer \u00ab\u00a0VosgesNature\u00a0\u00bb, qui compte aujourd&rsquo;hui plus de 22 000 abonn\u00e9s. Une page derri\u00e8re laquelle on retrouve Pascal Galmiche.<\/span><\/span><\/strong><\/h2>\n<p><!--more--><\/p>\n<p><span style=\"font-family: Calibri, sans-serif;\"><span style=\"font-size: large;\">Photographe amateur \u00e2g\u00e9 de 55 ans, cet habitant de la commune de Entre-Deux-Eaux, non loin de Saint-Di\u00e9-des-Vosges, est depuis toujours un passionn\u00e9 de la faune et de la flore des Vosges. La photographie est une passion plus tardive.<\/span><\/span><\/p>\n<p><span style=\"font-family: Calibri, sans-serif;\"><span style=\"font-size: large;\"><em>\u00ab\u00a0Je fais de la photo depuis une vingtaine d&rsquo;ann\u00e9es, mais c&rsquo;est plus r\u00e9cemment que je m&rsquo;y suis mis s\u00e9rieusement et que j&rsquo;ai investi dans du bon mat\u00e9riel. J&rsquo;ai cr\u00e9\u00e9 la page \u00ab\u00a0VosgesNature\u00a0\u00bb en mars 2014. Une personne que j&rsquo;avais rencontr\u00e9 m&rsquo;avait parl\u00e9 de Facebook, mais je n&rsquo;\u00e9tais pas int\u00e9ress\u00e9. Finalement j&rsquo;ai saut\u00e9 le pas. Depuis, je publie r\u00e9guli\u00e8rement des photos de mes sorties nature dans les Vosges. C&rsquo;est avant tout pour le partage que j&rsquo;ai cr\u00e9\u00e9 cette page, car je fais de la photo juste pour le plaisir. Donc d\u00e8s que le temps me le permet, je saisis mon sac \u00e0 dos ainsi que mes 2 boitiers et mes objectifs, et je pars arpenter les for\u00eats vosgiennes pour me ressourcer\u00a0\u00bb<\/em> explique Pascal Galmiche quant \u00e0 la gen\u00e8se de \u00ab\u00a0VosgesNature\u00a0\u00bb.<\/span><\/span><\/p>\n<p><span style=\"font-family: Calibri, sans-serif;\"><span style=\"font-size: large;\">Aujourd&rsquo;hui \u00e9quip\u00e9 de mat\u00e9riel professionnel, c&rsquo;est tr\u00e8s t\u00f4t le matin qu&rsquo;il part capturer des images. Des magnifiques paysages vosgiens, avec ses lacs, cascades, et ruisseaux&#8230; mais aussi de ses habitants : chamois, renards, chevreuils, biches, faons et bien entendu cerfs, surtout lors du brame.<\/span><\/span><\/p>\n<p><em><span style=\"font-family: Calibri, sans-serif;\"><span style=\"font-size: large;\">\u00ab\u00a0Je sors qu&rsquo;elles que soient les saisons, \u00e0 l&rsquo;aurore quand tout est encore endormi. J&rsquo;aime \u00eatre le t\u00e9moin d&rsquo;une nature qui se r\u00e9veille avec ses bruits, ses chants. J&rsquo;aime \u00e9galement les atmosph\u00e8res du soir, voire la nuit. Evoluer en montagne implique n\u00e9cessairement d&rsquo;\u00eatre attentif aux \u00e9l\u00e9ments qui nous entourent, de se renseigner sur la m\u00e9t\u00e9o avant de partir. Toutes les sorties ne sont cependant pas fructueuses ! Il arrive que je rentre bredouille, c&rsquo;est Dame Nature qui d\u00e9cide de ce qu&rsquo;elle veut bien m&rsquo;offrir. J&rsquo;essaie, \u00e0 travers mes photos, de sensibiliser les g\u00e9n\u00e9rations \u00e0 la fragilit\u00e9 de cette nature. J&rsquo;esp\u00e8re, par le biais de la photographie, transmettre un message de pr\u00e9vention et de bienveillance pour une for\u00eat propre. Je tiens \u00e0 insister sur le fait d&#8217;emporter vos d\u00e9chets, de ne pas les jeter dans cette nature qui nous apporte \u00e9norm\u00e9ment.\u00a0\u00bb<\/span><\/span><\/em><\/p>\n<p><span style=\"font-family: Calibri, sans-serif;\"><span style=\"font-size: large;\">Si la modestie est un trait qui caract\u00e9rise Pascal Galmiche, il n&rsquo;est toutefois pas peu fier d&rsquo;avoir \u00e9t\u00e9 sollicit\u00e9 par BFM TV, LCI et France 2 il y a de cela 4 ans. <em>\u00ab\u00a0J&rsquo;ai aussi particip\u00e9 \u00e0 des expositions, notamment la Semaine des Arts \u00e0 Saulcy-sur-Meurthe, l&rsquo;exposition Passion-Photo-Nature \u00e0 la Tour de la Libert\u00e9 de Saint-Di\u00e9-des-Vosges, du Club K\u00e9dale de Photographie et l&rsquo;exposition 2020 au Sentier Botanique des Gorges de Crozery, \u00e0 Thi\u00e9fosse.\u00a0\u00bb<\/em><\/span><\/span><\/p>\n<p><span style=\"font-family: Calibri, sans-serif;\"><span style=\"font-size: large;\">A l&rsquo;avenir, Pascal Galmiche compte bien continuer \u00e0 faire le bonheur des yeux de ses abonn\u00e9s&#8230; et pourquoi pas publier un calendrier ou collaborer avec des magazines ax\u00e9s nature. En attendant, vous pouvez suivre <a href=\"https:\/\/www.facebook.com\/GALMICHE.Pascal\" target=\"_blank\" rel=\"noopener\"><strong>@VosgesNature<\/strong><\/a> sur Facebook et sur <a href=\"https:\/\/www.instagram.com\/vosgesnature.photogrophie\/\" target=\"_blank\" rel=\"noopener\"><strong>Instagram<\/strong><\/a>. Vous pouvez \u00e9galement contacter Pascal Galmiche au <strong>06-15-45-07-77<\/strong> ou via <strong><a href=\"mailto:vosgesnature.photographie@gmail.com\" target=\"_blank\" rel=\"noopener\">vosgesnature.photographie@gmail.com<\/a><\/strong><\/span><\/span><\/p>\n<p>J.J.<\/p>\n\n","protected":false},"excerpt":{"rendered":"<p>Une page Facebook de photographies cr\u00e9\u00e9e par un amoureux des Vosges pour les amoureux des Vosges. C&rsquo;est en ces termes [&hellip;]<\/p>\n","protected":false},"author":44,"featured_media":42176,"comment_status":"open","ping_status":"open","sticky":false,"template":"","format":"standard","meta":{"footnotes":""},"categories":[460,2915],"tags":[8550,8551,8552],"class_list":["post-42175","post","type-post","status-publish","format-standard","has-post-thumbnail","hentry","category-a-la-une","category-saint-die-son-canton","tag-pascal-galmiche","tag-photographe-nature","tag-vosges-nature"],"acf":[],"yoast_head":"<!-- This site is optimized with the Yoast SEO plugin v22.5 - https:\/\/yoast.com\/wordpress\/plugins\/seo\/ -->\n<title>&quot;VosgesNature&quot;, des photographies pour les amoureux des Vosges par un amoureux des Vosges - Saint Die Info<\/title>\n<meta name=\"robots\" content=\"index, follow, max-snippet:-1, max-image-preview:large, max-video-preview:-1\" \/>\n<link rel=\"canonical\" href=\"https:\/\/vosgesinfo.fr\/saintdieinfo\/2021\/07\/vosgesnature-photographies-amoureux-vosges-amoureux-vosges\/\" \/>\n<meta name=\"twitter:card\" content=\"summary_large_image\" \/>\n<meta name=\"twitter:title\" content=\"&quot;VosgesNature&quot;, des photographies pour les amoureux des Vosges par un amoureux des Vosges - Saint Die Info\" \/>\n<meta name=\"twitter:description\" content=\"Une page Facebook de photographies cr\u00e9\u00e9e par un amoureux des Vosges pour les amoureux des Vosges. C&rsquo;est en ces termes [&hellip;]\" \/>\n<meta name=\"twitter:image\" content=\"https:\/\/vosgesinfo.fr\/app\/uploads\/sites\/4\/2024\/08\/202107vosgesnature-pascal-galmiche-1-1.jpg\" \/>\n<meta name=\"twitter:creator\" content=\"@VosgesInfo88\" \/>\n<meta name=\"twitter:site\" content=\"@VosgesInfo88\" \/>\n<meta name=\"twitter:label1\" content=\"\u00c9crit par\" \/>\n\t<meta name=\"twitter:data1\" content=\"la r\u00e9daction\" \/>\n\t<meta name=\"twitter:label2\" content=\"Dur\u00e9e de lecture estim\u00e9e\" \/>\n\t<meta name=\"twitter:data2\" content=\"3 minutes\" \/>\n<script type=\"application\/ld+json\" class=\"yoast-schema-graph\">{\"@context\":\"https:\/\/schema.org\",\"@graph\":[{\"@type\":\"Article\",\"@id\":\"https:\/\/vosgesinfo.fr\/saintdieinfo\/2021\/07\/vosgesnature-photographies-amoureux-vosges-amoureux-vosges\/#article\",\"isPartOf\":{\"@id\":\"https:\/\/vosgesinfo.fr\/saintdieinfo\/2021\/07\/vosgesnature-photographies-amoureux-vosges-amoureux-vosges\/\"},\"author\":{\"name\":\"la r\u00e9daction\",\"@id\":\"https:\/\/vosgesinfo.fr\/saintdieinfo\/#\/schema\/person\/faee6704a21f3977511db84bd1cd450f\"},\"headline\":\"\u00ab\u00a0VosgesNature\u00a0\u00bb, des photographies pour les amoureux des Vosges par un amoureux des Vosges\",\"datePublished\":\"2021-07-24T06:45:23+00:00\",\"dateModified\":\"2021-07-24T06:45:23+00:00\",\"mainEntityOfPage\":{\"@id\":\"https:\/\/vosgesinfo.fr\/saintdieinfo\/2021\/07\/vosgesnature-photographies-amoureux-vosges-amoureux-vosges\/\"},\"wordCount\":612,\"commentCount\":0,\"publisher\":{\"@id\":\"https:\/\/vosgesinfo.fr\/saintdieinfo\/#organization\"},\"image\":{\"@id\":\"https:\/\/vosgesinfo.fr\/saintdieinfo\/2021\/07\/vosgesnature-photographies-amoureux-vosges-amoureux-vosges\/#primaryimage\"},\"thumbnailUrl\":\"https:\/\/vosgesinfo.fr\/app\/uploads\/sites\/4\/2024\/08\/202107vosgesnature-pascal-galmiche-1-1.jpg\",\"keywords\":[\"Pascal Galmiche\",\"Photographe nature\",\"Vosges Nature\"],\"articleSection\":[\"A la Une\",\"Saint-Di\u00e9-des-Vosges et son Agglom\u00e9ration\"],\"inLanguage\":\"fr-FR\",\"potentialAction\":[{\"@type\":\"CommentAction\",\"name\":\"Comment\",\"target\":[\"https:\/\/vosgesinfo.fr\/saintdieinfo\/2021\/07\/vosgesnature-photographies-amoureux-vosges-amoureux-vosges\/#respond\"]}]},{\"@type\":\"WebPage\",\"@id\":\"https:\/\/vosgesinfo.fr\/saintdieinfo\/2021\/07\/vosgesnature-photographies-amoureux-vosges-amoureux-vosges\/\",\"url\":\"https:\/\/vosgesinfo.fr\/saintdieinfo\/2021\/07\/vosgesnature-photographies-amoureux-vosges-amoureux-vosges\/\",\"name\":\"\\\"VosgesNature\\\", des photographies pour les amoureux des Vosges par un amoureux des Vosges - Saint Die Info\",\"isPartOf\":{\"@id\":\"https:\/\/vosgesinfo.fr\/saintdieinfo\/#website\"},\"primaryImageOfPage\":{\"@id\":\"https:\/\/vosgesinfo.fr\/saintdieinfo\/2021\/07\/vosgesnature-photographies-amoureux-vosges-amoureux-vosges\/#primaryimage\"},\"image\":{\"@id\":\"https:\/\/vosgesinfo.fr\/saintdieinfo\/2021\/07\/vosgesnature-photographies-amoureux-vosges-amoureux-vosges\/#primaryimage\"},\"thumbnailUrl\":\"https:\/\/vosgesinfo.fr\/app\/uploads\/sites\/4\/2024\/08\/202107vosgesnature-pascal-galmiche-1-1.jpg\",\"datePublished\":\"2021-07-24T06:45:23+00:00\",\"dateModified\":\"2021-07-24T06:45:23+00:00\",\"breadcrumb\":{\"@id\":\"https:\/\/vosgesinfo.fr\/saintdieinfo\/2021\/07\/vosgesnature-photographies-amoureux-vosges-amoureux-vosges\/#breadcrumb\"},\"inLanguage\":\"fr-FR\",\"potentialAction\":[{\"@type\":\"ReadAction\",\"target\":[\"https:\/\/vosgesinfo.fr\/saintdieinfo\/2021\/07\/vosgesnature-photographies-amoureux-vosges-amoureux-vosges\/\"]}]},{\"@type\":\"ImageObject\",\"inLanguage\":\"fr-FR\",\"@id\":\"https:\/\/vosgesinfo.fr\/saintdieinfo\/2021\/07\/vosgesnature-photographies-amoureux-vosges-amoureux-vosges\/#primaryimage\",\"url\":\"https:\/\/vosgesinfo.fr\/app\/uploads\/sites\/4\/2024\/08\/202107vosgesnature-pascal-galmiche-1-1.jpg\",\"contentUrl\":\"https:\/\/vosgesinfo.fr\/app\/uploads\/sites\/4\/2024\/08\/202107vosgesnature-pascal-galmiche-1-1.jpg\",\"width\":800,\"height\":530},{\"@type\":\"BreadcrumbList\",\"@id\":\"https:\/\/vosgesinfo.fr\/saintdieinfo\/2021\/07\/vosgesnature-photographies-amoureux-vosges-amoureux-vosges\/#breadcrumb\",\"itemListElement\":[{\"@type\":\"ListItem\",\"position\":1,\"name\":\"Home\",\"item\":\"https:\/\/vosgesinfo.fr\/saintdieinfo\/\"},{\"@type\":\"ListItem\",\"position\":2,\"name\":\"\u00ab\u00a0VosgesNature\u00a0\u00bb, des photographies pour les amoureux des Vosges par un amoureux des Vosges\"}]},{\"@type\":\"WebSite\",\"@id\":\"https:\/\/vosgesinfo.fr\/saintdieinfo\/#website\",\"url\":\"https:\/\/vosgesinfo.fr\/saintdieinfo\/\",\"name\":\"Saint Die Info\",\"description\":\"Toute l&#039;actualit\u00e9 de Saint-Di\u00e9-Des-Vosges\",\"publisher\":{\"@id\":\"https:\/\/vosgesinfo.fr\/saintdieinfo\/#organization\"},\"alternateName\":\"Toute l'actualit\u00e9 de Saint-Di\u00e9-Des-Vosges\",\"potentialAction\":[{\"@type\":\"SearchAction\",\"target\":{\"@type\":\"EntryPoint\",\"urlTemplate\":\"https:\/\/vosgesinfo.fr\/saintdieinfo\/?s={search_term_string}\"},\"query-input\":\"required name=search_term_string\"}],\"inLanguage\":\"fr-FR\"},{\"@type\":\"Organization\",\"@id\":\"https:\/\/vosgesinfo.fr\/saintdieinfo\/#organization\",\"name\":\"Saint Die Info\",\"url\":\"https:\/\/vosgesinfo.fr\/saintdieinfo\/\",\"logo\":{\"@type\":\"ImageObject\",\"inLanguage\":\"fr-FR\",\"@id\":\"https:\/\/vosgesinfo.fr\/saintdieinfo\/#\/schema\/logo\/image\/\",\"url\":\"https:\/\/vosgesinfo.fr\/app\/uploads\/sites\/4\/2024\/02\/logo-sdi.jpg\",\"contentUrl\":\"https:\/\/vosgesinfo.fr\/app\/uploads\/sites\/4\/2024\/02\/logo-sdi.jpg\",\"width\":600,\"height\":600,\"caption\":\"Saint Die Info\"},\"image\":{\"@id\":\"https:\/\/vosgesinfo.fr\/saintdieinfo\/#\/schema\/logo\/image\/\"},\"sameAs\":[\"https:\/\/www.facebook.com\/Saintdieinfofr\",\"https:\/\/x.com\/VosgesInfo88\",\"https:\/\/www.youtube.com\/@vosgesinfo\"]},{\"@type\":\"Person\",\"@id\":\"https:\/\/vosgesinfo.fr\/saintdieinfo\/#\/schema\/person\/faee6704a21f3977511db84bd1cd450f\",\"name\":\"la r\u00e9daction\",\"image\":{\"@type\":\"ImageObject\",\"inLanguage\":\"fr-FR\",\"@id\":\"https:\/\/vosgesinfo.fr\/saintdieinfo\/#\/schema\/person\/image\/\",\"url\":\"https:\/\/secure.gravatar.com\/avatar\/6673d8bc6a9c17fa9a453eaa3448de834fa308c2ec9635b7aa99441a7c8d2cf6?s=96&d=mm&r=g\",\"contentUrl\":\"https:\/\/secure.gravatar.com\/avatar\/6673d8bc6a9c17fa9a453eaa3448de834fa308c2ec9635b7aa99441a7c8d2cf6?s=96&d=mm&r=g\",\"caption\":\"la r\u00e9daction\"},\"url\":\"https:\/\/vosgesinfo.fr\/saintdieinfo\/author\/redac\/\"}]}<\/script>\n<!-- \/ Yoast SEO plugin. -->","yoast_head_json":{"title":"\"VosgesNature\", des photographies pour les amoureux des Vosges par un amoureux des Vosges - Saint Die Info","robots":{"index":"index","follow":"follow","max-snippet":"max-snippet:-1","max-image-preview":"max-image-preview:large","max-video-preview":"max-video-preview:-1"},"canonical":"https:\/\/vosgesinfo.fr\/saintdieinfo\/2021\/07\/vosgesnature-photographies-amoureux-vosges-amoureux-vosges\/","twitter_card":"summary_large_image","twitter_title":"\"VosgesNature\", des photographies pour les amoureux des Vosges par un amoureux des Vosges - Saint Die Info","twitter_description":"Une page Facebook de photographies cr\u00e9\u00e9e par un amoureux des Vosges pour les amoureux des Vosges. C&rsquo;est en ces termes [&hellip;]","twitter_image":"https:\/\/vosgesinfo.fr\/app\/uploads\/sites\/4\/2024\/08\/202107vosgesnature-pascal-galmiche-1-1.jpg","twitter_creator":"@VosgesInfo88","twitter_site":"@VosgesInfo88","twitter_misc":{"\u00c9crit par":"la r\u00e9daction","Dur\u00e9e de lecture estim\u00e9e":"3 minutes"},"schema":{"@context":"https:\/\/schema.org","@graph":[{"@type":"Article","@id":"https:\/\/vosgesinfo.fr\/saintdieinfo\/2021\/07\/vosgesnature-photographies-amoureux-vosges-amoureux-vosges\/#article","isPartOf":{"@id":"https:\/\/vosgesinfo.fr\/saintdieinfo\/2021\/07\/vosgesnature-photographies-amoureux-vosges-amoureux-vosges\/"},"author":{"name":"la r\u00e9daction","@id":"https:\/\/vosgesinfo.fr\/saintdieinfo\/#\/schema\/person\/faee6704a21f3977511db84bd1cd450f"},"headline":"\u00ab\u00a0VosgesNature\u00a0\u00bb, des photographies pour les amoureux des Vosges par un amoureux des Vosges","datePublished":"2021-07-24T06:45:23+00:00","dateModified":"2021-07-24T06:45:23+00:00","mainEntityOfPage":{"@id":"https:\/\/vosgesinfo.fr\/saintdieinfo\/2021\/07\/vosgesnature-photographies-amoureux-vosges-amoureux-vosges\/"},"wordCount":612,"commentCount":0,"publisher":{"@id":"https:\/\/vosgesinfo.fr\/saintdieinfo\/#organization"},"image":{"@id":"https:\/\/vosgesinfo.fr\/saintdieinfo\/2021\/07\/vosgesnature-photographies-amoureux-vosges-amoureux-vosges\/#primaryimage"},"thumbnailUrl":"https:\/\/vosgesinfo.fr\/app\/uploads\/sites\/4\/2024\/08\/202107vosgesnature-pascal-galmiche-1-1.jpg","keywords":["Pascal Galmiche","Photographe nature","Vosges Nature"],"articleSection":["A la Une","Saint-Di\u00e9-des-Vosges et son Agglom\u00e9ration"],"inLanguage":"fr-FR","potentialAction":[{"@type":"CommentAction","name":"Comment","target":["https:\/\/vosgesinfo.fr\/saintdieinfo\/2021\/07\/vosgesnature-photographies-amoureux-vosges-amoureux-vosges\/#respond"]}]},{"@type":"WebPage","@id":"https:\/\/vosgesinfo.fr\/saintdieinfo\/2021\/07\/vosgesnature-photographies-amoureux-vosges-amoureux-vosges\/","url":"https:\/\/vosgesinfo.fr\/saintdieinfo\/2021\/07\/vosgesnature-photographies-amoureux-vosges-amoureux-vosges\/","name":"\"VosgesNature\", des photographies pour les amoureux des Vosges par un amoureux des Vosges - Saint Die Info","isPartOf":{"@id":"https:\/\/vosgesinfo.fr\/saintdieinfo\/#website"},"primaryImageOfPage":{"@id":"https:\/\/vosgesinfo.fr\/saintdieinfo\/2021\/07\/vosgesnature-photographies-amoureux-vosges-amoureux-vosges\/#primaryimage"},"image":{"@id":"https:\/\/vosgesinfo.fr\/saintdieinfo\/2021\/07\/vosgesnature-photographies-amoureux-vosges-amoureux-vosges\/#primaryimage"},"thumbnailUrl":"https:\/\/vosgesinfo.fr\/app\/uploads\/sites\/4\/2024\/08\/202107vosgesnature-pascal-galmiche-1-1.jpg","datePublished":"2021-07-24T06:45:23+00:00","dateModified":"2021-07-24T06:45:23+00:00","breadcrumb":{"@id":"https:\/\/vosgesinfo.fr\/saintdieinfo\/2021\/07\/vosgesnature-photographies-amoureux-vosges-amoureux-vosges\/#breadcrumb"},"inLanguage":"fr-FR","potentialAction":[{"@type":"ReadAction","target":["https:\/\/vosgesinfo.fr\/saintdieinfo\/2021\/07\/vosgesnature-photographies-amoureux-vosges-amoureux-vosges\/"]}]},{"@type":"ImageObject","inLanguage":"fr-FR","@id":"https:\/\/vosgesinfo.fr\/saintdieinfo\/2021\/07\/vosgesnature-photographies-amoureux-vosges-amoureux-vosges\/#primaryimage","url":"https:\/\/vosgesinfo.fr\/app\/uploads\/sites\/4\/2024\/08\/202107vosgesnature-pascal-galmiche-1-1.jpg","contentUrl":"https:\/\/vosgesinfo.fr\/app\/uploads\/sites\/4\/2024\/08\/202107vosgesnature-pascal-galmiche-1-1.jpg","width":800,"height":530},{"@type":"BreadcrumbList","@id":"https:\/\/vosgesinfo.fr\/saintdieinfo\/2021\/07\/vosgesnature-photographies-amoureux-vosges-amoureux-vosges\/#breadcrumb","itemListElement":[{"@type":"ListItem","position":1,"name":"Home","item":"https:\/\/vosgesinfo.fr\/saintdieinfo\/"},{"@type":"ListItem","position":2,"name":"\u00ab\u00a0VosgesNature\u00a0\u00bb, des photographies pour les amoureux des Vosges par un amoureux des Vosges"}]},{"@type":"WebSite","@id":"https:\/\/vosgesinfo.fr\/saintdieinfo\/#website","url":"https:\/\/vosgesinfo.fr\/saintdieinfo\/","name":"Saint Die Info","description":"Toute l&#039;actualit\u00e9 de Saint-Di\u00e9-Des-Vosges","publisher":{"@id":"https:\/\/vosgesinfo.fr\/saintdieinfo\/#organization"},"alternateName":"Toute l'actualit\u00e9 de Saint-Di\u00e9-Des-Vosges","potentialAction":[{"@type":"SearchAction","target":{"@type":"EntryPoint","urlTemplate":"https:\/\/vosgesinfo.fr\/saintdieinfo\/?s={search_term_string}"},"query-input":"required name=search_term_string"}],"inLanguage":"fr-FR"},{"@type":"Organization","@id":"https:\/\/vosgesinfo.fr\/saintdieinfo\/#organization","name":"Saint Die Info","url":"https:\/\/vosgesinfo.fr\/saintdieinfo\/","logo":{"@type":"ImageObject","inLanguage":"fr-FR","@id":"https:\/\/vosgesinfo.fr\/saintdieinfo\/#\/schema\/logo\/image\/","url":"https:\/\/vosgesinfo.fr\/app\/uploads\/sites\/4\/2024\/02\/logo-sdi.jpg","contentUrl":"https:\/\/vosgesinfo.fr\/app\/uploads\/sites\/4\/2024\/02\/logo-sdi.jpg","width":600,"height":600,"caption":"Saint Die Info"},"image":{"@id":"https:\/\/vosgesinfo.fr\/saintdieinfo\/#\/schema\/logo\/image\/"},"sameAs":["https:\/\/www.facebook.com\/Saintdieinfofr","https:\/\/x.com\/VosgesInfo88","https:\/\/www.youtube.com\/@vosgesinfo"]},{"@type":"Person","@id":"https:\/\/vosgesinfo.fr\/saintdieinfo\/#\/schema\/person\/faee6704a21f3977511db84bd1cd450f","name":"la r\u00e9daction","image":{"@type":"ImageObject","inLanguage":"fr-FR","@id":"https:\/\/vosgesinfo.fr\/saintdieinfo\/#\/schema\/person\/image\/","url":"https:\/\/secure.gravatar.com\/avatar\/6673d8bc6a9c17fa9a453eaa3448de834fa308c2ec9635b7aa99441a7c8d2cf6?s=96&d=mm&r=g","contentUrl":"https:\/\/secure.gravatar.com\/avatar\/6673d8bc6a9c17fa9a453eaa3448de834fa308c2ec9635b7aa99441a7c8d2cf6?s=96&d=mm&r=g","caption":"la r\u00e9daction"},"url":"https:\/\/vosgesinfo.fr\/saintdieinfo\/author\/redac\/"}]}},"_links":{"self":[{"href":"https:\/\/vosgesinfo.fr\/saintdieinfo\/wp-json\/wp\/v2\/posts\/42175","targetHints":{"allow":["GET"]}}],"collection":[{"href":"https:\/\/vosgesinfo.fr\/saintdieinfo\/wp-json\/wp\/v2\/posts"}],"about":[{"href":"https:\/\/vosgesinfo.fr\/saintdieinfo\/wp-json\/wp\/v2\/types\/post"}],"author":[{"embeddable":true,"href":"https:\/\/vosgesinfo.fr\/saintdieinfo\/wp-json\/wp\/v2\/users\/44"}],"replies":[{"embeddable":true,"href":"https:\/\/vosgesinfo.fr\/saintdieinfo\/wp-json\/wp\/v2\/comments?post=42175"}],"version-history":[{"count":0,"href":"https:\/\/vosgesinfo.fr\/saintdieinfo\/wp-json\/wp\/v2\/posts\/42175\/revisions"}],"wp:featuredmedia":[{"embeddable":true,"href":"https:\/\/vosgesinfo.fr\/saintdieinfo\/wp-json\/wp\/v2\/media\/42176"}],"wp:attachment":[{"href":"https:\/\/vosgesinfo.fr\/saintdieinfo\/wp-json\/wp\/v2\/media?parent=42175"}],"wp:term":[{"taxonomy":"category","embeddable":true,"href":"https:\/\/vosgesinfo.fr\/saintdieinfo\/wp-json\/wp\/v2\/categories?post=42175"},{"taxonomy":"post_tag","embeddable":true,"href":"https:\/\/vosgesinfo.fr\/saintdieinfo\/wp-json\/wp\/v2\/tags?post=42175"}],"curies":[{"name":"wp","href":"https:\/\/api.w.org\/{rel}","templated":true}]}}