{"id":42270,"date":"2021-07-29T07:35:28","date_gmt":"2021-07-29T05:35:28","guid":{"rendered":"https:\/\/vosgesinfo.fr\/saintdieinfo\/2021\/07\/vosges-4-courts-metrages-cours-cet-ete-departement\/"},"modified":"2021-07-29T07:35:28","modified_gmt":"2021-07-29T05:35:28","slug":"vosges-4-courts-metrages-cours-cet-ete-departement","status":"publish","type":"post","link":"https:\/\/vosgesinfo.fr\/saintdieinfo\/2021\/07\/vosges-4-courts-metrages-cours-cet-ete-departement\/","title":{"rendered":"Vosges \u2013 4 courts m\u00e9trages en cours cet \u00e9t\u00e9 dans le d\u00e9partement"},"content":{"rendered":"<div id=\"attachment_170427\" style=\"width: 810px\" class=\"wp-caption aligncenter\"><a href=\"\/2021\/07\/Vosges_Terre_Tournage.jpg\" target=\"_blank\" rel=\"noopener\"><img decoding=\"async\" aria-describedby=\"caption-attachment-170427\" class=\"wp-image-170427 size-full\" src=\"\/2021\/07\/Vosges_Terre_Tournage.jpg\" alt=\"Vosges_Terre_Tournage\" width=\"800\" height=\"450\" \/><\/a><p id=\"caption-attachment-170427\" class=\"wp-caption-text\">(Image Vosges Mag)<\/p><\/div>\n<h2><span style=\"font-size: 14pt;\"><strong>Quatre projets sont actuellement en cours de tournage sur le d\u00e9partement et sont soutenus par le Conseil d\u00e9partemental.\u00a0 Le court m\u00e9trage est une \u00e9tape importante dans la carri\u00e8re de beaucoup de professionnels ; il leur permet d&rsquo;affiner leurs comp\u00e9tences, de trouver leur style ; de rencontrer des collaborateurs ; d&rsquo;inventer de nouvelles formes esth\u00e9tiques, de nouveaux r\u00e9cits, de nouveaux langages.\u00a0<\/strong><\/span><\/h2>\n<p><!--more--><\/p>\n<p>Le Conseil d\u00e9partemental s\u2019implique donc \u00e0 leur c\u00f4t\u00e9 depuis de nombreuses ann\u00e9es pour les encourager et les soutenir financi\u00e8rement, afin de faciliter leur d\u00e9marche cr\u00e9ative et \u00eatre en appui logistique.<\/p>\n<p>Durant l\u2019\u00e9t\u00e9, 4 r\u00e9alisateurs vont poser leurs cam\u00e9ras et amener avec eux leurs \u00e9quipes, mais aussi embaucher sur le territoire techniciens, com\u00e9diens, figurants, \u2026 pour raconter leur histoire et filmer les Vosges dans leur beaut\u00e9 et leur diversit\u00e9. Les lacs ont \u00e9t\u00e9 source d\u2019inspiration\u00a0!<\/p>\n<p><i>\u00ab\u00a0Nuit\u00a0\u00bb<\/i> de Cristiona Mangione sera tourn\u00e9 au alentour de G\u00e9rardmer, tout comme <i>\u00ab\u00a0La chose extatique<\/i>\u00a0\u00bb de Benjamin Nuel, puis <i>\u00ab\u00a0Ce qui vient la nuit<\/i>\u00a0\u00bb de Marion Jh\u00f6aner dont le tournage d\u00e9butera en septembre au alentour du lac de la Maix, et enfin \u00ab\u00a0<i>Panier de crabes<\/i>\u00a0\u00bb de Sylvain Certain qui a fait le choix de poser son plateau de tournage au lac des corbeaux.<\/p>\n<p>Pour en savoir plus sur Vosges Terres de tournages \u25ba\u00a0<strong><a href=\"https:\/\/vosges.fr\/terresdetournages\" target=\"_blank\" rel=\"noopener\">https:\/\/vosges.fr\/terresdetournages<\/a><\/strong><\/p>\n<p>Source : <a href=\"http:\/\/www.vosgesmag.fr\" target=\"_blank\" rel=\"noopener\">www.vosgesmag.fr<\/a><\/p>\n","protected":false},"excerpt":{"rendered":"<p>Quatre projets sont actuellement en cours de tournage sur le d\u00e9partement et sont soutenus par le Conseil d\u00e9partemental.\u00a0 Le court [&hellip;]<\/p>\n","protected":false},"author":44,"featured_media":42271,"comment_status":"open","ping_status":"open","sticky":false,"template":"","format":"standard","meta":{"footnotes":""},"categories":[460,18],"tags":[529,8576,3024,8577],"class_list":["post-42270","post","type-post","status-publish","format-standard","has-post-thumbnail","hentry","category-a-la-une","category-vosges","tag-conseil-departemental-des-vosges","tag-courts-metrages","tag-vosges-mag","tag-vosges-terres-de-tournages"],"acf":[],"yoast_head":"<!-- This site is optimized with the Yoast SEO plugin v22.5 - https:\/\/yoast.com\/wordpress\/plugins\/seo\/ -->\n<title>Vosges \u2013 4 courts m\u00e9trages en cours cet \u00e9t\u00e9 dans le d\u00e9partement - Saint Die Info<\/title>\n<meta name=\"robots\" content=\"index, follow, max-snippet:-1, max-image-preview:large, max-video-preview:-1\" \/>\n<link rel=\"canonical\" href=\"https:\/\/vosgesinfo.fr\/saintdieinfo\/2021\/07\/vosges-4-courts-metrages-cours-cet-ete-departement\/\" \/>\n<meta name=\"twitter:card\" content=\"summary_large_image\" \/>\n<meta name=\"twitter:title\" content=\"Vosges \u2013 4 courts m\u00e9trages en cours cet \u00e9t\u00e9 dans le d\u00e9partement - Saint Die Info\" \/>\n<meta name=\"twitter:description\" content=\"Quatre projets sont actuellement en cours de tournage sur le d\u00e9partement et sont soutenus par le Conseil d\u00e9partemental.\u00a0 Le court [&hellip;]\" \/>\n<meta name=\"twitter:image\" content=\"https:\/\/vosgesinfo.fr\/app\/uploads\/sites\/4\/2024\/08\/202107vosges-terre-tournage.jpg\" \/>\n<meta name=\"twitter:creator\" content=\"@VosgesInfo88\" \/>\n<meta name=\"twitter:site\" content=\"@VosgesInfo88\" \/>\n<meta name=\"twitter:label1\" content=\"\u00c9crit par\" \/>\n\t<meta name=\"twitter:data1\" content=\"la r\u00e9daction\" \/>\n\t<meta name=\"twitter:label2\" content=\"Dur\u00e9e de lecture estim\u00e9e\" \/>\n\t<meta name=\"twitter:data2\" content=\"1 minute\" \/>\n<script type=\"application\/ld+json\" class=\"yoast-schema-graph\">{\"@context\":\"https:\/\/schema.org\",\"@graph\":[{\"@type\":\"Article\",\"@id\":\"https:\/\/vosgesinfo.fr\/saintdieinfo\/2021\/07\/vosges-4-courts-metrages-cours-cet-ete-departement\/#article\",\"isPartOf\":{\"@id\":\"https:\/\/vosgesinfo.fr\/saintdieinfo\/2021\/07\/vosges-4-courts-metrages-cours-cet-ete-departement\/\"},\"author\":{\"name\":\"la r\u00e9daction\",\"@id\":\"https:\/\/vosgesinfo.fr\/saintdieinfo\/#\/schema\/person\/faee6704a21f3977511db84bd1cd450f\"},\"headline\":\"Vosges \u2013 4 courts m\u00e9trages en cours cet \u00e9t\u00e9 dans le d\u00e9partement\",\"datePublished\":\"2021-07-29T05:35:28+00:00\",\"dateModified\":\"2021-07-29T05:35:28+00:00\",\"mainEntityOfPage\":{\"@id\":\"https:\/\/vosgesinfo.fr\/saintdieinfo\/2021\/07\/vosges-4-courts-metrages-cours-cet-ete-departement\/\"},\"wordCount\":254,\"commentCount\":0,\"publisher\":{\"@id\":\"https:\/\/vosgesinfo.fr\/saintdieinfo\/#organization\"},\"image\":{\"@id\":\"https:\/\/vosgesinfo.fr\/saintdieinfo\/2021\/07\/vosges-4-courts-metrages-cours-cet-ete-departement\/#primaryimage\"},\"thumbnailUrl\":\"https:\/\/vosgesinfo.fr\/app\/uploads\/sites\/4\/2024\/08\/202107vosges-terre-tournage.jpg\",\"keywords\":[\"Conseil d\u00e9partemental des Vosges\",\"Courts m\u00e9trages\",\"Vosges Mag\",\"Vosges Terres de Tournages\"],\"articleSection\":[\"A la Une\",\"Vosges\"],\"inLanguage\":\"fr-FR\",\"potentialAction\":[{\"@type\":\"CommentAction\",\"name\":\"Comment\",\"target\":[\"https:\/\/vosgesinfo.fr\/saintdieinfo\/2021\/07\/vosges-4-courts-metrages-cours-cet-ete-departement\/#respond\"]}]},{\"@type\":\"WebPage\",\"@id\":\"https:\/\/vosgesinfo.fr\/saintdieinfo\/2021\/07\/vosges-4-courts-metrages-cours-cet-ete-departement\/\",\"url\":\"https:\/\/vosgesinfo.fr\/saintdieinfo\/2021\/07\/vosges-4-courts-metrages-cours-cet-ete-departement\/\",\"name\":\"Vosges \u2013 4 courts m\u00e9trages en cours cet \u00e9t\u00e9 dans le d\u00e9partement - Saint Die Info\",\"isPartOf\":{\"@id\":\"https:\/\/vosgesinfo.fr\/saintdieinfo\/#website\"},\"primaryImageOfPage\":{\"@id\":\"https:\/\/vosgesinfo.fr\/saintdieinfo\/2021\/07\/vosges-4-courts-metrages-cours-cet-ete-departement\/#primaryimage\"},\"image\":{\"@id\":\"https:\/\/vosgesinfo.fr\/saintdieinfo\/2021\/07\/vosges-4-courts-metrages-cours-cet-ete-departement\/#primaryimage\"},\"thumbnailUrl\":\"https:\/\/vosgesinfo.fr\/app\/uploads\/sites\/4\/2024\/08\/202107vosges-terre-tournage.jpg\",\"datePublished\":\"2021-07-29T05:35:28+00:00\",\"dateModified\":\"2021-07-29T05:35:28+00:00\",\"breadcrumb\":{\"@id\":\"https:\/\/vosgesinfo.fr\/saintdieinfo\/2021\/07\/vosges-4-courts-metrages-cours-cet-ete-departement\/#breadcrumb\"},\"inLanguage\":\"fr-FR\",\"potentialAction\":[{\"@type\":\"ReadAction\",\"target\":[\"https:\/\/vosgesinfo.fr\/saintdieinfo\/2021\/07\/vosges-4-courts-metrages-cours-cet-ete-departement\/\"]}]},{\"@type\":\"ImageObject\",\"inLanguage\":\"fr-FR\",\"@id\":\"https:\/\/vosgesinfo.fr\/saintdieinfo\/2021\/07\/vosges-4-courts-metrages-cours-cet-ete-departement\/#primaryimage\",\"url\":\"https:\/\/vosgesinfo.fr\/app\/uploads\/sites\/4\/2024\/08\/202107vosges-terre-tournage.jpg\",\"contentUrl\":\"https:\/\/vosgesinfo.fr\/app\/uploads\/sites\/4\/2024\/08\/202107vosges-terre-tournage.jpg\",\"width\":800,\"height\":450},{\"@type\":\"BreadcrumbList\",\"@id\":\"https:\/\/vosgesinfo.fr\/saintdieinfo\/2021\/07\/vosges-4-courts-metrages-cours-cet-ete-departement\/#breadcrumb\",\"itemListElement\":[{\"@type\":\"ListItem\",\"position\":1,\"name\":\"Home\",\"item\":\"https:\/\/vosgesinfo.fr\/saintdieinfo\/\"},{\"@type\":\"ListItem\",\"position\":2,\"name\":\"Vosges \u2013 4 courts m\u00e9trages en cours cet \u00e9t\u00e9 dans le d\u00e9partement\"}]},{\"@type\":\"WebSite\",\"@id\":\"https:\/\/vosgesinfo.fr\/saintdieinfo\/#website\",\"url\":\"https:\/\/vosgesinfo.fr\/saintdieinfo\/\",\"name\":\"Saint Die Info\",\"description\":\"Toute l&#039;actualit\u00e9 de Saint-Di\u00e9-Des-Vosges\",\"publisher\":{\"@id\":\"https:\/\/vosgesinfo.fr\/saintdieinfo\/#organization\"},\"alternateName\":\"Toute l'actualit\u00e9 de Saint-Di\u00e9-Des-Vosges\",\"potentialAction\":[{\"@type\":\"SearchAction\",\"target\":{\"@type\":\"EntryPoint\",\"urlTemplate\":\"https:\/\/vosgesinfo.fr\/saintdieinfo\/?s={search_term_string}\"},\"query-input\":\"required name=search_term_string\"}],\"inLanguage\":\"fr-FR\"},{\"@type\":\"Organization\",\"@id\":\"https:\/\/vosgesinfo.fr\/saintdieinfo\/#organization\",\"name\":\"Saint Die Info\",\"url\":\"https:\/\/vosgesinfo.fr\/saintdieinfo\/\",\"logo\":{\"@type\":\"ImageObject\",\"inLanguage\":\"fr-FR\",\"@id\":\"https:\/\/vosgesinfo.fr\/saintdieinfo\/#\/schema\/logo\/image\/\",\"url\":\"https:\/\/vosgesinfo.fr\/app\/uploads\/sites\/4\/2024\/02\/logo-sdi.jpg\",\"contentUrl\":\"https:\/\/vosgesinfo.fr\/app\/uploads\/sites\/4\/2024\/02\/logo-sdi.jpg\",\"width\":600,\"height\":600,\"caption\":\"Saint Die Info\"},\"image\":{\"@id\":\"https:\/\/vosgesinfo.fr\/saintdieinfo\/#\/schema\/logo\/image\/\"},\"sameAs\":[\"https:\/\/www.facebook.com\/Saintdieinfofr\",\"https:\/\/x.com\/VosgesInfo88\",\"https:\/\/www.youtube.com\/@vosgesinfo\"]},{\"@type\":\"Person\",\"@id\":\"https:\/\/vosgesinfo.fr\/saintdieinfo\/#\/schema\/person\/faee6704a21f3977511db84bd1cd450f\",\"name\":\"la r\u00e9daction\",\"image\":{\"@type\":\"ImageObject\",\"inLanguage\":\"fr-FR\",\"@id\":\"https:\/\/vosgesinfo.fr\/saintdieinfo\/#\/schema\/person\/image\/\",\"url\":\"https:\/\/secure.gravatar.com\/avatar\/6673d8bc6a9c17fa9a453eaa3448de834fa308c2ec9635b7aa99441a7c8d2cf6?s=96&d=mm&r=g\",\"contentUrl\":\"https:\/\/secure.gravatar.com\/avatar\/6673d8bc6a9c17fa9a453eaa3448de834fa308c2ec9635b7aa99441a7c8d2cf6?s=96&d=mm&r=g\",\"caption\":\"la r\u00e9daction\"},\"url\":\"https:\/\/vosgesinfo.fr\/saintdieinfo\/author\/redac\/\"}]}<\/script>\n<!-- \/ Yoast SEO plugin. -->","yoast_head_json":{"title":"Vosges \u2013 4 courts m\u00e9trages en cours cet \u00e9t\u00e9 dans le d\u00e9partement - Saint Die Info","robots":{"index":"index","follow":"follow","max-snippet":"max-snippet:-1","max-image-preview":"max-image-preview:large","max-video-preview":"max-video-preview:-1"},"canonical":"https:\/\/vosgesinfo.fr\/saintdieinfo\/2021\/07\/vosges-4-courts-metrages-cours-cet-ete-departement\/","twitter_card":"summary_large_image","twitter_title":"Vosges \u2013 4 courts m\u00e9trages en cours cet \u00e9t\u00e9 dans le d\u00e9partement - Saint Die Info","twitter_description":"Quatre projets sont actuellement en cours de tournage sur le d\u00e9partement et sont soutenus par le Conseil d\u00e9partemental.\u00a0 Le court [&hellip;]","twitter_image":"https:\/\/vosgesinfo.fr\/app\/uploads\/sites\/4\/2024\/08\/202107vosges-terre-tournage.jpg","twitter_creator":"@VosgesInfo88","twitter_site":"@VosgesInfo88","twitter_misc":{"\u00c9crit par":"la r\u00e9daction","Dur\u00e9e de lecture estim\u00e9e":"1 minute"},"schema":{"@context":"https:\/\/schema.org","@graph":[{"@type":"Article","@id":"https:\/\/vosgesinfo.fr\/saintdieinfo\/2021\/07\/vosges-4-courts-metrages-cours-cet-ete-departement\/#article","isPartOf":{"@id":"https:\/\/vosgesinfo.fr\/saintdieinfo\/2021\/07\/vosges-4-courts-metrages-cours-cet-ete-departement\/"},"author":{"name":"la r\u00e9daction","@id":"https:\/\/vosgesinfo.fr\/saintdieinfo\/#\/schema\/person\/faee6704a21f3977511db84bd1cd450f"},"headline":"Vosges \u2013 4 courts m\u00e9trages en cours cet \u00e9t\u00e9 dans le d\u00e9partement","datePublished":"2021-07-29T05:35:28+00:00","dateModified":"2021-07-29T05:35:28+00:00","mainEntityOfPage":{"@id":"https:\/\/vosgesinfo.fr\/saintdieinfo\/2021\/07\/vosges-4-courts-metrages-cours-cet-ete-departement\/"},"wordCount":254,"commentCount":0,"publisher":{"@id":"https:\/\/vosgesinfo.fr\/saintdieinfo\/#organization"},"image":{"@id":"https:\/\/vosgesinfo.fr\/saintdieinfo\/2021\/07\/vosges-4-courts-metrages-cours-cet-ete-departement\/#primaryimage"},"thumbnailUrl":"https:\/\/vosgesinfo.fr\/app\/uploads\/sites\/4\/2024\/08\/202107vosges-terre-tournage.jpg","keywords":["Conseil d\u00e9partemental des Vosges","Courts m\u00e9trages","Vosges Mag","Vosges Terres de Tournages"],"articleSection":["A la Une","Vosges"],"inLanguage":"fr-FR","potentialAction":[{"@type":"CommentAction","name":"Comment","target":["https:\/\/vosgesinfo.fr\/saintdieinfo\/2021\/07\/vosges-4-courts-metrages-cours-cet-ete-departement\/#respond"]}]},{"@type":"WebPage","@id":"https:\/\/vosgesinfo.fr\/saintdieinfo\/2021\/07\/vosges-4-courts-metrages-cours-cet-ete-departement\/","url":"https:\/\/vosgesinfo.fr\/saintdieinfo\/2021\/07\/vosges-4-courts-metrages-cours-cet-ete-departement\/","name":"Vosges \u2013 4 courts m\u00e9trages en cours cet \u00e9t\u00e9 dans le d\u00e9partement - Saint Die Info","isPartOf":{"@id":"https:\/\/vosgesinfo.fr\/saintdieinfo\/#website"},"primaryImageOfPage":{"@id":"https:\/\/vosgesinfo.fr\/saintdieinfo\/2021\/07\/vosges-4-courts-metrages-cours-cet-ete-departement\/#primaryimage"},"image":{"@id":"https:\/\/vosgesinfo.fr\/saintdieinfo\/2021\/07\/vosges-4-courts-metrages-cours-cet-ete-departement\/#primaryimage"},"thumbnailUrl":"https:\/\/vosgesinfo.fr\/app\/uploads\/sites\/4\/2024\/08\/202107vosges-terre-tournage.jpg","datePublished":"2021-07-29T05:35:28+00:00","dateModified":"2021-07-29T05:35:28+00:00","breadcrumb":{"@id":"https:\/\/vosgesinfo.fr\/saintdieinfo\/2021\/07\/vosges-4-courts-metrages-cours-cet-ete-departement\/#breadcrumb"},"inLanguage":"fr-FR","potentialAction":[{"@type":"ReadAction","target":["https:\/\/vosgesinfo.fr\/saintdieinfo\/2021\/07\/vosges-4-courts-metrages-cours-cet-ete-departement\/"]}]},{"@type":"ImageObject","inLanguage":"fr-FR","@id":"https:\/\/vosgesinfo.fr\/saintdieinfo\/2021\/07\/vosges-4-courts-metrages-cours-cet-ete-departement\/#primaryimage","url":"https:\/\/vosgesinfo.fr\/app\/uploads\/sites\/4\/2024\/08\/202107vosges-terre-tournage.jpg","contentUrl":"https:\/\/vosgesinfo.fr\/app\/uploads\/sites\/4\/2024\/08\/202107vosges-terre-tournage.jpg","width":800,"height":450},{"@type":"BreadcrumbList","@id":"https:\/\/vosgesinfo.fr\/saintdieinfo\/2021\/07\/vosges-4-courts-metrages-cours-cet-ete-departement\/#breadcrumb","itemListElement":[{"@type":"ListItem","position":1,"name":"Home","item":"https:\/\/vosgesinfo.fr\/saintdieinfo\/"},{"@type":"ListItem","position":2,"name":"Vosges \u2013 4 courts m\u00e9trages en cours cet \u00e9t\u00e9 dans le d\u00e9partement"}]},{"@type":"WebSite","@id":"https:\/\/vosgesinfo.fr\/saintdieinfo\/#website","url":"https:\/\/vosgesinfo.fr\/saintdieinfo\/","name":"Saint Die Info","description":"Toute l&#039;actualit\u00e9 de Saint-Di\u00e9-Des-Vosges","publisher":{"@id":"https:\/\/vosgesinfo.fr\/saintdieinfo\/#organization"},"alternateName":"Toute l'actualit\u00e9 de Saint-Di\u00e9-Des-Vosges","potentialAction":[{"@type":"SearchAction","target":{"@type":"EntryPoint","urlTemplate":"https:\/\/vosgesinfo.fr\/saintdieinfo\/?s={search_term_string}"},"query-input":"required name=search_term_string"}],"inLanguage":"fr-FR"},{"@type":"Organization","@id":"https:\/\/vosgesinfo.fr\/saintdieinfo\/#organization","name":"Saint Die Info","url":"https:\/\/vosgesinfo.fr\/saintdieinfo\/","logo":{"@type":"ImageObject","inLanguage":"fr-FR","@id":"https:\/\/vosgesinfo.fr\/saintdieinfo\/#\/schema\/logo\/image\/","url":"https:\/\/vosgesinfo.fr\/app\/uploads\/sites\/4\/2024\/02\/logo-sdi.jpg","contentUrl":"https:\/\/vosgesinfo.fr\/app\/uploads\/sites\/4\/2024\/02\/logo-sdi.jpg","width":600,"height":600,"caption":"Saint Die Info"},"image":{"@id":"https:\/\/vosgesinfo.fr\/saintdieinfo\/#\/schema\/logo\/image\/"},"sameAs":["https:\/\/www.facebook.com\/Saintdieinfofr","https:\/\/x.com\/VosgesInfo88","https:\/\/www.youtube.com\/@vosgesinfo"]},{"@type":"Person","@id":"https:\/\/vosgesinfo.fr\/saintdieinfo\/#\/schema\/person\/faee6704a21f3977511db84bd1cd450f","name":"la r\u00e9daction","image":{"@type":"ImageObject","inLanguage":"fr-FR","@id":"https:\/\/vosgesinfo.fr\/saintdieinfo\/#\/schema\/person\/image\/","url":"https:\/\/secure.gravatar.com\/avatar\/6673d8bc6a9c17fa9a453eaa3448de834fa308c2ec9635b7aa99441a7c8d2cf6?s=96&d=mm&r=g","contentUrl":"https:\/\/secure.gravatar.com\/avatar\/6673d8bc6a9c17fa9a453eaa3448de834fa308c2ec9635b7aa99441a7c8d2cf6?s=96&d=mm&r=g","caption":"la r\u00e9daction"},"url":"https:\/\/vosgesinfo.fr\/saintdieinfo\/author\/redac\/"}]}},"_links":{"self":[{"href":"https:\/\/vosgesinfo.fr\/saintdieinfo\/wp-json\/wp\/v2\/posts\/42270","targetHints":{"allow":["GET"]}}],"collection":[{"href":"https:\/\/vosgesinfo.fr\/saintdieinfo\/wp-json\/wp\/v2\/posts"}],"about":[{"href":"https:\/\/vosgesinfo.fr\/saintdieinfo\/wp-json\/wp\/v2\/types\/post"}],"author":[{"embeddable":true,"href":"https:\/\/vosgesinfo.fr\/saintdieinfo\/wp-json\/wp\/v2\/users\/44"}],"replies":[{"embeddable":true,"href":"https:\/\/vosgesinfo.fr\/saintdieinfo\/wp-json\/wp\/v2\/comments?post=42270"}],"version-history":[{"count":0,"href":"https:\/\/vosgesinfo.fr\/saintdieinfo\/wp-json\/wp\/v2\/posts\/42270\/revisions"}],"wp:featuredmedia":[{"embeddable":true,"href":"https:\/\/vosgesinfo.fr\/saintdieinfo\/wp-json\/wp\/v2\/media\/42271"}],"wp:attachment":[{"href":"https:\/\/vosgesinfo.fr\/saintdieinfo\/wp-json\/wp\/v2\/media?parent=42270"}],"wp:term":[{"taxonomy":"category","embeddable":true,"href":"https:\/\/vosgesinfo.fr\/saintdieinfo\/wp-json\/wp\/v2\/categories?post=42270"},{"taxonomy":"post_tag","embeddable":true,"href":"https:\/\/vosgesinfo.fr\/saintdieinfo\/wp-json\/wp\/v2\/tags?post=42270"}],"curies":[{"name":"wp","href":"https:\/\/api.w.org\/{rel}","templated":true}]}}