{"id":42305,"date":"2021-07-30T11:11:12","date_gmt":"2021-07-30T09:11:12","guid":{"rendered":"https:\/\/vosgesinfo.fr\/saintdieinfo\/2021\/07\/lamicale-deodatienne-de-classe-69-a-tenu-assemblee-generale-2\/"},"modified":"2021-07-30T11:11:12","modified_gmt":"2021-07-30T09:11:12","slug":"lamicale-deodatienne-de-classe-69-a-tenu-assemblee-generale-2","status":"publish","type":"post","link":"https:\/\/vosgesinfo.fr\/saintdieinfo\/2021\/07\/lamicale-deodatienne-de-classe-69-a-tenu-assemblee-generale-2\/","title":{"rendered":"L&rsquo;Amicale D\u00e9odatienne de la classe 69 a tenu son assembl\u00e9e g\u00e9n\u00e9rale"},"content":{"rendered":"<div id=\"attachment_170476\" style=\"width: 810px\" class=\"wp-caption aligncenter\"><a href=\"\/2021\/07\/AG_Amicale_D\u00e9odatienne_Classe_69-3.jpg\" target=\"_blank\" rel=\"noopener\"><img decoding=\"async\" aria-describedby=\"caption-attachment-170476\" class=\"wp-image-170476 size-full\" src=\"\/2021\/07\/AG_Amicale_D\u00e9odatienne_Classe_69-3.jpg\" alt=\"AG_Amicale_D\u00e9odatienne_Classe_69 (3)\" width=\"800\" height=\"533\" \/><\/a><p id=\"caption-attachment-170476\" class=\"wp-caption-text\">(Photographies Amicale D\u00e9odatienne de la classe 69)<\/p><\/div>\n<h2><strong><span style=\"font-family: Calibri, sans-serif;\"><span style=\"font-size: large;\">L&rsquo;assembl\u00e9e g\u00e9n\u00e9rale de l&rsquo;Amicale D\u00e9odatienne de la classe 69 s&rsquo;est tenue dimanche 25 juillet \u00e0 Ban-de-Laveline, en pr\u00e9sence de 61 des 79 membres de l&rsquo;association. Ces assises annuelles \u00e9taient la premi\u00e8re r\u00e9union de l&rsquo;amicale depuis son apr\u00e8s-midi \u00ab\u00a0Galette des Rois\u00a0\u00bb du 19 janvier 2020.<\/span><\/span><\/strong><\/h2>\n<p><!--more--><\/p>\n<p><span style=\"font-family: Calibri, sans-serif;\"><span style=\"font-size: large;\">Dans la pr\u00e9sentation de son rapport moral, la pr\u00e9sidente Marie-Andr\u00e9e Fichter a eu une pens\u00e9e pour 3 membres d\u00e9c\u00e9d\u00e9s l&rsquo;an dernier ainsi que pour les soignants, pour leur d\u00e9vouement pendant cette crise sanitaire. Elle a \u00e9galement tenu \u00e0 remercier la secr\u00e9taire Rose Baly et Jocelyne Prochoki pour leur travail durant toute cette p\u00e9riode.<\/span><\/span><\/p>\n<p><span style=\"font-family: Calibri, sans-serif;\"><span style=\"font-size: large;\">Se tournant ensuite vers l&rsquo;avenir, la pr\u00e9sidente a \u00e9voqu\u00e9 les activit\u00e9s future de l&rsquo;association. Pour cette ann\u00e9e une seule date est retenue, celle du 21 novembre, jour o\u00f9 le Beaujolais nouveau sera c\u00e9l\u00e9br\u00e9 aux Arrent\u00e8s-de-Corcieux. En 2020, les membres de l&rsquo;amicale ont tout d&rsquo;abord pr\u00e9vu de partager la Galette des Rois le 16 janvier, \u00e0 la salle du Vill\u00e9. L&rsquo;assembl\u00e9e g\u00e9n\u00e9rale annuelle se d\u00e9roulera le 13 mars \u00e0 la salle Carbonnar, et un pique-nique aura lieu \u00e0 l&rsquo;\u00e9tang de Saint-Jean d&rsquo;Ormont, le 3 ou le 10 juillet.<\/span><\/span><\/p>\n<p><span style=\"font-family: Calibri, sans-serif;\"><span style=\"font-size: large;\">Marie-Andr\u00e9e Fichter esp\u00e8re aussi que plusieurs activit\u00e9s n&rsquo;ayant pu avoir lieu en 2020 et 2021 puissent \u00eatre organis\u00e9es l&rsquo;an prochain : <span style=\"font-family: Calibri, sans-serif;\">les salines de Varang\u00e9ville; le mus\u00e9e de la brasserie de Saint-Nicolas de Port; une sortie dans un cabaret. Et si tout va bien, un voyage en Baie de Somme. La pr\u00e9sidente propose de ne pas changer la cotisation en 2022, qui est de 18 euros pour un couple et de 10 euros pour une personne seule. Compte tenu du contexte, il n&rsquo;y a pas eu de cotisation pour 2021.<\/span><\/span><\/span><\/p>\n<p><span style=\"font-family: Calibri, sans-serif;\"><span style=\"font-size: large;\">Un poste \u00e9tant vacant au sein du comit\u00e9, une \u00e9lection partielle a \u00e9t\u00e9 organis\u00e9e pour la p\u00e9riode allant jusqu&rsquo;\u00e0 2023. Jean-Louis Bourdon a \u00e9t\u00e9 \u00e9lu, puis d\u00e9sign\u00e9 tr\u00e9sorier en remplacement de Luc Houtmann. Ce dernier a quitt\u00e9 cette fonction pour des raisons de sant\u00e9. Le comit\u00e9 de l&rsquo;amicale est d\u00e9sormais le suivant : Marie-Andr\u00e9e Fichter, pr\u00e9sidente; Rose Baly, secr\u00e9taire; Jean-Louis Bourdon, tr\u00e9sorier; Jocelyne Prochocki, tr\u00e9sori\u00e8re-adjointe; Odile Hermann; Chantal Schmoderer; Genevi\u00e8ve Dieudonn\u00e9; Luc Houtmann.<\/span><\/span><\/p>\n<p><span style=\"font-family: Calibri, sans-serif;\"><span style=\"font-size: large;\">Tous les votes de l&rsquo;assembl\u00e9e g\u00e9n\u00e9rale se sont faits \u00e0 l&rsquo;unanimit\u00e9. La s\u00e9ance a \u00e9t\u00e9 suivie d&rsquo;un repas avec l&rsquo;organisation d&rsquo;une loterie. Chaque participant a ainsi pu repartir avec un petit lot provenant de la g\u00e9n\u00e9rosit\u00e9 de commer\u00e7ants.<\/span><\/span><\/p>\n<p>J.J.<\/p>\n\n","protected":false},"excerpt":{"rendered":"<p>L&rsquo;assembl\u00e9e g\u00e9n\u00e9rale de l&rsquo;Amicale D\u00e9odatienne de la classe 69 s&rsquo;est tenue dimanche 25 juillet \u00e0 Ban-de-Laveline, en pr\u00e9sence de 61 [&hellip;]<\/p>\n","protected":false},"author":44,"featured_media":42306,"comment_status":"open","ping_status":"open","sticky":false,"template":"","format":"standard","meta":{"footnotes":""},"categories":[460,2915,17],"tags":[8595,8596],"class_list":["post-42305","post","type-post","status-publish","format-standard","has-post-thumbnail","hentry","category-a-la-une","category-saint-die-son-canton","category-vie-associative","tag-amicale-deodatienne-de-la-classe-69","tag-classe-69"],"acf":[],"yoast_head":"<!-- This site is optimized with the Yoast SEO plugin v22.5 - https:\/\/yoast.com\/wordpress\/plugins\/seo\/ -->\n<title>L&#039;Amicale D\u00e9odatienne de la classe 69 a tenu son assembl\u00e9e g\u00e9n\u00e9rale - Saint Die Info<\/title>\n<meta name=\"robots\" content=\"index, follow, max-snippet:-1, max-image-preview:large, max-video-preview:-1\" \/>\n<link rel=\"canonical\" href=\"https:\/\/vosgesinfo.fr\/saintdieinfo\/2021\/07\/lamicale-deodatienne-de-classe-69-a-tenu-assemblee-generale-2\/\" \/>\n<meta name=\"twitter:card\" content=\"summary_large_image\" \/>\n<meta name=\"twitter:title\" content=\"L&#039;Amicale D\u00e9odatienne de la classe 69 a tenu son assembl\u00e9e g\u00e9n\u00e9rale - Saint Die Info\" \/>\n<meta name=\"twitter:description\" content=\"L&rsquo;assembl\u00e9e g\u00e9n\u00e9rale de l&rsquo;Amicale D\u00e9odatienne de la classe 69 s&rsquo;est tenue dimanche 25 juillet \u00e0 Ban-de-Laveline, en pr\u00e9sence de 61 [&hellip;]\" \/>\n<meta name=\"twitter:image\" content=\"https:\/\/vosgesinfo.fr\/app\/uploads\/sites\/4\/2024\/08\/202107ag-amicale-deodatienne-classe-69-3.jpg\" \/>\n<meta name=\"twitter:creator\" content=\"@VosgesInfo88\" \/>\n<meta name=\"twitter:site\" content=\"@VosgesInfo88\" \/>\n<meta name=\"twitter:label1\" content=\"\u00c9crit par\" \/>\n\t<meta name=\"twitter:data1\" content=\"la r\u00e9daction\" \/>\n\t<meta name=\"twitter:label2\" content=\"Dur\u00e9e de lecture estim\u00e9e\" \/>\n\t<meta name=\"twitter:data2\" content=\"2 minutes\" \/>\n<script type=\"application\/ld+json\" class=\"yoast-schema-graph\">{\"@context\":\"https:\/\/schema.org\",\"@graph\":[{\"@type\":\"Article\",\"@id\":\"https:\/\/vosgesinfo.fr\/saintdieinfo\/2021\/07\/lamicale-deodatienne-de-classe-69-a-tenu-assemblee-generale-2\/#article\",\"isPartOf\":{\"@id\":\"https:\/\/vosgesinfo.fr\/saintdieinfo\/2021\/07\/lamicale-deodatienne-de-classe-69-a-tenu-assemblee-generale-2\/\"},\"author\":{\"name\":\"la r\u00e9daction\",\"@id\":\"https:\/\/vosgesinfo.fr\/saintdieinfo\/#\/schema\/person\/faee6704a21f3977511db84bd1cd450f\"},\"headline\":\"L&rsquo;Amicale D\u00e9odatienne de la classe 69 a tenu son assembl\u00e9e g\u00e9n\u00e9rale\",\"datePublished\":\"2021-07-30T09:11:12+00:00\",\"dateModified\":\"2021-07-30T09:11:12+00:00\",\"mainEntityOfPage\":{\"@id\":\"https:\/\/vosgesinfo.fr\/saintdieinfo\/2021\/07\/lamicale-deodatienne-de-classe-69-a-tenu-assemblee-generale-2\/\"},\"wordCount\":471,\"commentCount\":0,\"publisher\":{\"@id\":\"https:\/\/vosgesinfo.fr\/saintdieinfo\/#organization\"},\"image\":{\"@id\":\"https:\/\/vosgesinfo.fr\/saintdieinfo\/2021\/07\/lamicale-deodatienne-de-classe-69-a-tenu-assemblee-generale-2\/#primaryimage\"},\"thumbnailUrl\":\"https:\/\/vosgesinfo.fr\/app\/uploads\/sites\/4\/2024\/08\/202107ag-amicale-deodatienne-classe-69-3.jpg\",\"keywords\":[\"Amicale d\u00e9odatienne de la classe 69\",\"Classe 69\"],\"articleSection\":[\"A la Une\",\"Saint-Di\u00e9-des-Vosges et son Agglom\u00e9ration\",\"Vie Associative\"],\"inLanguage\":\"fr-FR\",\"potentialAction\":[{\"@type\":\"CommentAction\",\"name\":\"Comment\",\"target\":[\"https:\/\/vosgesinfo.fr\/saintdieinfo\/2021\/07\/lamicale-deodatienne-de-classe-69-a-tenu-assemblee-generale-2\/#respond\"]}]},{\"@type\":\"WebPage\",\"@id\":\"https:\/\/vosgesinfo.fr\/saintdieinfo\/2021\/07\/lamicale-deodatienne-de-classe-69-a-tenu-assemblee-generale-2\/\",\"url\":\"https:\/\/vosgesinfo.fr\/saintdieinfo\/2021\/07\/lamicale-deodatienne-de-classe-69-a-tenu-assemblee-generale-2\/\",\"name\":\"L'Amicale D\u00e9odatienne de la classe 69 a tenu son assembl\u00e9e g\u00e9n\u00e9rale - Saint Die Info\",\"isPartOf\":{\"@id\":\"https:\/\/vosgesinfo.fr\/saintdieinfo\/#website\"},\"primaryImageOfPage\":{\"@id\":\"https:\/\/vosgesinfo.fr\/saintdieinfo\/2021\/07\/lamicale-deodatienne-de-classe-69-a-tenu-assemblee-generale-2\/#primaryimage\"},\"image\":{\"@id\":\"https:\/\/vosgesinfo.fr\/saintdieinfo\/2021\/07\/lamicale-deodatienne-de-classe-69-a-tenu-assemblee-generale-2\/#primaryimage\"},\"thumbnailUrl\":\"https:\/\/vosgesinfo.fr\/app\/uploads\/sites\/4\/2024\/08\/202107ag-amicale-deodatienne-classe-69-3.jpg\",\"datePublished\":\"2021-07-30T09:11:12+00:00\",\"dateModified\":\"2021-07-30T09:11:12+00:00\",\"breadcrumb\":{\"@id\":\"https:\/\/vosgesinfo.fr\/saintdieinfo\/2021\/07\/lamicale-deodatienne-de-classe-69-a-tenu-assemblee-generale-2\/#breadcrumb\"},\"inLanguage\":\"fr-FR\",\"potentialAction\":[{\"@type\":\"ReadAction\",\"target\":[\"https:\/\/vosgesinfo.fr\/saintdieinfo\/2021\/07\/lamicale-deodatienne-de-classe-69-a-tenu-assemblee-generale-2\/\"]}]},{\"@type\":\"ImageObject\",\"inLanguage\":\"fr-FR\",\"@id\":\"https:\/\/vosgesinfo.fr\/saintdieinfo\/2021\/07\/lamicale-deodatienne-de-classe-69-a-tenu-assemblee-generale-2\/#primaryimage\",\"url\":\"https:\/\/vosgesinfo.fr\/app\/uploads\/sites\/4\/2024\/08\/202107ag-amicale-deodatienne-classe-69-3.jpg\",\"contentUrl\":\"https:\/\/vosgesinfo.fr\/app\/uploads\/sites\/4\/2024\/08\/202107ag-amicale-deodatienne-classe-69-3.jpg\",\"width\":800,\"height\":533},{\"@type\":\"BreadcrumbList\",\"@id\":\"https:\/\/vosgesinfo.fr\/saintdieinfo\/2021\/07\/lamicale-deodatienne-de-classe-69-a-tenu-assemblee-generale-2\/#breadcrumb\",\"itemListElement\":[{\"@type\":\"ListItem\",\"position\":1,\"name\":\"Home\",\"item\":\"https:\/\/vosgesinfo.fr\/saintdieinfo\/\"},{\"@type\":\"ListItem\",\"position\":2,\"name\":\"L&rsquo;Amicale D\u00e9odatienne de la classe 69 a tenu son assembl\u00e9e g\u00e9n\u00e9rale\"}]},{\"@type\":\"WebSite\",\"@id\":\"https:\/\/vosgesinfo.fr\/saintdieinfo\/#website\",\"url\":\"https:\/\/vosgesinfo.fr\/saintdieinfo\/\",\"name\":\"Saint Die Info\",\"description\":\"Toute l&#039;actualit\u00e9 de Saint-Di\u00e9-Des-Vosges\",\"publisher\":{\"@id\":\"https:\/\/vosgesinfo.fr\/saintdieinfo\/#organization\"},\"alternateName\":\"Toute l'actualit\u00e9 de Saint-Di\u00e9-Des-Vosges\",\"potentialAction\":[{\"@type\":\"SearchAction\",\"target\":{\"@type\":\"EntryPoint\",\"urlTemplate\":\"https:\/\/vosgesinfo.fr\/saintdieinfo\/?s={search_term_string}\"},\"query-input\":\"required name=search_term_string\"}],\"inLanguage\":\"fr-FR\"},{\"@type\":\"Organization\",\"@id\":\"https:\/\/vosgesinfo.fr\/saintdieinfo\/#organization\",\"name\":\"Saint Die Info\",\"url\":\"https:\/\/vosgesinfo.fr\/saintdieinfo\/\",\"logo\":{\"@type\":\"ImageObject\",\"inLanguage\":\"fr-FR\",\"@id\":\"https:\/\/vosgesinfo.fr\/saintdieinfo\/#\/schema\/logo\/image\/\",\"url\":\"https:\/\/vosgesinfo.fr\/app\/uploads\/sites\/4\/2024\/02\/logo-sdi.jpg\",\"contentUrl\":\"https:\/\/vosgesinfo.fr\/app\/uploads\/sites\/4\/2024\/02\/logo-sdi.jpg\",\"width\":600,\"height\":600,\"caption\":\"Saint Die Info\"},\"image\":{\"@id\":\"https:\/\/vosgesinfo.fr\/saintdieinfo\/#\/schema\/logo\/image\/\"},\"sameAs\":[\"https:\/\/www.facebook.com\/Saintdieinfofr\",\"https:\/\/x.com\/VosgesInfo88\",\"https:\/\/www.youtube.com\/@vosgesinfo\"]},{\"@type\":\"Person\",\"@id\":\"https:\/\/vosgesinfo.fr\/saintdieinfo\/#\/schema\/person\/faee6704a21f3977511db84bd1cd450f\",\"name\":\"la r\u00e9daction\",\"image\":{\"@type\":\"ImageObject\",\"inLanguage\":\"fr-FR\",\"@id\":\"https:\/\/vosgesinfo.fr\/saintdieinfo\/#\/schema\/person\/image\/\",\"url\":\"https:\/\/secure.gravatar.com\/avatar\/6673d8bc6a9c17fa9a453eaa3448de834fa308c2ec9635b7aa99441a7c8d2cf6?s=96&d=mm&r=g\",\"contentUrl\":\"https:\/\/secure.gravatar.com\/avatar\/6673d8bc6a9c17fa9a453eaa3448de834fa308c2ec9635b7aa99441a7c8d2cf6?s=96&d=mm&r=g\",\"caption\":\"la r\u00e9daction\"},\"url\":\"https:\/\/vosgesinfo.fr\/saintdieinfo\/author\/redac\/\"}]}<\/script>\n<!-- \/ Yoast SEO plugin. -->","yoast_head_json":{"title":"L'Amicale D\u00e9odatienne de la classe 69 a tenu son assembl\u00e9e g\u00e9n\u00e9rale - Saint Die Info","robots":{"index":"index","follow":"follow","max-snippet":"max-snippet:-1","max-image-preview":"max-image-preview:large","max-video-preview":"max-video-preview:-1"},"canonical":"https:\/\/vosgesinfo.fr\/saintdieinfo\/2021\/07\/lamicale-deodatienne-de-classe-69-a-tenu-assemblee-generale-2\/","twitter_card":"summary_large_image","twitter_title":"L'Amicale D\u00e9odatienne de la classe 69 a tenu son assembl\u00e9e g\u00e9n\u00e9rale - Saint Die Info","twitter_description":"L&rsquo;assembl\u00e9e g\u00e9n\u00e9rale de l&rsquo;Amicale D\u00e9odatienne de la classe 69 s&rsquo;est tenue dimanche 25 juillet \u00e0 Ban-de-Laveline, en pr\u00e9sence de 61 [&hellip;]","twitter_image":"https:\/\/vosgesinfo.fr\/app\/uploads\/sites\/4\/2024\/08\/202107ag-amicale-deodatienne-classe-69-3.jpg","twitter_creator":"@VosgesInfo88","twitter_site":"@VosgesInfo88","twitter_misc":{"\u00c9crit par":"la r\u00e9daction","Dur\u00e9e de lecture estim\u00e9e":"2 minutes"},"schema":{"@context":"https:\/\/schema.org","@graph":[{"@type":"Article","@id":"https:\/\/vosgesinfo.fr\/saintdieinfo\/2021\/07\/lamicale-deodatienne-de-classe-69-a-tenu-assemblee-generale-2\/#article","isPartOf":{"@id":"https:\/\/vosgesinfo.fr\/saintdieinfo\/2021\/07\/lamicale-deodatienne-de-classe-69-a-tenu-assemblee-generale-2\/"},"author":{"name":"la r\u00e9daction","@id":"https:\/\/vosgesinfo.fr\/saintdieinfo\/#\/schema\/person\/faee6704a21f3977511db84bd1cd450f"},"headline":"L&rsquo;Amicale D\u00e9odatienne de la classe 69 a tenu son assembl\u00e9e g\u00e9n\u00e9rale","datePublished":"2021-07-30T09:11:12+00:00","dateModified":"2021-07-30T09:11:12+00:00","mainEntityOfPage":{"@id":"https:\/\/vosgesinfo.fr\/saintdieinfo\/2021\/07\/lamicale-deodatienne-de-classe-69-a-tenu-assemblee-generale-2\/"},"wordCount":471,"commentCount":0,"publisher":{"@id":"https:\/\/vosgesinfo.fr\/saintdieinfo\/#organization"},"image":{"@id":"https:\/\/vosgesinfo.fr\/saintdieinfo\/2021\/07\/lamicale-deodatienne-de-classe-69-a-tenu-assemblee-generale-2\/#primaryimage"},"thumbnailUrl":"https:\/\/vosgesinfo.fr\/app\/uploads\/sites\/4\/2024\/08\/202107ag-amicale-deodatienne-classe-69-3.jpg","keywords":["Amicale d\u00e9odatienne de la classe 69","Classe 69"],"articleSection":["A la Une","Saint-Di\u00e9-des-Vosges et son Agglom\u00e9ration","Vie Associative"],"inLanguage":"fr-FR","potentialAction":[{"@type":"CommentAction","name":"Comment","target":["https:\/\/vosgesinfo.fr\/saintdieinfo\/2021\/07\/lamicale-deodatienne-de-classe-69-a-tenu-assemblee-generale-2\/#respond"]}]},{"@type":"WebPage","@id":"https:\/\/vosgesinfo.fr\/saintdieinfo\/2021\/07\/lamicale-deodatienne-de-classe-69-a-tenu-assemblee-generale-2\/","url":"https:\/\/vosgesinfo.fr\/saintdieinfo\/2021\/07\/lamicale-deodatienne-de-classe-69-a-tenu-assemblee-generale-2\/","name":"L'Amicale D\u00e9odatienne de la classe 69 a tenu son assembl\u00e9e g\u00e9n\u00e9rale - Saint Die Info","isPartOf":{"@id":"https:\/\/vosgesinfo.fr\/saintdieinfo\/#website"},"primaryImageOfPage":{"@id":"https:\/\/vosgesinfo.fr\/saintdieinfo\/2021\/07\/lamicale-deodatienne-de-classe-69-a-tenu-assemblee-generale-2\/#primaryimage"},"image":{"@id":"https:\/\/vosgesinfo.fr\/saintdieinfo\/2021\/07\/lamicale-deodatienne-de-classe-69-a-tenu-assemblee-generale-2\/#primaryimage"},"thumbnailUrl":"https:\/\/vosgesinfo.fr\/app\/uploads\/sites\/4\/2024\/08\/202107ag-amicale-deodatienne-classe-69-3.jpg","datePublished":"2021-07-30T09:11:12+00:00","dateModified":"2021-07-30T09:11:12+00:00","breadcrumb":{"@id":"https:\/\/vosgesinfo.fr\/saintdieinfo\/2021\/07\/lamicale-deodatienne-de-classe-69-a-tenu-assemblee-generale-2\/#breadcrumb"},"inLanguage":"fr-FR","potentialAction":[{"@type":"ReadAction","target":["https:\/\/vosgesinfo.fr\/saintdieinfo\/2021\/07\/lamicale-deodatienne-de-classe-69-a-tenu-assemblee-generale-2\/"]}]},{"@type":"ImageObject","inLanguage":"fr-FR","@id":"https:\/\/vosgesinfo.fr\/saintdieinfo\/2021\/07\/lamicale-deodatienne-de-classe-69-a-tenu-assemblee-generale-2\/#primaryimage","url":"https:\/\/vosgesinfo.fr\/app\/uploads\/sites\/4\/2024\/08\/202107ag-amicale-deodatienne-classe-69-3.jpg","contentUrl":"https:\/\/vosgesinfo.fr\/app\/uploads\/sites\/4\/2024\/08\/202107ag-amicale-deodatienne-classe-69-3.jpg","width":800,"height":533},{"@type":"BreadcrumbList","@id":"https:\/\/vosgesinfo.fr\/saintdieinfo\/2021\/07\/lamicale-deodatienne-de-classe-69-a-tenu-assemblee-generale-2\/#breadcrumb","itemListElement":[{"@type":"ListItem","position":1,"name":"Home","item":"https:\/\/vosgesinfo.fr\/saintdieinfo\/"},{"@type":"ListItem","position":2,"name":"L&rsquo;Amicale D\u00e9odatienne de la classe 69 a tenu son assembl\u00e9e g\u00e9n\u00e9rale"}]},{"@type":"WebSite","@id":"https:\/\/vosgesinfo.fr\/saintdieinfo\/#website","url":"https:\/\/vosgesinfo.fr\/saintdieinfo\/","name":"Saint Die Info","description":"Toute l&#039;actualit\u00e9 de Saint-Di\u00e9-Des-Vosges","publisher":{"@id":"https:\/\/vosgesinfo.fr\/saintdieinfo\/#organization"},"alternateName":"Toute l'actualit\u00e9 de Saint-Di\u00e9-Des-Vosges","potentialAction":[{"@type":"SearchAction","target":{"@type":"EntryPoint","urlTemplate":"https:\/\/vosgesinfo.fr\/saintdieinfo\/?s={search_term_string}"},"query-input":"required name=search_term_string"}],"inLanguage":"fr-FR"},{"@type":"Organization","@id":"https:\/\/vosgesinfo.fr\/saintdieinfo\/#organization","name":"Saint Die Info","url":"https:\/\/vosgesinfo.fr\/saintdieinfo\/","logo":{"@type":"ImageObject","inLanguage":"fr-FR","@id":"https:\/\/vosgesinfo.fr\/saintdieinfo\/#\/schema\/logo\/image\/","url":"https:\/\/vosgesinfo.fr\/app\/uploads\/sites\/4\/2024\/02\/logo-sdi.jpg","contentUrl":"https:\/\/vosgesinfo.fr\/app\/uploads\/sites\/4\/2024\/02\/logo-sdi.jpg","width":600,"height":600,"caption":"Saint Die Info"},"image":{"@id":"https:\/\/vosgesinfo.fr\/saintdieinfo\/#\/schema\/logo\/image\/"},"sameAs":["https:\/\/www.facebook.com\/Saintdieinfofr","https:\/\/x.com\/VosgesInfo88","https:\/\/www.youtube.com\/@vosgesinfo"]},{"@type":"Person","@id":"https:\/\/vosgesinfo.fr\/saintdieinfo\/#\/schema\/person\/faee6704a21f3977511db84bd1cd450f","name":"la r\u00e9daction","image":{"@type":"ImageObject","inLanguage":"fr-FR","@id":"https:\/\/vosgesinfo.fr\/saintdieinfo\/#\/schema\/person\/image\/","url":"https:\/\/secure.gravatar.com\/avatar\/6673d8bc6a9c17fa9a453eaa3448de834fa308c2ec9635b7aa99441a7c8d2cf6?s=96&d=mm&r=g","contentUrl":"https:\/\/secure.gravatar.com\/avatar\/6673d8bc6a9c17fa9a453eaa3448de834fa308c2ec9635b7aa99441a7c8d2cf6?s=96&d=mm&r=g","caption":"la r\u00e9daction"},"url":"https:\/\/vosgesinfo.fr\/saintdieinfo\/author\/redac\/"}]}},"_links":{"self":[{"href":"https:\/\/vosgesinfo.fr\/saintdieinfo\/wp-json\/wp\/v2\/posts\/42305","targetHints":{"allow":["GET"]}}],"collection":[{"href":"https:\/\/vosgesinfo.fr\/saintdieinfo\/wp-json\/wp\/v2\/posts"}],"about":[{"href":"https:\/\/vosgesinfo.fr\/saintdieinfo\/wp-json\/wp\/v2\/types\/post"}],"author":[{"embeddable":true,"href":"https:\/\/vosgesinfo.fr\/saintdieinfo\/wp-json\/wp\/v2\/users\/44"}],"replies":[{"embeddable":true,"href":"https:\/\/vosgesinfo.fr\/saintdieinfo\/wp-json\/wp\/v2\/comments?post=42305"}],"version-history":[{"count":0,"href":"https:\/\/vosgesinfo.fr\/saintdieinfo\/wp-json\/wp\/v2\/posts\/42305\/revisions"}],"wp:featuredmedia":[{"embeddable":true,"href":"https:\/\/vosgesinfo.fr\/saintdieinfo\/wp-json\/wp\/v2\/media\/42306"}],"wp:attachment":[{"href":"https:\/\/vosgesinfo.fr\/saintdieinfo\/wp-json\/wp\/v2\/media?parent=42305"}],"wp:term":[{"taxonomy":"category","embeddable":true,"href":"https:\/\/vosgesinfo.fr\/saintdieinfo\/wp-json\/wp\/v2\/categories?post=42305"},{"taxonomy":"post_tag","embeddable":true,"href":"https:\/\/vosgesinfo.fr\/saintdieinfo\/wp-json\/wp\/v2\/tags?post=42305"}],"curies":[{"name":"wp","href":"https:\/\/api.w.org\/{rel}","templated":true}]}}