{"id":42529,"date":"2021-08-16T22:21:47","date_gmt":"2021-08-16T20:21:47","guid":{"rendered":"https:\/\/vosgesinfo.fr\/saintdieinfo\/2021\/08\/changement-a-pharmacie-saint-martin\/"},"modified":"2021-08-16T22:21:47","modified_gmt":"2021-08-16T20:21:47","slug":"changement-a-pharmacie-saint-martin","status":"publish","type":"post","link":"https:\/\/vosgesinfo.fr\/saintdieinfo\/2021\/08\/changement-a-pharmacie-saint-martin\/","title":{"rendered":"Du changement \u00e0 la pharmacie Saint-Martin"},"content":{"rendered":"<div id=\"attachment_170869\" style=\"width: 810px\" class=\"wp-caption aligncenter\"><a href=\"\/2021\/08\/Virginie_Isselet_Catherine_Drouant_01.jpg\" target=\"_blank\" rel=\"noopener\"><img decoding=\"async\" aria-describedby=\"caption-attachment-170869\" class=\"wp-image-170869 size-full\" src=\"\/2021\/08\/Virginie_Isselet_Catherine_Drouant_01.jpg\" alt=\"Virginie_Isselet_Catherine_Drouant_01\" width=\"800\" height=\"745\" \/><\/a><p id=\"caption-attachment-170869\" class=\"wp-caption-text\">Virginie Isselet (\u00e0 gauche) et Catherine Drouant ont r\u00e9cemment repris la pharmacie Saint-Martin.<\/p><\/div>\n<p>&nbsp;<\/p>\n<h2><span style=\"font-size: 14pt;\">\u00c9liane Loos a achet\u00e9 la pharmacie Saint-Martin en 1956. Son fils et sa belle fille lui ont succ\u00e9d\u00e9 et ont dirig\u00e9 la pharmacie Loos-Vouaux jusqu&rsquo;il y a r\u00e9cemment. L&rsquo;heure de la retraite ayant sonn\u00e9, l&rsquo;officine a \u00e9t\u00e9 mise en vente. Virginie Isselet et Catherine Drouant ont saisi cette l&rsquo;opportunit\u00e9, s&rsquo;associant pour reprendre la pharmacie d\u00e9odatienne. Ce qui est chose faite depuis le 1er juin dernier.<\/span><\/h2>\n<p>Forte de 32 ann\u00e9es d&rsquo;exp\u00e9rience, Catherine Drouant a d\u00e9but\u00e9 sa carri\u00e8re en 1989 \u00e0 Saint-Di\u00e9-des-Vosges, en s&rsquo;associant \u00e0 Madame Quadri, \u00e0 la pharmacie De La Tour au 1 rue Thiers. Une pharmacie o\u00f9 la Neuvilloise a, selon ses mots, \u00ab\u00a0men\u00e9 sa barque\u00a0\u00bb durant plus de 3 d\u00e9cennies. Elle reprend seule l&rsquo;officine en 1996, suite au d\u00e9part en retraite de son associ\u00e9e.<\/p>\n<p>Apr\u00e8s avoir obtenu son dipl\u00f4me d\u2019\u00c9tat de Docteur en Pharmacie, \u00e0 la Facult\u00e9 de Pharmacie de Nancy, Virginie Isselet effectue des remplacements dans le secteur de la D\u00e9odatie durant 3 ans, dont \u00e0 la pharmacie Saint-Martin. Form\u00e9e \u00e0 la pharmacie de Saulcy-sur-Meurthe, commune d&rsquo;o\u00f9 elle est originaire, la jeune femme rejoint la pharmacie De La Tour il y a 6 ans, en qualit\u00e9 d&rsquo;adjointe de Catherine Drouant.<\/p>\n<p>Ayant pour projet de d\u00e9tenir une officine, Virginie Isselet ne souhaitait toutefois pas s&rsquo;installer seule&#8230; et comptait davantage prendre son temps. Mais l&rsquo;opportunit\u00e9 de reprendre la pharmacie Saint-Martin s&rsquo;est pr\u00e9sent\u00e9e, et il a fallu prendre une d\u00e9cision tr\u00e8s rapidement.<\/p>\n<p>\u00ab\u00a0C&rsquo;\u00e9tait pour nous la bonne opportunit\u00e9, et donc nous nous sommes d\u00e9cid\u00e9es sans attendre\u00a0\u00bb pr\u00e9cisent Catherine Drouant et Virginie Isselet. L&rsquo;association entre les 2 pharmaciennes est \u00ab\u00a0gagnante-gagnante\u00a0\u00bb, puisque Catherine Drouant terminera sa carri\u00e8re \u00e0 la pharmacie Saint-Martin tout en apportant sa pr\u00e9cieuse exp\u00e9rience \u00e0 Virginie Isselet.<\/p>\n<p>Avec la reprise de cette pharmacie, celle De La Tour a ferm\u00e9 ses portes. Mais ses employ\u00e9s ne se retrouvent pas sans emploi, puisque le personnel des 2 pharmacies a fusionn\u00e9 et travaille d\u00e9sormais \u00e0 la pharmacie Saint-Martin.<\/p>\n","protected":false},"excerpt":{"rendered":"<p>&nbsp; \u00c9liane Loos a achet\u00e9 la pharmacie Saint-Martin en 1956. Son fils et sa belle fille lui ont succ\u00e9d\u00e9 et [&hellip;]<\/p>\n","protected":false},"author":44,"featured_media":42530,"comment_status":"open","ping_status":"open","sticky":false,"template":"","format":"standard","meta":{"footnotes":""},"categories":[460,2915],"tags":[8673],"class_list":["post-42529","post","type-post","status-publish","format-standard","has-post-thumbnail","hentry","category-a-la-une","category-saint-die-son-canton","tag-pharmacie-saint-martin"],"acf":[],"yoast_head":"<!-- This site is optimized with the Yoast SEO plugin v22.5 - https:\/\/yoast.com\/wordpress\/plugins\/seo\/ -->\n<title>Du changement \u00e0 la pharmacie Saint-Martin - Saint Die Info<\/title>\n<meta name=\"robots\" content=\"index, follow, max-snippet:-1, max-image-preview:large, max-video-preview:-1\" \/>\n<link rel=\"canonical\" href=\"https:\/\/vosgesinfo.fr\/saintdieinfo\/2021\/08\/changement-a-pharmacie-saint-martin\/\" \/>\n<meta name=\"twitter:card\" content=\"summary_large_image\" \/>\n<meta name=\"twitter:title\" content=\"Du changement \u00e0 la pharmacie Saint-Martin - Saint Die Info\" \/>\n<meta name=\"twitter:description\" content=\"&nbsp; \u00c9liane Loos a achet\u00e9 la pharmacie Saint-Martin en 1956. Son fils et sa belle fille lui ont succ\u00e9d\u00e9 et [&hellip;]\" \/>\n<meta name=\"twitter:image\" content=\"https:\/\/vosgesinfo.fr\/app\/uploads\/sites\/4\/2024\/08\/202108virginie-isselet-catherine-drouant-01.jpg\" \/>\n<meta name=\"twitter:creator\" content=\"@VosgesInfo88\" \/>\n<meta name=\"twitter:site\" content=\"@VosgesInfo88\" \/>\n<meta name=\"twitter:label1\" content=\"\u00c9crit par\" \/>\n\t<meta name=\"twitter:data1\" content=\"la r\u00e9daction\" \/>\n\t<meta name=\"twitter:label2\" content=\"Dur\u00e9e de lecture estim\u00e9e\" \/>\n\t<meta name=\"twitter:data2\" content=\"2 minutes\" \/>\n<script type=\"application\/ld+json\" class=\"yoast-schema-graph\">{\"@context\":\"https:\/\/schema.org\",\"@graph\":[{\"@type\":\"Article\",\"@id\":\"https:\/\/vosgesinfo.fr\/saintdieinfo\/2021\/08\/changement-a-pharmacie-saint-martin\/#article\",\"isPartOf\":{\"@id\":\"https:\/\/vosgesinfo.fr\/saintdieinfo\/2021\/08\/changement-a-pharmacie-saint-martin\/\"},\"author\":{\"name\":\"la r\u00e9daction\",\"@id\":\"https:\/\/vosgesinfo.fr\/saintdieinfo\/#\/schema\/person\/faee6704a21f3977511db84bd1cd450f\"},\"headline\":\"Du changement \u00e0 la pharmacie Saint-Martin\",\"datePublished\":\"2021-08-16T20:21:47+00:00\",\"dateModified\":\"2021-08-16T20:21:47+00:00\",\"mainEntityOfPage\":{\"@id\":\"https:\/\/vosgesinfo.fr\/saintdieinfo\/2021\/08\/changement-a-pharmacie-saint-martin\/\"},\"wordCount\":367,\"commentCount\":0,\"publisher\":{\"@id\":\"https:\/\/vosgesinfo.fr\/saintdieinfo\/#organization\"},\"image\":{\"@id\":\"https:\/\/vosgesinfo.fr\/saintdieinfo\/2021\/08\/changement-a-pharmacie-saint-martin\/#primaryimage\"},\"thumbnailUrl\":\"https:\/\/vosgesinfo.fr\/app\/uploads\/sites\/4\/2024\/08\/202108virginie-isselet-catherine-drouant-01.jpg\",\"keywords\":[\"Pharmacie Saint-Martin\"],\"articleSection\":[\"A la Une\",\"Saint-Di\u00e9-des-Vosges et son Agglom\u00e9ration\"],\"inLanguage\":\"fr-FR\",\"potentialAction\":[{\"@type\":\"CommentAction\",\"name\":\"Comment\",\"target\":[\"https:\/\/vosgesinfo.fr\/saintdieinfo\/2021\/08\/changement-a-pharmacie-saint-martin\/#respond\"]}]},{\"@type\":\"WebPage\",\"@id\":\"https:\/\/vosgesinfo.fr\/saintdieinfo\/2021\/08\/changement-a-pharmacie-saint-martin\/\",\"url\":\"https:\/\/vosgesinfo.fr\/saintdieinfo\/2021\/08\/changement-a-pharmacie-saint-martin\/\",\"name\":\"Du changement \u00e0 la pharmacie Saint-Martin - Saint Die Info\",\"isPartOf\":{\"@id\":\"https:\/\/vosgesinfo.fr\/saintdieinfo\/#website\"},\"primaryImageOfPage\":{\"@id\":\"https:\/\/vosgesinfo.fr\/saintdieinfo\/2021\/08\/changement-a-pharmacie-saint-martin\/#primaryimage\"},\"image\":{\"@id\":\"https:\/\/vosgesinfo.fr\/saintdieinfo\/2021\/08\/changement-a-pharmacie-saint-martin\/#primaryimage\"},\"thumbnailUrl\":\"https:\/\/vosgesinfo.fr\/app\/uploads\/sites\/4\/2024\/08\/202108virginie-isselet-catherine-drouant-01.jpg\",\"datePublished\":\"2021-08-16T20:21:47+00:00\",\"dateModified\":\"2021-08-16T20:21:47+00:00\",\"breadcrumb\":{\"@id\":\"https:\/\/vosgesinfo.fr\/saintdieinfo\/2021\/08\/changement-a-pharmacie-saint-martin\/#breadcrumb\"},\"inLanguage\":\"fr-FR\",\"potentialAction\":[{\"@type\":\"ReadAction\",\"target\":[\"https:\/\/vosgesinfo.fr\/saintdieinfo\/2021\/08\/changement-a-pharmacie-saint-martin\/\"]}]},{\"@type\":\"ImageObject\",\"inLanguage\":\"fr-FR\",\"@id\":\"https:\/\/vosgesinfo.fr\/saintdieinfo\/2021\/08\/changement-a-pharmacie-saint-martin\/#primaryimage\",\"url\":\"https:\/\/vosgesinfo.fr\/app\/uploads\/sites\/4\/2024\/08\/202108virginie-isselet-catherine-drouant-01.jpg\",\"contentUrl\":\"https:\/\/vosgesinfo.fr\/app\/uploads\/sites\/4\/2024\/08\/202108virginie-isselet-catherine-drouant-01.jpg\",\"width\":800,\"height\":745},{\"@type\":\"BreadcrumbList\",\"@id\":\"https:\/\/vosgesinfo.fr\/saintdieinfo\/2021\/08\/changement-a-pharmacie-saint-martin\/#breadcrumb\",\"itemListElement\":[{\"@type\":\"ListItem\",\"position\":1,\"name\":\"Home\",\"item\":\"https:\/\/vosgesinfo.fr\/saintdieinfo\/\"},{\"@type\":\"ListItem\",\"position\":2,\"name\":\"Du changement \u00e0 la pharmacie Saint-Martin\"}]},{\"@type\":\"WebSite\",\"@id\":\"https:\/\/vosgesinfo.fr\/saintdieinfo\/#website\",\"url\":\"https:\/\/vosgesinfo.fr\/saintdieinfo\/\",\"name\":\"Saint Die Info\",\"description\":\"Toute l&#039;actualit\u00e9 de Saint-Di\u00e9-Des-Vosges\",\"publisher\":{\"@id\":\"https:\/\/vosgesinfo.fr\/saintdieinfo\/#organization\"},\"alternateName\":\"Toute l'actualit\u00e9 de Saint-Di\u00e9-Des-Vosges\",\"potentialAction\":[{\"@type\":\"SearchAction\",\"target\":{\"@type\":\"EntryPoint\",\"urlTemplate\":\"https:\/\/vosgesinfo.fr\/saintdieinfo\/?s={search_term_string}\"},\"query-input\":\"required name=search_term_string\"}],\"inLanguage\":\"fr-FR\"},{\"@type\":\"Organization\",\"@id\":\"https:\/\/vosgesinfo.fr\/saintdieinfo\/#organization\",\"name\":\"Saint Die Info\",\"url\":\"https:\/\/vosgesinfo.fr\/saintdieinfo\/\",\"logo\":{\"@type\":\"ImageObject\",\"inLanguage\":\"fr-FR\",\"@id\":\"https:\/\/vosgesinfo.fr\/saintdieinfo\/#\/schema\/logo\/image\/\",\"url\":\"https:\/\/vosgesinfo.fr\/app\/uploads\/sites\/4\/2024\/02\/logo-sdi.jpg\",\"contentUrl\":\"https:\/\/vosgesinfo.fr\/app\/uploads\/sites\/4\/2024\/02\/logo-sdi.jpg\",\"width\":600,\"height\":600,\"caption\":\"Saint Die Info\"},\"image\":{\"@id\":\"https:\/\/vosgesinfo.fr\/saintdieinfo\/#\/schema\/logo\/image\/\"},\"sameAs\":[\"https:\/\/www.facebook.com\/Saintdieinfofr\",\"https:\/\/x.com\/VosgesInfo88\",\"https:\/\/www.youtube.com\/@vosgesinfo\"]},{\"@type\":\"Person\",\"@id\":\"https:\/\/vosgesinfo.fr\/saintdieinfo\/#\/schema\/person\/faee6704a21f3977511db84bd1cd450f\",\"name\":\"la r\u00e9daction\",\"image\":{\"@type\":\"ImageObject\",\"inLanguage\":\"fr-FR\",\"@id\":\"https:\/\/vosgesinfo.fr\/saintdieinfo\/#\/schema\/person\/image\/\",\"url\":\"https:\/\/secure.gravatar.com\/avatar\/6673d8bc6a9c17fa9a453eaa3448de834fa308c2ec9635b7aa99441a7c8d2cf6?s=96&d=mm&r=g\",\"contentUrl\":\"https:\/\/secure.gravatar.com\/avatar\/6673d8bc6a9c17fa9a453eaa3448de834fa308c2ec9635b7aa99441a7c8d2cf6?s=96&d=mm&r=g\",\"caption\":\"la r\u00e9daction\"},\"url\":\"https:\/\/vosgesinfo.fr\/saintdieinfo\/author\/redac\/\"}]}<\/script>\n<!-- \/ Yoast SEO plugin. -->","yoast_head_json":{"title":"Du changement \u00e0 la pharmacie Saint-Martin - Saint Die Info","robots":{"index":"index","follow":"follow","max-snippet":"max-snippet:-1","max-image-preview":"max-image-preview:large","max-video-preview":"max-video-preview:-1"},"canonical":"https:\/\/vosgesinfo.fr\/saintdieinfo\/2021\/08\/changement-a-pharmacie-saint-martin\/","twitter_card":"summary_large_image","twitter_title":"Du changement \u00e0 la pharmacie Saint-Martin - Saint Die Info","twitter_description":"&nbsp; \u00c9liane Loos a achet\u00e9 la pharmacie Saint-Martin en 1956. Son fils et sa belle fille lui ont succ\u00e9d\u00e9 et [&hellip;]","twitter_image":"https:\/\/vosgesinfo.fr\/app\/uploads\/sites\/4\/2024\/08\/202108virginie-isselet-catherine-drouant-01.jpg","twitter_creator":"@VosgesInfo88","twitter_site":"@VosgesInfo88","twitter_misc":{"\u00c9crit par":"la r\u00e9daction","Dur\u00e9e de lecture estim\u00e9e":"2 minutes"},"schema":{"@context":"https:\/\/schema.org","@graph":[{"@type":"Article","@id":"https:\/\/vosgesinfo.fr\/saintdieinfo\/2021\/08\/changement-a-pharmacie-saint-martin\/#article","isPartOf":{"@id":"https:\/\/vosgesinfo.fr\/saintdieinfo\/2021\/08\/changement-a-pharmacie-saint-martin\/"},"author":{"name":"la r\u00e9daction","@id":"https:\/\/vosgesinfo.fr\/saintdieinfo\/#\/schema\/person\/faee6704a21f3977511db84bd1cd450f"},"headline":"Du changement \u00e0 la pharmacie Saint-Martin","datePublished":"2021-08-16T20:21:47+00:00","dateModified":"2021-08-16T20:21:47+00:00","mainEntityOfPage":{"@id":"https:\/\/vosgesinfo.fr\/saintdieinfo\/2021\/08\/changement-a-pharmacie-saint-martin\/"},"wordCount":367,"commentCount":0,"publisher":{"@id":"https:\/\/vosgesinfo.fr\/saintdieinfo\/#organization"},"image":{"@id":"https:\/\/vosgesinfo.fr\/saintdieinfo\/2021\/08\/changement-a-pharmacie-saint-martin\/#primaryimage"},"thumbnailUrl":"https:\/\/vosgesinfo.fr\/app\/uploads\/sites\/4\/2024\/08\/202108virginie-isselet-catherine-drouant-01.jpg","keywords":["Pharmacie Saint-Martin"],"articleSection":["A la Une","Saint-Di\u00e9-des-Vosges et son Agglom\u00e9ration"],"inLanguage":"fr-FR","potentialAction":[{"@type":"CommentAction","name":"Comment","target":["https:\/\/vosgesinfo.fr\/saintdieinfo\/2021\/08\/changement-a-pharmacie-saint-martin\/#respond"]}]},{"@type":"WebPage","@id":"https:\/\/vosgesinfo.fr\/saintdieinfo\/2021\/08\/changement-a-pharmacie-saint-martin\/","url":"https:\/\/vosgesinfo.fr\/saintdieinfo\/2021\/08\/changement-a-pharmacie-saint-martin\/","name":"Du changement \u00e0 la pharmacie Saint-Martin - Saint Die Info","isPartOf":{"@id":"https:\/\/vosgesinfo.fr\/saintdieinfo\/#website"},"primaryImageOfPage":{"@id":"https:\/\/vosgesinfo.fr\/saintdieinfo\/2021\/08\/changement-a-pharmacie-saint-martin\/#primaryimage"},"image":{"@id":"https:\/\/vosgesinfo.fr\/saintdieinfo\/2021\/08\/changement-a-pharmacie-saint-martin\/#primaryimage"},"thumbnailUrl":"https:\/\/vosgesinfo.fr\/app\/uploads\/sites\/4\/2024\/08\/202108virginie-isselet-catherine-drouant-01.jpg","datePublished":"2021-08-16T20:21:47+00:00","dateModified":"2021-08-16T20:21:47+00:00","breadcrumb":{"@id":"https:\/\/vosgesinfo.fr\/saintdieinfo\/2021\/08\/changement-a-pharmacie-saint-martin\/#breadcrumb"},"inLanguage":"fr-FR","potentialAction":[{"@type":"ReadAction","target":["https:\/\/vosgesinfo.fr\/saintdieinfo\/2021\/08\/changement-a-pharmacie-saint-martin\/"]}]},{"@type":"ImageObject","inLanguage":"fr-FR","@id":"https:\/\/vosgesinfo.fr\/saintdieinfo\/2021\/08\/changement-a-pharmacie-saint-martin\/#primaryimage","url":"https:\/\/vosgesinfo.fr\/app\/uploads\/sites\/4\/2024\/08\/202108virginie-isselet-catherine-drouant-01.jpg","contentUrl":"https:\/\/vosgesinfo.fr\/app\/uploads\/sites\/4\/2024\/08\/202108virginie-isselet-catherine-drouant-01.jpg","width":800,"height":745},{"@type":"BreadcrumbList","@id":"https:\/\/vosgesinfo.fr\/saintdieinfo\/2021\/08\/changement-a-pharmacie-saint-martin\/#breadcrumb","itemListElement":[{"@type":"ListItem","position":1,"name":"Home","item":"https:\/\/vosgesinfo.fr\/saintdieinfo\/"},{"@type":"ListItem","position":2,"name":"Du changement \u00e0 la pharmacie Saint-Martin"}]},{"@type":"WebSite","@id":"https:\/\/vosgesinfo.fr\/saintdieinfo\/#website","url":"https:\/\/vosgesinfo.fr\/saintdieinfo\/","name":"Saint Die Info","description":"Toute l&#039;actualit\u00e9 de Saint-Di\u00e9-Des-Vosges","publisher":{"@id":"https:\/\/vosgesinfo.fr\/saintdieinfo\/#organization"},"alternateName":"Toute l'actualit\u00e9 de Saint-Di\u00e9-Des-Vosges","potentialAction":[{"@type":"SearchAction","target":{"@type":"EntryPoint","urlTemplate":"https:\/\/vosgesinfo.fr\/saintdieinfo\/?s={search_term_string}"},"query-input":"required name=search_term_string"}],"inLanguage":"fr-FR"},{"@type":"Organization","@id":"https:\/\/vosgesinfo.fr\/saintdieinfo\/#organization","name":"Saint Die Info","url":"https:\/\/vosgesinfo.fr\/saintdieinfo\/","logo":{"@type":"ImageObject","inLanguage":"fr-FR","@id":"https:\/\/vosgesinfo.fr\/saintdieinfo\/#\/schema\/logo\/image\/","url":"https:\/\/vosgesinfo.fr\/app\/uploads\/sites\/4\/2024\/02\/logo-sdi.jpg","contentUrl":"https:\/\/vosgesinfo.fr\/app\/uploads\/sites\/4\/2024\/02\/logo-sdi.jpg","width":600,"height":600,"caption":"Saint Die Info"},"image":{"@id":"https:\/\/vosgesinfo.fr\/saintdieinfo\/#\/schema\/logo\/image\/"},"sameAs":["https:\/\/www.facebook.com\/Saintdieinfofr","https:\/\/x.com\/VosgesInfo88","https:\/\/www.youtube.com\/@vosgesinfo"]},{"@type":"Person","@id":"https:\/\/vosgesinfo.fr\/saintdieinfo\/#\/schema\/person\/faee6704a21f3977511db84bd1cd450f","name":"la r\u00e9daction","image":{"@type":"ImageObject","inLanguage":"fr-FR","@id":"https:\/\/vosgesinfo.fr\/saintdieinfo\/#\/schema\/person\/image\/","url":"https:\/\/secure.gravatar.com\/avatar\/6673d8bc6a9c17fa9a453eaa3448de834fa308c2ec9635b7aa99441a7c8d2cf6?s=96&d=mm&r=g","contentUrl":"https:\/\/secure.gravatar.com\/avatar\/6673d8bc6a9c17fa9a453eaa3448de834fa308c2ec9635b7aa99441a7c8d2cf6?s=96&d=mm&r=g","caption":"la r\u00e9daction"},"url":"https:\/\/vosgesinfo.fr\/saintdieinfo\/author\/redac\/"}]}},"_links":{"self":[{"href":"https:\/\/vosgesinfo.fr\/saintdieinfo\/wp-json\/wp\/v2\/posts\/42529","targetHints":{"allow":["GET"]}}],"collection":[{"href":"https:\/\/vosgesinfo.fr\/saintdieinfo\/wp-json\/wp\/v2\/posts"}],"about":[{"href":"https:\/\/vosgesinfo.fr\/saintdieinfo\/wp-json\/wp\/v2\/types\/post"}],"author":[{"embeddable":true,"href":"https:\/\/vosgesinfo.fr\/saintdieinfo\/wp-json\/wp\/v2\/users\/44"}],"replies":[{"embeddable":true,"href":"https:\/\/vosgesinfo.fr\/saintdieinfo\/wp-json\/wp\/v2\/comments?post=42529"}],"version-history":[{"count":0,"href":"https:\/\/vosgesinfo.fr\/saintdieinfo\/wp-json\/wp\/v2\/posts\/42529\/revisions"}],"wp:featuredmedia":[{"embeddable":true,"href":"https:\/\/vosgesinfo.fr\/saintdieinfo\/wp-json\/wp\/v2\/media\/42530"}],"wp:attachment":[{"href":"https:\/\/vosgesinfo.fr\/saintdieinfo\/wp-json\/wp\/v2\/media?parent=42529"}],"wp:term":[{"taxonomy":"category","embeddable":true,"href":"https:\/\/vosgesinfo.fr\/saintdieinfo\/wp-json\/wp\/v2\/categories?post=42529"},{"taxonomy":"post_tag","embeddable":true,"href":"https:\/\/vosgesinfo.fr\/saintdieinfo\/wp-json\/wp\/v2\/tags?post=42529"}],"curies":[{"name":"wp","href":"https:\/\/api.w.org\/{rel}","templated":true}]}}