{"id":42573,"date":"2021-08-17T12:58:22","date_gmt":"2021-08-17T10:58:22","guid":{"rendered":"https:\/\/vosgesinfo.fr\/saintdieinfo\/2021\/08\/vosges-a-sion-pelerinage-diocesain-11-septembre-prochain\/"},"modified":"2021-08-17T12:58:22","modified_gmt":"2021-08-17T10:58:22","slug":"vosges-a-sion-pelerinage-diocesain-11-septembre-prochain","status":"publish","type":"post","link":"https:\/\/vosgesinfo.fr\/saintdieinfo\/2021\/08\/vosges-a-sion-pelerinage-diocesain-11-septembre-prochain\/","title":{"rendered":"Les Vosges \u00e0 Sion : p\u00e8lerinage dioc\u00e9sain le 11 septembre prochain"},"content":{"rendered":"<h2><strong><a href=\"\/2021\/08\/vosges-sion-dioc\u00e8se.jpg\"><img decoding=\"async\" class=\"aligncenter size-full wp-image-170936\" src=\"\/2021\/08\/vosges-sion-dioc\u00e8se.jpg\" alt=\"vosges sion dioc\u00e8se\" width=\"800\" height=\"547\" \/><\/a><\/strong><\/h2>\n<h2><\/h2>\n<h2><strong>En septembre, pour la rentr\u00e9e, le traditionnel p\u00e8lerinage dioc\u00e9sain de d\u00e9but d\u2019ann\u00e9e aura lieu \u00e0 la basilique Notre-Dame-de-Sion. Dans un contexte toujours complexe li\u00e9 aux d\u00e9cisions gouvernementales concernant la crise de la Covid-19, les organisateurs donnent malgr\u00e9 tout rendez-vous le samedi 11 septembre \u00e0 Sion de 10h \u00e0 15h30.<\/strong><\/h2>\n<p>Inscriptions obligatoires. Plateau repas propos\u00e9s et service de transport en bus disponible.<br \/>\n<em><b>Au programme\u00a0:<\/b><\/em><\/p>\n<p>10h : C\u00e9l\u00e9bration p\u00e9nitentielle ;<\/p>\n<p>11h : Messe du p\u00e8lerinage ;<\/p>\n<p>Midi : Repas<\/p>\n<p>Plateau repas (assis, sur commande uniquement) ou pique-nique ;<\/p>\n<p>14h : entretien avec notre \u00e9v\u00eaque ;<\/p>\n<p>15h30 : c\u00e9l\u00e9bration mariale, salut du Saint-Sacrement et envoi.<br \/>\n<em><strong>Un service de bus assur\u00e9 :<\/strong><\/em><\/p>\n<p>Sous r\u00e9serve d\u2019inscriptions suffisantes<br \/>\n<em><b>Plusieurs circuits disponibles\u00a0:<\/b><\/em><\/p>\n<p>Epinal \u2013 Golbey \u2013 Thaon-les-Vosges &gt; Sion<\/p>\n<p>Plombi\u00e8res \u2013 Xertigny \u2013 Charmois-l\u2019Orgueilleux \u2013 Dompaire &gt; Sion<\/p>\n<p>Anould \u2013 Saint-Di\u00e9 \u2013 Rambervillers \u2013 Charmes &gt; Sion<\/p>\n<p>Cornimont \u2013 La Bresse \u2013 G\u00e9rardmer \u2013 Le Tholy &gt; Sion<\/p>\n<p>Le Thillot \u2013 Remiremont \u2013 Eloyes &gt; Sion<\/p>\n<p>Des \u00e9tapes pourront \u00eatre ajout\u00e9es en fonction du nombre d\u2019inscrits.<br \/>\n<strong><em>Tarifs :<\/em><\/strong><\/p>\n<p>Bus : 20 \u20ac par personne<\/p>\n<p>Bus (en famille) : 30 \u20ac pour 2 personnes + 5 \u20ac par personne suppl\u00e9mentaire<\/p>\n<p>Plateau repas : 20 \u20ac par personne (boissons comprises, places assises)<\/p>\n<p>Bus + repas : 35 \u20ac par personne<\/p>\n<p>Bus + repas (en famille) : 70 \u20ac pour 2 personnes + 20 \u20ac par personne suppl\u00e9mentaire<br \/>\n<em><strong>Informations et inscriptions :<\/strong><\/em><\/p>\n<p>Le bulletin d\u2019inscription vous sera transmis dans un prochain mail, vous pouvez vous pr\u00e9-inscrire par mail \u00e0 l\u2019adresse suivante d\u00e8s \u00e0 pr\u00e9sent : <a href=\"mailto:pele@catholique88.fr\">pele@catholique88.fr<\/a><\/p>\n<p>Le bulletin d\u2019inscription sera \u00e0 compl\u00e9ter et \u00e0 renvoyer avec r\u00e8glement pour le 3 septembre au plus tard.<\/p>\n<p>R\u00e8glement \u00e0 l\u2019ordre de : Association dioc\u00e9saine \/ p\u00e8lerinages<\/p>\n<p>Envoi par courrier : Service P\u00e8lerinages \u2013 29 rue Fran\u00e7ois de Neufch\u00e2teau \u2013 88000 EPINAL<\/p>\n<p><em><strong>Contact :<\/strong><\/em><\/p>\n<p>Service p\u00e8lerinages : <a href=\"mailto:pele@catholique88.fr\">pele@catholique88.fr<\/a><\/p>\n","protected":false},"excerpt":{"rendered":"<p>En septembre, pour la rentr\u00e9e, le traditionnel p\u00e8lerinage dioc\u00e9sain de d\u00e9but d\u2019ann\u00e9e aura lieu \u00e0 la basilique Notre-Dame-de-Sion. Dans un [&hellip;]<\/p>\n","protected":false},"author":44,"featured_media":42574,"comment_status":"open","ping_status":"open","sticky":false,"template":"","format":"standard","meta":{"footnotes":""},"categories":[460,18],"tags":[8679],"class_list":["post-42573","post","type-post","status-publish","format-standard","has-post-thumbnail","hentry","category-a-la-une","category-vosges","tag-notre-dame-de-sion"],"acf":[],"yoast_head":"<!-- This site is optimized with the Yoast SEO plugin v22.5 - https:\/\/yoast.com\/wordpress\/plugins\/seo\/ -->\n<title>Les Vosges \u00e0 Sion : p\u00e8lerinage dioc\u00e9sain le 11 septembre prochain - Saint Die Info<\/title>\n<meta name=\"robots\" content=\"index, follow, max-snippet:-1, max-image-preview:large, max-video-preview:-1\" \/>\n<link rel=\"canonical\" href=\"https:\/\/vosgesinfo.fr\/saintdieinfo\/2021\/08\/vosges-a-sion-pelerinage-diocesain-11-septembre-prochain\/\" \/>\n<meta name=\"twitter:card\" content=\"summary_large_image\" \/>\n<meta name=\"twitter:title\" content=\"Les Vosges \u00e0 Sion : p\u00e8lerinage dioc\u00e9sain le 11 septembre prochain - Saint Die Info\" \/>\n<meta name=\"twitter:description\" content=\"En septembre, pour la rentr\u00e9e, le traditionnel p\u00e8lerinage dioc\u00e9sain de d\u00e9but d\u2019ann\u00e9e aura lieu \u00e0 la basilique Notre-Dame-de-Sion. Dans un [&hellip;]\" \/>\n<meta name=\"twitter:image\" content=\"https:\/\/vosgesinfo.fr\/app\/uploads\/sites\/4\/2024\/08\/202108vosges-sion-diocese.jpg\" \/>\n<meta name=\"twitter:creator\" content=\"@VosgesInfo88\" \/>\n<meta name=\"twitter:site\" content=\"@VosgesInfo88\" \/>\n<meta name=\"twitter:label1\" content=\"\u00c9crit par\" \/>\n\t<meta name=\"twitter:data1\" content=\"la r\u00e9daction\" \/>\n\t<meta name=\"twitter:label2\" content=\"Dur\u00e9e de lecture estim\u00e9e\" \/>\n\t<meta name=\"twitter:data2\" content=\"1 minute\" \/>\n<script type=\"application\/ld+json\" class=\"yoast-schema-graph\">{\"@context\":\"https:\/\/schema.org\",\"@graph\":[{\"@type\":\"Article\",\"@id\":\"https:\/\/vosgesinfo.fr\/saintdieinfo\/2021\/08\/vosges-a-sion-pelerinage-diocesain-11-septembre-prochain\/#article\",\"isPartOf\":{\"@id\":\"https:\/\/vosgesinfo.fr\/saintdieinfo\/2021\/08\/vosges-a-sion-pelerinage-diocesain-11-septembre-prochain\/\"},\"author\":{\"name\":\"la r\u00e9daction\",\"@id\":\"https:\/\/vosgesinfo.fr\/saintdieinfo\/#\/schema\/person\/faee6704a21f3977511db84bd1cd450f\"},\"headline\":\"Les Vosges \u00e0 Sion : p\u00e8lerinage dioc\u00e9sain le 11 septembre prochain\",\"datePublished\":\"2021-08-17T10:58:22+00:00\",\"dateModified\":\"2021-08-17T10:58:22+00:00\",\"mainEntityOfPage\":{\"@id\":\"https:\/\/vosgesinfo.fr\/saintdieinfo\/2021\/08\/vosges-a-sion-pelerinage-diocesain-11-septembre-prochain\/\"},\"wordCount\":288,\"commentCount\":0,\"publisher\":{\"@id\":\"https:\/\/vosgesinfo.fr\/saintdieinfo\/#organization\"},\"image\":{\"@id\":\"https:\/\/vosgesinfo.fr\/saintdieinfo\/2021\/08\/vosges-a-sion-pelerinage-diocesain-11-septembre-prochain\/#primaryimage\"},\"thumbnailUrl\":\"https:\/\/vosgesinfo.fr\/app\/uploads\/sites\/4\/2024\/08\/202108vosges-sion-diocese.jpg\",\"keywords\":[\"notre dame de sion\"],\"articleSection\":[\"A la Une\",\"Vosges\"],\"inLanguage\":\"fr-FR\",\"potentialAction\":[{\"@type\":\"CommentAction\",\"name\":\"Comment\",\"target\":[\"https:\/\/vosgesinfo.fr\/saintdieinfo\/2021\/08\/vosges-a-sion-pelerinage-diocesain-11-septembre-prochain\/#respond\"]}]},{\"@type\":\"WebPage\",\"@id\":\"https:\/\/vosgesinfo.fr\/saintdieinfo\/2021\/08\/vosges-a-sion-pelerinage-diocesain-11-septembre-prochain\/\",\"url\":\"https:\/\/vosgesinfo.fr\/saintdieinfo\/2021\/08\/vosges-a-sion-pelerinage-diocesain-11-septembre-prochain\/\",\"name\":\"Les Vosges \u00e0 Sion : p\u00e8lerinage dioc\u00e9sain le 11 septembre prochain - Saint Die Info\",\"isPartOf\":{\"@id\":\"https:\/\/vosgesinfo.fr\/saintdieinfo\/#website\"},\"primaryImageOfPage\":{\"@id\":\"https:\/\/vosgesinfo.fr\/saintdieinfo\/2021\/08\/vosges-a-sion-pelerinage-diocesain-11-septembre-prochain\/#primaryimage\"},\"image\":{\"@id\":\"https:\/\/vosgesinfo.fr\/saintdieinfo\/2021\/08\/vosges-a-sion-pelerinage-diocesain-11-septembre-prochain\/#primaryimage\"},\"thumbnailUrl\":\"https:\/\/vosgesinfo.fr\/app\/uploads\/sites\/4\/2024\/08\/202108vosges-sion-diocese.jpg\",\"datePublished\":\"2021-08-17T10:58:22+00:00\",\"dateModified\":\"2021-08-17T10:58:22+00:00\",\"breadcrumb\":{\"@id\":\"https:\/\/vosgesinfo.fr\/saintdieinfo\/2021\/08\/vosges-a-sion-pelerinage-diocesain-11-septembre-prochain\/#breadcrumb\"},\"inLanguage\":\"fr-FR\",\"potentialAction\":[{\"@type\":\"ReadAction\",\"target\":[\"https:\/\/vosgesinfo.fr\/saintdieinfo\/2021\/08\/vosges-a-sion-pelerinage-diocesain-11-septembre-prochain\/\"]}]},{\"@type\":\"ImageObject\",\"inLanguage\":\"fr-FR\",\"@id\":\"https:\/\/vosgesinfo.fr\/saintdieinfo\/2021\/08\/vosges-a-sion-pelerinage-diocesain-11-septembre-prochain\/#primaryimage\",\"url\":\"https:\/\/vosgesinfo.fr\/app\/uploads\/sites\/4\/2024\/08\/202108vosges-sion-diocese.jpg\",\"contentUrl\":\"https:\/\/vosgesinfo.fr\/app\/uploads\/sites\/4\/2024\/08\/202108vosges-sion-diocese.jpg\",\"width\":800,\"height\":547},{\"@type\":\"BreadcrumbList\",\"@id\":\"https:\/\/vosgesinfo.fr\/saintdieinfo\/2021\/08\/vosges-a-sion-pelerinage-diocesain-11-septembre-prochain\/#breadcrumb\",\"itemListElement\":[{\"@type\":\"ListItem\",\"position\":1,\"name\":\"Home\",\"item\":\"https:\/\/vosgesinfo.fr\/saintdieinfo\/\"},{\"@type\":\"ListItem\",\"position\":2,\"name\":\"Les Vosges \u00e0 Sion : p\u00e8lerinage dioc\u00e9sain le 11 septembre prochain\"}]},{\"@type\":\"WebSite\",\"@id\":\"https:\/\/vosgesinfo.fr\/saintdieinfo\/#website\",\"url\":\"https:\/\/vosgesinfo.fr\/saintdieinfo\/\",\"name\":\"Saint Die Info\",\"description\":\"Toute l&#039;actualit\u00e9 de Saint-Di\u00e9-Des-Vosges\",\"publisher\":{\"@id\":\"https:\/\/vosgesinfo.fr\/saintdieinfo\/#organization\"},\"alternateName\":\"Toute l'actualit\u00e9 de Saint-Di\u00e9-Des-Vosges\",\"potentialAction\":[{\"@type\":\"SearchAction\",\"target\":{\"@type\":\"EntryPoint\",\"urlTemplate\":\"https:\/\/vosgesinfo.fr\/saintdieinfo\/?s={search_term_string}\"},\"query-input\":\"required name=search_term_string\"}],\"inLanguage\":\"fr-FR\"},{\"@type\":\"Organization\",\"@id\":\"https:\/\/vosgesinfo.fr\/saintdieinfo\/#organization\",\"name\":\"Saint Die Info\",\"url\":\"https:\/\/vosgesinfo.fr\/saintdieinfo\/\",\"logo\":{\"@type\":\"ImageObject\",\"inLanguage\":\"fr-FR\",\"@id\":\"https:\/\/vosgesinfo.fr\/saintdieinfo\/#\/schema\/logo\/image\/\",\"url\":\"https:\/\/vosgesinfo.fr\/app\/uploads\/sites\/4\/2024\/02\/logo-sdi.jpg\",\"contentUrl\":\"https:\/\/vosgesinfo.fr\/app\/uploads\/sites\/4\/2024\/02\/logo-sdi.jpg\",\"width\":600,\"height\":600,\"caption\":\"Saint Die Info\"},\"image\":{\"@id\":\"https:\/\/vosgesinfo.fr\/saintdieinfo\/#\/schema\/logo\/image\/\"},\"sameAs\":[\"https:\/\/www.facebook.com\/Saintdieinfofr\",\"https:\/\/x.com\/VosgesInfo88\",\"https:\/\/www.youtube.com\/@vosgesinfo\"]},{\"@type\":\"Person\",\"@id\":\"https:\/\/vosgesinfo.fr\/saintdieinfo\/#\/schema\/person\/faee6704a21f3977511db84bd1cd450f\",\"name\":\"la r\u00e9daction\",\"image\":{\"@type\":\"ImageObject\",\"inLanguage\":\"fr-FR\",\"@id\":\"https:\/\/vosgesinfo.fr\/saintdieinfo\/#\/schema\/person\/image\/\",\"url\":\"https:\/\/secure.gravatar.com\/avatar\/6673d8bc6a9c17fa9a453eaa3448de834fa308c2ec9635b7aa99441a7c8d2cf6?s=96&d=mm&r=g\",\"contentUrl\":\"https:\/\/secure.gravatar.com\/avatar\/6673d8bc6a9c17fa9a453eaa3448de834fa308c2ec9635b7aa99441a7c8d2cf6?s=96&d=mm&r=g\",\"caption\":\"la r\u00e9daction\"},\"url\":\"https:\/\/vosgesinfo.fr\/saintdieinfo\/author\/redac\/\"}]}<\/script>\n<!-- \/ Yoast SEO plugin. -->","yoast_head_json":{"title":"Les Vosges \u00e0 Sion : p\u00e8lerinage dioc\u00e9sain le 11 septembre prochain - Saint Die Info","robots":{"index":"index","follow":"follow","max-snippet":"max-snippet:-1","max-image-preview":"max-image-preview:large","max-video-preview":"max-video-preview:-1"},"canonical":"https:\/\/vosgesinfo.fr\/saintdieinfo\/2021\/08\/vosges-a-sion-pelerinage-diocesain-11-septembre-prochain\/","twitter_card":"summary_large_image","twitter_title":"Les Vosges \u00e0 Sion : p\u00e8lerinage dioc\u00e9sain le 11 septembre prochain - Saint Die Info","twitter_description":"En septembre, pour la rentr\u00e9e, le traditionnel p\u00e8lerinage dioc\u00e9sain de d\u00e9but d\u2019ann\u00e9e aura lieu \u00e0 la basilique Notre-Dame-de-Sion. Dans un [&hellip;]","twitter_image":"https:\/\/vosgesinfo.fr\/app\/uploads\/sites\/4\/2024\/08\/202108vosges-sion-diocese.jpg","twitter_creator":"@VosgesInfo88","twitter_site":"@VosgesInfo88","twitter_misc":{"\u00c9crit par":"la r\u00e9daction","Dur\u00e9e de lecture estim\u00e9e":"1 minute"},"schema":{"@context":"https:\/\/schema.org","@graph":[{"@type":"Article","@id":"https:\/\/vosgesinfo.fr\/saintdieinfo\/2021\/08\/vosges-a-sion-pelerinage-diocesain-11-septembre-prochain\/#article","isPartOf":{"@id":"https:\/\/vosgesinfo.fr\/saintdieinfo\/2021\/08\/vosges-a-sion-pelerinage-diocesain-11-septembre-prochain\/"},"author":{"name":"la r\u00e9daction","@id":"https:\/\/vosgesinfo.fr\/saintdieinfo\/#\/schema\/person\/faee6704a21f3977511db84bd1cd450f"},"headline":"Les Vosges \u00e0 Sion : p\u00e8lerinage dioc\u00e9sain le 11 septembre prochain","datePublished":"2021-08-17T10:58:22+00:00","dateModified":"2021-08-17T10:58:22+00:00","mainEntityOfPage":{"@id":"https:\/\/vosgesinfo.fr\/saintdieinfo\/2021\/08\/vosges-a-sion-pelerinage-diocesain-11-septembre-prochain\/"},"wordCount":288,"commentCount":0,"publisher":{"@id":"https:\/\/vosgesinfo.fr\/saintdieinfo\/#organization"},"image":{"@id":"https:\/\/vosgesinfo.fr\/saintdieinfo\/2021\/08\/vosges-a-sion-pelerinage-diocesain-11-septembre-prochain\/#primaryimage"},"thumbnailUrl":"https:\/\/vosgesinfo.fr\/app\/uploads\/sites\/4\/2024\/08\/202108vosges-sion-diocese.jpg","keywords":["notre dame de sion"],"articleSection":["A la Une","Vosges"],"inLanguage":"fr-FR","potentialAction":[{"@type":"CommentAction","name":"Comment","target":["https:\/\/vosgesinfo.fr\/saintdieinfo\/2021\/08\/vosges-a-sion-pelerinage-diocesain-11-septembre-prochain\/#respond"]}]},{"@type":"WebPage","@id":"https:\/\/vosgesinfo.fr\/saintdieinfo\/2021\/08\/vosges-a-sion-pelerinage-diocesain-11-septembre-prochain\/","url":"https:\/\/vosgesinfo.fr\/saintdieinfo\/2021\/08\/vosges-a-sion-pelerinage-diocesain-11-septembre-prochain\/","name":"Les Vosges \u00e0 Sion : p\u00e8lerinage dioc\u00e9sain le 11 septembre prochain - Saint Die Info","isPartOf":{"@id":"https:\/\/vosgesinfo.fr\/saintdieinfo\/#website"},"primaryImageOfPage":{"@id":"https:\/\/vosgesinfo.fr\/saintdieinfo\/2021\/08\/vosges-a-sion-pelerinage-diocesain-11-septembre-prochain\/#primaryimage"},"image":{"@id":"https:\/\/vosgesinfo.fr\/saintdieinfo\/2021\/08\/vosges-a-sion-pelerinage-diocesain-11-septembre-prochain\/#primaryimage"},"thumbnailUrl":"https:\/\/vosgesinfo.fr\/app\/uploads\/sites\/4\/2024\/08\/202108vosges-sion-diocese.jpg","datePublished":"2021-08-17T10:58:22+00:00","dateModified":"2021-08-17T10:58:22+00:00","breadcrumb":{"@id":"https:\/\/vosgesinfo.fr\/saintdieinfo\/2021\/08\/vosges-a-sion-pelerinage-diocesain-11-septembre-prochain\/#breadcrumb"},"inLanguage":"fr-FR","potentialAction":[{"@type":"ReadAction","target":["https:\/\/vosgesinfo.fr\/saintdieinfo\/2021\/08\/vosges-a-sion-pelerinage-diocesain-11-septembre-prochain\/"]}]},{"@type":"ImageObject","inLanguage":"fr-FR","@id":"https:\/\/vosgesinfo.fr\/saintdieinfo\/2021\/08\/vosges-a-sion-pelerinage-diocesain-11-septembre-prochain\/#primaryimage","url":"https:\/\/vosgesinfo.fr\/app\/uploads\/sites\/4\/2024\/08\/202108vosges-sion-diocese.jpg","contentUrl":"https:\/\/vosgesinfo.fr\/app\/uploads\/sites\/4\/2024\/08\/202108vosges-sion-diocese.jpg","width":800,"height":547},{"@type":"BreadcrumbList","@id":"https:\/\/vosgesinfo.fr\/saintdieinfo\/2021\/08\/vosges-a-sion-pelerinage-diocesain-11-septembre-prochain\/#breadcrumb","itemListElement":[{"@type":"ListItem","position":1,"name":"Home","item":"https:\/\/vosgesinfo.fr\/saintdieinfo\/"},{"@type":"ListItem","position":2,"name":"Les Vosges \u00e0 Sion : p\u00e8lerinage dioc\u00e9sain le 11 septembre prochain"}]},{"@type":"WebSite","@id":"https:\/\/vosgesinfo.fr\/saintdieinfo\/#website","url":"https:\/\/vosgesinfo.fr\/saintdieinfo\/","name":"Saint Die Info","description":"Toute l&#039;actualit\u00e9 de Saint-Di\u00e9-Des-Vosges","publisher":{"@id":"https:\/\/vosgesinfo.fr\/saintdieinfo\/#organization"},"alternateName":"Toute l'actualit\u00e9 de Saint-Di\u00e9-Des-Vosges","potentialAction":[{"@type":"SearchAction","target":{"@type":"EntryPoint","urlTemplate":"https:\/\/vosgesinfo.fr\/saintdieinfo\/?s={search_term_string}"},"query-input":"required name=search_term_string"}],"inLanguage":"fr-FR"},{"@type":"Organization","@id":"https:\/\/vosgesinfo.fr\/saintdieinfo\/#organization","name":"Saint Die Info","url":"https:\/\/vosgesinfo.fr\/saintdieinfo\/","logo":{"@type":"ImageObject","inLanguage":"fr-FR","@id":"https:\/\/vosgesinfo.fr\/saintdieinfo\/#\/schema\/logo\/image\/","url":"https:\/\/vosgesinfo.fr\/app\/uploads\/sites\/4\/2024\/02\/logo-sdi.jpg","contentUrl":"https:\/\/vosgesinfo.fr\/app\/uploads\/sites\/4\/2024\/02\/logo-sdi.jpg","width":600,"height":600,"caption":"Saint Die Info"},"image":{"@id":"https:\/\/vosgesinfo.fr\/saintdieinfo\/#\/schema\/logo\/image\/"},"sameAs":["https:\/\/www.facebook.com\/Saintdieinfofr","https:\/\/x.com\/VosgesInfo88","https:\/\/www.youtube.com\/@vosgesinfo"]},{"@type":"Person","@id":"https:\/\/vosgesinfo.fr\/saintdieinfo\/#\/schema\/person\/faee6704a21f3977511db84bd1cd450f","name":"la r\u00e9daction","image":{"@type":"ImageObject","inLanguage":"fr-FR","@id":"https:\/\/vosgesinfo.fr\/saintdieinfo\/#\/schema\/person\/image\/","url":"https:\/\/secure.gravatar.com\/avatar\/6673d8bc6a9c17fa9a453eaa3448de834fa308c2ec9635b7aa99441a7c8d2cf6?s=96&d=mm&r=g","contentUrl":"https:\/\/secure.gravatar.com\/avatar\/6673d8bc6a9c17fa9a453eaa3448de834fa308c2ec9635b7aa99441a7c8d2cf6?s=96&d=mm&r=g","caption":"la r\u00e9daction"},"url":"https:\/\/vosgesinfo.fr\/saintdieinfo\/author\/redac\/"}]}},"_links":{"self":[{"href":"https:\/\/vosgesinfo.fr\/saintdieinfo\/wp-json\/wp\/v2\/posts\/42573","targetHints":{"allow":["GET"]}}],"collection":[{"href":"https:\/\/vosgesinfo.fr\/saintdieinfo\/wp-json\/wp\/v2\/posts"}],"about":[{"href":"https:\/\/vosgesinfo.fr\/saintdieinfo\/wp-json\/wp\/v2\/types\/post"}],"author":[{"embeddable":true,"href":"https:\/\/vosgesinfo.fr\/saintdieinfo\/wp-json\/wp\/v2\/users\/44"}],"replies":[{"embeddable":true,"href":"https:\/\/vosgesinfo.fr\/saintdieinfo\/wp-json\/wp\/v2\/comments?post=42573"}],"version-history":[{"count":0,"href":"https:\/\/vosgesinfo.fr\/saintdieinfo\/wp-json\/wp\/v2\/posts\/42573\/revisions"}],"wp:featuredmedia":[{"embeddable":true,"href":"https:\/\/vosgesinfo.fr\/saintdieinfo\/wp-json\/wp\/v2\/media\/42574"}],"wp:attachment":[{"href":"https:\/\/vosgesinfo.fr\/saintdieinfo\/wp-json\/wp\/v2\/media?parent=42573"}],"wp:term":[{"taxonomy":"category","embeddable":true,"href":"https:\/\/vosgesinfo.fr\/saintdieinfo\/wp-json\/wp\/v2\/categories?post=42573"},{"taxonomy":"post_tag","embeddable":true,"href":"https:\/\/vosgesinfo.fr\/saintdieinfo\/wp-json\/wp\/v2\/tags?post=42573"}],"curies":[{"name":"wp","href":"https:\/\/api.w.org\/{rel}","templated":true}]}}