{"id":42658,"date":"2021-08-30T09:30:10","date_gmt":"2021-08-30T07:30:10","guid":{"rendered":"https:\/\/vosgesinfo.fr\/saintdieinfo\/2021\/08\/cafe-polar-jean-andriot-samedi-a-librairie-neuf\/"},"modified":"2021-08-30T09:30:10","modified_gmt":"2021-08-30T07:30:10","slug":"cafe-polar-jean-andriot-samedi-a-librairie-neuf","status":"publish","type":"post","link":"https:\/\/vosgesinfo.fr\/saintdieinfo\/2021\/08\/cafe-polar-jean-andriot-samedi-a-librairie-neuf\/","title":{"rendered":"Caf\u00e9 polar avec Jean Andriot ce samedi \u00e0 la librairie Le Neuf"},"content":{"rendered":"<p><a href=\"\/2021\/08\/Librairie_Le_Neuf_Chimaerae.jpg\"><img decoding=\"async\" class=\"aligncenter size-full wp-image-171066\" src=\"\/2021\/08\/Librairie_Le_Neuf_Chimaerae.jpg\" alt=\"Librairie_Le_Neuf_Chimaerae\" width=\"450\" height=\"800\" \/><\/a><\/p>\n<h2><strong><span style=\"font-family: Calibri, sans-serif;\"><span style=\"font-size: large;\">Pour son premier rendez-vous de la rentr\u00e9e, la librairie Le Neuf propose un caf\u00e9 polar avec Jean Andriot, autour de son ouvrage \u00ab\u00a0Chimaerae\u00a0\u00bb, ce samedi 4 septembre \u00e0 10h30 au premier \u00e9tage de la librairie. Le pass sanitaire sera exig\u00e9 \u00e0 l&rsquo;entr\u00e9e. Possibilit\u00e9 de r\u00e9server au pr\u00e9alable, par t\u00e9l\u00e9phone au 03-29-56-16-71 ou via <a href=\"mailto:libleneuf@wanadoo.fr\" target=\"_blank\" rel=\"noopener\">libleneuf@wanadoo.fr<\/a>.<\/span><\/span><\/strong><\/h2>\n<p><!--more--><\/p>\n<p><span style=\"font-family: Calibri, sans-serif;\"><span style=\"font-size: large;\">Jean Andriot, issu d&rsquo;une famille de militaires, est professeur retrait\u00e9 de l&rsquo;enseignement sup\u00e9rieur. Son polar g\u00e9opolitique \u00ab\u00a0Chimaerae\u00a0\u00bb, est paru cette ann\u00e9e aux Editions le Lys Bleu. <em>\u00ab\u00a0Qui est cette jeune femme trouv\u00e9e en plein orage, \u00e0 moiti\u00e9 nue, pr\u00e8s d\u2019accoucher, sur le bord d\u2019une route d\u00e9partementale de l\u2019Est de la France ? Elle parle une langue inconnue, d\u2019o\u00f9 vient-elle ? Par quels myst\u00e8res est-elle arriv\u00e9e \u00e0 Gorze ? Non loin de l\u00e0, que se passe-t-il dans ce laboratoire secret enfoui \u00e0 500 m\u00e8tres sous terre o\u00f9 des savants mettent en jeu la nature m\u00eame de l\u2019homme ? A vous, lecteur, de mener l\u2019enqu\u00eate dans ce premier tome.\u00a0\u00bb<\/em><\/span><\/span><\/p>\n<p><span style=\"font-family: Calibri, sans-serif;\"><span style=\"font-size: large;\">Ce caf\u00e9 polar de la rentr\u00e9e sera aussi l&rsquo;occasion d&rsquo;\u00e9changer sur la sortie du second roman de Jean Andriot, \u00ab\u00a0Le sedge noir\u00a0\u00bb.<\/span><\/span><\/p>\n<p>J.J.<\/p>\n","protected":false},"excerpt":{"rendered":"<p>Pour son premier rendez-vous de la rentr\u00e9e, la librairie Le Neuf propose un caf\u00e9 polar avec Jean Andriot, autour de [&hellip;]<\/p>\n","protected":false},"author":44,"featured_media":42659,"comment_status":"open","ping_status":"open","sticky":false,"template":"","format":"standard","meta":{"footnotes":""},"categories":[3900,7847,8090,2915],"tags":[8691,8692,8693,3192],"class_list":["post-42658","post","type-post","status-publish","format-standard","has-post-thumbnail","hentry","category-breves","category-art-culture","category-litterature","category-saint-die-son-canton","tag-cafe-polar","tag-chimaerae","tag-jean-andriot","tag-librairie-le-neuf"],"acf":[],"yoast_head":"<!-- This site is optimized with the Yoast SEO plugin v22.5 - https:\/\/yoast.com\/wordpress\/plugins\/seo\/ -->\n<title>Caf\u00e9 polar avec Jean Andriot ce samedi \u00e0 la librairie Le Neuf - Saint Die Info<\/title>\n<meta name=\"robots\" content=\"index, follow, max-snippet:-1, max-image-preview:large, max-video-preview:-1\" \/>\n<link rel=\"canonical\" href=\"https:\/\/vosgesinfo.fr\/saintdieinfo\/2021\/08\/cafe-polar-jean-andriot-samedi-a-librairie-neuf\/\" \/>\n<meta name=\"twitter:card\" content=\"summary_large_image\" \/>\n<meta name=\"twitter:title\" content=\"Caf\u00e9 polar avec Jean Andriot ce samedi \u00e0 la librairie Le Neuf - Saint Die Info\" \/>\n<meta name=\"twitter:description\" content=\"Pour son premier rendez-vous de la rentr\u00e9e, la librairie Le Neuf propose un caf\u00e9 polar avec Jean Andriot, autour de [&hellip;]\" \/>\n<meta name=\"twitter:image\" content=\"https:\/\/vosgesinfo.fr\/app\/uploads\/sites\/4\/2024\/08\/202108librairie-le-neuf-chimaerae.jpg\" \/>\n<meta name=\"twitter:creator\" content=\"@VosgesInfo88\" \/>\n<meta name=\"twitter:site\" content=\"@VosgesInfo88\" \/>\n<meta name=\"twitter:label1\" content=\"\u00c9crit par\" \/>\n\t<meta name=\"twitter:data1\" content=\"la r\u00e9daction\" \/>\n\t<meta name=\"twitter:label2\" content=\"Dur\u00e9e de lecture estim\u00e9e\" \/>\n\t<meta name=\"twitter:data2\" content=\"1 minute\" \/>\n<script type=\"application\/ld+json\" class=\"yoast-schema-graph\">{\"@context\":\"https:\/\/schema.org\",\"@graph\":[{\"@type\":\"Article\",\"@id\":\"https:\/\/vosgesinfo.fr\/saintdieinfo\/2021\/08\/cafe-polar-jean-andriot-samedi-a-librairie-neuf\/#article\",\"isPartOf\":{\"@id\":\"https:\/\/vosgesinfo.fr\/saintdieinfo\/2021\/08\/cafe-polar-jean-andriot-samedi-a-librairie-neuf\/\"},\"author\":{\"name\":\"la r\u00e9daction\",\"@id\":\"https:\/\/vosgesinfo.fr\/saintdieinfo\/#\/schema\/person\/faee6704a21f3977511db84bd1cd450f\"},\"headline\":\"Caf\u00e9 polar avec Jean Andriot ce samedi \u00e0 la librairie Le Neuf\",\"datePublished\":\"2021-08-30T07:30:10+00:00\",\"dateModified\":\"2021-08-30T07:30:10+00:00\",\"mainEntityOfPage\":{\"@id\":\"https:\/\/vosgesinfo.fr\/saintdieinfo\/2021\/08\/cafe-polar-jean-andriot-samedi-a-librairie-neuf\/\"},\"wordCount\":219,\"commentCount\":0,\"publisher\":{\"@id\":\"https:\/\/vosgesinfo.fr\/saintdieinfo\/#organization\"},\"image\":{\"@id\":\"https:\/\/vosgesinfo.fr\/saintdieinfo\/2021\/08\/cafe-polar-jean-andriot-samedi-a-librairie-neuf\/#primaryimage\"},\"thumbnailUrl\":\"https:\/\/vosgesinfo.fr\/app\/uploads\/sites\/4\/2024\/08\/202108librairie-le-neuf-chimaerae.jpg\",\"keywords\":[\"Caf\u00e9 polar\",\"Chimaerae\",\"Jean Andriot\",\"Librairie Le Neuf\"],\"articleSection\":[\"Br\u00e8ves\",\"Culture\",\"Litt\u00e9rature\",\"Saint-Di\u00e9-des-Vosges et son Agglom\u00e9ration\"],\"inLanguage\":\"fr-FR\",\"potentialAction\":[{\"@type\":\"CommentAction\",\"name\":\"Comment\",\"target\":[\"https:\/\/vosgesinfo.fr\/saintdieinfo\/2021\/08\/cafe-polar-jean-andriot-samedi-a-librairie-neuf\/#respond\"]}]},{\"@type\":\"WebPage\",\"@id\":\"https:\/\/vosgesinfo.fr\/saintdieinfo\/2021\/08\/cafe-polar-jean-andriot-samedi-a-librairie-neuf\/\",\"url\":\"https:\/\/vosgesinfo.fr\/saintdieinfo\/2021\/08\/cafe-polar-jean-andriot-samedi-a-librairie-neuf\/\",\"name\":\"Caf\u00e9 polar avec Jean Andriot ce samedi \u00e0 la librairie Le Neuf - Saint Die Info\",\"isPartOf\":{\"@id\":\"https:\/\/vosgesinfo.fr\/saintdieinfo\/#website\"},\"primaryImageOfPage\":{\"@id\":\"https:\/\/vosgesinfo.fr\/saintdieinfo\/2021\/08\/cafe-polar-jean-andriot-samedi-a-librairie-neuf\/#primaryimage\"},\"image\":{\"@id\":\"https:\/\/vosgesinfo.fr\/saintdieinfo\/2021\/08\/cafe-polar-jean-andriot-samedi-a-librairie-neuf\/#primaryimage\"},\"thumbnailUrl\":\"https:\/\/vosgesinfo.fr\/app\/uploads\/sites\/4\/2024\/08\/202108librairie-le-neuf-chimaerae.jpg\",\"datePublished\":\"2021-08-30T07:30:10+00:00\",\"dateModified\":\"2021-08-30T07:30:10+00:00\",\"breadcrumb\":{\"@id\":\"https:\/\/vosgesinfo.fr\/saintdieinfo\/2021\/08\/cafe-polar-jean-andriot-samedi-a-librairie-neuf\/#breadcrumb\"},\"inLanguage\":\"fr-FR\",\"potentialAction\":[{\"@type\":\"ReadAction\",\"target\":[\"https:\/\/vosgesinfo.fr\/saintdieinfo\/2021\/08\/cafe-polar-jean-andriot-samedi-a-librairie-neuf\/\"]}]},{\"@type\":\"ImageObject\",\"inLanguage\":\"fr-FR\",\"@id\":\"https:\/\/vosgesinfo.fr\/saintdieinfo\/2021\/08\/cafe-polar-jean-andriot-samedi-a-librairie-neuf\/#primaryimage\",\"url\":\"https:\/\/vosgesinfo.fr\/app\/uploads\/sites\/4\/2024\/08\/202108librairie-le-neuf-chimaerae.jpg\",\"contentUrl\":\"https:\/\/vosgesinfo.fr\/app\/uploads\/sites\/4\/2024\/08\/202108librairie-le-neuf-chimaerae.jpg\",\"width\":450,\"height\":800},{\"@type\":\"BreadcrumbList\",\"@id\":\"https:\/\/vosgesinfo.fr\/saintdieinfo\/2021\/08\/cafe-polar-jean-andriot-samedi-a-librairie-neuf\/#breadcrumb\",\"itemListElement\":[{\"@type\":\"ListItem\",\"position\":1,\"name\":\"Home\",\"item\":\"https:\/\/vosgesinfo.fr\/saintdieinfo\/\"},{\"@type\":\"ListItem\",\"position\":2,\"name\":\"Caf\u00e9 polar avec Jean Andriot ce samedi \u00e0 la librairie Le Neuf\"}]},{\"@type\":\"WebSite\",\"@id\":\"https:\/\/vosgesinfo.fr\/saintdieinfo\/#website\",\"url\":\"https:\/\/vosgesinfo.fr\/saintdieinfo\/\",\"name\":\"Saint Die Info\",\"description\":\"Toute l&#039;actualit\u00e9 de Saint-Di\u00e9-Des-Vosges\",\"publisher\":{\"@id\":\"https:\/\/vosgesinfo.fr\/saintdieinfo\/#organization\"},\"alternateName\":\"Toute l'actualit\u00e9 de Saint-Di\u00e9-Des-Vosges\",\"potentialAction\":[{\"@type\":\"SearchAction\",\"target\":{\"@type\":\"EntryPoint\",\"urlTemplate\":\"https:\/\/vosgesinfo.fr\/saintdieinfo\/?s={search_term_string}\"},\"query-input\":\"required name=search_term_string\"}],\"inLanguage\":\"fr-FR\"},{\"@type\":\"Organization\",\"@id\":\"https:\/\/vosgesinfo.fr\/saintdieinfo\/#organization\",\"name\":\"Saint Die Info\",\"url\":\"https:\/\/vosgesinfo.fr\/saintdieinfo\/\",\"logo\":{\"@type\":\"ImageObject\",\"inLanguage\":\"fr-FR\",\"@id\":\"https:\/\/vosgesinfo.fr\/saintdieinfo\/#\/schema\/logo\/image\/\",\"url\":\"https:\/\/vosgesinfo.fr\/app\/uploads\/sites\/4\/2024\/02\/logo-sdi.jpg\",\"contentUrl\":\"https:\/\/vosgesinfo.fr\/app\/uploads\/sites\/4\/2024\/02\/logo-sdi.jpg\",\"width\":600,\"height\":600,\"caption\":\"Saint Die Info\"},\"image\":{\"@id\":\"https:\/\/vosgesinfo.fr\/saintdieinfo\/#\/schema\/logo\/image\/\"},\"sameAs\":[\"https:\/\/www.facebook.com\/Saintdieinfofr\",\"https:\/\/x.com\/VosgesInfo88\",\"https:\/\/www.youtube.com\/@vosgesinfo\"]},{\"@type\":\"Person\",\"@id\":\"https:\/\/vosgesinfo.fr\/saintdieinfo\/#\/schema\/person\/faee6704a21f3977511db84bd1cd450f\",\"name\":\"la r\u00e9daction\",\"image\":{\"@type\":\"ImageObject\",\"inLanguage\":\"fr-FR\",\"@id\":\"https:\/\/vosgesinfo.fr\/saintdieinfo\/#\/schema\/person\/image\/\",\"url\":\"https:\/\/secure.gravatar.com\/avatar\/6673d8bc6a9c17fa9a453eaa3448de834fa308c2ec9635b7aa99441a7c8d2cf6?s=96&d=mm&r=g\",\"contentUrl\":\"https:\/\/secure.gravatar.com\/avatar\/6673d8bc6a9c17fa9a453eaa3448de834fa308c2ec9635b7aa99441a7c8d2cf6?s=96&d=mm&r=g\",\"caption\":\"la r\u00e9daction\"},\"url\":\"https:\/\/vosgesinfo.fr\/saintdieinfo\/author\/redac\/\"}]}<\/script>\n<!-- \/ Yoast SEO plugin. -->","yoast_head_json":{"title":"Caf\u00e9 polar avec Jean Andriot ce samedi \u00e0 la librairie Le Neuf - Saint Die Info","robots":{"index":"index","follow":"follow","max-snippet":"max-snippet:-1","max-image-preview":"max-image-preview:large","max-video-preview":"max-video-preview:-1"},"canonical":"https:\/\/vosgesinfo.fr\/saintdieinfo\/2021\/08\/cafe-polar-jean-andriot-samedi-a-librairie-neuf\/","twitter_card":"summary_large_image","twitter_title":"Caf\u00e9 polar avec Jean Andriot ce samedi \u00e0 la librairie Le Neuf - Saint Die Info","twitter_description":"Pour son premier rendez-vous de la rentr\u00e9e, la librairie Le Neuf propose un caf\u00e9 polar avec Jean Andriot, autour de [&hellip;]","twitter_image":"https:\/\/vosgesinfo.fr\/app\/uploads\/sites\/4\/2024\/08\/202108librairie-le-neuf-chimaerae.jpg","twitter_creator":"@VosgesInfo88","twitter_site":"@VosgesInfo88","twitter_misc":{"\u00c9crit par":"la r\u00e9daction","Dur\u00e9e de lecture estim\u00e9e":"1 minute"},"schema":{"@context":"https:\/\/schema.org","@graph":[{"@type":"Article","@id":"https:\/\/vosgesinfo.fr\/saintdieinfo\/2021\/08\/cafe-polar-jean-andriot-samedi-a-librairie-neuf\/#article","isPartOf":{"@id":"https:\/\/vosgesinfo.fr\/saintdieinfo\/2021\/08\/cafe-polar-jean-andriot-samedi-a-librairie-neuf\/"},"author":{"name":"la r\u00e9daction","@id":"https:\/\/vosgesinfo.fr\/saintdieinfo\/#\/schema\/person\/faee6704a21f3977511db84bd1cd450f"},"headline":"Caf\u00e9 polar avec Jean Andriot ce samedi \u00e0 la librairie Le Neuf","datePublished":"2021-08-30T07:30:10+00:00","dateModified":"2021-08-30T07:30:10+00:00","mainEntityOfPage":{"@id":"https:\/\/vosgesinfo.fr\/saintdieinfo\/2021\/08\/cafe-polar-jean-andriot-samedi-a-librairie-neuf\/"},"wordCount":219,"commentCount":0,"publisher":{"@id":"https:\/\/vosgesinfo.fr\/saintdieinfo\/#organization"},"image":{"@id":"https:\/\/vosgesinfo.fr\/saintdieinfo\/2021\/08\/cafe-polar-jean-andriot-samedi-a-librairie-neuf\/#primaryimage"},"thumbnailUrl":"https:\/\/vosgesinfo.fr\/app\/uploads\/sites\/4\/2024\/08\/202108librairie-le-neuf-chimaerae.jpg","keywords":["Caf\u00e9 polar","Chimaerae","Jean Andriot","Librairie Le Neuf"],"articleSection":["Br\u00e8ves","Culture","Litt\u00e9rature","Saint-Di\u00e9-des-Vosges et son Agglom\u00e9ration"],"inLanguage":"fr-FR","potentialAction":[{"@type":"CommentAction","name":"Comment","target":["https:\/\/vosgesinfo.fr\/saintdieinfo\/2021\/08\/cafe-polar-jean-andriot-samedi-a-librairie-neuf\/#respond"]}]},{"@type":"WebPage","@id":"https:\/\/vosgesinfo.fr\/saintdieinfo\/2021\/08\/cafe-polar-jean-andriot-samedi-a-librairie-neuf\/","url":"https:\/\/vosgesinfo.fr\/saintdieinfo\/2021\/08\/cafe-polar-jean-andriot-samedi-a-librairie-neuf\/","name":"Caf\u00e9 polar avec Jean Andriot ce samedi \u00e0 la librairie Le Neuf - Saint Die Info","isPartOf":{"@id":"https:\/\/vosgesinfo.fr\/saintdieinfo\/#website"},"primaryImageOfPage":{"@id":"https:\/\/vosgesinfo.fr\/saintdieinfo\/2021\/08\/cafe-polar-jean-andriot-samedi-a-librairie-neuf\/#primaryimage"},"image":{"@id":"https:\/\/vosgesinfo.fr\/saintdieinfo\/2021\/08\/cafe-polar-jean-andriot-samedi-a-librairie-neuf\/#primaryimage"},"thumbnailUrl":"https:\/\/vosgesinfo.fr\/app\/uploads\/sites\/4\/2024\/08\/202108librairie-le-neuf-chimaerae.jpg","datePublished":"2021-08-30T07:30:10+00:00","dateModified":"2021-08-30T07:30:10+00:00","breadcrumb":{"@id":"https:\/\/vosgesinfo.fr\/saintdieinfo\/2021\/08\/cafe-polar-jean-andriot-samedi-a-librairie-neuf\/#breadcrumb"},"inLanguage":"fr-FR","potentialAction":[{"@type":"ReadAction","target":["https:\/\/vosgesinfo.fr\/saintdieinfo\/2021\/08\/cafe-polar-jean-andriot-samedi-a-librairie-neuf\/"]}]},{"@type":"ImageObject","inLanguage":"fr-FR","@id":"https:\/\/vosgesinfo.fr\/saintdieinfo\/2021\/08\/cafe-polar-jean-andriot-samedi-a-librairie-neuf\/#primaryimage","url":"https:\/\/vosgesinfo.fr\/app\/uploads\/sites\/4\/2024\/08\/202108librairie-le-neuf-chimaerae.jpg","contentUrl":"https:\/\/vosgesinfo.fr\/app\/uploads\/sites\/4\/2024\/08\/202108librairie-le-neuf-chimaerae.jpg","width":450,"height":800},{"@type":"BreadcrumbList","@id":"https:\/\/vosgesinfo.fr\/saintdieinfo\/2021\/08\/cafe-polar-jean-andriot-samedi-a-librairie-neuf\/#breadcrumb","itemListElement":[{"@type":"ListItem","position":1,"name":"Home","item":"https:\/\/vosgesinfo.fr\/saintdieinfo\/"},{"@type":"ListItem","position":2,"name":"Caf\u00e9 polar avec Jean Andriot ce samedi \u00e0 la librairie Le Neuf"}]},{"@type":"WebSite","@id":"https:\/\/vosgesinfo.fr\/saintdieinfo\/#website","url":"https:\/\/vosgesinfo.fr\/saintdieinfo\/","name":"Saint Die Info","description":"Toute l&#039;actualit\u00e9 de Saint-Di\u00e9-Des-Vosges","publisher":{"@id":"https:\/\/vosgesinfo.fr\/saintdieinfo\/#organization"},"alternateName":"Toute l'actualit\u00e9 de Saint-Di\u00e9-Des-Vosges","potentialAction":[{"@type":"SearchAction","target":{"@type":"EntryPoint","urlTemplate":"https:\/\/vosgesinfo.fr\/saintdieinfo\/?s={search_term_string}"},"query-input":"required name=search_term_string"}],"inLanguage":"fr-FR"},{"@type":"Organization","@id":"https:\/\/vosgesinfo.fr\/saintdieinfo\/#organization","name":"Saint Die Info","url":"https:\/\/vosgesinfo.fr\/saintdieinfo\/","logo":{"@type":"ImageObject","inLanguage":"fr-FR","@id":"https:\/\/vosgesinfo.fr\/saintdieinfo\/#\/schema\/logo\/image\/","url":"https:\/\/vosgesinfo.fr\/app\/uploads\/sites\/4\/2024\/02\/logo-sdi.jpg","contentUrl":"https:\/\/vosgesinfo.fr\/app\/uploads\/sites\/4\/2024\/02\/logo-sdi.jpg","width":600,"height":600,"caption":"Saint Die Info"},"image":{"@id":"https:\/\/vosgesinfo.fr\/saintdieinfo\/#\/schema\/logo\/image\/"},"sameAs":["https:\/\/www.facebook.com\/Saintdieinfofr","https:\/\/x.com\/VosgesInfo88","https:\/\/www.youtube.com\/@vosgesinfo"]},{"@type":"Person","@id":"https:\/\/vosgesinfo.fr\/saintdieinfo\/#\/schema\/person\/faee6704a21f3977511db84bd1cd450f","name":"la r\u00e9daction","image":{"@type":"ImageObject","inLanguage":"fr-FR","@id":"https:\/\/vosgesinfo.fr\/saintdieinfo\/#\/schema\/person\/image\/","url":"https:\/\/secure.gravatar.com\/avatar\/6673d8bc6a9c17fa9a453eaa3448de834fa308c2ec9635b7aa99441a7c8d2cf6?s=96&d=mm&r=g","contentUrl":"https:\/\/secure.gravatar.com\/avatar\/6673d8bc6a9c17fa9a453eaa3448de834fa308c2ec9635b7aa99441a7c8d2cf6?s=96&d=mm&r=g","caption":"la r\u00e9daction"},"url":"https:\/\/vosgesinfo.fr\/saintdieinfo\/author\/redac\/"}]}},"_links":{"self":[{"href":"https:\/\/vosgesinfo.fr\/saintdieinfo\/wp-json\/wp\/v2\/posts\/42658","targetHints":{"allow":["GET"]}}],"collection":[{"href":"https:\/\/vosgesinfo.fr\/saintdieinfo\/wp-json\/wp\/v2\/posts"}],"about":[{"href":"https:\/\/vosgesinfo.fr\/saintdieinfo\/wp-json\/wp\/v2\/types\/post"}],"author":[{"embeddable":true,"href":"https:\/\/vosgesinfo.fr\/saintdieinfo\/wp-json\/wp\/v2\/users\/44"}],"replies":[{"embeddable":true,"href":"https:\/\/vosgesinfo.fr\/saintdieinfo\/wp-json\/wp\/v2\/comments?post=42658"}],"version-history":[{"count":0,"href":"https:\/\/vosgesinfo.fr\/saintdieinfo\/wp-json\/wp\/v2\/posts\/42658\/revisions"}],"wp:featuredmedia":[{"embeddable":true,"href":"https:\/\/vosgesinfo.fr\/saintdieinfo\/wp-json\/wp\/v2\/media\/42659"}],"wp:attachment":[{"href":"https:\/\/vosgesinfo.fr\/saintdieinfo\/wp-json\/wp\/v2\/media?parent=42658"}],"wp:term":[{"taxonomy":"category","embeddable":true,"href":"https:\/\/vosgesinfo.fr\/saintdieinfo\/wp-json\/wp\/v2\/categories?post=42658"},{"taxonomy":"post_tag","embeddable":true,"href":"https:\/\/vosgesinfo.fr\/saintdieinfo\/wp-json\/wp\/v2\/tags?post=42658"}],"curies":[{"name":"wp","href":"https:\/\/api.w.org\/{rel}","templated":true}]}}