{"id":42669,"date":"2021-08-30T13:17:18","date_gmt":"2021-08-30T11:17:18","guid":{"rendered":"https:\/\/vosgesinfo.fr\/saintdieinfo\/2021\/08\/valtin-parmi-10-destinations-plus-vogue-cet-ete-airbnb\/"},"modified":"2021-08-30T13:17:18","modified_gmt":"2021-08-30T11:17:18","slug":"valtin-parmi-10-destinations-plus-vogue-cet-ete-airbnb","status":"publish","type":"post","link":"https:\/\/vosgesinfo.fr\/saintdieinfo\/2021\/08\/valtin-parmi-10-destinations-plus-vogue-cet-ete-airbnb\/","title":{"rendered":"Le Valtin parmi les 10 destinations les plus en vogue cet \u00e9t\u00e9 sur Airbnb"},"content":{"rendered":"<div id=\"attachment_171080\" style=\"width: 810px\" class=\"wp-caption aligncenter\"><a href=\"\/2021\/08\/Valtin88.jpg\" target=\"_blank\" rel=\"noopener\"><img decoding=\"async\" aria-describedby=\"caption-attachment-171080\" class=\"wp-image-171080 size-full\" src=\"\/2021\/08\/Valtin88.jpg\" alt=\"Valtin88\" width=\"800\" height=\"600\" \/><\/a><p id=\"caption-attachment-171080\" class=\"wp-caption-text\">(Photographie Wikipedia.org)<\/p><\/div>\n<h2><strong><span style=\"font-family: Calibri, sans-serif;\"><span style=\"font-size: large;\">La plateforme Airbnb a r\u00e9cemment d\u00e9voil\u00e9 son bilan de l&rsquo;\u00e9t\u00e9 2021. Parmi les 10 destinations fran\u00e7aises dont les s\u00e9jours ont le plus progress\u00e9, entre le 1er juin et le 22 ao\u00fbt 2021 par rapport \u00e0 la m\u00eame p\u00e9riode en 2019, figure la commune du Valtin, qui pointe \u00e0 la 6\u00e8me place.<br \/>\n<\/span><\/span><\/strong><\/h2>\n<p><!--more--><\/p>\n<h3><strong><span style=\"font-family: Calibri, sans-serif;\"><span style=\"font-size: large;\">La petite commune vosgienne, qui comptait seulement 73 habitants en 2018, est par ailleurs la seule commune du Grand Est de ce top 10 :<\/span><\/span><\/strong><\/h3>\n<ol>\n<li><span style=\"font-family: Calibri, sans-serif;\"><span style=\"font-size: large;\">La Salvetat-Peyral\u00e8s, Aveyron, Occitanie;<\/span><\/span><\/li>\n<li><span style=\"font-family: Calibri, sans-serif;\"><span style=\"font-size: large;\">Sainte-Agn\u00e8s, Alpes-Maritimes, Provence-Alpes-C\u00f4te d&rsquo;Azur;<\/span><\/span><\/li>\n<li><span style=\"font-family: Calibri, sans-serif;\"><span style=\"font-size: large;\">Pouzac, Hautes-Pyr\u00e9n\u00e9es, Occitanie;<\/span><\/span><\/li>\n<li><span style=\"font-family: Calibri, sans-serif;\"><span style=\"font-size: large;\">Saint-Gingolph, Haute-Savoie, Auvergne-Rh\u00f4ne-Alpes;<\/span><\/span><\/li>\n<li><span style=\"font-family: Calibri, sans-serif;\"><span style=\"font-size: large;\">Chablis, Yonne, Bourgogne-Franche-Comt\u00e9;<\/span><\/span><\/li>\n<li><span style=\"font-family: Calibri, sans-serif;\"><span style=\"font-size: large;\">Le Valtin, Vosges, Grand Est;<\/span><\/span><\/li>\n<li><span style=\"font-family: Calibri, sans-serif;\"><span style=\"font-size: large;\">Bellefontaine, Jura, Bourgogne-Franche-Comt\u00e9; <\/span><\/span><\/li>\n<li><span style=\"font-family: Calibri, sans-serif;\"><span style=\"font-size: large;\">Angl\u00e8s, Tarn, Occitanie;<\/span><\/span><\/li>\n<li><span style=\"font-family: Calibri, sans-serif;\"><span style=\"font-size: large;\">Comps-sur-Artuby, Var, Provence-Alpes-C\u00f4te d&rsquo;Azur;<\/span><\/span><\/li>\n<li><span style=\"font-family: Calibri, sans-serif;\"><span style=\"font-size: large;\">Tr\u00e9veneuc, C\u00f4tes-d&rsquo;Armor, Bretagne.<\/span><\/span><\/li>\n<\/ol>\n","protected":false},"excerpt":{"rendered":"<p>La plateforme Airbnb a r\u00e9cemment d\u00e9voil\u00e9 son bilan de l&rsquo;\u00e9t\u00e9 2021. Parmi les 10 destinations fran\u00e7aises dont les s\u00e9jours ont [&hellip;]<\/p>\n","protected":false},"author":44,"featured_media":42670,"comment_status":"open","ping_status":"open","sticky":false,"template":"","format":"standard","meta":{"footnotes":""},"categories":[460,20,18],"tags":[8697,5140],"class_list":["post-42669","post","type-post","status-publish","format-standard","has-post-thumbnail","hentry","category-a-la-une","category-loisirs","category-vosges","tag-airbnb","tag-le-valtin"],"acf":[],"yoast_head":"<!-- This site is optimized with the Yoast SEO plugin v22.5 - https:\/\/yoast.com\/wordpress\/plugins\/seo\/ -->\n<title>Le Valtin parmi les 10 destinations les plus en vogue cet \u00e9t\u00e9 sur Airbnb - Saint Die Info<\/title>\n<meta name=\"robots\" content=\"index, follow, max-snippet:-1, max-image-preview:large, max-video-preview:-1\" \/>\n<link rel=\"canonical\" href=\"https:\/\/vosgesinfo.fr\/saintdieinfo\/2021\/08\/valtin-parmi-10-destinations-plus-vogue-cet-ete-airbnb\/\" \/>\n<meta name=\"twitter:card\" content=\"summary_large_image\" \/>\n<meta name=\"twitter:title\" content=\"Le Valtin parmi les 10 destinations les plus en vogue cet \u00e9t\u00e9 sur Airbnb - Saint Die Info\" \/>\n<meta name=\"twitter:description\" content=\"La plateforme Airbnb a r\u00e9cemment d\u00e9voil\u00e9 son bilan de l&rsquo;\u00e9t\u00e9 2021. Parmi les 10 destinations fran\u00e7aises dont les s\u00e9jours ont [&hellip;]\" \/>\n<meta name=\"twitter:image\" content=\"https:\/\/vosgesinfo.fr\/app\/uploads\/sites\/4\/2024\/08\/202108valtin88.jpg\" \/>\n<meta name=\"twitter:creator\" content=\"@VosgesInfo88\" \/>\n<meta name=\"twitter:site\" content=\"@VosgesInfo88\" \/>\n<meta name=\"twitter:label1\" content=\"\u00c9crit par\" \/>\n\t<meta name=\"twitter:data1\" content=\"la r\u00e9daction\" \/>\n\t<meta name=\"twitter:label2\" content=\"Dur\u00e9e de lecture estim\u00e9e\" \/>\n\t<meta name=\"twitter:data2\" content=\"1 minute\" \/>\n<script type=\"application\/ld+json\" class=\"yoast-schema-graph\">{\"@context\":\"https:\/\/schema.org\",\"@graph\":[{\"@type\":\"Article\",\"@id\":\"https:\/\/vosgesinfo.fr\/saintdieinfo\/2021\/08\/valtin-parmi-10-destinations-plus-vogue-cet-ete-airbnb\/#article\",\"isPartOf\":{\"@id\":\"https:\/\/vosgesinfo.fr\/saintdieinfo\/2021\/08\/valtin-parmi-10-destinations-plus-vogue-cet-ete-airbnb\/\"},\"author\":{\"name\":\"la r\u00e9daction\",\"@id\":\"https:\/\/vosgesinfo.fr\/saintdieinfo\/#\/schema\/person\/faee6704a21f3977511db84bd1cd450f\"},\"headline\":\"Le Valtin parmi les 10 destinations les plus en vogue cet \u00e9t\u00e9 sur Airbnb\",\"datePublished\":\"2021-08-30T11:17:18+00:00\",\"dateModified\":\"2021-08-30T11:17:18+00:00\",\"mainEntityOfPage\":{\"@id\":\"https:\/\/vosgesinfo.fr\/saintdieinfo\/2021\/08\/valtin-parmi-10-destinations-plus-vogue-cet-ete-airbnb\/\"},\"wordCount\":144,\"commentCount\":0,\"publisher\":{\"@id\":\"https:\/\/vosgesinfo.fr\/saintdieinfo\/#organization\"},\"image\":{\"@id\":\"https:\/\/vosgesinfo.fr\/saintdieinfo\/2021\/08\/valtin-parmi-10-destinations-plus-vogue-cet-ete-airbnb\/#primaryimage\"},\"thumbnailUrl\":\"https:\/\/vosgesinfo.fr\/app\/uploads\/sites\/4\/2024\/08\/202108valtin88.jpg\",\"keywords\":[\"Airbnb\",\"Le Valtin\"],\"articleSection\":[\"A la Une\",\"Loisirs\",\"Vosges\"],\"inLanguage\":\"fr-FR\",\"potentialAction\":[{\"@type\":\"CommentAction\",\"name\":\"Comment\",\"target\":[\"https:\/\/vosgesinfo.fr\/saintdieinfo\/2021\/08\/valtin-parmi-10-destinations-plus-vogue-cet-ete-airbnb\/#respond\"]}]},{\"@type\":\"WebPage\",\"@id\":\"https:\/\/vosgesinfo.fr\/saintdieinfo\/2021\/08\/valtin-parmi-10-destinations-plus-vogue-cet-ete-airbnb\/\",\"url\":\"https:\/\/vosgesinfo.fr\/saintdieinfo\/2021\/08\/valtin-parmi-10-destinations-plus-vogue-cet-ete-airbnb\/\",\"name\":\"Le Valtin parmi les 10 destinations les plus en vogue cet \u00e9t\u00e9 sur Airbnb - Saint Die Info\",\"isPartOf\":{\"@id\":\"https:\/\/vosgesinfo.fr\/saintdieinfo\/#website\"},\"primaryImageOfPage\":{\"@id\":\"https:\/\/vosgesinfo.fr\/saintdieinfo\/2021\/08\/valtin-parmi-10-destinations-plus-vogue-cet-ete-airbnb\/#primaryimage\"},\"image\":{\"@id\":\"https:\/\/vosgesinfo.fr\/saintdieinfo\/2021\/08\/valtin-parmi-10-destinations-plus-vogue-cet-ete-airbnb\/#primaryimage\"},\"thumbnailUrl\":\"https:\/\/vosgesinfo.fr\/app\/uploads\/sites\/4\/2024\/08\/202108valtin88.jpg\",\"datePublished\":\"2021-08-30T11:17:18+00:00\",\"dateModified\":\"2021-08-30T11:17:18+00:00\",\"breadcrumb\":{\"@id\":\"https:\/\/vosgesinfo.fr\/saintdieinfo\/2021\/08\/valtin-parmi-10-destinations-plus-vogue-cet-ete-airbnb\/#breadcrumb\"},\"inLanguage\":\"fr-FR\",\"potentialAction\":[{\"@type\":\"ReadAction\",\"target\":[\"https:\/\/vosgesinfo.fr\/saintdieinfo\/2021\/08\/valtin-parmi-10-destinations-plus-vogue-cet-ete-airbnb\/\"]}]},{\"@type\":\"ImageObject\",\"inLanguage\":\"fr-FR\",\"@id\":\"https:\/\/vosgesinfo.fr\/saintdieinfo\/2021\/08\/valtin-parmi-10-destinations-plus-vogue-cet-ete-airbnb\/#primaryimage\",\"url\":\"https:\/\/vosgesinfo.fr\/app\/uploads\/sites\/4\/2024\/08\/202108valtin88.jpg\",\"contentUrl\":\"https:\/\/vosgesinfo.fr\/app\/uploads\/sites\/4\/2024\/08\/202108valtin88.jpg\",\"width\":800,\"height\":600},{\"@type\":\"BreadcrumbList\",\"@id\":\"https:\/\/vosgesinfo.fr\/saintdieinfo\/2021\/08\/valtin-parmi-10-destinations-plus-vogue-cet-ete-airbnb\/#breadcrumb\",\"itemListElement\":[{\"@type\":\"ListItem\",\"position\":1,\"name\":\"Home\",\"item\":\"https:\/\/vosgesinfo.fr\/saintdieinfo\/\"},{\"@type\":\"ListItem\",\"position\":2,\"name\":\"Le Valtin parmi les 10 destinations les plus en vogue cet \u00e9t\u00e9 sur Airbnb\"}]},{\"@type\":\"WebSite\",\"@id\":\"https:\/\/vosgesinfo.fr\/saintdieinfo\/#website\",\"url\":\"https:\/\/vosgesinfo.fr\/saintdieinfo\/\",\"name\":\"Saint Die Info\",\"description\":\"Toute l&#039;actualit\u00e9 de Saint-Di\u00e9-Des-Vosges\",\"publisher\":{\"@id\":\"https:\/\/vosgesinfo.fr\/saintdieinfo\/#organization\"},\"alternateName\":\"Toute l'actualit\u00e9 de Saint-Di\u00e9-Des-Vosges\",\"potentialAction\":[{\"@type\":\"SearchAction\",\"target\":{\"@type\":\"EntryPoint\",\"urlTemplate\":\"https:\/\/vosgesinfo.fr\/saintdieinfo\/?s={search_term_string}\"},\"query-input\":\"required name=search_term_string\"}],\"inLanguage\":\"fr-FR\"},{\"@type\":\"Organization\",\"@id\":\"https:\/\/vosgesinfo.fr\/saintdieinfo\/#organization\",\"name\":\"Saint Die Info\",\"url\":\"https:\/\/vosgesinfo.fr\/saintdieinfo\/\",\"logo\":{\"@type\":\"ImageObject\",\"inLanguage\":\"fr-FR\",\"@id\":\"https:\/\/vosgesinfo.fr\/saintdieinfo\/#\/schema\/logo\/image\/\",\"url\":\"https:\/\/vosgesinfo.fr\/app\/uploads\/sites\/4\/2024\/02\/logo-sdi.jpg\",\"contentUrl\":\"https:\/\/vosgesinfo.fr\/app\/uploads\/sites\/4\/2024\/02\/logo-sdi.jpg\",\"width\":600,\"height\":600,\"caption\":\"Saint Die Info\"},\"image\":{\"@id\":\"https:\/\/vosgesinfo.fr\/saintdieinfo\/#\/schema\/logo\/image\/\"},\"sameAs\":[\"https:\/\/www.facebook.com\/Saintdieinfofr\",\"https:\/\/x.com\/VosgesInfo88\",\"https:\/\/www.youtube.com\/@vosgesinfo\"]},{\"@type\":\"Person\",\"@id\":\"https:\/\/vosgesinfo.fr\/saintdieinfo\/#\/schema\/person\/faee6704a21f3977511db84bd1cd450f\",\"name\":\"la r\u00e9daction\",\"image\":{\"@type\":\"ImageObject\",\"inLanguage\":\"fr-FR\",\"@id\":\"https:\/\/vosgesinfo.fr\/saintdieinfo\/#\/schema\/person\/image\/\",\"url\":\"https:\/\/secure.gravatar.com\/avatar\/6673d8bc6a9c17fa9a453eaa3448de834fa308c2ec9635b7aa99441a7c8d2cf6?s=96&d=mm&r=g\",\"contentUrl\":\"https:\/\/secure.gravatar.com\/avatar\/6673d8bc6a9c17fa9a453eaa3448de834fa308c2ec9635b7aa99441a7c8d2cf6?s=96&d=mm&r=g\",\"caption\":\"la r\u00e9daction\"},\"url\":\"https:\/\/vosgesinfo.fr\/saintdieinfo\/author\/redac\/\"}]}<\/script>\n<!-- \/ Yoast SEO plugin. -->","yoast_head_json":{"title":"Le Valtin parmi les 10 destinations les plus en vogue cet \u00e9t\u00e9 sur Airbnb - Saint Die Info","robots":{"index":"index","follow":"follow","max-snippet":"max-snippet:-1","max-image-preview":"max-image-preview:large","max-video-preview":"max-video-preview:-1"},"canonical":"https:\/\/vosgesinfo.fr\/saintdieinfo\/2021\/08\/valtin-parmi-10-destinations-plus-vogue-cet-ete-airbnb\/","twitter_card":"summary_large_image","twitter_title":"Le Valtin parmi les 10 destinations les plus en vogue cet \u00e9t\u00e9 sur Airbnb - Saint Die Info","twitter_description":"La plateforme Airbnb a r\u00e9cemment d\u00e9voil\u00e9 son bilan de l&rsquo;\u00e9t\u00e9 2021. Parmi les 10 destinations fran\u00e7aises dont les s\u00e9jours ont [&hellip;]","twitter_image":"https:\/\/vosgesinfo.fr\/app\/uploads\/sites\/4\/2024\/08\/202108valtin88.jpg","twitter_creator":"@VosgesInfo88","twitter_site":"@VosgesInfo88","twitter_misc":{"\u00c9crit par":"la r\u00e9daction","Dur\u00e9e de lecture estim\u00e9e":"1 minute"},"schema":{"@context":"https:\/\/schema.org","@graph":[{"@type":"Article","@id":"https:\/\/vosgesinfo.fr\/saintdieinfo\/2021\/08\/valtin-parmi-10-destinations-plus-vogue-cet-ete-airbnb\/#article","isPartOf":{"@id":"https:\/\/vosgesinfo.fr\/saintdieinfo\/2021\/08\/valtin-parmi-10-destinations-plus-vogue-cet-ete-airbnb\/"},"author":{"name":"la r\u00e9daction","@id":"https:\/\/vosgesinfo.fr\/saintdieinfo\/#\/schema\/person\/faee6704a21f3977511db84bd1cd450f"},"headline":"Le Valtin parmi les 10 destinations les plus en vogue cet \u00e9t\u00e9 sur Airbnb","datePublished":"2021-08-30T11:17:18+00:00","dateModified":"2021-08-30T11:17:18+00:00","mainEntityOfPage":{"@id":"https:\/\/vosgesinfo.fr\/saintdieinfo\/2021\/08\/valtin-parmi-10-destinations-plus-vogue-cet-ete-airbnb\/"},"wordCount":144,"commentCount":0,"publisher":{"@id":"https:\/\/vosgesinfo.fr\/saintdieinfo\/#organization"},"image":{"@id":"https:\/\/vosgesinfo.fr\/saintdieinfo\/2021\/08\/valtin-parmi-10-destinations-plus-vogue-cet-ete-airbnb\/#primaryimage"},"thumbnailUrl":"https:\/\/vosgesinfo.fr\/app\/uploads\/sites\/4\/2024\/08\/202108valtin88.jpg","keywords":["Airbnb","Le Valtin"],"articleSection":["A la Une","Loisirs","Vosges"],"inLanguage":"fr-FR","potentialAction":[{"@type":"CommentAction","name":"Comment","target":["https:\/\/vosgesinfo.fr\/saintdieinfo\/2021\/08\/valtin-parmi-10-destinations-plus-vogue-cet-ete-airbnb\/#respond"]}]},{"@type":"WebPage","@id":"https:\/\/vosgesinfo.fr\/saintdieinfo\/2021\/08\/valtin-parmi-10-destinations-plus-vogue-cet-ete-airbnb\/","url":"https:\/\/vosgesinfo.fr\/saintdieinfo\/2021\/08\/valtin-parmi-10-destinations-plus-vogue-cet-ete-airbnb\/","name":"Le Valtin parmi les 10 destinations les plus en vogue cet \u00e9t\u00e9 sur Airbnb - Saint Die Info","isPartOf":{"@id":"https:\/\/vosgesinfo.fr\/saintdieinfo\/#website"},"primaryImageOfPage":{"@id":"https:\/\/vosgesinfo.fr\/saintdieinfo\/2021\/08\/valtin-parmi-10-destinations-plus-vogue-cet-ete-airbnb\/#primaryimage"},"image":{"@id":"https:\/\/vosgesinfo.fr\/saintdieinfo\/2021\/08\/valtin-parmi-10-destinations-plus-vogue-cet-ete-airbnb\/#primaryimage"},"thumbnailUrl":"https:\/\/vosgesinfo.fr\/app\/uploads\/sites\/4\/2024\/08\/202108valtin88.jpg","datePublished":"2021-08-30T11:17:18+00:00","dateModified":"2021-08-30T11:17:18+00:00","breadcrumb":{"@id":"https:\/\/vosgesinfo.fr\/saintdieinfo\/2021\/08\/valtin-parmi-10-destinations-plus-vogue-cet-ete-airbnb\/#breadcrumb"},"inLanguage":"fr-FR","potentialAction":[{"@type":"ReadAction","target":["https:\/\/vosgesinfo.fr\/saintdieinfo\/2021\/08\/valtin-parmi-10-destinations-plus-vogue-cet-ete-airbnb\/"]}]},{"@type":"ImageObject","inLanguage":"fr-FR","@id":"https:\/\/vosgesinfo.fr\/saintdieinfo\/2021\/08\/valtin-parmi-10-destinations-plus-vogue-cet-ete-airbnb\/#primaryimage","url":"https:\/\/vosgesinfo.fr\/app\/uploads\/sites\/4\/2024\/08\/202108valtin88.jpg","contentUrl":"https:\/\/vosgesinfo.fr\/app\/uploads\/sites\/4\/2024\/08\/202108valtin88.jpg","width":800,"height":600},{"@type":"BreadcrumbList","@id":"https:\/\/vosgesinfo.fr\/saintdieinfo\/2021\/08\/valtin-parmi-10-destinations-plus-vogue-cet-ete-airbnb\/#breadcrumb","itemListElement":[{"@type":"ListItem","position":1,"name":"Home","item":"https:\/\/vosgesinfo.fr\/saintdieinfo\/"},{"@type":"ListItem","position":2,"name":"Le Valtin parmi les 10 destinations les plus en vogue cet \u00e9t\u00e9 sur Airbnb"}]},{"@type":"WebSite","@id":"https:\/\/vosgesinfo.fr\/saintdieinfo\/#website","url":"https:\/\/vosgesinfo.fr\/saintdieinfo\/","name":"Saint Die Info","description":"Toute l&#039;actualit\u00e9 de Saint-Di\u00e9-Des-Vosges","publisher":{"@id":"https:\/\/vosgesinfo.fr\/saintdieinfo\/#organization"},"alternateName":"Toute l'actualit\u00e9 de Saint-Di\u00e9-Des-Vosges","potentialAction":[{"@type":"SearchAction","target":{"@type":"EntryPoint","urlTemplate":"https:\/\/vosgesinfo.fr\/saintdieinfo\/?s={search_term_string}"},"query-input":"required name=search_term_string"}],"inLanguage":"fr-FR"},{"@type":"Organization","@id":"https:\/\/vosgesinfo.fr\/saintdieinfo\/#organization","name":"Saint Die Info","url":"https:\/\/vosgesinfo.fr\/saintdieinfo\/","logo":{"@type":"ImageObject","inLanguage":"fr-FR","@id":"https:\/\/vosgesinfo.fr\/saintdieinfo\/#\/schema\/logo\/image\/","url":"https:\/\/vosgesinfo.fr\/app\/uploads\/sites\/4\/2024\/02\/logo-sdi.jpg","contentUrl":"https:\/\/vosgesinfo.fr\/app\/uploads\/sites\/4\/2024\/02\/logo-sdi.jpg","width":600,"height":600,"caption":"Saint Die Info"},"image":{"@id":"https:\/\/vosgesinfo.fr\/saintdieinfo\/#\/schema\/logo\/image\/"},"sameAs":["https:\/\/www.facebook.com\/Saintdieinfofr","https:\/\/x.com\/VosgesInfo88","https:\/\/www.youtube.com\/@vosgesinfo"]},{"@type":"Person","@id":"https:\/\/vosgesinfo.fr\/saintdieinfo\/#\/schema\/person\/faee6704a21f3977511db84bd1cd450f","name":"la r\u00e9daction","image":{"@type":"ImageObject","inLanguage":"fr-FR","@id":"https:\/\/vosgesinfo.fr\/saintdieinfo\/#\/schema\/person\/image\/","url":"https:\/\/secure.gravatar.com\/avatar\/6673d8bc6a9c17fa9a453eaa3448de834fa308c2ec9635b7aa99441a7c8d2cf6?s=96&d=mm&r=g","contentUrl":"https:\/\/secure.gravatar.com\/avatar\/6673d8bc6a9c17fa9a453eaa3448de834fa308c2ec9635b7aa99441a7c8d2cf6?s=96&d=mm&r=g","caption":"la r\u00e9daction"},"url":"https:\/\/vosgesinfo.fr\/saintdieinfo\/author\/redac\/"}]}},"_links":{"self":[{"href":"https:\/\/vosgesinfo.fr\/saintdieinfo\/wp-json\/wp\/v2\/posts\/42669","targetHints":{"allow":["GET"]}}],"collection":[{"href":"https:\/\/vosgesinfo.fr\/saintdieinfo\/wp-json\/wp\/v2\/posts"}],"about":[{"href":"https:\/\/vosgesinfo.fr\/saintdieinfo\/wp-json\/wp\/v2\/types\/post"}],"author":[{"embeddable":true,"href":"https:\/\/vosgesinfo.fr\/saintdieinfo\/wp-json\/wp\/v2\/users\/44"}],"replies":[{"embeddable":true,"href":"https:\/\/vosgesinfo.fr\/saintdieinfo\/wp-json\/wp\/v2\/comments?post=42669"}],"version-history":[{"count":0,"href":"https:\/\/vosgesinfo.fr\/saintdieinfo\/wp-json\/wp\/v2\/posts\/42669\/revisions"}],"wp:featuredmedia":[{"embeddable":true,"href":"https:\/\/vosgesinfo.fr\/saintdieinfo\/wp-json\/wp\/v2\/media\/42670"}],"wp:attachment":[{"href":"https:\/\/vosgesinfo.fr\/saintdieinfo\/wp-json\/wp\/v2\/media?parent=42669"}],"wp:term":[{"taxonomy":"category","embeddable":true,"href":"https:\/\/vosgesinfo.fr\/saintdieinfo\/wp-json\/wp\/v2\/categories?post=42669"},{"taxonomy":"post_tag","embeddable":true,"href":"https:\/\/vosgesinfo.fr\/saintdieinfo\/wp-json\/wp\/v2\/tags?post=42669"}],"curies":[{"name":"wp","href":"https:\/\/api.w.org\/{rel}","templated":true}]}}