{"id":42671,"date":"2021-08-30T13:49:07","date_gmt":"2021-08-30T11:49:07","guid":{"rendered":"https:\/\/vosgesinfo.fr\/saintdieinfo\/2021\/08\/fig-laureats-prix-amerigo-vespucci-2021\/"},"modified":"2021-08-30T13:49:07","modified_gmt":"2021-08-30T11:49:07","slug":"fig-laureats-prix-amerigo-vespucci-2021","status":"publish","type":"post","link":"https:\/\/vosgesinfo.fr\/saintdieinfo\/2021\/08\/fig-laureats-prix-amerigo-vespucci-2021\/","title":{"rendered":"FIG \u2013 Les laur\u00e9ats des prix Amerigo-Vespucci 2021"},"content":{"rendered":"<div id=\"attachment_171083\" style=\"width: 810px\" class=\"wp-caption aligncenter\"><a href=\"\/2021\/08\/Prix_Amerigo-Vespucci_2021.jpg\" target=\"_blank\" rel=\"noopener\"><img decoding=\"async\" aria-describedby=\"caption-attachment-171083\" class=\"wp-image-171083 size-full\" src=\"\/2021\/08\/Prix_Amerigo-Vespucci_2021.jpg\" alt=\"Prix_Amerigo-Vespucci_2021\" width=\"800\" height=\"400\" \/><\/a><p id=\"caption-attachment-171083\" class=\"wp-caption-text\">(Image Festival International de G\u00e9ographie de Saint-Di\u00e9-des-Vosges)<\/p><\/div>\n<h2><strong><span style=\"font-family: Calibri, sans-serif;\"><span style=\"font-size: large;\">Les prix Amerigo-Vespucci sont les prix litt\u00e9raires du Festival International de G\u00e9ographie de Saint-Di\u00e9-des-Vosges. Ils viennent chaque ann\u00e9e r\u00e9compenser des ouvrages portant sur le th\u00e8me de la g\u00e9ographie, de l&rsquo;aventure et du voyage.<\/span><\/span><\/strong><\/h2>\n<p><!--more--><\/p>\n<h3><strong><span style=\"font-family: Calibri, sans-serif;\"><span style=\"font-size: large;\">Apr\u00e8s avoir d\u00e9lib\u00e9r\u00e9, les membres du jury ont d\u00e9cern\u00e9 les 3 prix Amerigo-Vespucci le mercredi 25 ao\u00fbt, en fin de matin\u00e9e \u00e0 la Tour de la Libert\u00e9 :<\/span><\/span><\/strong><\/h3>\n<ul>\n<li><span style=\"font-family: Calibri, sans-serif;\"><span style=\"font-size: large;\">Prix Amerigo-Vespucci : \u00ab\u00a0Chaudun, la montagne bless\u00e9e\u00a0\u00bb de Luc Bronner, aux \u00e9ditions Seuil;<\/span><\/span><\/li>\n<li><span style=\"font-family: Calibri, sans-serif;\"><span style=\"font-size: large;\">Prix Amerigo-Vespucci Jeunesse : \u00ab\u00a0Je suis au monde\u00a0\u00bb de Julieta Canepa, Pierre Ducrozet et St\u00e9phane Kiehl, aux \u00e9ditions Actes Sud Junior;<\/span><\/span><\/li>\n<li><span style=\"font-family: Calibri, sans-serif;\"><span style=\"font-size: large;\">Prix Amerigo-Vespucci de la BD G\u00e9ographique : \u00ab\u00a0Cent mille ans\u00a0\u00bb de Pierre Bonneau, Gaspard d&rsquo;Allens et C\u00e9cile Guillard, aux \u00e9ditions Seuil, ex-aequo avec \u00ab\u00a0Roi du vent\u00a0\u00bb de Fabien Tillon et Ga\u00ebl Remise, aux \u00e9ditions La bo\u00eete \u00e0 bulles.<\/span><\/span><\/li>\n<\/ul>\n<p><span style=\"font-family: Calibri, sans-serif;\"><span style=\"font-size: large;\">Les laur\u00e9ats des diff\u00e9rents prix se verront remettre leurs r\u00e9compenses le samedi 2 octobre \u00e0 11h au Grand Salon de l&rsquo;H\u00f4tel de Ville, lors du 32\u00e8me Festival International de G\u00e9ographie.<\/span><\/span><\/p>\n<p>J.J.<\/p>\n","protected":false},"excerpt":{"rendered":"<p>Les prix Amerigo-Vespucci sont les prix litt\u00e9raires du Festival International de G\u00e9ographie de Saint-Di\u00e9-des-Vosges. Ils viennent chaque ann\u00e9e r\u00e9compenser des [&hellip;]<\/p>\n","protected":false},"author":44,"featured_media":42672,"comment_status":"open","ping_status":"open","sticky":false,"template":"","format":"standard","meta":{"footnotes":""},"categories":[460,7847,8090,2915],"tags":[8197,3082,3133],"class_list":["post-42671","post","type-post","status-publish","format-standard","has-post-thumbnail","hentry","category-a-la-une","category-art-culture","category-litterature","category-saint-die-son-canton","tag-32eme-festival-international-de-geographie-de-saint-die-des-vosges","tag-fig","tag-prix-amerigo-vespucci"],"acf":[],"yoast_head":"<!-- This site is optimized with the Yoast SEO plugin v22.5 - https:\/\/yoast.com\/wordpress\/plugins\/seo\/ -->\n<title>FIG \u2013 Les laur\u00e9ats des prix Amerigo-Vespucci 2021 - Saint Die Info<\/title>\n<meta name=\"robots\" content=\"index, follow, max-snippet:-1, max-image-preview:large, max-video-preview:-1\" \/>\n<link rel=\"canonical\" href=\"https:\/\/vosgesinfo.fr\/saintdieinfo\/2021\/08\/fig-laureats-prix-amerigo-vespucci-2021\/\" \/>\n<meta name=\"twitter:card\" content=\"summary_large_image\" \/>\n<meta name=\"twitter:title\" content=\"FIG \u2013 Les laur\u00e9ats des prix Amerigo-Vespucci 2021 - Saint Die Info\" \/>\n<meta name=\"twitter:description\" content=\"Les prix Amerigo-Vespucci sont les prix litt\u00e9raires du Festival International de G\u00e9ographie de Saint-Di\u00e9-des-Vosges. Ils viennent chaque ann\u00e9e r\u00e9compenser des [&hellip;]\" \/>\n<meta name=\"twitter:image\" content=\"https:\/\/vosgesinfo.fr\/app\/uploads\/sites\/4\/2024\/08\/202108prix-amerigo-vespucci-2021.jpg\" \/>\n<meta name=\"twitter:creator\" content=\"@VosgesInfo88\" \/>\n<meta name=\"twitter:site\" content=\"@VosgesInfo88\" \/>\n<meta name=\"twitter:label1\" content=\"\u00c9crit par\" \/>\n\t<meta name=\"twitter:data1\" content=\"la r\u00e9daction\" \/>\n\t<meta name=\"twitter:label2\" content=\"Dur\u00e9e de lecture estim\u00e9e\" \/>\n\t<meta name=\"twitter:data2\" content=\"1 minute\" \/>\n<script type=\"application\/ld+json\" class=\"yoast-schema-graph\">{\"@context\":\"https:\/\/schema.org\",\"@graph\":[{\"@type\":\"Article\",\"@id\":\"https:\/\/vosgesinfo.fr\/saintdieinfo\/2021\/08\/fig-laureats-prix-amerigo-vespucci-2021\/#article\",\"isPartOf\":{\"@id\":\"https:\/\/vosgesinfo.fr\/saintdieinfo\/2021\/08\/fig-laureats-prix-amerigo-vespucci-2021\/\"},\"author\":{\"name\":\"la r\u00e9daction\",\"@id\":\"https:\/\/vosgesinfo.fr\/saintdieinfo\/#\/schema\/person\/faee6704a21f3977511db84bd1cd450f\"},\"headline\":\"FIG \u2013 Les laur\u00e9ats des prix Amerigo-Vespucci 2021\",\"datePublished\":\"2021-08-30T11:49:07+00:00\",\"dateModified\":\"2021-08-30T11:49:07+00:00\",\"mainEntityOfPage\":{\"@id\":\"https:\/\/vosgesinfo.fr\/saintdieinfo\/2021\/08\/fig-laureats-prix-amerigo-vespucci-2021\/\"},\"wordCount\":205,\"commentCount\":0,\"publisher\":{\"@id\":\"https:\/\/vosgesinfo.fr\/saintdieinfo\/#organization\"},\"image\":{\"@id\":\"https:\/\/vosgesinfo.fr\/saintdieinfo\/2021\/08\/fig-laureats-prix-amerigo-vespucci-2021\/#primaryimage\"},\"thumbnailUrl\":\"https:\/\/vosgesinfo.fr\/app\/uploads\/sites\/4\/2024\/08\/202108prix-amerigo-vespucci-2021.jpg\",\"keywords\":[\"32\u00e8me Festival International de G\u00e9ographie de Saint-Di\u00e9-des-Vosges\",\"FIG\",\"Prix Amerigo-Vespucci\"],\"articleSection\":[\"A la Une\",\"Culture\",\"Litt\u00e9rature\",\"Saint-Di\u00e9-des-Vosges et son Agglom\u00e9ration\"],\"inLanguage\":\"fr-FR\",\"potentialAction\":[{\"@type\":\"CommentAction\",\"name\":\"Comment\",\"target\":[\"https:\/\/vosgesinfo.fr\/saintdieinfo\/2021\/08\/fig-laureats-prix-amerigo-vespucci-2021\/#respond\"]}]},{\"@type\":\"WebPage\",\"@id\":\"https:\/\/vosgesinfo.fr\/saintdieinfo\/2021\/08\/fig-laureats-prix-amerigo-vespucci-2021\/\",\"url\":\"https:\/\/vosgesinfo.fr\/saintdieinfo\/2021\/08\/fig-laureats-prix-amerigo-vespucci-2021\/\",\"name\":\"FIG \u2013 Les laur\u00e9ats des prix Amerigo-Vespucci 2021 - Saint Die Info\",\"isPartOf\":{\"@id\":\"https:\/\/vosgesinfo.fr\/saintdieinfo\/#website\"},\"primaryImageOfPage\":{\"@id\":\"https:\/\/vosgesinfo.fr\/saintdieinfo\/2021\/08\/fig-laureats-prix-amerigo-vespucci-2021\/#primaryimage\"},\"image\":{\"@id\":\"https:\/\/vosgesinfo.fr\/saintdieinfo\/2021\/08\/fig-laureats-prix-amerigo-vespucci-2021\/#primaryimage\"},\"thumbnailUrl\":\"https:\/\/vosgesinfo.fr\/app\/uploads\/sites\/4\/2024\/08\/202108prix-amerigo-vespucci-2021.jpg\",\"datePublished\":\"2021-08-30T11:49:07+00:00\",\"dateModified\":\"2021-08-30T11:49:07+00:00\",\"breadcrumb\":{\"@id\":\"https:\/\/vosgesinfo.fr\/saintdieinfo\/2021\/08\/fig-laureats-prix-amerigo-vespucci-2021\/#breadcrumb\"},\"inLanguage\":\"fr-FR\",\"potentialAction\":[{\"@type\":\"ReadAction\",\"target\":[\"https:\/\/vosgesinfo.fr\/saintdieinfo\/2021\/08\/fig-laureats-prix-amerigo-vespucci-2021\/\"]}]},{\"@type\":\"ImageObject\",\"inLanguage\":\"fr-FR\",\"@id\":\"https:\/\/vosgesinfo.fr\/saintdieinfo\/2021\/08\/fig-laureats-prix-amerigo-vespucci-2021\/#primaryimage\",\"url\":\"https:\/\/vosgesinfo.fr\/app\/uploads\/sites\/4\/2024\/08\/202108prix-amerigo-vespucci-2021.jpg\",\"contentUrl\":\"https:\/\/vosgesinfo.fr\/app\/uploads\/sites\/4\/2024\/08\/202108prix-amerigo-vespucci-2021.jpg\",\"width\":800,\"height\":400},{\"@type\":\"BreadcrumbList\",\"@id\":\"https:\/\/vosgesinfo.fr\/saintdieinfo\/2021\/08\/fig-laureats-prix-amerigo-vespucci-2021\/#breadcrumb\",\"itemListElement\":[{\"@type\":\"ListItem\",\"position\":1,\"name\":\"Home\",\"item\":\"https:\/\/vosgesinfo.fr\/saintdieinfo\/\"},{\"@type\":\"ListItem\",\"position\":2,\"name\":\"FIG \u2013 Les laur\u00e9ats des prix Amerigo-Vespucci 2021\"}]},{\"@type\":\"WebSite\",\"@id\":\"https:\/\/vosgesinfo.fr\/saintdieinfo\/#website\",\"url\":\"https:\/\/vosgesinfo.fr\/saintdieinfo\/\",\"name\":\"Saint Die Info\",\"description\":\"Toute l&#039;actualit\u00e9 de Saint-Di\u00e9-Des-Vosges\",\"publisher\":{\"@id\":\"https:\/\/vosgesinfo.fr\/saintdieinfo\/#organization\"},\"alternateName\":\"Toute l'actualit\u00e9 de Saint-Di\u00e9-Des-Vosges\",\"potentialAction\":[{\"@type\":\"SearchAction\",\"target\":{\"@type\":\"EntryPoint\",\"urlTemplate\":\"https:\/\/vosgesinfo.fr\/saintdieinfo\/?s={search_term_string}\"},\"query-input\":\"required name=search_term_string\"}],\"inLanguage\":\"fr-FR\"},{\"@type\":\"Organization\",\"@id\":\"https:\/\/vosgesinfo.fr\/saintdieinfo\/#organization\",\"name\":\"Saint Die Info\",\"url\":\"https:\/\/vosgesinfo.fr\/saintdieinfo\/\",\"logo\":{\"@type\":\"ImageObject\",\"inLanguage\":\"fr-FR\",\"@id\":\"https:\/\/vosgesinfo.fr\/saintdieinfo\/#\/schema\/logo\/image\/\",\"url\":\"https:\/\/vosgesinfo.fr\/app\/uploads\/sites\/4\/2024\/02\/logo-sdi.jpg\",\"contentUrl\":\"https:\/\/vosgesinfo.fr\/app\/uploads\/sites\/4\/2024\/02\/logo-sdi.jpg\",\"width\":600,\"height\":600,\"caption\":\"Saint Die Info\"},\"image\":{\"@id\":\"https:\/\/vosgesinfo.fr\/saintdieinfo\/#\/schema\/logo\/image\/\"},\"sameAs\":[\"https:\/\/www.facebook.com\/Saintdieinfofr\",\"https:\/\/x.com\/VosgesInfo88\",\"https:\/\/www.youtube.com\/@vosgesinfo\"]},{\"@type\":\"Person\",\"@id\":\"https:\/\/vosgesinfo.fr\/saintdieinfo\/#\/schema\/person\/faee6704a21f3977511db84bd1cd450f\",\"name\":\"la r\u00e9daction\",\"image\":{\"@type\":\"ImageObject\",\"inLanguage\":\"fr-FR\",\"@id\":\"https:\/\/vosgesinfo.fr\/saintdieinfo\/#\/schema\/person\/image\/\",\"url\":\"https:\/\/secure.gravatar.com\/avatar\/6673d8bc6a9c17fa9a453eaa3448de834fa308c2ec9635b7aa99441a7c8d2cf6?s=96&d=mm&r=g\",\"contentUrl\":\"https:\/\/secure.gravatar.com\/avatar\/6673d8bc6a9c17fa9a453eaa3448de834fa308c2ec9635b7aa99441a7c8d2cf6?s=96&d=mm&r=g\",\"caption\":\"la r\u00e9daction\"},\"url\":\"https:\/\/vosgesinfo.fr\/saintdieinfo\/author\/redac\/\"}]}<\/script>\n<!-- \/ Yoast SEO plugin. -->","yoast_head_json":{"title":"FIG \u2013 Les laur\u00e9ats des prix Amerigo-Vespucci 2021 - Saint Die Info","robots":{"index":"index","follow":"follow","max-snippet":"max-snippet:-1","max-image-preview":"max-image-preview:large","max-video-preview":"max-video-preview:-1"},"canonical":"https:\/\/vosgesinfo.fr\/saintdieinfo\/2021\/08\/fig-laureats-prix-amerigo-vespucci-2021\/","twitter_card":"summary_large_image","twitter_title":"FIG \u2013 Les laur\u00e9ats des prix Amerigo-Vespucci 2021 - Saint Die Info","twitter_description":"Les prix Amerigo-Vespucci sont les prix litt\u00e9raires du Festival International de G\u00e9ographie de Saint-Di\u00e9-des-Vosges. Ils viennent chaque ann\u00e9e r\u00e9compenser des [&hellip;]","twitter_image":"https:\/\/vosgesinfo.fr\/app\/uploads\/sites\/4\/2024\/08\/202108prix-amerigo-vespucci-2021.jpg","twitter_creator":"@VosgesInfo88","twitter_site":"@VosgesInfo88","twitter_misc":{"\u00c9crit par":"la r\u00e9daction","Dur\u00e9e de lecture estim\u00e9e":"1 minute"},"schema":{"@context":"https:\/\/schema.org","@graph":[{"@type":"Article","@id":"https:\/\/vosgesinfo.fr\/saintdieinfo\/2021\/08\/fig-laureats-prix-amerigo-vespucci-2021\/#article","isPartOf":{"@id":"https:\/\/vosgesinfo.fr\/saintdieinfo\/2021\/08\/fig-laureats-prix-amerigo-vespucci-2021\/"},"author":{"name":"la r\u00e9daction","@id":"https:\/\/vosgesinfo.fr\/saintdieinfo\/#\/schema\/person\/faee6704a21f3977511db84bd1cd450f"},"headline":"FIG \u2013 Les laur\u00e9ats des prix Amerigo-Vespucci 2021","datePublished":"2021-08-30T11:49:07+00:00","dateModified":"2021-08-30T11:49:07+00:00","mainEntityOfPage":{"@id":"https:\/\/vosgesinfo.fr\/saintdieinfo\/2021\/08\/fig-laureats-prix-amerigo-vespucci-2021\/"},"wordCount":205,"commentCount":0,"publisher":{"@id":"https:\/\/vosgesinfo.fr\/saintdieinfo\/#organization"},"image":{"@id":"https:\/\/vosgesinfo.fr\/saintdieinfo\/2021\/08\/fig-laureats-prix-amerigo-vespucci-2021\/#primaryimage"},"thumbnailUrl":"https:\/\/vosgesinfo.fr\/app\/uploads\/sites\/4\/2024\/08\/202108prix-amerigo-vespucci-2021.jpg","keywords":["32\u00e8me Festival International de G\u00e9ographie de Saint-Di\u00e9-des-Vosges","FIG","Prix Amerigo-Vespucci"],"articleSection":["A la Une","Culture","Litt\u00e9rature","Saint-Di\u00e9-des-Vosges et son Agglom\u00e9ration"],"inLanguage":"fr-FR","potentialAction":[{"@type":"CommentAction","name":"Comment","target":["https:\/\/vosgesinfo.fr\/saintdieinfo\/2021\/08\/fig-laureats-prix-amerigo-vespucci-2021\/#respond"]}]},{"@type":"WebPage","@id":"https:\/\/vosgesinfo.fr\/saintdieinfo\/2021\/08\/fig-laureats-prix-amerigo-vespucci-2021\/","url":"https:\/\/vosgesinfo.fr\/saintdieinfo\/2021\/08\/fig-laureats-prix-amerigo-vespucci-2021\/","name":"FIG \u2013 Les laur\u00e9ats des prix Amerigo-Vespucci 2021 - Saint Die Info","isPartOf":{"@id":"https:\/\/vosgesinfo.fr\/saintdieinfo\/#website"},"primaryImageOfPage":{"@id":"https:\/\/vosgesinfo.fr\/saintdieinfo\/2021\/08\/fig-laureats-prix-amerigo-vespucci-2021\/#primaryimage"},"image":{"@id":"https:\/\/vosgesinfo.fr\/saintdieinfo\/2021\/08\/fig-laureats-prix-amerigo-vespucci-2021\/#primaryimage"},"thumbnailUrl":"https:\/\/vosgesinfo.fr\/app\/uploads\/sites\/4\/2024\/08\/202108prix-amerigo-vespucci-2021.jpg","datePublished":"2021-08-30T11:49:07+00:00","dateModified":"2021-08-30T11:49:07+00:00","breadcrumb":{"@id":"https:\/\/vosgesinfo.fr\/saintdieinfo\/2021\/08\/fig-laureats-prix-amerigo-vespucci-2021\/#breadcrumb"},"inLanguage":"fr-FR","potentialAction":[{"@type":"ReadAction","target":["https:\/\/vosgesinfo.fr\/saintdieinfo\/2021\/08\/fig-laureats-prix-amerigo-vespucci-2021\/"]}]},{"@type":"ImageObject","inLanguage":"fr-FR","@id":"https:\/\/vosgesinfo.fr\/saintdieinfo\/2021\/08\/fig-laureats-prix-amerigo-vespucci-2021\/#primaryimage","url":"https:\/\/vosgesinfo.fr\/app\/uploads\/sites\/4\/2024\/08\/202108prix-amerigo-vespucci-2021.jpg","contentUrl":"https:\/\/vosgesinfo.fr\/app\/uploads\/sites\/4\/2024\/08\/202108prix-amerigo-vespucci-2021.jpg","width":800,"height":400},{"@type":"BreadcrumbList","@id":"https:\/\/vosgesinfo.fr\/saintdieinfo\/2021\/08\/fig-laureats-prix-amerigo-vespucci-2021\/#breadcrumb","itemListElement":[{"@type":"ListItem","position":1,"name":"Home","item":"https:\/\/vosgesinfo.fr\/saintdieinfo\/"},{"@type":"ListItem","position":2,"name":"FIG \u2013 Les laur\u00e9ats des prix Amerigo-Vespucci 2021"}]},{"@type":"WebSite","@id":"https:\/\/vosgesinfo.fr\/saintdieinfo\/#website","url":"https:\/\/vosgesinfo.fr\/saintdieinfo\/","name":"Saint Die Info","description":"Toute l&#039;actualit\u00e9 de Saint-Di\u00e9-Des-Vosges","publisher":{"@id":"https:\/\/vosgesinfo.fr\/saintdieinfo\/#organization"},"alternateName":"Toute l'actualit\u00e9 de Saint-Di\u00e9-Des-Vosges","potentialAction":[{"@type":"SearchAction","target":{"@type":"EntryPoint","urlTemplate":"https:\/\/vosgesinfo.fr\/saintdieinfo\/?s={search_term_string}"},"query-input":"required name=search_term_string"}],"inLanguage":"fr-FR"},{"@type":"Organization","@id":"https:\/\/vosgesinfo.fr\/saintdieinfo\/#organization","name":"Saint Die Info","url":"https:\/\/vosgesinfo.fr\/saintdieinfo\/","logo":{"@type":"ImageObject","inLanguage":"fr-FR","@id":"https:\/\/vosgesinfo.fr\/saintdieinfo\/#\/schema\/logo\/image\/","url":"https:\/\/vosgesinfo.fr\/app\/uploads\/sites\/4\/2024\/02\/logo-sdi.jpg","contentUrl":"https:\/\/vosgesinfo.fr\/app\/uploads\/sites\/4\/2024\/02\/logo-sdi.jpg","width":600,"height":600,"caption":"Saint Die Info"},"image":{"@id":"https:\/\/vosgesinfo.fr\/saintdieinfo\/#\/schema\/logo\/image\/"},"sameAs":["https:\/\/www.facebook.com\/Saintdieinfofr","https:\/\/x.com\/VosgesInfo88","https:\/\/www.youtube.com\/@vosgesinfo"]},{"@type":"Person","@id":"https:\/\/vosgesinfo.fr\/saintdieinfo\/#\/schema\/person\/faee6704a21f3977511db84bd1cd450f","name":"la r\u00e9daction","image":{"@type":"ImageObject","inLanguage":"fr-FR","@id":"https:\/\/vosgesinfo.fr\/saintdieinfo\/#\/schema\/person\/image\/","url":"https:\/\/secure.gravatar.com\/avatar\/6673d8bc6a9c17fa9a453eaa3448de834fa308c2ec9635b7aa99441a7c8d2cf6?s=96&d=mm&r=g","contentUrl":"https:\/\/secure.gravatar.com\/avatar\/6673d8bc6a9c17fa9a453eaa3448de834fa308c2ec9635b7aa99441a7c8d2cf6?s=96&d=mm&r=g","caption":"la r\u00e9daction"},"url":"https:\/\/vosgesinfo.fr\/saintdieinfo\/author\/redac\/"}]}},"_links":{"self":[{"href":"https:\/\/vosgesinfo.fr\/saintdieinfo\/wp-json\/wp\/v2\/posts\/42671","targetHints":{"allow":["GET"]}}],"collection":[{"href":"https:\/\/vosgesinfo.fr\/saintdieinfo\/wp-json\/wp\/v2\/posts"}],"about":[{"href":"https:\/\/vosgesinfo.fr\/saintdieinfo\/wp-json\/wp\/v2\/types\/post"}],"author":[{"embeddable":true,"href":"https:\/\/vosgesinfo.fr\/saintdieinfo\/wp-json\/wp\/v2\/users\/44"}],"replies":[{"embeddable":true,"href":"https:\/\/vosgesinfo.fr\/saintdieinfo\/wp-json\/wp\/v2\/comments?post=42671"}],"version-history":[{"count":0,"href":"https:\/\/vosgesinfo.fr\/saintdieinfo\/wp-json\/wp\/v2\/posts\/42671\/revisions"}],"wp:featuredmedia":[{"embeddable":true,"href":"https:\/\/vosgesinfo.fr\/saintdieinfo\/wp-json\/wp\/v2\/media\/42672"}],"wp:attachment":[{"href":"https:\/\/vosgesinfo.fr\/saintdieinfo\/wp-json\/wp\/v2\/media?parent=42671"}],"wp:term":[{"taxonomy":"category","embeddable":true,"href":"https:\/\/vosgesinfo.fr\/saintdieinfo\/wp-json\/wp\/v2\/categories?post=42671"},{"taxonomy":"post_tag","embeddable":true,"href":"https:\/\/vosgesinfo.fr\/saintdieinfo\/wp-json\/wp\/v2\/tags?post=42671"}],"curies":[{"name":"wp","href":"https:\/\/api.w.org\/{rel}","templated":true}]}}