{"id":42745,"date":"2021-09-02T10:46:14","date_gmt":"2021-09-02T08:46:14","guid":{"rendered":"https:\/\/vosgesinfo.fr\/saintdieinfo\/2021\/09\/1er-appart-mode-demploi\/"},"modified":"2021-09-02T10:46:14","modified_gmt":"2021-09-02T08:46:14","slug":"1er-appart-mode-demploi","status":"publish","type":"post","link":"https:\/\/vosgesinfo.fr\/saintdieinfo\/2021\/09\/1er-appart-mode-demploi\/","title":{"rendered":"Mon 1er appart : mode d\u2019emploi"},"content":{"rendered":"<div id=\"attachment_171195\" style=\"width: 810px\" class=\"wp-caption aligncenter\"><a href=\"\/2021\/09\/MON_1ER_APPART.jpg\" target=\"_blank\" rel=\"noopener\"><img decoding=\"async\" aria-describedby=\"caption-attachment-171195\" class=\"wp-image-171195 size-full\" src=\"\/2021\/09\/MON_1ER_APPART.jpg\" alt=\"MON_1ER_APPART\" width=\"800\" height=\"450\" \/><\/a><p id=\"caption-attachment-171195\" class=\"wp-caption-text\">(Photographie Conseil D\u00e9partemental des Vosges)<\/p><\/div>\n<h2><strong><span style=\"font-size: 14pt;\">C\u2019est la rentr\u00e9e, certains quittent le nid parental pour s\u2019installer dans leur propre logement. Seulement, les d\u00e9marches peuvent devenir un vrai casse-t\u00eate. Pour aider les jeunes qui passent par-l\u00e0, le <a href=\"https:\/\/vosges.fr\" target=\"_blank\" rel=\"noopener\">Conseil D\u00e9partemental<\/a> a mis en place le guide\u00a0\u00ab\u00a0<a href=\"https:\/\/www.vosges.fr\/dispositifs\/jeune\/articleid\/1643\/guide-mon-1er-appart-mode-demploi\" target=\"_blank\" rel=\"noopener\">mon 1<sup>er<\/sup> appart\u2019\u00a0: mode d\u2019emploi<\/a>\u00a0\u00bb.<\/span> <\/strong><\/h2>\n<p><!--more--><\/p>\n<p><strong>Le guide \u00ab\u00a0mon 1<sup>er<\/sup> appart\u00a0: mode d\u2019emploi\u00a0\u00bb<\/strong> r\u00e9unit toutes les informations utiles et n\u00e9cessaires pour acc\u00e9der \u00e0 son 1<sup>er<\/sup> logement. A travers cette op\u00e9ration, le D\u00e9partement veut aider les jeunes dans leur recherche du logement. Gr\u00e2ce \u00e0 ce guide, les futurs locataires auront une id\u00e9e des d\u00e9marches, de leurs droits et obligations. De plus, il propose les contacts de diff\u00e9rents organismes qui peuvent donner une aide suppl\u00e9mentaire. Dans un premier temps, ce guide \u00e9tait destin\u00e9 aux jeunes. Mais au final, il s\u2019adresse \u00e0 toute personne voulant louer un logement.<\/p>\n<p>Ce guide pratique, \u00e0 retrouver <strong><a href=\"https:\/\/vosges.fr\/Portals\/1\/xNews\/uploads\/2019\/2\/14\/Mon1erappartmoded'emploi_Bassed\u00e9f.pdf\" target=\"_blank\" rel=\"noopener\">ici<\/a><\/strong>, se d\u00e9coupe en 7 fiches actions pour accompagner le jeune bailleur tout au long de sa d\u00e9marche.<\/p>\n<p><strong><u>Etape N\u00b01\u00a0:<\/u> Trouver un appartement <\/strong><\/p>\n<p>C\u2019est la premi\u00e8re \u00e9tape pour quitter le cocon familial, et pourtant ce n\u2019est pas forc\u00e9ment la plus facile. Cette premi\u00e8re fiche action explique comment le futur locataire peut trouver un logement via internet, des agences ou encore des panneaux d\u2019affichages dans la rue. Ensuite, le guide explique les diff\u00e9rentes d\u00e9marches que le jeune peut rencontrer lorsqu\u2019il trouve un appartement qui lui plait.<\/p>\n<p><strong><u>Etape N\u00b02\u00a0:<\/u> Les questions pendant la visite<\/strong><\/p>\n<p>Apr\u00e8s avoir trouv\u00e9 un appartement qui lui plait, le futur locataire doit le visiter. A ce moment-l\u00e0, il doit se questionner lui, et questionner le propri\u00e9taire au sujet du logement\u00a0: est-il bien plac\u00e9 par rapport \u00e0 mon travail\/\u00e9cole\u00a0? Est-ce qu\u2019il n\u2019est pas trop \u00e9nergivore\u00a0? etc. Il \u00e9tait important que le locataire ait toutes les informations en main avant de prendre une d\u00e9cision.<\/p>\n<p><strong><u>Etape N\u00b03\u00a0:<\/u> L\u2019appartement est choisi<\/strong><\/p>\n<p>Apr\u00e8s avoir fait son choix, le locataire va devoir payer le d\u00e9p\u00f4t de garantie, donner une caution si besoin est\u2026 Cette troisi\u00e8me rubrique r\u00e9pond \u00e0 la question\u00a0: \u00ab\u00a0je fais quoi, je paie quoi et comment\u00a0?\u00a0\u00bb. Elle propose \u00e9galement des aides pour le d\u00e9p\u00f4t de garantie, pour trouver une caution et encore pour payer le loyer (<u>ex\u00a0:<\/u> APL).<\/p>\n<p><strong><u>Etape N\u00b04\u00a0:<\/u> Le bail et l\u2019\u00e9tat des lieux<\/strong><\/p>\n<p>Derni\u00e8re \u00e9tape avant d\u2019investir l\u2019appartement\u00a0: le bail et l\u2019\u00e9tat des lieux. Cette quatri\u00e8me fiche action explique ce que sont le bail et l\u2019\u00e9tat des lieux, \u00e0 quoi cela sert et comment cela se passe.<\/p>\n<p><strong><u>Etape N\u00b05\u00a0:<\/u> Dans l\u2019appartement<\/strong><\/p>\n<p>\u00c7a y est, le bail est sign\u00e9 et la locataire a enfin investi son nouveau logement. La 5<sup>\u00e8me<\/sup> rubrique va alors \u00eatre tr\u00e8s utile. Elle explique ce qui se passe un fois install\u00e9\u00a0: loyer, montant des charges, moyen de paiement\u2026 Des conseils sont \u00e9galement donn\u00e9s aux personnes qui ont des difficult\u00e9s \u00e0 payer leur loyer\u00a0: aide \u00e0 g\u00e9rer le budget et contact des organismes comp\u00e9tents.<\/p>\n<p><strong><u>Etape N\u00b06\u00a0:<\/u> Les obligations et les droits<\/strong><\/p>\n<p>Dans cette avant derni\u00e8re fiche action, tous les droits et les devoirs du locataire et du propri\u00e9taire sont list\u00e9s\u00a0: avoir le droit \u00e0 un appartement salubre, payer ses loyers\u2026<\/p>\n<p><strong><u>Etape N\u00b07\u00a0:<\/u> Quitter l\u2019appartement<\/strong><\/p>\n<p>Si le locataire commence \u00e0 se sentir \u00e0 l\u2019\u00e9troit dans son logement, il peut le quitter. C\u2019est l\u00e0 qu\u2019intervient cette derni\u00e8re \u00e9tape. On y retrouve tous les conseils pour finaliser les d\u00e9marches de d\u00e9part\u00a0: pr\u00e9avis, \u00e9tat des lieux, restitution du d\u00e9p\u00f4t de garantie\u2026<\/p>\n","protected":false},"excerpt":{"rendered":"<p>C\u2019est la rentr\u00e9e, certains quittent le nid parental pour s\u2019installer dans leur propre logement. Seulement, les d\u00e9marches peuvent devenir un [&hellip;]<\/p>\n","protected":false},"author":44,"featured_media":42746,"comment_status":"open","ping_status":"open","sticky":false,"template":"","format":"standard","meta":{"footnotes":""},"categories":[460,18],"tags":[529,8717],"class_list":["post-42745","post","type-post","status-publish","format-standard","has-post-thumbnail","hentry","category-a-la-une","category-vosges","tag-conseil-departemental-des-vosges","tag-mon-1er-appart"],"acf":[],"yoast_head":"<!-- This site is optimized with the Yoast SEO plugin v22.5 - https:\/\/yoast.com\/wordpress\/plugins\/seo\/ -->\n<title>Mon 1er appart : mode d\u2019emploi - Saint Die Info<\/title>\n<meta name=\"robots\" content=\"index, follow, max-snippet:-1, max-image-preview:large, max-video-preview:-1\" \/>\n<link rel=\"canonical\" href=\"https:\/\/vosgesinfo.fr\/saintdieinfo\/2021\/09\/1er-appart-mode-demploi\/\" \/>\n<meta name=\"twitter:card\" content=\"summary_large_image\" \/>\n<meta name=\"twitter:title\" content=\"Mon 1er appart : mode d\u2019emploi - Saint Die Info\" \/>\n<meta name=\"twitter:description\" content=\"C\u2019est la rentr\u00e9e, certains quittent le nid parental pour s\u2019installer dans leur propre logement. Seulement, les d\u00e9marches peuvent devenir un [&hellip;]\" \/>\n<meta name=\"twitter:image\" content=\"https:\/\/vosgesinfo.fr\/app\/uploads\/sites\/4\/2024\/08\/202109mon-1er-appart-1.jpg\" \/>\n<meta name=\"twitter:creator\" content=\"@VosgesInfo88\" \/>\n<meta name=\"twitter:site\" content=\"@VosgesInfo88\" \/>\n<meta name=\"twitter:label1\" content=\"\u00c9crit par\" \/>\n\t<meta name=\"twitter:data1\" content=\"la r\u00e9daction\" \/>\n\t<meta name=\"twitter:label2\" content=\"Dur\u00e9e de lecture estim\u00e9e\" \/>\n\t<meta name=\"twitter:data2\" content=\"3 minutes\" \/>\n<script type=\"application\/ld+json\" class=\"yoast-schema-graph\">{\"@context\":\"https:\/\/schema.org\",\"@graph\":[{\"@type\":\"Article\",\"@id\":\"https:\/\/vosgesinfo.fr\/saintdieinfo\/2021\/09\/1er-appart-mode-demploi\/#article\",\"isPartOf\":{\"@id\":\"https:\/\/vosgesinfo.fr\/saintdieinfo\/2021\/09\/1er-appart-mode-demploi\/\"},\"author\":{\"name\":\"la r\u00e9daction\",\"@id\":\"https:\/\/vosgesinfo.fr\/saintdieinfo\/#\/schema\/person\/faee6704a21f3977511db84bd1cd450f\"},\"headline\":\"Mon 1er appart : mode d\u2019emploi\",\"datePublished\":\"2021-09-02T08:46:14+00:00\",\"dateModified\":\"2021-09-02T08:46:14+00:00\",\"mainEntityOfPage\":{\"@id\":\"https:\/\/vosgesinfo.fr\/saintdieinfo\/2021\/09\/1er-appart-mode-demploi\/\"},\"wordCount\":623,\"commentCount\":0,\"publisher\":{\"@id\":\"https:\/\/vosgesinfo.fr\/saintdieinfo\/#organization\"},\"image\":{\"@id\":\"https:\/\/vosgesinfo.fr\/saintdieinfo\/2021\/09\/1er-appart-mode-demploi\/#primaryimage\"},\"thumbnailUrl\":\"https:\/\/vosgesinfo.fr\/app\/uploads\/sites\/4\/2024\/08\/202109mon-1er-appart-1.jpg\",\"keywords\":[\"Conseil d\u00e9partemental des Vosges\",\"Mon 1er appart\"],\"articleSection\":[\"A la Une\",\"Vosges\"],\"inLanguage\":\"fr-FR\",\"potentialAction\":[{\"@type\":\"CommentAction\",\"name\":\"Comment\",\"target\":[\"https:\/\/vosgesinfo.fr\/saintdieinfo\/2021\/09\/1er-appart-mode-demploi\/#respond\"]}]},{\"@type\":\"WebPage\",\"@id\":\"https:\/\/vosgesinfo.fr\/saintdieinfo\/2021\/09\/1er-appart-mode-demploi\/\",\"url\":\"https:\/\/vosgesinfo.fr\/saintdieinfo\/2021\/09\/1er-appart-mode-demploi\/\",\"name\":\"Mon 1er appart : mode d\u2019emploi - Saint Die Info\",\"isPartOf\":{\"@id\":\"https:\/\/vosgesinfo.fr\/saintdieinfo\/#website\"},\"primaryImageOfPage\":{\"@id\":\"https:\/\/vosgesinfo.fr\/saintdieinfo\/2021\/09\/1er-appart-mode-demploi\/#primaryimage\"},\"image\":{\"@id\":\"https:\/\/vosgesinfo.fr\/saintdieinfo\/2021\/09\/1er-appart-mode-demploi\/#primaryimage\"},\"thumbnailUrl\":\"https:\/\/vosgesinfo.fr\/app\/uploads\/sites\/4\/2024\/08\/202109mon-1er-appart-1.jpg\",\"datePublished\":\"2021-09-02T08:46:14+00:00\",\"dateModified\":\"2021-09-02T08:46:14+00:00\",\"breadcrumb\":{\"@id\":\"https:\/\/vosgesinfo.fr\/saintdieinfo\/2021\/09\/1er-appart-mode-demploi\/#breadcrumb\"},\"inLanguage\":\"fr-FR\",\"potentialAction\":[{\"@type\":\"ReadAction\",\"target\":[\"https:\/\/vosgesinfo.fr\/saintdieinfo\/2021\/09\/1er-appart-mode-demploi\/\"]}]},{\"@type\":\"ImageObject\",\"inLanguage\":\"fr-FR\",\"@id\":\"https:\/\/vosgesinfo.fr\/saintdieinfo\/2021\/09\/1er-appart-mode-demploi\/#primaryimage\",\"url\":\"https:\/\/vosgesinfo.fr\/app\/uploads\/sites\/4\/2024\/08\/202109mon-1er-appart-1.jpg\",\"contentUrl\":\"https:\/\/vosgesinfo.fr\/app\/uploads\/sites\/4\/2024\/08\/202109mon-1er-appart-1.jpg\",\"width\":800,\"height\":450},{\"@type\":\"BreadcrumbList\",\"@id\":\"https:\/\/vosgesinfo.fr\/saintdieinfo\/2021\/09\/1er-appart-mode-demploi\/#breadcrumb\",\"itemListElement\":[{\"@type\":\"ListItem\",\"position\":1,\"name\":\"Home\",\"item\":\"https:\/\/vosgesinfo.fr\/saintdieinfo\/\"},{\"@type\":\"ListItem\",\"position\":2,\"name\":\"Mon 1er appart : mode d\u2019emploi\"}]},{\"@type\":\"WebSite\",\"@id\":\"https:\/\/vosgesinfo.fr\/saintdieinfo\/#website\",\"url\":\"https:\/\/vosgesinfo.fr\/saintdieinfo\/\",\"name\":\"Saint Die Info\",\"description\":\"Toute l&#039;actualit\u00e9 de Saint-Di\u00e9-Des-Vosges\",\"publisher\":{\"@id\":\"https:\/\/vosgesinfo.fr\/saintdieinfo\/#organization\"},\"alternateName\":\"Toute l'actualit\u00e9 de Saint-Di\u00e9-Des-Vosges\",\"potentialAction\":[{\"@type\":\"SearchAction\",\"target\":{\"@type\":\"EntryPoint\",\"urlTemplate\":\"https:\/\/vosgesinfo.fr\/saintdieinfo\/?s={search_term_string}\"},\"query-input\":\"required name=search_term_string\"}],\"inLanguage\":\"fr-FR\"},{\"@type\":\"Organization\",\"@id\":\"https:\/\/vosgesinfo.fr\/saintdieinfo\/#organization\",\"name\":\"Saint Die Info\",\"url\":\"https:\/\/vosgesinfo.fr\/saintdieinfo\/\",\"logo\":{\"@type\":\"ImageObject\",\"inLanguage\":\"fr-FR\",\"@id\":\"https:\/\/vosgesinfo.fr\/saintdieinfo\/#\/schema\/logo\/image\/\",\"url\":\"https:\/\/vosgesinfo.fr\/app\/uploads\/sites\/4\/2024\/02\/logo-sdi.jpg\",\"contentUrl\":\"https:\/\/vosgesinfo.fr\/app\/uploads\/sites\/4\/2024\/02\/logo-sdi.jpg\",\"width\":600,\"height\":600,\"caption\":\"Saint Die Info\"},\"image\":{\"@id\":\"https:\/\/vosgesinfo.fr\/saintdieinfo\/#\/schema\/logo\/image\/\"},\"sameAs\":[\"https:\/\/www.facebook.com\/Saintdieinfofr\",\"https:\/\/x.com\/VosgesInfo88\",\"https:\/\/www.youtube.com\/@vosgesinfo\"]},{\"@type\":\"Person\",\"@id\":\"https:\/\/vosgesinfo.fr\/saintdieinfo\/#\/schema\/person\/faee6704a21f3977511db84bd1cd450f\",\"name\":\"la r\u00e9daction\",\"image\":{\"@type\":\"ImageObject\",\"inLanguage\":\"fr-FR\",\"@id\":\"https:\/\/vosgesinfo.fr\/saintdieinfo\/#\/schema\/person\/image\/\",\"url\":\"https:\/\/secure.gravatar.com\/avatar\/6673d8bc6a9c17fa9a453eaa3448de834fa308c2ec9635b7aa99441a7c8d2cf6?s=96&d=mm&r=g\",\"contentUrl\":\"https:\/\/secure.gravatar.com\/avatar\/6673d8bc6a9c17fa9a453eaa3448de834fa308c2ec9635b7aa99441a7c8d2cf6?s=96&d=mm&r=g\",\"caption\":\"la r\u00e9daction\"},\"url\":\"https:\/\/vosgesinfo.fr\/saintdieinfo\/author\/redac\/\"}]}<\/script>\n<!-- \/ Yoast SEO plugin. -->","yoast_head_json":{"title":"Mon 1er appart : mode d\u2019emploi - Saint Die Info","robots":{"index":"index","follow":"follow","max-snippet":"max-snippet:-1","max-image-preview":"max-image-preview:large","max-video-preview":"max-video-preview:-1"},"canonical":"https:\/\/vosgesinfo.fr\/saintdieinfo\/2021\/09\/1er-appart-mode-demploi\/","twitter_card":"summary_large_image","twitter_title":"Mon 1er appart : mode d\u2019emploi - Saint Die Info","twitter_description":"C\u2019est la rentr\u00e9e, certains quittent le nid parental pour s\u2019installer dans leur propre logement. Seulement, les d\u00e9marches peuvent devenir un [&hellip;]","twitter_image":"https:\/\/vosgesinfo.fr\/app\/uploads\/sites\/4\/2024\/08\/202109mon-1er-appart-1.jpg","twitter_creator":"@VosgesInfo88","twitter_site":"@VosgesInfo88","twitter_misc":{"\u00c9crit par":"la r\u00e9daction","Dur\u00e9e de lecture estim\u00e9e":"3 minutes"},"schema":{"@context":"https:\/\/schema.org","@graph":[{"@type":"Article","@id":"https:\/\/vosgesinfo.fr\/saintdieinfo\/2021\/09\/1er-appart-mode-demploi\/#article","isPartOf":{"@id":"https:\/\/vosgesinfo.fr\/saintdieinfo\/2021\/09\/1er-appart-mode-demploi\/"},"author":{"name":"la r\u00e9daction","@id":"https:\/\/vosgesinfo.fr\/saintdieinfo\/#\/schema\/person\/faee6704a21f3977511db84bd1cd450f"},"headline":"Mon 1er appart : mode d\u2019emploi","datePublished":"2021-09-02T08:46:14+00:00","dateModified":"2021-09-02T08:46:14+00:00","mainEntityOfPage":{"@id":"https:\/\/vosgesinfo.fr\/saintdieinfo\/2021\/09\/1er-appart-mode-demploi\/"},"wordCount":623,"commentCount":0,"publisher":{"@id":"https:\/\/vosgesinfo.fr\/saintdieinfo\/#organization"},"image":{"@id":"https:\/\/vosgesinfo.fr\/saintdieinfo\/2021\/09\/1er-appart-mode-demploi\/#primaryimage"},"thumbnailUrl":"https:\/\/vosgesinfo.fr\/app\/uploads\/sites\/4\/2024\/08\/202109mon-1er-appart-1.jpg","keywords":["Conseil d\u00e9partemental des Vosges","Mon 1er appart"],"articleSection":["A la Une","Vosges"],"inLanguage":"fr-FR","potentialAction":[{"@type":"CommentAction","name":"Comment","target":["https:\/\/vosgesinfo.fr\/saintdieinfo\/2021\/09\/1er-appart-mode-demploi\/#respond"]}]},{"@type":"WebPage","@id":"https:\/\/vosgesinfo.fr\/saintdieinfo\/2021\/09\/1er-appart-mode-demploi\/","url":"https:\/\/vosgesinfo.fr\/saintdieinfo\/2021\/09\/1er-appart-mode-demploi\/","name":"Mon 1er appart : mode d\u2019emploi - Saint Die Info","isPartOf":{"@id":"https:\/\/vosgesinfo.fr\/saintdieinfo\/#website"},"primaryImageOfPage":{"@id":"https:\/\/vosgesinfo.fr\/saintdieinfo\/2021\/09\/1er-appart-mode-demploi\/#primaryimage"},"image":{"@id":"https:\/\/vosgesinfo.fr\/saintdieinfo\/2021\/09\/1er-appart-mode-demploi\/#primaryimage"},"thumbnailUrl":"https:\/\/vosgesinfo.fr\/app\/uploads\/sites\/4\/2024\/08\/202109mon-1er-appart-1.jpg","datePublished":"2021-09-02T08:46:14+00:00","dateModified":"2021-09-02T08:46:14+00:00","breadcrumb":{"@id":"https:\/\/vosgesinfo.fr\/saintdieinfo\/2021\/09\/1er-appart-mode-demploi\/#breadcrumb"},"inLanguage":"fr-FR","potentialAction":[{"@type":"ReadAction","target":["https:\/\/vosgesinfo.fr\/saintdieinfo\/2021\/09\/1er-appart-mode-demploi\/"]}]},{"@type":"ImageObject","inLanguage":"fr-FR","@id":"https:\/\/vosgesinfo.fr\/saintdieinfo\/2021\/09\/1er-appart-mode-demploi\/#primaryimage","url":"https:\/\/vosgesinfo.fr\/app\/uploads\/sites\/4\/2024\/08\/202109mon-1er-appart-1.jpg","contentUrl":"https:\/\/vosgesinfo.fr\/app\/uploads\/sites\/4\/2024\/08\/202109mon-1er-appart-1.jpg","width":800,"height":450},{"@type":"BreadcrumbList","@id":"https:\/\/vosgesinfo.fr\/saintdieinfo\/2021\/09\/1er-appart-mode-demploi\/#breadcrumb","itemListElement":[{"@type":"ListItem","position":1,"name":"Home","item":"https:\/\/vosgesinfo.fr\/saintdieinfo\/"},{"@type":"ListItem","position":2,"name":"Mon 1er appart : mode d\u2019emploi"}]},{"@type":"WebSite","@id":"https:\/\/vosgesinfo.fr\/saintdieinfo\/#website","url":"https:\/\/vosgesinfo.fr\/saintdieinfo\/","name":"Saint Die Info","description":"Toute l&#039;actualit\u00e9 de Saint-Di\u00e9-Des-Vosges","publisher":{"@id":"https:\/\/vosgesinfo.fr\/saintdieinfo\/#organization"},"alternateName":"Toute l'actualit\u00e9 de Saint-Di\u00e9-Des-Vosges","potentialAction":[{"@type":"SearchAction","target":{"@type":"EntryPoint","urlTemplate":"https:\/\/vosgesinfo.fr\/saintdieinfo\/?s={search_term_string}"},"query-input":"required name=search_term_string"}],"inLanguage":"fr-FR"},{"@type":"Organization","@id":"https:\/\/vosgesinfo.fr\/saintdieinfo\/#organization","name":"Saint Die Info","url":"https:\/\/vosgesinfo.fr\/saintdieinfo\/","logo":{"@type":"ImageObject","inLanguage":"fr-FR","@id":"https:\/\/vosgesinfo.fr\/saintdieinfo\/#\/schema\/logo\/image\/","url":"https:\/\/vosgesinfo.fr\/app\/uploads\/sites\/4\/2024\/02\/logo-sdi.jpg","contentUrl":"https:\/\/vosgesinfo.fr\/app\/uploads\/sites\/4\/2024\/02\/logo-sdi.jpg","width":600,"height":600,"caption":"Saint Die Info"},"image":{"@id":"https:\/\/vosgesinfo.fr\/saintdieinfo\/#\/schema\/logo\/image\/"},"sameAs":["https:\/\/www.facebook.com\/Saintdieinfofr","https:\/\/x.com\/VosgesInfo88","https:\/\/www.youtube.com\/@vosgesinfo"]},{"@type":"Person","@id":"https:\/\/vosgesinfo.fr\/saintdieinfo\/#\/schema\/person\/faee6704a21f3977511db84bd1cd450f","name":"la r\u00e9daction","image":{"@type":"ImageObject","inLanguage":"fr-FR","@id":"https:\/\/vosgesinfo.fr\/saintdieinfo\/#\/schema\/person\/image\/","url":"https:\/\/secure.gravatar.com\/avatar\/6673d8bc6a9c17fa9a453eaa3448de834fa308c2ec9635b7aa99441a7c8d2cf6?s=96&d=mm&r=g","contentUrl":"https:\/\/secure.gravatar.com\/avatar\/6673d8bc6a9c17fa9a453eaa3448de834fa308c2ec9635b7aa99441a7c8d2cf6?s=96&d=mm&r=g","caption":"la r\u00e9daction"},"url":"https:\/\/vosgesinfo.fr\/saintdieinfo\/author\/redac\/"}]}},"_links":{"self":[{"href":"https:\/\/vosgesinfo.fr\/saintdieinfo\/wp-json\/wp\/v2\/posts\/42745","targetHints":{"allow":["GET"]}}],"collection":[{"href":"https:\/\/vosgesinfo.fr\/saintdieinfo\/wp-json\/wp\/v2\/posts"}],"about":[{"href":"https:\/\/vosgesinfo.fr\/saintdieinfo\/wp-json\/wp\/v2\/types\/post"}],"author":[{"embeddable":true,"href":"https:\/\/vosgesinfo.fr\/saintdieinfo\/wp-json\/wp\/v2\/users\/44"}],"replies":[{"embeddable":true,"href":"https:\/\/vosgesinfo.fr\/saintdieinfo\/wp-json\/wp\/v2\/comments?post=42745"}],"version-history":[{"count":0,"href":"https:\/\/vosgesinfo.fr\/saintdieinfo\/wp-json\/wp\/v2\/posts\/42745\/revisions"}],"wp:featuredmedia":[{"embeddable":true,"href":"https:\/\/vosgesinfo.fr\/saintdieinfo\/wp-json\/wp\/v2\/media\/42746"}],"wp:attachment":[{"href":"https:\/\/vosgesinfo.fr\/saintdieinfo\/wp-json\/wp\/v2\/media?parent=42745"}],"wp:term":[{"taxonomy":"category","embeddable":true,"href":"https:\/\/vosgesinfo.fr\/saintdieinfo\/wp-json\/wp\/v2\/categories?post=42745"},{"taxonomy":"post_tag","embeddable":true,"href":"https:\/\/vosgesinfo.fr\/saintdieinfo\/wp-json\/wp\/v2\/tags?post=42745"}],"curies":[{"name":"wp","href":"https:\/\/api.w.org\/{rel}","templated":true}]}}