{"id":42958,"date":"2021-09-08T13:17:46","date_gmt":"2021-09-08T11:17:46","guid":{"rendered":"https:\/\/vosgesinfo.fr\/saintdieinfo\/2021\/09\/grande-braderie-de-saint-die-vosges-de-retour\/"},"modified":"2021-09-08T13:17:46","modified_gmt":"2021-09-08T11:17:46","slug":"grande-braderie-de-saint-die-vosges-de-retour","status":"publish","type":"post","link":"https:\/\/vosgesinfo.fr\/saintdieinfo\/2021\/09\/grande-braderie-de-saint-die-vosges-de-retour\/","title":{"rendered":"La Grande Braderie de Saint-Di\u00e9-des-Vosges est de retour !"},"content":{"rendered":"<p><a href=\"\/2021\/09\/Pr\u00e9sentation_70\u00e8me_Grande_Braderie_SDDV.jpg\" target=\"_blank\" rel=\"noopener\"><img decoding=\"async\" class=\"aligncenter wp-image-171527 size-full\" src=\"\/2021\/09\/Pr\u00e9sentation_70\u00e8me_Grande_Braderie_SDDV.jpg\" alt=\"Pr\u00e9sentation_70\u00e8me_Grande_Braderie_SDDV\" width=\"800\" height=\"600\" \/><\/a><\/p>\n<h2><span style=\"font-size: 14pt;\"><strong><span style=\"font-family: Calibri, sans-serif;\">V\u00e9ritable institution, la Grande Braderie de Saint-Di\u00e9-des-Vosges avait du \u00eatre exceptionnellement annul\u00e9e l&rsquo;an pass\u00e9 en raison de la crise sanitaire. Ce ne sera pas le cas cette ann\u00e9e, puisque la Grande Braderie sera de retour le dimanche 19 septembre pour une 70\u00e8me \u00e9dition.<\/span><\/strong><\/span><\/h2>\n<p><!--more--><\/p>\n<p><span style=\"font-family: Calibri, sans-serif;\"><span style=\"font-size: large;\">Cette \u00e9dition 2021 se d\u00e9roulera dans le respect du protocole sanitaire en vigueur, avec le port du masque obligatoire. Le pass sanitaire ne sera donc pas n\u00e9cessaire, sauf pour celles et ceux qui souhaiteraient manger un morceau ou boire un verre aupr\u00e8s des cafetiers et restaurateurs pr\u00e9sents.<\/span><\/span><\/p>\n<p><span style=\"font-family: Calibri, sans-serif;\"><span style=\"font-size: large;\">Le p\u00e9rim\u00e8tre d&rsquo;exposition sera le m\u00eame qu&rsquo;en 2019. Plus pr\u00e9cis\u00e9ment, les brocanteurs amateurs seront install\u00e9s sur la place du March\u00e9, la petite rue Concorde ainsi que les rues Concorde, Joseph-Mengin, Pastourelle et de l&rsquo;Orient. Les commer\u00e7ants s\u00e9dentaires et non-s\u00e9dentaires occuperont quant \u00e0 eux les rues Thiers, Stanislas, Dauphine et d&rsquo;Alsace \u2013 jusqu&rsquo;au pont de Foucharupt \u2013 mais aussi Saint-Martin, le pont de la R\u00e9publique ainsi que les quais du Marchal-Leclerc, Jeanne-d&rsquo;Arc et De-Lattre-de-Tassigny. La circulation et le stationnement des v\u00e9hicules dans le p\u00e9rim\u00e8tre de la braderie sera interdite samedi soir \u00e0 partir de 23h30.<\/span><\/span><\/p>\n<p><span style=\"font-family: Calibri, sans-serif;\"><span style=\"font-size: large;\">Cette 70\u00e8me Grande Braderie d\u00e9odatienne ouvrira officiellement \u00e0 8h, pour se terminer vers 19h, mais il sera possible de chiner sur les stands des puces d\u00e8s 5h. Quant \u00e0 l&rsquo;inauguration, elle aura lieu \u00e0 9h rue d&rsquo;Alsace, non loin de l&rsquo;intersection avec la rue Pasteur.<br \/>\n<\/span><\/span><\/p>\n<p><span style=\"font-family: Calibri, sans-serif;\"><span style=\"font-size: large;\">A noter \u00e9galement qu&rsquo;une vingtaine d&rsquo;\u00e9l\u00e8ves du lyc\u00e9e Jeanne-d&rsquo;Arc de Bruy\u00e8res contr\u00f4leront les acc\u00e8s de la braderie, et que 25 agents de la Ville et de l&rsquo;Agglom\u00e9ration seront mobilis\u00e9s pour filtrer les visiteurs, placer et encaisser les exposants. Et comme les pr\u00e9c\u00e9dentes \u00e9ditions, il sera possible de se garer sur les parkings des hypermarch\u00e9s E. Leclerc et Cora, o\u00f9 des navettes gratuites permettront de rejoindre le centre-ville puis de revenir chercher son v\u00e9hicule.<\/span><\/span><\/p>\n<p><span style=\"font-family: Calibri, sans-serif;\"><span style=\"font-size: large;\">En ce qui concerne les inscriptions, elles sont toujours ouvertes via <strong><a href=\"https:\/\/www.saint-die.eu\/economie\/marches\/braderie\" target=\"_blank\" rel=\"noopener\">le site internet de la Ville de Saint-Di\u00e9-des-Vosges.<\/a><\/strong> Pour les brocanteurs, les inscriptions seront possibles jusque le matin m\u00eame de la braderie, \u00e0 la salle Carbonnar.<\/span><\/span><\/p>\n<p><span style=\"font-family: Calibri, sans-serif;\"><span style=\"font-size: large;\"><em>\u00ab\u00a0On aurait pu penser qu&rsquo;avec le contexte sanitaire il y aurait moins d&rsquo;inscrits, mais ce n&rsquo;est pas le cas. Car nous avons d\u00e9j\u00e0 150 commer\u00e7ants non s\u00e9dentaires, une soixantaine de commer\u00e7ants s\u00e9dentaires et une cinquantaine de brocanteurs d&rsquo;ores et d\u00e9j\u00e0 inscrits. Ces chiffres sont sensiblement les m\u00eames qu&rsquo;en 2019, sachant que les inscriptions sont plus tardives cette ann\u00e9e car certains se demandaient si la braderie aurait bien lieu\u00a0\u00bb<\/em> ont soulign\u00e9 ce mercredi apr\u00e8s-midi l&rsquo;adjointe d\u00e9l\u00e9gu\u00e9e au Commerce Dominique Chobaut et Arnaud Cossin, directeur du service EMA \u2013 Ev\u00e9nementiel, Manifestations et Associations. Il ne reste plus qu&rsquo;\u00e0 esp\u00e9rer le beau temps pour que le retour de la Grande Braderie de Saint-Di\u00e9-des-Vosges se d\u00e9roule sous les meilleurs auspices.<\/span><\/span><\/p>\n<p>J.J.<\/p>\n","protected":false},"excerpt":{"rendered":"<p>V\u00e9ritable institution, la Grande Braderie de Saint-Di\u00e9-des-Vosges avait du \u00eatre exceptionnellement annul\u00e9e l&rsquo;an pass\u00e9 en raison de la crise sanitaire. [&hellip;]<\/p>\n","protected":false},"author":44,"featured_media":42959,"comment_status":"open","ping_status":"open","sticky":false,"template":"","format":"standard","meta":{"footnotes":""},"categories":[460,5,2915],"tags":[8786,3281],"class_list":["post-42958","post","type-post","status-publish","format-standard","has-post-thumbnail","hentry","category-a-la-une","category-economie","category-saint-die-son-canton","tag-70eme-grande-braderie-de-saint-die-des-vosges","tag-grande-braderie-de-saint-die-des-vosges"],"acf":[],"yoast_head":"<!-- This site is optimized with the Yoast SEO plugin v22.5 - https:\/\/yoast.com\/wordpress\/plugins\/seo\/ -->\n<title>La Grande Braderie de Saint-Di\u00e9-des-Vosges est de retour ! - Saint Die Info<\/title>\n<meta name=\"robots\" content=\"index, follow, max-snippet:-1, max-image-preview:large, max-video-preview:-1\" \/>\n<link rel=\"canonical\" href=\"https:\/\/vosgesinfo.fr\/saintdieinfo\/2021\/09\/grande-braderie-de-saint-die-vosges-de-retour\/\" \/>\n<meta name=\"twitter:card\" content=\"summary_large_image\" \/>\n<meta name=\"twitter:title\" content=\"La Grande Braderie de Saint-Di\u00e9-des-Vosges est de retour ! - Saint Die Info\" \/>\n<meta name=\"twitter:description\" content=\"V\u00e9ritable institution, la Grande Braderie de Saint-Di\u00e9-des-Vosges avait du \u00eatre exceptionnellement annul\u00e9e l&rsquo;an pass\u00e9 en raison de la crise sanitaire. [&hellip;]\" \/>\n<meta name=\"twitter:image\" content=\"https:\/\/vosgesinfo.fr\/app\/uploads\/sites\/4\/2024\/08\/202109presentation-70eme-grande-braderie-sddv.jpg\" \/>\n<meta name=\"twitter:creator\" content=\"@VosgesInfo88\" \/>\n<meta name=\"twitter:site\" content=\"@VosgesInfo88\" \/>\n<meta name=\"twitter:label1\" content=\"\u00c9crit par\" \/>\n\t<meta name=\"twitter:data1\" content=\"la r\u00e9daction\" \/>\n\t<meta name=\"twitter:label2\" content=\"Dur\u00e9e de lecture estim\u00e9e\" \/>\n\t<meta name=\"twitter:data2\" content=\"2 minutes\" \/>\n<script type=\"application\/ld+json\" class=\"yoast-schema-graph\">{\"@context\":\"https:\/\/schema.org\",\"@graph\":[{\"@type\":\"Article\",\"@id\":\"https:\/\/vosgesinfo.fr\/saintdieinfo\/2021\/09\/grande-braderie-de-saint-die-vosges-de-retour\/#article\",\"isPartOf\":{\"@id\":\"https:\/\/vosgesinfo.fr\/saintdieinfo\/2021\/09\/grande-braderie-de-saint-die-vosges-de-retour\/\"},\"author\":{\"name\":\"la r\u00e9daction\",\"@id\":\"https:\/\/vosgesinfo.fr\/saintdieinfo\/#\/schema\/person\/faee6704a21f3977511db84bd1cd450f\"},\"headline\":\"La Grande Braderie de Saint-Di\u00e9-des-Vosges est de retour !\",\"datePublished\":\"2021-09-08T11:17:46+00:00\",\"dateModified\":\"2021-09-08T11:17:46+00:00\",\"mainEntityOfPage\":{\"@id\":\"https:\/\/vosgesinfo.fr\/saintdieinfo\/2021\/09\/grande-braderie-de-saint-die-vosges-de-retour\/\"},\"wordCount\":523,\"commentCount\":0,\"publisher\":{\"@id\":\"https:\/\/vosgesinfo.fr\/saintdieinfo\/#organization\"},\"image\":{\"@id\":\"https:\/\/vosgesinfo.fr\/saintdieinfo\/2021\/09\/grande-braderie-de-saint-die-vosges-de-retour\/#primaryimage\"},\"thumbnailUrl\":\"https:\/\/vosgesinfo.fr\/app\/uploads\/sites\/4\/2024\/08\/202109presentation-70eme-grande-braderie-sddv.jpg\",\"keywords\":[\"70\u00e8me Grande Braderie de Saint-Di\u00e9-des-Vosges\",\"Grande braderie de Saint-Di\u00e9-des-Vosges\"],\"articleSection\":[\"A la Une\",\"\u00c9conomie\",\"Saint-Di\u00e9-des-Vosges et son Agglom\u00e9ration\"],\"inLanguage\":\"fr-FR\",\"potentialAction\":[{\"@type\":\"CommentAction\",\"name\":\"Comment\",\"target\":[\"https:\/\/vosgesinfo.fr\/saintdieinfo\/2021\/09\/grande-braderie-de-saint-die-vosges-de-retour\/#respond\"]}]},{\"@type\":\"WebPage\",\"@id\":\"https:\/\/vosgesinfo.fr\/saintdieinfo\/2021\/09\/grande-braderie-de-saint-die-vosges-de-retour\/\",\"url\":\"https:\/\/vosgesinfo.fr\/saintdieinfo\/2021\/09\/grande-braderie-de-saint-die-vosges-de-retour\/\",\"name\":\"La Grande Braderie de Saint-Di\u00e9-des-Vosges est de retour ! - Saint Die Info\",\"isPartOf\":{\"@id\":\"https:\/\/vosgesinfo.fr\/saintdieinfo\/#website\"},\"primaryImageOfPage\":{\"@id\":\"https:\/\/vosgesinfo.fr\/saintdieinfo\/2021\/09\/grande-braderie-de-saint-die-vosges-de-retour\/#primaryimage\"},\"image\":{\"@id\":\"https:\/\/vosgesinfo.fr\/saintdieinfo\/2021\/09\/grande-braderie-de-saint-die-vosges-de-retour\/#primaryimage\"},\"thumbnailUrl\":\"https:\/\/vosgesinfo.fr\/app\/uploads\/sites\/4\/2024\/08\/202109presentation-70eme-grande-braderie-sddv.jpg\",\"datePublished\":\"2021-09-08T11:17:46+00:00\",\"dateModified\":\"2021-09-08T11:17:46+00:00\",\"breadcrumb\":{\"@id\":\"https:\/\/vosgesinfo.fr\/saintdieinfo\/2021\/09\/grande-braderie-de-saint-die-vosges-de-retour\/#breadcrumb\"},\"inLanguage\":\"fr-FR\",\"potentialAction\":[{\"@type\":\"ReadAction\",\"target\":[\"https:\/\/vosgesinfo.fr\/saintdieinfo\/2021\/09\/grande-braderie-de-saint-die-vosges-de-retour\/\"]}]},{\"@type\":\"ImageObject\",\"inLanguage\":\"fr-FR\",\"@id\":\"https:\/\/vosgesinfo.fr\/saintdieinfo\/2021\/09\/grande-braderie-de-saint-die-vosges-de-retour\/#primaryimage\",\"url\":\"https:\/\/vosgesinfo.fr\/app\/uploads\/sites\/4\/2024\/08\/202109presentation-70eme-grande-braderie-sddv.jpg\",\"contentUrl\":\"https:\/\/vosgesinfo.fr\/app\/uploads\/sites\/4\/2024\/08\/202109presentation-70eme-grande-braderie-sddv.jpg\",\"width\":800,\"height\":600},{\"@type\":\"BreadcrumbList\",\"@id\":\"https:\/\/vosgesinfo.fr\/saintdieinfo\/2021\/09\/grande-braderie-de-saint-die-vosges-de-retour\/#breadcrumb\",\"itemListElement\":[{\"@type\":\"ListItem\",\"position\":1,\"name\":\"Home\",\"item\":\"https:\/\/vosgesinfo.fr\/saintdieinfo\/\"},{\"@type\":\"ListItem\",\"position\":2,\"name\":\"La Grande Braderie de Saint-Di\u00e9-des-Vosges est de retour !\"}]},{\"@type\":\"WebSite\",\"@id\":\"https:\/\/vosgesinfo.fr\/saintdieinfo\/#website\",\"url\":\"https:\/\/vosgesinfo.fr\/saintdieinfo\/\",\"name\":\"Saint Die Info\",\"description\":\"Toute l&#039;actualit\u00e9 de Saint-Di\u00e9-Des-Vosges\",\"publisher\":{\"@id\":\"https:\/\/vosgesinfo.fr\/saintdieinfo\/#organization\"},\"alternateName\":\"Toute l'actualit\u00e9 de Saint-Di\u00e9-Des-Vosges\",\"potentialAction\":[{\"@type\":\"SearchAction\",\"target\":{\"@type\":\"EntryPoint\",\"urlTemplate\":\"https:\/\/vosgesinfo.fr\/saintdieinfo\/?s={search_term_string}\"},\"query-input\":\"required name=search_term_string\"}],\"inLanguage\":\"fr-FR\"},{\"@type\":\"Organization\",\"@id\":\"https:\/\/vosgesinfo.fr\/saintdieinfo\/#organization\",\"name\":\"Saint Die Info\",\"url\":\"https:\/\/vosgesinfo.fr\/saintdieinfo\/\",\"logo\":{\"@type\":\"ImageObject\",\"inLanguage\":\"fr-FR\",\"@id\":\"https:\/\/vosgesinfo.fr\/saintdieinfo\/#\/schema\/logo\/image\/\",\"url\":\"https:\/\/vosgesinfo.fr\/app\/uploads\/sites\/4\/2024\/02\/logo-sdi.jpg\",\"contentUrl\":\"https:\/\/vosgesinfo.fr\/app\/uploads\/sites\/4\/2024\/02\/logo-sdi.jpg\",\"width\":600,\"height\":600,\"caption\":\"Saint Die Info\"},\"image\":{\"@id\":\"https:\/\/vosgesinfo.fr\/saintdieinfo\/#\/schema\/logo\/image\/\"},\"sameAs\":[\"https:\/\/www.facebook.com\/Saintdieinfofr\",\"https:\/\/x.com\/VosgesInfo88\",\"https:\/\/www.youtube.com\/@vosgesinfo\"]},{\"@type\":\"Person\",\"@id\":\"https:\/\/vosgesinfo.fr\/saintdieinfo\/#\/schema\/person\/faee6704a21f3977511db84bd1cd450f\",\"name\":\"la r\u00e9daction\",\"image\":{\"@type\":\"ImageObject\",\"inLanguage\":\"fr-FR\",\"@id\":\"https:\/\/vosgesinfo.fr\/saintdieinfo\/#\/schema\/person\/image\/\",\"url\":\"https:\/\/secure.gravatar.com\/avatar\/6673d8bc6a9c17fa9a453eaa3448de834fa308c2ec9635b7aa99441a7c8d2cf6?s=96&d=mm&r=g\",\"contentUrl\":\"https:\/\/secure.gravatar.com\/avatar\/6673d8bc6a9c17fa9a453eaa3448de834fa308c2ec9635b7aa99441a7c8d2cf6?s=96&d=mm&r=g\",\"caption\":\"la r\u00e9daction\"},\"url\":\"https:\/\/vosgesinfo.fr\/saintdieinfo\/author\/redac\/\"}]}<\/script>\n<!-- \/ Yoast SEO plugin. -->","yoast_head_json":{"title":"La Grande Braderie de Saint-Di\u00e9-des-Vosges est de retour ! - Saint Die Info","robots":{"index":"index","follow":"follow","max-snippet":"max-snippet:-1","max-image-preview":"max-image-preview:large","max-video-preview":"max-video-preview:-1"},"canonical":"https:\/\/vosgesinfo.fr\/saintdieinfo\/2021\/09\/grande-braderie-de-saint-die-vosges-de-retour\/","twitter_card":"summary_large_image","twitter_title":"La Grande Braderie de Saint-Di\u00e9-des-Vosges est de retour ! - Saint Die Info","twitter_description":"V\u00e9ritable institution, la Grande Braderie de Saint-Di\u00e9-des-Vosges avait du \u00eatre exceptionnellement annul\u00e9e l&rsquo;an pass\u00e9 en raison de la crise sanitaire. [&hellip;]","twitter_image":"https:\/\/vosgesinfo.fr\/app\/uploads\/sites\/4\/2024\/08\/202109presentation-70eme-grande-braderie-sddv.jpg","twitter_creator":"@VosgesInfo88","twitter_site":"@VosgesInfo88","twitter_misc":{"\u00c9crit par":"la r\u00e9daction","Dur\u00e9e de lecture estim\u00e9e":"2 minutes"},"schema":{"@context":"https:\/\/schema.org","@graph":[{"@type":"Article","@id":"https:\/\/vosgesinfo.fr\/saintdieinfo\/2021\/09\/grande-braderie-de-saint-die-vosges-de-retour\/#article","isPartOf":{"@id":"https:\/\/vosgesinfo.fr\/saintdieinfo\/2021\/09\/grande-braderie-de-saint-die-vosges-de-retour\/"},"author":{"name":"la r\u00e9daction","@id":"https:\/\/vosgesinfo.fr\/saintdieinfo\/#\/schema\/person\/faee6704a21f3977511db84bd1cd450f"},"headline":"La Grande Braderie de Saint-Di\u00e9-des-Vosges est de retour !","datePublished":"2021-09-08T11:17:46+00:00","dateModified":"2021-09-08T11:17:46+00:00","mainEntityOfPage":{"@id":"https:\/\/vosgesinfo.fr\/saintdieinfo\/2021\/09\/grande-braderie-de-saint-die-vosges-de-retour\/"},"wordCount":523,"commentCount":0,"publisher":{"@id":"https:\/\/vosgesinfo.fr\/saintdieinfo\/#organization"},"image":{"@id":"https:\/\/vosgesinfo.fr\/saintdieinfo\/2021\/09\/grande-braderie-de-saint-die-vosges-de-retour\/#primaryimage"},"thumbnailUrl":"https:\/\/vosgesinfo.fr\/app\/uploads\/sites\/4\/2024\/08\/202109presentation-70eme-grande-braderie-sddv.jpg","keywords":["70\u00e8me Grande Braderie de Saint-Di\u00e9-des-Vosges","Grande braderie de Saint-Di\u00e9-des-Vosges"],"articleSection":["A la Une","\u00c9conomie","Saint-Di\u00e9-des-Vosges et son Agglom\u00e9ration"],"inLanguage":"fr-FR","potentialAction":[{"@type":"CommentAction","name":"Comment","target":["https:\/\/vosgesinfo.fr\/saintdieinfo\/2021\/09\/grande-braderie-de-saint-die-vosges-de-retour\/#respond"]}]},{"@type":"WebPage","@id":"https:\/\/vosgesinfo.fr\/saintdieinfo\/2021\/09\/grande-braderie-de-saint-die-vosges-de-retour\/","url":"https:\/\/vosgesinfo.fr\/saintdieinfo\/2021\/09\/grande-braderie-de-saint-die-vosges-de-retour\/","name":"La Grande Braderie de Saint-Di\u00e9-des-Vosges est de retour ! - Saint Die Info","isPartOf":{"@id":"https:\/\/vosgesinfo.fr\/saintdieinfo\/#website"},"primaryImageOfPage":{"@id":"https:\/\/vosgesinfo.fr\/saintdieinfo\/2021\/09\/grande-braderie-de-saint-die-vosges-de-retour\/#primaryimage"},"image":{"@id":"https:\/\/vosgesinfo.fr\/saintdieinfo\/2021\/09\/grande-braderie-de-saint-die-vosges-de-retour\/#primaryimage"},"thumbnailUrl":"https:\/\/vosgesinfo.fr\/app\/uploads\/sites\/4\/2024\/08\/202109presentation-70eme-grande-braderie-sddv.jpg","datePublished":"2021-09-08T11:17:46+00:00","dateModified":"2021-09-08T11:17:46+00:00","breadcrumb":{"@id":"https:\/\/vosgesinfo.fr\/saintdieinfo\/2021\/09\/grande-braderie-de-saint-die-vosges-de-retour\/#breadcrumb"},"inLanguage":"fr-FR","potentialAction":[{"@type":"ReadAction","target":["https:\/\/vosgesinfo.fr\/saintdieinfo\/2021\/09\/grande-braderie-de-saint-die-vosges-de-retour\/"]}]},{"@type":"ImageObject","inLanguage":"fr-FR","@id":"https:\/\/vosgesinfo.fr\/saintdieinfo\/2021\/09\/grande-braderie-de-saint-die-vosges-de-retour\/#primaryimage","url":"https:\/\/vosgesinfo.fr\/app\/uploads\/sites\/4\/2024\/08\/202109presentation-70eme-grande-braderie-sddv.jpg","contentUrl":"https:\/\/vosgesinfo.fr\/app\/uploads\/sites\/4\/2024\/08\/202109presentation-70eme-grande-braderie-sddv.jpg","width":800,"height":600},{"@type":"BreadcrumbList","@id":"https:\/\/vosgesinfo.fr\/saintdieinfo\/2021\/09\/grande-braderie-de-saint-die-vosges-de-retour\/#breadcrumb","itemListElement":[{"@type":"ListItem","position":1,"name":"Home","item":"https:\/\/vosgesinfo.fr\/saintdieinfo\/"},{"@type":"ListItem","position":2,"name":"La Grande Braderie de Saint-Di\u00e9-des-Vosges est de retour !"}]},{"@type":"WebSite","@id":"https:\/\/vosgesinfo.fr\/saintdieinfo\/#website","url":"https:\/\/vosgesinfo.fr\/saintdieinfo\/","name":"Saint Die Info","description":"Toute l&#039;actualit\u00e9 de Saint-Di\u00e9-Des-Vosges","publisher":{"@id":"https:\/\/vosgesinfo.fr\/saintdieinfo\/#organization"},"alternateName":"Toute l'actualit\u00e9 de Saint-Di\u00e9-Des-Vosges","potentialAction":[{"@type":"SearchAction","target":{"@type":"EntryPoint","urlTemplate":"https:\/\/vosgesinfo.fr\/saintdieinfo\/?s={search_term_string}"},"query-input":"required name=search_term_string"}],"inLanguage":"fr-FR"},{"@type":"Organization","@id":"https:\/\/vosgesinfo.fr\/saintdieinfo\/#organization","name":"Saint Die Info","url":"https:\/\/vosgesinfo.fr\/saintdieinfo\/","logo":{"@type":"ImageObject","inLanguage":"fr-FR","@id":"https:\/\/vosgesinfo.fr\/saintdieinfo\/#\/schema\/logo\/image\/","url":"https:\/\/vosgesinfo.fr\/app\/uploads\/sites\/4\/2024\/02\/logo-sdi.jpg","contentUrl":"https:\/\/vosgesinfo.fr\/app\/uploads\/sites\/4\/2024\/02\/logo-sdi.jpg","width":600,"height":600,"caption":"Saint Die Info"},"image":{"@id":"https:\/\/vosgesinfo.fr\/saintdieinfo\/#\/schema\/logo\/image\/"},"sameAs":["https:\/\/www.facebook.com\/Saintdieinfofr","https:\/\/x.com\/VosgesInfo88","https:\/\/www.youtube.com\/@vosgesinfo"]},{"@type":"Person","@id":"https:\/\/vosgesinfo.fr\/saintdieinfo\/#\/schema\/person\/faee6704a21f3977511db84bd1cd450f","name":"la r\u00e9daction","image":{"@type":"ImageObject","inLanguage":"fr-FR","@id":"https:\/\/vosgesinfo.fr\/saintdieinfo\/#\/schema\/person\/image\/","url":"https:\/\/secure.gravatar.com\/avatar\/6673d8bc6a9c17fa9a453eaa3448de834fa308c2ec9635b7aa99441a7c8d2cf6?s=96&d=mm&r=g","contentUrl":"https:\/\/secure.gravatar.com\/avatar\/6673d8bc6a9c17fa9a453eaa3448de834fa308c2ec9635b7aa99441a7c8d2cf6?s=96&d=mm&r=g","caption":"la r\u00e9daction"},"url":"https:\/\/vosgesinfo.fr\/saintdieinfo\/author\/redac\/"}]}},"_links":{"self":[{"href":"https:\/\/vosgesinfo.fr\/saintdieinfo\/wp-json\/wp\/v2\/posts\/42958","targetHints":{"allow":["GET"]}}],"collection":[{"href":"https:\/\/vosgesinfo.fr\/saintdieinfo\/wp-json\/wp\/v2\/posts"}],"about":[{"href":"https:\/\/vosgesinfo.fr\/saintdieinfo\/wp-json\/wp\/v2\/types\/post"}],"author":[{"embeddable":true,"href":"https:\/\/vosgesinfo.fr\/saintdieinfo\/wp-json\/wp\/v2\/users\/44"}],"replies":[{"embeddable":true,"href":"https:\/\/vosgesinfo.fr\/saintdieinfo\/wp-json\/wp\/v2\/comments?post=42958"}],"version-history":[{"count":0,"href":"https:\/\/vosgesinfo.fr\/saintdieinfo\/wp-json\/wp\/v2\/posts\/42958\/revisions"}],"wp:featuredmedia":[{"embeddable":true,"href":"https:\/\/vosgesinfo.fr\/saintdieinfo\/wp-json\/wp\/v2\/media\/42959"}],"wp:attachment":[{"href":"https:\/\/vosgesinfo.fr\/saintdieinfo\/wp-json\/wp\/v2\/media?parent=42958"}],"wp:term":[{"taxonomy":"category","embeddable":true,"href":"https:\/\/vosgesinfo.fr\/saintdieinfo\/wp-json\/wp\/v2\/categories?post=42958"},{"taxonomy":"post_tag","embeddable":true,"href":"https:\/\/vosgesinfo.fr\/saintdieinfo\/wp-json\/wp\/v2\/tags?post=42958"}],"curies":[{"name":"wp","href":"https:\/\/api.w.org\/{rel}","templated":true}]}}