{"id":42997,"date":"2021-09-09T12:42:37","date_gmt":"2021-09-09T10:42:37","guid":{"rendered":"https:\/\/vosgesinfo.fr\/saintdieinfo\/2021\/09\/rouges-eaux-soiree-decouverte-de-lhistoire-de-faune-vosgienne-berian\/"},"modified":"2021-09-09T12:42:37","modified_gmt":"2021-09-09T10:42:37","slug":"rouges-eaux-soiree-decouverte-de-lhistoire-de-faune-vosgienne-berian","status":"publish","type":"post","link":"https:\/\/vosgesinfo.fr\/saintdieinfo\/2021\/09\/rouges-eaux-soiree-decouverte-de-lhistoire-de-faune-vosgienne-berian\/","title":{"rendered":"Les Rouges-Eaux \u2013 Soir\u00e9e d\u00e9couverte de l&rsquo;histoire de la faune vosgienne avec BERIAN"},"content":{"rendered":"<p><a href=\"\/2021\/09\/BERIAN_D\u00e9couverte_Faune_Vosgienne.jpg\" target=\"_blank\" rel=\"noopener\"><img decoding=\"async\" class=\"aligncenter wp-image-171584 size-full\" src=\"\/2021\/09\/BERIAN_D\u00e9couverte_Faune_Vosgienne.jpg\" alt=\"BERIAN_D\u00e9couverte_Faune_Vosgienne\" width=\"691\" height=\"487\" \/><\/a><\/p>\n<h2><span style=\"font-size: 14pt;\"><strong><span style=\"font-family: Calibri, sans-serif;\">Vendredi 17 septembre, l&rsquo;association naturaliste et historienne BERIAN vous invite \u00e0 une soir\u00e9e d\u00e9couverte de l&rsquo;histoire de la faune vosgienne. Cette soir\u00e9e d\u00e9butera \u00e0 20h et se d\u00e9roulera \u00e0 l&rsquo;Auberge de la Cholotte, aux Rouges-Eaux. Participation libre, au chapeau.<\/span><\/strong><\/span><\/h2>\n<p><!--more--><\/p>\n<p><span style=\"font-family: Calibri, sans-serif;\"><span style=\"font-size: large;\">Avec en toile de fond un diaporama, le public sera invit\u00e9 \u00e0 r\u00e9pondre \u00e0 des questions sur l&rsquo;histoire de la faune vosgienne, de l&rsquo;Antiquit\u00e9 \u00e0 nos jours, afin de comprendre <\/span><\/span><span style=\"font-family: Calibri, sans-serif;\"><span style=\"font-size: large;\">l&rsquo;\u00e9volution de cette faune en des temps historiques ainsi que sa relation avec l&rsquo;Homme.<\/span><\/span><\/p>\n<p><span style=\"font-family: Calibri, sans-serif;\"><span style=\"font-size: large;\">Pour suivre l\u2019actualit\u00e9 de l\u2019association BERIAN, rendez-vous sur <strong><a href=\"https:\/\/berian.jimdosite.com\/\" target=\"_blank\" rel=\"noopener\">https:\/\/berian.jimdosite.com\/<\/a><\/strong><\/span><\/span><\/p>\n<p>J.J.<\/p>\n","protected":false},"excerpt":{"rendered":"<p>Vendredi 17 septembre, l&rsquo;association naturaliste et historienne BERIAN vous invite \u00e0 une soir\u00e9e d\u00e9couverte de l&rsquo;histoire de la faune vosgienne. [&hellip;]<\/p>\n","protected":false},"author":44,"featured_media":42998,"comment_status":"open","ping_status":"open","sticky":false,"template":"","format":"standard","meta":{"footnotes":""},"categories":[3900,7847,2915],"tags":[3615,3009,8796,3012],"class_list":["post-42997","post","type-post","status-publish","format-standard","has-post-thumbnail","hentry","category-breves","category-art-culture","category-saint-die-son-canton","tag-association-berian","tag-auberge-de-la-cholotte","tag-chronique-dune-faune-vosgienne","tag-les-rouges-eaux"],"acf":[],"yoast_head":"<!-- This site is optimized with the Yoast SEO plugin v22.5 - https:\/\/yoast.com\/wordpress\/plugins\/seo\/ -->\n<title>Les Rouges-Eaux \u2013 Soir\u00e9e d\u00e9couverte de l&#039;histoire de la faune vosgienne avec BERIAN - Saint Die Info<\/title>\n<meta name=\"robots\" content=\"index, follow, max-snippet:-1, max-image-preview:large, max-video-preview:-1\" \/>\n<link rel=\"canonical\" href=\"https:\/\/vosgesinfo.fr\/saintdieinfo\/2021\/09\/rouges-eaux-soiree-decouverte-de-lhistoire-de-faune-vosgienne-berian\/\" \/>\n<meta name=\"twitter:card\" content=\"summary_large_image\" \/>\n<meta name=\"twitter:title\" content=\"Les Rouges-Eaux \u2013 Soir\u00e9e d\u00e9couverte de l&#039;histoire de la faune vosgienne avec BERIAN - Saint Die Info\" \/>\n<meta name=\"twitter:description\" content=\"Vendredi 17 septembre, l&rsquo;association naturaliste et historienne BERIAN vous invite \u00e0 une soir\u00e9e d\u00e9couverte de l&rsquo;histoire de la faune vosgienne. [&hellip;]\" \/>\n<meta name=\"twitter:image\" content=\"https:\/\/vosgesinfo.fr\/app\/uploads\/sites\/4\/2024\/08\/202109berian-decouverte-faune-vosgienne.jpg\" \/>\n<meta name=\"twitter:creator\" content=\"@VosgesInfo88\" \/>\n<meta name=\"twitter:site\" content=\"@VosgesInfo88\" \/>\n<meta name=\"twitter:label1\" content=\"\u00c9crit par\" \/>\n\t<meta name=\"twitter:data1\" content=\"la r\u00e9daction\" \/>\n<script type=\"application\/ld+json\" class=\"yoast-schema-graph\">{\"@context\":\"https:\/\/schema.org\",\"@graph\":[{\"@type\":\"Article\",\"@id\":\"https:\/\/vosgesinfo.fr\/saintdieinfo\/2021\/09\/rouges-eaux-soiree-decouverte-de-lhistoire-de-faune-vosgienne-berian\/#article\",\"isPartOf\":{\"@id\":\"https:\/\/vosgesinfo.fr\/saintdieinfo\/2021\/09\/rouges-eaux-soiree-decouverte-de-lhistoire-de-faune-vosgienne-berian\/\"},\"author\":{\"name\":\"la r\u00e9daction\",\"@id\":\"https:\/\/vosgesinfo.fr\/saintdieinfo\/#\/schema\/person\/faee6704a21f3977511db84bd1cd450f\"},\"headline\":\"Les Rouges-Eaux \u2013 Soir\u00e9e d\u00e9couverte de l&rsquo;histoire de la faune vosgienne avec BERIAN\",\"datePublished\":\"2021-09-09T10:42:37+00:00\",\"dateModified\":\"2021-09-09T10:42:37+00:00\",\"mainEntityOfPage\":{\"@id\":\"https:\/\/vosgesinfo.fr\/saintdieinfo\/2021\/09\/rouges-eaux-soiree-decouverte-de-lhistoire-de-faune-vosgienne-berian\/\"},\"wordCount\":120,\"commentCount\":0,\"publisher\":{\"@id\":\"https:\/\/vosgesinfo.fr\/saintdieinfo\/#organization\"},\"image\":{\"@id\":\"https:\/\/vosgesinfo.fr\/saintdieinfo\/2021\/09\/rouges-eaux-soiree-decouverte-de-lhistoire-de-faune-vosgienne-berian\/#primaryimage\"},\"thumbnailUrl\":\"https:\/\/vosgesinfo.fr\/app\/uploads\/sites\/4\/2024\/08\/202109berian-decouverte-faune-vosgienne.jpg\",\"keywords\":[\"Association BERIAN\",\"Auberge de la Cholotte\",\"Chronique d'une faune vosgienne\",\"Les Rouges-Eaux\"],\"articleSection\":[\"Br\u00e8ves\",\"Culture\",\"Saint-Di\u00e9-des-Vosges et son Agglom\u00e9ration\"],\"inLanguage\":\"fr-FR\",\"potentialAction\":[{\"@type\":\"CommentAction\",\"name\":\"Comment\",\"target\":[\"https:\/\/vosgesinfo.fr\/saintdieinfo\/2021\/09\/rouges-eaux-soiree-decouverte-de-lhistoire-de-faune-vosgienne-berian\/#respond\"]}]},{\"@type\":\"WebPage\",\"@id\":\"https:\/\/vosgesinfo.fr\/saintdieinfo\/2021\/09\/rouges-eaux-soiree-decouverte-de-lhistoire-de-faune-vosgienne-berian\/\",\"url\":\"https:\/\/vosgesinfo.fr\/saintdieinfo\/2021\/09\/rouges-eaux-soiree-decouverte-de-lhistoire-de-faune-vosgienne-berian\/\",\"name\":\"Les Rouges-Eaux \u2013 Soir\u00e9e d\u00e9couverte de l'histoire de la faune vosgienne avec BERIAN - Saint Die Info\",\"isPartOf\":{\"@id\":\"https:\/\/vosgesinfo.fr\/saintdieinfo\/#website\"},\"primaryImageOfPage\":{\"@id\":\"https:\/\/vosgesinfo.fr\/saintdieinfo\/2021\/09\/rouges-eaux-soiree-decouverte-de-lhistoire-de-faune-vosgienne-berian\/#primaryimage\"},\"image\":{\"@id\":\"https:\/\/vosgesinfo.fr\/saintdieinfo\/2021\/09\/rouges-eaux-soiree-decouverte-de-lhistoire-de-faune-vosgienne-berian\/#primaryimage\"},\"thumbnailUrl\":\"https:\/\/vosgesinfo.fr\/app\/uploads\/sites\/4\/2024\/08\/202109berian-decouverte-faune-vosgienne.jpg\",\"datePublished\":\"2021-09-09T10:42:37+00:00\",\"dateModified\":\"2021-09-09T10:42:37+00:00\",\"breadcrumb\":{\"@id\":\"https:\/\/vosgesinfo.fr\/saintdieinfo\/2021\/09\/rouges-eaux-soiree-decouverte-de-lhistoire-de-faune-vosgienne-berian\/#breadcrumb\"},\"inLanguage\":\"fr-FR\",\"potentialAction\":[{\"@type\":\"ReadAction\",\"target\":[\"https:\/\/vosgesinfo.fr\/saintdieinfo\/2021\/09\/rouges-eaux-soiree-decouverte-de-lhistoire-de-faune-vosgienne-berian\/\"]}]},{\"@type\":\"ImageObject\",\"inLanguage\":\"fr-FR\",\"@id\":\"https:\/\/vosgesinfo.fr\/saintdieinfo\/2021\/09\/rouges-eaux-soiree-decouverte-de-lhistoire-de-faune-vosgienne-berian\/#primaryimage\",\"url\":\"https:\/\/vosgesinfo.fr\/app\/uploads\/sites\/4\/2024\/08\/202109berian-decouverte-faune-vosgienne.jpg\",\"contentUrl\":\"https:\/\/vosgesinfo.fr\/app\/uploads\/sites\/4\/2024\/08\/202109berian-decouverte-faune-vosgienne.jpg\",\"width\":691,\"height\":487},{\"@type\":\"BreadcrumbList\",\"@id\":\"https:\/\/vosgesinfo.fr\/saintdieinfo\/2021\/09\/rouges-eaux-soiree-decouverte-de-lhistoire-de-faune-vosgienne-berian\/#breadcrumb\",\"itemListElement\":[{\"@type\":\"ListItem\",\"position\":1,\"name\":\"Home\",\"item\":\"https:\/\/vosgesinfo.fr\/saintdieinfo\/\"},{\"@type\":\"ListItem\",\"position\":2,\"name\":\"Les Rouges-Eaux \u2013 Soir\u00e9e d\u00e9couverte de l&rsquo;histoire de la faune vosgienne avec BERIAN\"}]},{\"@type\":\"WebSite\",\"@id\":\"https:\/\/vosgesinfo.fr\/saintdieinfo\/#website\",\"url\":\"https:\/\/vosgesinfo.fr\/saintdieinfo\/\",\"name\":\"Saint Die Info\",\"description\":\"Toute l&#039;actualit\u00e9 de Saint-Di\u00e9-Des-Vosges\",\"publisher\":{\"@id\":\"https:\/\/vosgesinfo.fr\/saintdieinfo\/#organization\"},\"alternateName\":\"Toute l'actualit\u00e9 de Saint-Di\u00e9-Des-Vosges\",\"potentialAction\":[{\"@type\":\"SearchAction\",\"target\":{\"@type\":\"EntryPoint\",\"urlTemplate\":\"https:\/\/vosgesinfo.fr\/saintdieinfo\/?s={search_term_string}\"},\"query-input\":\"required name=search_term_string\"}],\"inLanguage\":\"fr-FR\"},{\"@type\":\"Organization\",\"@id\":\"https:\/\/vosgesinfo.fr\/saintdieinfo\/#organization\",\"name\":\"Saint Die Info\",\"url\":\"https:\/\/vosgesinfo.fr\/saintdieinfo\/\",\"logo\":{\"@type\":\"ImageObject\",\"inLanguage\":\"fr-FR\",\"@id\":\"https:\/\/vosgesinfo.fr\/saintdieinfo\/#\/schema\/logo\/image\/\",\"url\":\"https:\/\/vosgesinfo.fr\/app\/uploads\/sites\/4\/2024\/02\/logo-sdi.jpg\",\"contentUrl\":\"https:\/\/vosgesinfo.fr\/app\/uploads\/sites\/4\/2024\/02\/logo-sdi.jpg\",\"width\":600,\"height\":600,\"caption\":\"Saint Die Info\"},\"image\":{\"@id\":\"https:\/\/vosgesinfo.fr\/saintdieinfo\/#\/schema\/logo\/image\/\"},\"sameAs\":[\"https:\/\/www.facebook.com\/Saintdieinfofr\",\"https:\/\/x.com\/VosgesInfo88\",\"https:\/\/www.youtube.com\/@vosgesinfo\"]},{\"@type\":\"Person\",\"@id\":\"https:\/\/vosgesinfo.fr\/saintdieinfo\/#\/schema\/person\/faee6704a21f3977511db84bd1cd450f\",\"name\":\"la r\u00e9daction\",\"image\":{\"@type\":\"ImageObject\",\"inLanguage\":\"fr-FR\",\"@id\":\"https:\/\/vosgesinfo.fr\/saintdieinfo\/#\/schema\/person\/image\/\",\"url\":\"https:\/\/secure.gravatar.com\/avatar\/6673d8bc6a9c17fa9a453eaa3448de834fa308c2ec9635b7aa99441a7c8d2cf6?s=96&d=mm&r=g\",\"contentUrl\":\"https:\/\/secure.gravatar.com\/avatar\/6673d8bc6a9c17fa9a453eaa3448de834fa308c2ec9635b7aa99441a7c8d2cf6?s=96&d=mm&r=g\",\"caption\":\"la r\u00e9daction\"},\"url\":\"https:\/\/vosgesinfo.fr\/saintdieinfo\/author\/redac\/\"}]}<\/script>\n<!-- \/ Yoast SEO plugin. -->","yoast_head_json":{"title":"Les Rouges-Eaux \u2013 Soir\u00e9e d\u00e9couverte de l'histoire de la faune vosgienne avec BERIAN - Saint Die Info","robots":{"index":"index","follow":"follow","max-snippet":"max-snippet:-1","max-image-preview":"max-image-preview:large","max-video-preview":"max-video-preview:-1"},"canonical":"https:\/\/vosgesinfo.fr\/saintdieinfo\/2021\/09\/rouges-eaux-soiree-decouverte-de-lhistoire-de-faune-vosgienne-berian\/","twitter_card":"summary_large_image","twitter_title":"Les Rouges-Eaux \u2013 Soir\u00e9e d\u00e9couverte de l'histoire de la faune vosgienne avec BERIAN - Saint Die Info","twitter_description":"Vendredi 17 septembre, l&rsquo;association naturaliste et historienne BERIAN vous invite \u00e0 une soir\u00e9e d\u00e9couverte de l&rsquo;histoire de la faune vosgienne. [&hellip;]","twitter_image":"https:\/\/vosgesinfo.fr\/app\/uploads\/sites\/4\/2024\/08\/202109berian-decouverte-faune-vosgienne.jpg","twitter_creator":"@VosgesInfo88","twitter_site":"@VosgesInfo88","twitter_misc":{"\u00c9crit par":"la r\u00e9daction"},"schema":{"@context":"https:\/\/schema.org","@graph":[{"@type":"Article","@id":"https:\/\/vosgesinfo.fr\/saintdieinfo\/2021\/09\/rouges-eaux-soiree-decouverte-de-lhistoire-de-faune-vosgienne-berian\/#article","isPartOf":{"@id":"https:\/\/vosgesinfo.fr\/saintdieinfo\/2021\/09\/rouges-eaux-soiree-decouverte-de-lhistoire-de-faune-vosgienne-berian\/"},"author":{"name":"la r\u00e9daction","@id":"https:\/\/vosgesinfo.fr\/saintdieinfo\/#\/schema\/person\/faee6704a21f3977511db84bd1cd450f"},"headline":"Les Rouges-Eaux \u2013 Soir\u00e9e d\u00e9couverte de l&rsquo;histoire de la faune vosgienne avec BERIAN","datePublished":"2021-09-09T10:42:37+00:00","dateModified":"2021-09-09T10:42:37+00:00","mainEntityOfPage":{"@id":"https:\/\/vosgesinfo.fr\/saintdieinfo\/2021\/09\/rouges-eaux-soiree-decouverte-de-lhistoire-de-faune-vosgienne-berian\/"},"wordCount":120,"commentCount":0,"publisher":{"@id":"https:\/\/vosgesinfo.fr\/saintdieinfo\/#organization"},"image":{"@id":"https:\/\/vosgesinfo.fr\/saintdieinfo\/2021\/09\/rouges-eaux-soiree-decouverte-de-lhistoire-de-faune-vosgienne-berian\/#primaryimage"},"thumbnailUrl":"https:\/\/vosgesinfo.fr\/app\/uploads\/sites\/4\/2024\/08\/202109berian-decouverte-faune-vosgienne.jpg","keywords":["Association BERIAN","Auberge de la Cholotte","Chronique d'une faune vosgienne","Les Rouges-Eaux"],"articleSection":["Br\u00e8ves","Culture","Saint-Di\u00e9-des-Vosges et son Agglom\u00e9ration"],"inLanguage":"fr-FR","potentialAction":[{"@type":"CommentAction","name":"Comment","target":["https:\/\/vosgesinfo.fr\/saintdieinfo\/2021\/09\/rouges-eaux-soiree-decouverte-de-lhistoire-de-faune-vosgienne-berian\/#respond"]}]},{"@type":"WebPage","@id":"https:\/\/vosgesinfo.fr\/saintdieinfo\/2021\/09\/rouges-eaux-soiree-decouverte-de-lhistoire-de-faune-vosgienne-berian\/","url":"https:\/\/vosgesinfo.fr\/saintdieinfo\/2021\/09\/rouges-eaux-soiree-decouverte-de-lhistoire-de-faune-vosgienne-berian\/","name":"Les Rouges-Eaux \u2013 Soir\u00e9e d\u00e9couverte de l'histoire de la faune vosgienne avec BERIAN - Saint Die Info","isPartOf":{"@id":"https:\/\/vosgesinfo.fr\/saintdieinfo\/#website"},"primaryImageOfPage":{"@id":"https:\/\/vosgesinfo.fr\/saintdieinfo\/2021\/09\/rouges-eaux-soiree-decouverte-de-lhistoire-de-faune-vosgienne-berian\/#primaryimage"},"image":{"@id":"https:\/\/vosgesinfo.fr\/saintdieinfo\/2021\/09\/rouges-eaux-soiree-decouverte-de-lhistoire-de-faune-vosgienne-berian\/#primaryimage"},"thumbnailUrl":"https:\/\/vosgesinfo.fr\/app\/uploads\/sites\/4\/2024\/08\/202109berian-decouverte-faune-vosgienne.jpg","datePublished":"2021-09-09T10:42:37+00:00","dateModified":"2021-09-09T10:42:37+00:00","breadcrumb":{"@id":"https:\/\/vosgesinfo.fr\/saintdieinfo\/2021\/09\/rouges-eaux-soiree-decouverte-de-lhistoire-de-faune-vosgienne-berian\/#breadcrumb"},"inLanguage":"fr-FR","potentialAction":[{"@type":"ReadAction","target":["https:\/\/vosgesinfo.fr\/saintdieinfo\/2021\/09\/rouges-eaux-soiree-decouverte-de-lhistoire-de-faune-vosgienne-berian\/"]}]},{"@type":"ImageObject","inLanguage":"fr-FR","@id":"https:\/\/vosgesinfo.fr\/saintdieinfo\/2021\/09\/rouges-eaux-soiree-decouverte-de-lhistoire-de-faune-vosgienne-berian\/#primaryimage","url":"https:\/\/vosgesinfo.fr\/app\/uploads\/sites\/4\/2024\/08\/202109berian-decouverte-faune-vosgienne.jpg","contentUrl":"https:\/\/vosgesinfo.fr\/app\/uploads\/sites\/4\/2024\/08\/202109berian-decouverte-faune-vosgienne.jpg","width":691,"height":487},{"@type":"BreadcrumbList","@id":"https:\/\/vosgesinfo.fr\/saintdieinfo\/2021\/09\/rouges-eaux-soiree-decouverte-de-lhistoire-de-faune-vosgienne-berian\/#breadcrumb","itemListElement":[{"@type":"ListItem","position":1,"name":"Home","item":"https:\/\/vosgesinfo.fr\/saintdieinfo\/"},{"@type":"ListItem","position":2,"name":"Les Rouges-Eaux \u2013 Soir\u00e9e d\u00e9couverte de l&rsquo;histoire de la faune vosgienne avec BERIAN"}]},{"@type":"WebSite","@id":"https:\/\/vosgesinfo.fr\/saintdieinfo\/#website","url":"https:\/\/vosgesinfo.fr\/saintdieinfo\/","name":"Saint Die Info","description":"Toute l&#039;actualit\u00e9 de Saint-Di\u00e9-Des-Vosges","publisher":{"@id":"https:\/\/vosgesinfo.fr\/saintdieinfo\/#organization"},"alternateName":"Toute l'actualit\u00e9 de Saint-Di\u00e9-Des-Vosges","potentialAction":[{"@type":"SearchAction","target":{"@type":"EntryPoint","urlTemplate":"https:\/\/vosgesinfo.fr\/saintdieinfo\/?s={search_term_string}"},"query-input":"required name=search_term_string"}],"inLanguage":"fr-FR"},{"@type":"Organization","@id":"https:\/\/vosgesinfo.fr\/saintdieinfo\/#organization","name":"Saint Die Info","url":"https:\/\/vosgesinfo.fr\/saintdieinfo\/","logo":{"@type":"ImageObject","inLanguage":"fr-FR","@id":"https:\/\/vosgesinfo.fr\/saintdieinfo\/#\/schema\/logo\/image\/","url":"https:\/\/vosgesinfo.fr\/app\/uploads\/sites\/4\/2024\/02\/logo-sdi.jpg","contentUrl":"https:\/\/vosgesinfo.fr\/app\/uploads\/sites\/4\/2024\/02\/logo-sdi.jpg","width":600,"height":600,"caption":"Saint Die Info"},"image":{"@id":"https:\/\/vosgesinfo.fr\/saintdieinfo\/#\/schema\/logo\/image\/"},"sameAs":["https:\/\/www.facebook.com\/Saintdieinfofr","https:\/\/x.com\/VosgesInfo88","https:\/\/www.youtube.com\/@vosgesinfo"]},{"@type":"Person","@id":"https:\/\/vosgesinfo.fr\/saintdieinfo\/#\/schema\/person\/faee6704a21f3977511db84bd1cd450f","name":"la r\u00e9daction","image":{"@type":"ImageObject","inLanguage":"fr-FR","@id":"https:\/\/vosgesinfo.fr\/saintdieinfo\/#\/schema\/person\/image\/","url":"https:\/\/secure.gravatar.com\/avatar\/6673d8bc6a9c17fa9a453eaa3448de834fa308c2ec9635b7aa99441a7c8d2cf6?s=96&d=mm&r=g","contentUrl":"https:\/\/secure.gravatar.com\/avatar\/6673d8bc6a9c17fa9a453eaa3448de834fa308c2ec9635b7aa99441a7c8d2cf6?s=96&d=mm&r=g","caption":"la r\u00e9daction"},"url":"https:\/\/vosgesinfo.fr\/saintdieinfo\/author\/redac\/"}]}},"_links":{"self":[{"href":"https:\/\/vosgesinfo.fr\/saintdieinfo\/wp-json\/wp\/v2\/posts\/42997","targetHints":{"allow":["GET"]}}],"collection":[{"href":"https:\/\/vosgesinfo.fr\/saintdieinfo\/wp-json\/wp\/v2\/posts"}],"about":[{"href":"https:\/\/vosgesinfo.fr\/saintdieinfo\/wp-json\/wp\/v2\/types\/post"}],"author":[{"embeddable":true,"href":"https:\/\/vosgesinfo.fr\/saintdieinfo\/wp-json\/wp\/v2\/users\/44"}],"replies":[{"embeddable":true,"href":"https:\/\/vosgesinfo.fr\/saintdieinfo\/wp-json\/wp\/v2\/comments?post=42997"}],"version-history":[{"count":0,"href":"https:\/\/vosgesinfo.fr\/saintdieinfo\/wp-json\/wp\/v2\/posts\/42997\/revisions"}],"wp:featuredmedia":[{"embeddable":true,"href":"https:\/\/vosgesinfo.fr\/saintdieinfo\/wp-json\/wp\/v2\/media\/42998"}],"wp:attachment":[{"href":"https:\/\/vosgesinfo.fr\/saintdieinfo\/wp-json\/wp\/v2\/media?parent=42997"}],"wp:term":[{"taxonomy":"category","embeddable":true,"href":"https:\/\/vosgesinfo.fr\/saintdieinfo\/wp-json\/wp\/v2\/categories?post=42997"},{"taxonomy":"post_tag","embeddable":true,"href":"https:\/\/vosgesinfo.fr\/saintdieinfo\/wp-json\/wp\/v2\/tags?post=42997"}],"curies":[{"name":"wp","href":"https:\/\/api.w.org\/{rel}","templated":true}]}}