{"id":42999,"date":"2021-09-09T13:05:36","date_gmt":"2021-09-09T11:05:36","guid":{"rendered":"https:\/\/vosgesinfo.fr\/saintdieinfo\/2021\/09\/double-projection-film-200-metres-soiree-debat-cinema-excelsior\/"},"modified":"2021-09-09T13:05:36","modified_gmt":"2021-09-09T11:05:36","slug":"double-projection-film-200-metres-soiree-debat-cinema-excelsior","status":"publish","type":"post","link":"https:\/\/vosgesinfo.fr\/saintdieinfo\/2021\/09\/double-projection-film-200-metres-soiree-debat-cinema-excelsior\/","title":{"rendered":"Double projection du film \u00ab\u00a0200 m\u00e8tres\u00a0\u00bb et soir\u00e9e-d\u00e9bat au cin\u00e9ma Excelsior"},"content":{"rendered":"<p><a href=\"\/2021\/09\/Film_200_M\u00e8tres_Affiche.jpg\" target=\"_blank\" rel=\"noopener\"><img decoding=\"async\" class=\"aligncenter wp-image-171587 size-full\" src=\"\/2021\/09\/Film_200_M\u00e8tres_Affiche.jpg\" alt=\"Film_200_M\u00e8tres_Affiche\" width=\"582\" height=\"776\" \/><\/a><\/p>\n<h2><span style=\"font-size: 14pt;\"><strong>Mardi 14 septembre, une double projection du film\u00a0<u><\/u>\u00ab\u00a0200 m\u00e8tres\u00a0\u00bb, du r\u00e9alisateur palestinien Ameen Nayfeh, est organis\u00e9e au cin\u00e9ma Excelsior de l&rsquo;Espace Georges-Sadoul par l&rsquo;Association France Palestine Solidarit\u00e9 \u2013 AFPS \u2013 et l&rsquo;association Art&amp;Essai, \u00e0 18h puis \u00e0 20h30 sachant que la deuxi\u00e8me s\u00e9ance sera suivie d&rsquo;un d\u00e9bat anim\u00e9 par Patrice Klis, vice-pr\u00e9sident de l&rsquo;AFPS Lorraine Sud.<u><br \/>\n<\/u><\/strong><\/span><\/h2>\n<p><!--more--><\/p>\n<h3><span style=\"font-size: 14pt;\"><strong>\u00ab\u00a0200 m\u00e8tres\u00a0\u00bb<\/strong><\/span><\/h3>\n<div><strong>Dur\u00e9e :<\/strong> 1h37<\/div>\n<div>\n<p><strong>Synopsis :<\/strong> Une famille vit s\u00e9par\u00e9e de chaque c\u00f4t\u00e9 du Mur isra\u00e9lien \u00e0 seulement 200 m\u00e8tres de distance. Ils r\u00e9sistent au quotidien avec toute la ruse et la tendresse n\u00e9cessaires pour \u00ab vivre \u00bb comme tout le monde, quand un incident grave vient bouleverser cet \u00e9quilibre \u00e9ph\u00e9m\u00e8re. Pour retrouver son fils bless\u00e9 de l\u2019autre c\u00f4t\u00e9, le p\u00e8re se lance dans une odyss\u00e9e \u00e0 travers les checkpoints, passager d\u2019un minibus clandestin o\u00f9 les destins de chacun se heurtent aux entraves les plus absurdes.<\/p>\n<p><strong>Tarifs :<\/strong> 6,5 euros et 5 euros pour les abonn\u00e9s et les -24 ans.<\/p>\n<\/div>\n","protected":false},"excerpt":{"rendered":"<p>Mardi 14 septembre, une double projection du film\u00a0\u00ab\u00a0200 m\u00e8tres\u00a0\u00bb, du r\u00e9alisateur palestinien Ameen Nayfeh, est organis\u00e9e au cin\u00e9ma Excelsior de [&hellip;]<\/p>\n","protected":false},"author":44,"featured_media":43000,"comment_status":"open","ping_status":"open","sticky":false,"template":"","format":"standard","meta":{"footnotes":""},"categories":[3900,7847,2915,17],"tags":[8797,3564,5752,2946],"class_list":["post-42999","post","type-post","status-publish","format-standard","has-post-thumbnail","hentry","category-breves","category-art-culture","category-saint-die-son-canton","category-vie-associative","tag-200-metres","tag-association-artessai","tag-association-france-palestine-solidarite","tag-cinema-excelsior"],"acf":[],"yoast_head":"<!-- This site is optimized with the Yoast SEO plugin v22.5 - https:\/\/yoast.com\/wordpress\/plugins\/seo\/ -->\n<title>Double projection du film &quot;200 m\u00e8tres&quot; et soir\u00e9e-d\u00e9bat au cin\u00e9ma Excelsior - Saint Die Info<\/title>\n<meta name=\"robots\" content=\"index, follow, max-snippet:-1, max-image-preview:large, max-video-preview:-1\" \/>\n<link rel=\"canonical\" href=\"https:\/\/vosgesinfo.fr\/saintdieinfo\/2021\/09\/double-projection-film-200-metres-soiree-debat-cinema-excelsior\/\" \/>\n<meta name=\"twitter:card\" content=\"summary_large_image\" \/>\n<meta name=\"twitter:title\" content=\"Double projection du film &quot;200 m\u00e8tres&quot; et soir\u00e9e-d\u00e9bat au cin\u00e9ma Excelsior - Saint Die Info\" \/>\n<meta name=\"twitter:description\" content=\"Mardi 14 septembre, une double projection du film\u00a0\u00ab\u00a0200 m\u00e8tres\u00a0\u00bb, du r\u00e9alisateur palestinien Ameen Nayfeh, est organis\u00e9e au cin\u00e9ma Excelsior de [&hellip;]\" \/>\n<meta name=\"twitter:image\" content=\"https:\/\/vosgesinfo.fr\/app\/uploads\/sites\/4\/2024\/08\/202109film-200-metres-affiche.jpg\" \/>\n<meta name=\"twitter:creator\" content=\"@VosgesInfo88\" \/>\n<meta name=\"twitter:site\" content=\"@VosgesInfo88\" \/>\n<meta name=\"twitter:label1\" content=\"\u00c9crit par\" \/>\n\t<meta name=\"twitter:data1\" content=\"la r\u00e9daction\" \/>\n\t<meta name=\"twitter:label2\" content=\"Dur\u00e9e de lecture estim\u00e9e\" \/>\n\t<meta name=\"twitter:data2\" content=\"1 minute\" \/>\n<script type=\"application\/ld+json\" class=\"yoast-schema-graph\">{\"@context\":\"https:\/\/schema.org\",\"@graph\":[{\"@type\":\"Article\",\"@id\":\"https:\/\/vosgesinfo.fr\/saintdieinfo\/2021\/09\/double-projection-film-200-metres-soiree-debat-cinema-excelsior\/#article\",\"isPartOf\":{\"@id\":\"https:\/\/vosgesinfo.fr\/saintdieinfo\/2021\/09\/double-projection-film-200-metres-soiree-debat-cinema-excelsior\/\"},\"author\":{\"name\":\"la r\u00e9daction\",\"@id\":\"https:\/\/vosgesinfo.fr\/saintdieinfo\/#\/schema\/person\/faee6704a21f3977511db84bd1cd450f\"},\"headline\":\"Double projection du film \u00ab\u00a0200 m\u00e8tres\u00a0\u00bb et soir\u00e9e-d\u00e9bat au cin\u00e9ma Excelsior\",\"datePublished\":\"2021-09-09T11:05:36+00:00\",\"dateModified\":\"2021-09-09T11:05:36+00:00\",\"mainEntityOfPage\":{\"@id\":\"https:\/\/vosgesinfo.fr\/saintdieinfo\/2021\/09\/double-projection-film-200-metres-soiree-debat-cinema-excelsior\/\"},\"wordCount\":187,\"commentCount\":0,\"publisher\":{\"@id\":\"https:\/\/vosgesinfo.fr\/saintdieinfo\/#organization\"},\"image\":{\"@id\":\"https:\/\/vosgesinfo.fr\/saintdieinfo\/2021\/09\/double-projection-film-200-metres-soiree-debat-cinema-excelsior\/#primaryimage\"},\"thumbnailUrl\":\"https:\/\/vosgesinfo.fr\/app\/uploads\/sites\/4\/2024\/08\/202109film-200-metres-affiche.jpg\",\"keywords\":[\"200 m\u00e8tres\",\"Association Art&amp;Essai\",\"Association France Palestine Solidarit\u00e9\",\"Cin\u00e9ma Excelsior\"],\"articleSection\":[\"Br\u00e8ves\",\"Culture\",\"Saint-Di\u00e9-des-Vosges et son Agglom\u00e9ration\",\"Vie Associative\"],\"inLanguage\":\"fr-FR\",\"potentialAction\":[{\"@type\":\"CommentAction\",\"name\":\"Comment\",\"target\":[\"https:\/\/vosgesinfo.fr\/saintdieinfo\/2021\/09\/double-projection-film-200-metres-soiree-debat-cinema-excelsior\/#respond\"]}]},{\"@type\":\"WebPage\",\"@id\":\"https:\/\/vosgesinfo.fr\/saintdieinfo\/2021\/09\/double-projection-film-200-metres-soiree-debat-cinema-excelsior\/\",\"url\":\"https:\/\/vosgesinfo.fr\/saintdieinfo\/2021\/09\/double-projection-film-200-metres-soiree-debat-cinema-excelsior\/\",\"name\":\"Double projection du film \\\"200 m\u00e8tres\\\" et soir\u00e9e-d\u00e9bat au cin\u00e9ma Excelsior - Saint Die Info\",\"isPartOf\":{\"@id\":\"https:\/\/vosgesinfo.fr\/saintdieinfo\/#website\"},\"primaryImageOfPage\":{\"@id\":\"https:\/\/vosgesinfo.fr\/saintdieinfo\/2021\/09\/double-projection-film-200-metres-soiree-debat-cinema-excelsior\/#primaryimage\"},\"image\":{\"@id\":\"https:\/\/vosgesinfo.fr\/saintdieinfo\/2021\/09\/double-projection-film-200-metres-soiree-debat-cinema-excelsior\/#primaryimage\"},\"thumbnailUrl\":\"https:\/\/vosgesinfo.fr\/app\/uploads\/sites\/4\/2024\/08\/202109film-200-metres-affiche.jpg\",\"datePublished\":\"2021-09-09T11:05:36+00:00\",\"dateModified\":\"2021-09-09T11:05:36+00:00\",\"breadcrumb\":{\"@id\":\"https:\/\/vosgesinfo.fr\/saintdieinfo\/2021\/09\/double-projection-film-200-metres-soiree-debat-cinema-excelsior\/#breadcrumb\"},\"inLanguage\":\"fr-FR\",\"potentialAction\":[{\"@type\":\"ReadAction\",\"target\":[\"https:\/\/vosgesinfo.fr\/saintdieinfo\/2021\/09\/double-projection-film-200-metres-soiree-debat-cinema-excelsior\/\"]}]},{\"@type\":\"ImageObject\",\"inLanguage\":\"fr-FR\",\"@id\":\"https:\/\/vosgesinfo.fr\/saintdieinfo\/2021\/09\/double-projection-film-200-metres-soiree-debat-cinema-excelsior\/#primaryimage\",\"url\":\"https:\/\/vosgesinfo.fr\/app\/uploads\/sites\/4\/2024\/08\/202109film-200-metres-affiche.jpg\",\"contentUrl\":\"https:\/\/vosgesinfo.fr\/app\/uploads\/sites\/4\/2024\/08\/202109film-200-metres-affiche.jpg\",\"width\":582,\"height\":776},{\"@type\":\"BreadcrumbList\",\"@id\":\"https:\/\/vosgesinfo.fr\/saintdieinfo\/2021\/09\/double-projection-film-200-metres-soiree-debat-cinema-excelsior\/#breadcrumb\",\"itemListElement\":[{\"@type\":\"ListItem\",\"position\":1,\"name\":\"Home\",\"item\":\"https:\/\/vosgesinfo.fr\/saintdieinfo\/\"},{\"@type\":\"ListItem\",\"position\":2,\"name\":\"Double projection du film \u00ab\u00a0200 m\u00e8tres\u00a0\u00bb et soir\u00e9e-d\u00e9bat au cin\u00e9ma Excelsior\"}]},{\"@type\":\"WebSite\",\"@id\":\"https:\/\/vosgesinfo.fr\/saintdieinfo\/#website\",\"url\":\"https:\/\/vosgesinfo.fr\/saintdieinfo\/\",\"name\":\"Saint Die Info\",\"description\":\"Toute l&#039;actualit\u00e9 de Saint-Di\u00e9-Des-Vosges\",\"publisher\":{\"@id\":\"https:\/\/vosgesinfo.fr\/saintdieinfo\/#organization\"},\"alternateName\":\"Toute l'actualit\u00e9 de Saint-Di\u00e9-Des-Vosges\",\"potentialAction\":[{\"@type\":\"SearchAction\",\"target\":{\"@type\":\"EntryPoint\",\"urlTemplate\":\"https:\/\/vosgesinfo.fr\/saintdieinfo\/?s={search_term_string}\"},\"query-input\":\"required name=search_term_string\"}],\"inLanguage\":\"fr-FR\"},{\"@type\":\"Organization\",\"@id\":\"https:\/\/vosgesinfo.fr\/saintdieinfo\/#organization\",\"name\":\"Saint Die Info\",\"url\":\"https:\/\/vosgesinfo.fr\/saintdieinfo\/\",\"logo\":{\"@type\":\"ImageObject\",\"inLanguage\":\"fr-FR\",\"@id\":\"https:\/\/vosgesinfo.fr\/saintdieinfo\/#\/schema\/logo\/image\/\",\"url\":\"https:\/\/vosgesinfo.fr\/app\/uploads\/sites\/4\/2024\/02\/logo-sdi.jpg\",\"contentUrl\":\"https:\/\/vosgesinfo.fr\/app\/uploads\/sites\/4\/2024\/02\/logo-sdi.jpg\",\"width\":600,\"height\":600,\"caption\":\"Saint Die Info\"},\"image\":{\"@id\":\"https:\/\/vosgesinfo.fr\/saintdieinfo\/#\/schema\/logo\/image\/\"},\"sameAs\":[\"https:\/\/www.facebook.com\/Saintdieinfofr\",\"https:\/\/x.com\/VosgesInfo88\",\"https:\/\/www.youtube.com\/@vosgesinfo\"]},{\"@type\":\"Person\",\"@id\":\"https:\/\/vosgesinfo.fr\/saintdieinfo\/#\/schema\/person\/faee6704a21f3977511db84bd1cd450f\",\"name\":\"la r\u00e9daction\",\"image\":{\"@type\":\"ImageObject\",\"inLanguage\":\"fr-FR\",\"@id\":\"https:\/\/vosgesinfo.fr\/saintdieinfo\/#\/schema\/person\/image\/\",\"url\":\"https:\/\/secure.gravatar.com\/avatar\/6673d8bc6a9c17fa9a453eaa3448de834fa308c2ec9635b7aa99441a7c8d2cf6?s=96&d=mm&r=g\",\"contentUrl\":\"https:\/\/secure.gravatar.com\/avatar\/6673d8bc6a9c17fa9a453eaa3448de834fa308c2ec9635b7aa99441a7c8d2cf6?s=96&d=mm&r=g\",\"caption\":\"la r\u00e9daction\"},\"url\":\"https:\/\/vosgesinfo.fr\/saintdieinfo\/author\/redac\/\"}]}<\/script>\n<!-- \/ Yoast SEO plugin. -->","yoast_head_json":{"title":"Double projection du film \"200 m\u00e8tres\" et soir\u00e9e-d\u00e9bat au cin\u00e9ma Excelsior - Saint Die Info","robots":{"index":"index","follow":"follow","max-snippet":"max-snippet:-1","max-image-preview":"max-image-preview:large","max-video-preview":"max-video-preview:-1"},"canonical":"https:\/\/vosgesinfo.fr\/saintdieinfo\/2021\/09\/double-projection-film-200-metres-soiree-debat-cinema-excelsior\/","twitter_card":"summary_large_image","twitter_title":"Double projection du film \"200 m\u00e8tres\" et soir\u00e9e-d\u00e9bat au cin\u00e9ma Excelsior - Saint Die Info","twitter_description":"Mardi 14 septembre, une double projection du film\u00a0\u00ab\u00a0200 m\u00e8tres\u00a0\u00bb, du r\u00e9alisateur palestinien Ameen Nayfeh, est organis\u00e9e au cin\u00e9ma Excelsior de [&hellip;]","twitter_image":"https:\/\/vosgesinfo.fr\/app\/uploads\/sites\/4\/2024\/08\/202109film-200-metres-affiche.jpg","twitter_creator":"@VosgesInfo88","twitter_site":"@VosgesInfo88","twitter_misc":{"\u00c9crit par":"la r\u00e9daction","Dur\u00e9e de lecture estim\u00e9e":"1 minute"},"schema":{"@context":"https:\/\/schema.org","@graph":[{"@type":"Article","@id":"https:\/\/vosgesinfo.fr\/saintdieinfo\/2021\/09\/double-projection-film-200-metres-soiree-debat-cinema-excelsior\/#article","isPartOf":{"@id":"https:\/\/vosgesinfo.fr\/saintdieinfo\/2021\/09\/double-projection-film-200-metres-soiree-debat-cinema-excelsior\/"},"author":{"name":"la r\u00e9daction","@id":"https:\/\/vosgesinfo.fr\/saintdieinfo\/#\/schema\/person\/faee6704a21f3977511db84bd1cd450f"},"headline":"Double projection du film \u00ab\u00a0200 m\u00e8tres\u00a0\u00bb et soir\u00e9e-d\u00e9bat au cin\u00e9ma Excelsior","datePublished":"2021-09-09T11:05:36+00:00","dateModified":"2021-09-09T11:05:36+00:00","mainEntityOfPage":{"@id":"https:\/\/vosgesinfo.fr\/saintdieinfo\/2021\/09\/double-projection-film-200-metres-soiree-debat-cinema-excelsior\/"},"wordCount":187,"commentCount":0,"publisher":{"@id":"https:\/\/vosgesinfo.fr\/saintdieinfo\/#organization"},"image":{"@id":"https:\/\/vosgesinfo.fr\/saintdieinfo\/2021\/09\/double-projection-film-200-metres-soiree-debat-cinema-excelsior\/#primaryimage"},"thumbnailUrl":"https:\/\/vosgesinfo.fr\/app\/uploads\/sites\/4\/2024\/08\/202109film-200-metres-affiche.jpg","keywords":["200 m\u00e8tres","Association Art&amp;Essai","Association France Palestine Solidarit\u00e9","Cin\u00e9ma Excelsior"],"articleSection":["Br\u00e8ves","Culture","Saint-Di\u00e9-des-Vosges et son Agglom\u00e9ration","Vie Associative"],"inLanguage":"fr-FR","potentialAction":[{"@type":"CommentAction","name":"Comment","target":["https:\/\/vosgesinfo.fr\/saintdieinfo\/2021\/09\/double-projection-film-200-metres-soiree-debat-cinema-excelsior\/#respond"]}]},{"@type":"WebPage","@id":"https:\/\/vosgesinfo.fr\/saintdieinfo\/2021\/09\/double-projection-film-200-metres-soiree-debat-cinema-excelsior\/","url":"https:\/\/vosgesinfo.fr\/saintdieinfo\/2021\/09\/double-projection-film-200-metres-soiree-debat-cinema-excelsior\/","name":"Double projection du film \"200 m\u00e8tres\" et soir\u00e9e-d\u00e9bat au cin\u00e9ma Excelsior - Saint Die Info","isPartOf":{"@id":"https:\/\/vosgesinfo.fr\/saintdieinfo\/#website"},"primaryImageOfPage":{"@id":"https:\/\/vosgesinfo.fr\/saintdieinfo\/2021\/09\/double-projection-film-200-metres-soiree-debat-cinema-excelsior\/#primaryimage"},"image":{"@id":"https:\/\/vosgesinfo.fr\/saintdieinfo\/2021\/09\/double-projection-film-200-metres-soiree-debat-cinema-excelsior\/#primaryimage"},"thumbnailUrl":"https:\/\/vosgesinfo.fr\/app\/uploads\/sites\/4\/2024\/08\/202109film-200-metres-affiche.jpg","datePublished":"2021-09-09T11:05:36+00:00","dateModified":"2021-09-09T11:05:36+00:00","breadcrumb":{"@id":"https:\/\/vosgesinfo.fr\/saintdieinfo\/2021\/09\/double-projection-film-200-metres-soiree-debat-cinema-excelsior\/#breadcrumb"},"inLanguage":"fr-FR","potentialAction":[{"@type":"ReadAction","target":["https:\/\/vosgesinfo.fr\/saintdieinfo\/2021\/09\/double-projection-film-200-metres-soiree-debat-cinema-excelsior\/"]}]},{"@type":"ImageObject","inLanguage":"fr-FR","@id":"https:\/\/vosgesinfo.fr\/saintdieinfo\/2021\/09\/double-projection-film-200-metres-soiree-debat-cinema-excelsior\/#primaryimage","url":"https:\/\/vosgesinfo.fr\/app\/uploads\/sites\/4\/2024\/08\/202109film-200-metres-affiche.jpg","contentUrl":"https:\/\/vosgesinfo.fr\/app\/uploads\/sites\/4\/2024\/08\/202109film-200-metres-affiche.jpg","width":582,"height":776},{"@type":"BreadcrumbList","@id":"https:\/\/vosgesinfo.fr\/saintdieinfo\/2021\/09\/double-projection-film-200-metres-soiree-debat-cinema-excelsior\/#breadcrumb","itemListElement":[{"@type":"ListItem","position":1,"name":"Home","item":"https:\/\/vosgesinfo.fr\/saintdieinfo\/"},{"@type":"ListItem","position":2,"name":"Double projection du film \u00ab\u00a0200 m\u00e8tres\u00a0\u00bb et soir\u00e9e-d\u00e9bat au cin\u00e9ma Excelsior"}]},{"@type":"WebSite","@id":"https:\/\/vosgesinfo.fr\/saintdieinfo\/#website","url":"https:\/\/vosgesinfo.fr\/saintdieinfo\/","name":"Saint Die Info","description":"Toute l&#039;actualit\u00e9 de Saint-Di\u00e9-Des-Vosges","publisher":{"@id":"https:\/\/vosgesinfo.fr\/saintdieinfo\/#organization"},"alternateName":"Toute l'actualit\u00e9 de Saint-Di\u00e9-Des-Vosges","potentialAction":[{"@type":"SearchAction","target":{"@type":"EntryPoint","urlTemplate":"https:\/\/vosgesinfo.fr\/saintdieinfo\/?s={search_term_string}"},"query-input":"required name=search_term_string"}],"inLanguage":"fr-FR"},{"@type":"Organization","@id":"https:\/\/vosgesinfo.fr\/saintdieinfo\/#organization","name":"Saint Die Info","url":"https:\/\/vosgesinfo.fr\/saintdieinfo\/","logo":{"@type":"ImageObject","inLanguage":"fr-FR","@id":"https:\/\/vosgesinfo.fr\/saintdieinfo\/#\/schema\/logo\/image\/","url":"https:\/\/vosgesinfo.fr\/app\/uploads\/sites\/4\/2024\/02\/logo-sdi.jpg","contentUrl":"https:\/\/vosgesinfo.fr\/app\/uploads\/sites\/4\/2024\/02\/logo-sdi.jpg","width":600,"height":600,"caption":"Saint Die Info"},"image":{"@id":"https:\/\/vosgesinfo.fr\/saintdieinfo\/#\/schema\/logo\/image\/"},"sameAs":["https:\/\/www.facebook.com\/Saintdieinfofr","https:\/\/x.com\/VosgesInfo88","https:\/\/www.youtube.com\/@vosgesinfo"]},{"@type":"Person","@id":"https:\/\/vosgesinfo.fr\/saintdieinfo\/#\/schema\/person\/faee6704a21f3977511db84bd1cd450f","name":"la r\u00e9daction","image":{"@type":"ImageObject","inLanguage":"fr-FR","@id":"https:\/\/vosgesinfo.fr\/saintdieinfo\/#\/schema\/person\/image\/","url":"https:\/\/secure.gravatar.com\/avatar\/6673d8bc6a9c17fa9a453eaa3448de834fa308c2ec9635b7aa99441a7c8d2cf6?s=96&d=mm&r=g","contentUrl":"https:\/\/secure.gravatar.com\/avatar\/6673d8bc6a9c17fa9a453eaa3448de834fa308c2ec9635b7aa99441a7c8d2cf6?s=96&d=mm&r=g","caption":"la r\u00e9daction"},"url":"https:\/\/vosgesinfo.fr\/saintdieinfo\/author\/redac\/"}]}},"_links":{"self":[{"href":"https:\/\/vosgesinfo.fr\/saintdieinfo\/wp-json\/wp\/v2\/posts\/42999","targetHints":{"allow":["GET"]}}],"collection":[{"href":"https:\/\/vosgesinfo.fr\/saintdieinfo\/wp-json\/wp\/v2\/posts"}],"about":[{"href":"https:\/\/vosgesinfo.fr\/saintdieinfo\/wp-json\/wp\/v2\/types\/post"}],"author":[{"embeddable":true,"href":"https:\/\/vosgesinfo.fr\/saintdieinfo\/wp-json\/wp\/v2\/users\/44"}],"replies":[{"embeddable":true,"href":"https:\/\/vosgesinfo.fr\/saintdieinfo\/wp-json\/wp\/v2\/comments?post=42999"}],"version-history":[{"count":0,"href":"https:\/\/vosgesinfo.fr\/saintdieinfo\/wp-json\/wp\/v2\/posts\/42999\/revisions"}],"wp:featuredmedia":[{"embeddable":true,"href":"https:\/\/vosgesinfo.fr\/saintdieinfo\/wp-json\/wp\/v2\/media\/43000"}],"wp:attachment":[{"href":"https:\/\/vosgesinfo.fr\/saintdieinfo\/wp-json\/wp\/v2\/media?parent=42999"}],"wp:term":[{"taxonomy":"category","embeddable":true,"href":"https:\/\/vosgesinfo.fr\/saintdieinfo\/wp-json\/wp\/v2\/categories?post=42999"},{"taxonomy":"post_tag","embeddable":true,"href":"https:\/\/vosgesinfo.fr\/saintdieinfo\/wp-json\/wp\/v2\/tags?post=42999"}],"curies":[{"name":"wp","href":"https:\/\/api.w.org\/{rel}","templated":true}]}}