{"id":43011,"date":"2021-09-09T15:15:10","date_gmt":"2021-09-09T13:15:10","guid":{"rendered":"https:\/\/vosgesinfo.fr\/saintdieinfo\/2021\/09\/jardins-partages-deodatiens-recreer-lien-social\/"},"modified":"2021-09-09T15:15:10","modified_gmt":"2021-09-09T13:15:10","slug":"jardins-partages-deodatiens-recreer-lien-social","status":"publish","type":"post","link":"https:\/\/vosgesinfo.fr\/saintdieinfo\/2021\/09\/jardins-partages-deodatiens-recreer-lien-social\/","title":{"rendered":"Des jardins partag\u00e9s d\u00e9odatiens pour (re)cr\u00e9er du lien social"},"content":{"rendered":"<p><a href=\"\/2021\/09\/Inauguration_Jardins_Partag\u00e9s_Saint-Roch-7.jpg\" target=\"_blank\" rel=\"noopener\"><img decoding=\"async\" class=\"aligncenter wp-image-171612 size-full\" src=\"\/2021\/09\/Inauguration_Jardins_Partag\u00e9s_Saint-Roch-7.jpg\" alt=\"Inauguration_Jardins_Partag\u00e9s_Saint-Roch (7)\" width=\"800\" height=\"600\" \/><\/a><\/p>\n<h2><span style=\"font-size: 14pt;\"><strong><span style=\"font-family: Calibri, sans-serif;\">De nouveaux jardins partag\u00e9s ont \u00e9t\u00e9 inaugur\u00e9s en musique ce jeudi apr\u00e8s-midi. La particularit\u00e9 de ces jardins, situ\u00e9s en contre-haut des immeubles du quartier Saint-Roch, est qu&rsquo;ils d\u00e9coulent d&rsquo;un projet port\u00e9 par le Centre Social Germaine-Tillion et financ\u00e9 par la Politique de la Ville, le Conseil D\u00e9partemental des Vosges ainsi que les bailleurs sociaux Vosgelis et le Toit Vosgien.<\/span><\/strong><\/span><\/h2>\n<p><!--more--><\/p>\n<p><span style=\"font-family: Calibri, sans-serif;\"><span style=\"font-size: large;\"><em>\u00ab\u00a0Ce projet de jardins partag\u00e9s a \u00e9t\u00e9 lanc\u00e9 il y a 3 ans, mais la crise sanitaire y a mis un coup d&rsquo;arr\u00eat. Le projet a v\u00e9ritablement repris \u00e0 la fin de l&rsquo;ann\u00e9e 2020, lorsque des travaux ont \u00e9t\u00e9 r\u00e9alis\u00e9s par les services techniques d\u00e9odatiens afin de pr\u00e9parer les 2 parcelles d&rsquo;environ 125 m\u00b2, mises \u00e0 disposition par la Ville, sur lesquelles ont \u00e9t\u00e9 am\u00e9nag\u00e9s les jardins \u00e0 partir du printemps dernier. L&rsquo;objectif derri\u00e8re cette d\u00e9marche est d&rsquo;amener des personnes b\u00e9n\u00e9ficiaires du RSA, mais pas uniquement, \u00e0 cr\u00e9er ou recr\u00e9er du lien social. Car ces personnes se retrouvent souvent isol\u00e9es. Une quinzaine de personnes a travaill\u00e9 \u00e0 l&rsquo;am\u00e9nagement des jardins sous l&rsquo;\u00e9gide du Nadir Moktar, coordinateur du projet. Ils se sont charg\u00e9s de la d\u00e9coration tout en choisissant ce qu&rsquo;ils souhaitaient planter. Ils ont \u00e9galement visit\u00e9 d&rsquo;autres jardins pour s&rsquo;inspirer et d\u00e9couvrir. C&rsquo;est une vraie bouff\u00e9e d&rsquo;oxyg\u00e8ne de pouvoir s&rsquo;occuper de ces jardins partag\u00e9s \u00e0 travers un projet collectif, d&rsquo;autant plus avec ce que nous avons v\u00e9cu depuis le d\u00e9but de la crise sanitaire\u00a0\u00bb<\/em> explique Paul Daval, directeur du Centre Social Germaine-Tillion.<\/span><\/span><\/p>\n<p><span style=\"font-family: Calibri, sans-serif;\"><span style=\"font-size: large;\">A l&rsquo;avenir, ces jardins pourraient s&rsquo;agrandir et des animations pourraient y voir le jour, pour cr\u00e9er du lien social avec d&rsquo;autres habitants du quartier Saint-Roch.<\/span><\/span><\/p>\n<p>J.J.<\/p>\n\n","protected":false},"excerpt":{"rendered":"<p>De nouveaux jardins partag\u00e9s ont \u00e9t\u00e9 inaugur\u00e9s en musique ce jeudi apr\u00e8s-midi. La particularit\u00e9 de ces jardins, situ\u00e9s en contre-haut [&hellip;]<\/p>\n","protected":false},"author":44,"featured_media":43012,"comment_status":"open","ping_status":"open","sticky":false,"template":"","format":"standard","meta":{"footnotes":""},"categories":[460,2915],"tags":[3118,8150,3121],"class_list":["post-43011","post","type-post","status-publish","format-standard","has-post-thumbnail","hentry","category-a-la-une","category-saint-die-son-canton","tag-centre-social-germaine-tillion","tag-jardins-partages","tag-quartier-saint-roch"],"acf":[],"yoast_head":"<!-- This site is optimized with the Yoast SEO plugin v22.5 - https:\/\/yoast.com\/wordpress\/plugins\/seo\/ -->\n<title>Des jardins partag\u00e9s d\u00e9odatiens pour (re)cr\u00e9er du lien social - Saint Die Info<\/title>\n<meta name=\"robots\" content=\"index, follow, max-snippet:-1, max-image-preview:large, max-video-preview:-1\" \/>\n<link rel=\"canonical\" href=\"https:\/\/vosgesinfo.fr\/saintdieinfo\/2021\/09\/jardins-partages-deodatiens-recreer-lien-social\/\" \/>\n<meta name=\"twitter:card\" content=\"summary_large_image\" \/>\n<meta name=\"twitter:title\" content=\"Des jardins partag\u00e9s d\u00e9odatiens pour (re)cr\u00e9er du lien social - Saint Die Info\" \/>\n<meta name=\"twitter:description\" content=\"De nouveaux jardins partag\u00e9s ont \u00e9t\u00e9 inaugur\u00e9s en musique ce jeudi apr\u00e8s-midi. La particularit\u00e9 de ces jardins, situ\u00e9s en contre-haut [&hellip;]\" \/>\n<meta name=\"twitter:image\" content=\"https:\/\/vosgesinfo.fr\/app\/uploads\/sites\/4\/2024\/08\/202109inauguration-jardins-partages-saint-roch-7.jpg\" \/>\n<meta name=\"twitter:creator\" content=\"@VosgesInfo88\" \/>\n<meta name=\"twitter:site\" content=\"@VosgesInfo88\" \/>\n<meta name=\"twitter:label1\" content=\"\u00c9crit par\" \/>\n\t<meta name=\"twitter:data1\" content=\"la r\u00e9daction\" \/>\n\t<meta name=\"twitter:label2\" content=\"Dur\u00e9e de lecture estim\u00e9e\" \/>\n\t<meta name=\"twitter:data2\" content=\"1 minute\" \/>\n<script type=\"application\/ld+json\" class=\"yoast-schema-graph\">{\"@context\":\"https:\/\/schema.org\",\"@graph\":[{\"@type\":\"Article\",\"@id\":\"https:\/\/vosgesinfo.fr\/saintdieinfo\/2021\/09\/jardins-partages-deodatiens-recreer-lien-social\/#article\",\"isPartOf\":{\"@id\":\"https:\/\/vosgesinfo.fr\/saintdieinfo\/2021\/09\/jardins-partages-deodatiens-recreer-lien-social\/\"},\"author\":{\"name\":\"la r\u00e9daction\",\"@id\":\"https:\/\/vosgesinfo.fr\/saintdieinfo\/#\/schema\/person\/faee6704a21f3977511db84bd1cd450f\"},\"headline\":\"Des jardins partag\u00e9s d\u00e9odatiens pour (re)cr\u00e9er du lien social\",\"datePublished\":\"2021-09-09T13:15:10+00:00\",\"dateModified\":\"2021-09-09T13:15:10+00:00\",\"mainEntityOfPage\":{\"@id\":\"https:\/\/vosgesinfo.fr\/saintdieinfo\/2021\/09\/jardins-partages-deodatiens-recreer-lien-social\/\"},\"wordCount\":329,\"commentCount\":0,\"publisher\":{\"@id\":\"https:\/\/vosgesinfo.fr\/saintdieinfo\/#organization\"},\"image\":{\"@id\":\"https:\/\/vosgesinfo.fr\/saintdieinfo\/2021\/09\/jardins-partages-deodatiens-recreer-lien-social\/#primaryimage\"},\"thumbnailUrl\":\"https:\/\/vosgesinfo.fr\/app\/uploads\/sites\/4\/2024\/08\/202109inauguration-jardins-partages-saint-roch-7.jpg\",\"keywords\":[\"Centre Social Germaine-Tillion\",\"Jardins partag\u00e9s\",\"Quartier Saint-Roch\"],\"articleSection\":[\"A la Une\",\"Saint-Di\u00e9-des-Vosges et son Agglom\u00e9ration\"],\"inLanguage\":\"fr-FR\",\"potentialAction\":[{\"@type\":\"CommentAction\",\"name\":\"Comment\",\"target\":[\"https:\/\/vosgesinfo.fr\/saintdieinfo\/2021\/09\/jardins-partages-deodatiens-recreer-lien-social\/#respond\"]}]},{\"@type\":\"WebPage\",\"@id\":\"https:\/\/vosgesinfo.fr\/saintdieinfo\/2021\/09\/jardins-partages-deodatiens-recreer-lien-social\/\",\"url\":\"https:\/\/vosgesinfo.fr\/saintdieinfo\/2021\/09\/jardins-partages-deodatiens-recreer-lien-social\/\",\"name\":\"Des jardins partag\u00e9s d\u00e9odatiens pour (re)cr\u00e9er du lien social - Saint Die Info\",\"isPartOf\":{\"@id\":\"https:\/\/vosgesinfo.fr\/saintdieinfo\/#website\"},\"primaryImageOfPage\":{\"@id\":\"https:\/\/vosgesinfo.fr\/saintdieinfo\/2021\/09\/jardins-partages-deodatiens-recreer-lien-social\/#primaryimage\"},\"image\":{\"@id\":\"https:\/\/vosgesinfo.fr\/saintdieinfo\/2021\/09\/jardins-partages-deodatiens-recreer-lien-social\/#primaryimage\"},\"thumbnailUrl\":\"https:\/\/vosgesinfo.fr\/app\/uploads\/sites\/4\/2024\/08\/202109inauguration-jardins-partages-saint-roch-7.jpg\",\"datePublished\":\"2021-09-09T13:15:10+00:00\",\"dateModified\":\"2021-09-09T13:15:10+00:00\",\"breadcrumb\":{\"@id\":\"https:\/\/vosgesinfo.fr\/saintdieinfo\/2021\/09\/jardins-partages-deodatiens-recreer-lien-social\/#breadcrumb\"},\"inLanguage\":\"fr-FR\",\"potentialAction\":[{\"@type\":\"ReadAction\",\"target\":[\"https:\/\/vosgesinfo.fr\/saintdieinfo\/2021\/09\/jardins-partages-deodatiens-recreer-lien-social\/\"]}]},{\"@type\":\"ImageObject\",\"inLanguage\":\"fr-FR\",\"@id\":\"https:\/\/vosgesinfo.fr\/saintdieinfo\/2021\/09\/jardins-partages-deodatiens-recreer-lien-social\/#primaryimage\",\"url\":\"https:\/\/vosgesinfo.fr\/app\/uploads\/sites\/4\/2024\/08\/202109inauguration-jardins-partages-saint-roch-7.jpg\",\"contentUrl\":\"https:\/\/vosgesinfo.fr\/app\/uploads\/sites\/4\/2024\/08\/202109inauguration-jardins-partages-saint-roch-7.jpg\",\"width\":800,\"height\":600},{\"@type\":\"BreadcrumbList\",\"@id\":\"https:\/\/vosgesinfo.fr\/saintdieinfo\/2021\/09\/jardins-partages-deodatiens-recreer-lien-social\/#breadcrumb\",\"itemListElement\":[{\"@type\":\"ListItem\",\"position\":1,\"name\":\"Home\",\"item\":\"https:\/\/vosgesinfo.fr\/saintdieinfo\/\"},{\"@type\":\"ListItem\",\"position\":2,\"name\":\"Des jardins partag\u00e9s d\u00e9odatiens pour (re)cr\u00e9er du lien social\"}]},{\"@type\":\"WebSite\",\"@id\":\"https:\/\/vosgesinfo.fr\/saintdieinfo\/#website\",\"url\":\"https:\/\/vosgesinfo.fr\/saintdieinfo\/\",\"name\":\"Saint Die Info\",\"description\":\"Toute l&#039;actualit\u00e9 de Saint-Di\u00e9-Des-Vosges\",\"publisher\":{\"@id\":\"https:\/\/vosgesinfo.fr\/saintdieinfo\/#organization\"},\"alternateName\":\"Toute l'actualit\u00e9 de Saint-Di\u00e9-Des-Vosges\",\"potentialAction\":[{\"@type\":\"SearchAction\",\"target\":{\"@type\":\"EntryPoint\",\"urlTemplate\":\"https:\/\/vosgesinfo.fr\/saintdieinfo\/?s={search_term_string}\"},\"query-input\":\"required name=search_term_string\"}],\"inLanguage\":\"fr-FR\"},{\"@type\":\"Organization\",\"@id\":\"https:\/\/vosgesinfo.fr\/saintdieinfo\/#organization\",\"name\":\"Saint Die Info\",\"url\":\"https:\/\/vosgesinfo.fr\/saintdieinfo\/\",\"logo\":{\"@type\":\"ImageObject\",\"inLanguage\":\"fr-FR\",\"@id\":\"https:\/\/vosgesinfo.fr\/saintdieinfo\/#\/schema\/logo\/image\/\",\"url\":\"https:\/\/vosgesinfo.fr\/app\/uploads\/sites\/4\/2024\/02\/logo-sdi.jpg\",\"contentUrl\":\"https:\/\/vosgesinfo.fr\/app\/uploads\/sites\/4\/2024\/02\/logo-sdi.jpg\",\"width\":600,\"height\":600,\"caption\":\"Saint Die Info\"},\"image\":{\"@id\":\"https:\/\/vosgesinfo.fr\/saintdieinfo\/#\/schema\/logo\/image\/\"},\"sameAs\":[\"https:\/\/www.facebook.com\/Saintdieinfofr\",\"https:\/\/x.com\/VosgesInfo88\",\"https:\/\/www.youtube.com\/@vosgesinfo\"]},{\"@type\":\"Person\",\"@id\":\"https:\/\/vosgesinfo.fr\/saintdieinfo\/#\/schema\/person\/faee6704a21f3977511db84bd1cd450f\",\"name\":\"la r\u00e9daction\",\"image\":{\"@type\":\"ImageObject\",\"inLanguage\":\"fr-FR\",\"@id\":\"https:\/\/vosgesinfo.fr\/saintdieinfo\/#\/schema\/person\/image\/\",\"url\":\"https:\/\/secure.gravatar.com\/avatar\/6673d8bc6a9c17fa9a453eaa3448de834fa308c2ec9635b7aa99441a7c8d2cf6?s=96&d=mm&r=g\",\"contentUrl\":\"https:\/\/secure.gravatar.com\/avatar\/6673d8bc6a9c17fa9a453eaa3448de834fa308c2ec9635b7aa99441a7c8d2cf6?s=96&d=mm&r=g\",\"caption\":\"la r\u00e9daction\"},\"url\":\"https:\/\/vosgesinfo.fr\/saintdieinfo\/author\/redac\/\"}]}<\/script>\n<!-- \/ Yoast SEO plugin. -->","yoast_head_json":{"title":"Des jardins partag\u00e9s d\u00e9odatiens pour (re)cr\u00e9er du lien social - Saint Die Info","robots":{"index":"index","follow":"follow","max-snippet":"max-snippet:-1","max-image-preview":"max-image-preview:large","max-video-preview":"max-video-preview:-1"},"canonical":"https:\/\/vosgesinfo.fr\/saintdieinfo\/2021\/09\/jardins-partages-deodatiens-recreer-lien-social\/","twitter_card":"summary_large_image","twitter_title":"Des jardins partag\u00e9s d\u00e9odatiens pour (re)cr\u00e9er du lien social - Saint Die Info","twitter_description":"De nouveaux jardins partag\u00e9s ont \u00e9t\u00e9 inaugur\u00e9s en musique ce jeudi apr\u00e8s-midi. La particularit\u00e9 de ces jardins, situ\u00e9s en contre-haut [&hellip;]","twitter_image":"https:\/\/vosgesinfo.fr\/app\/uploads\/sites\/4\/2024\/08\/202109inauguration-jardins-partages-saint-roch-7.jpg","twitter_creator":"@VosgesInfo88","twitter_site":"@VosgesInfo88","twitter_misc":{"\u00c9crit par":"la r\u00e9daction","Dur\u00e9e de lecture estim\u00e9e":"1 minute"},"schema":{"@context":"https:\/\/schema.org","@graph":[{"@type":"Article","@id":"https:\/\/vosgesinfo.fr\/saintdieinfo\/2021\/09\/jardins-partages-deodatiens-recreer-lien-social\/#article","isPartOf":{"@id":"https:\/\/vosgesinfo.fr\/saintdieinfo\/2021\/09\/jardins-partages-deodatiens-recreer-lien-social\/"},"author":{"name":"la r\u00e9daction","@id":"https:\/\/vosgesinfo.fr\/saintdieinfo\/#\/schema\/person\/faee6704a21f3977511db84bd1cd450f"},"headline":"Des jardins partag\u00e9s d\u00e9odatiens pour (re)cr\u00e9er du lien social","datePublished":"2021-09-09T13:15:10+00:00","dateModified":"2021-09-09T13:15:10+00:00","mainEntityOfPage":{"@id":"https:\/\/vosgesinfo.fr\/saintdieinfo\/2021\/09\/jardins-partages-deodatiens-recreer-lien-social\/"},"wordCount":329,"commentCount":0,"publisher":{"@id":"https:\/\/vosgesinfo.fr\/saintdieinfo\/#organization"},"image":{"@id":"https:\/\/vosgesinfo.fr\/saintdieinfo\/2021\/09\/jardins-partages-deodatiens-recreer-lien-social\/#primaryimage"},"thumbnailUrl":"https:\/\/vosgesinfo.fr\/app\/uploads\/sites\/4\/2024\/08\/202109inauguration-jardins-partages-saint-roch-7.jpg","keywords":["Centre Social Germaine-Tillion","Jardins partag\u00e9s","Quartier Saint-Roch"],"articleSection":["A la Une","Saint-Di\u00e9-des-Vosges et son Agglom\u00e9ration"],"inLanguage":"fr-FR","potentialAction":[{"@type":"CommentAction","name":"Comment","target":["https:\/\/vosgesinfo.fr\/saintdieinfo\/2021\/09\/jardins-partages-deodatiens-recreer-lien-social\/#respond"]}]},{"@type":"WebPage","@id":"https:\/\/vosgesinfo.fr\/saintdieinfo\/2021\/09\/jardins-partages-deodatiens-recreer-lien-social\/","url":"https:\/\/vosgesinfo.fr\/saintdieinfo\/2021\/09\/jardins-partages-deodatiens-recreer-lien-social\/","name":"Des jardins partag\u00e9s d\u00e9odatiens pour (re)cr\u00e9er du lien social - Saint Die Info","isPartOf":{"@id":"https:\/\/vosgesinfo.fr\/saintdieinfo\/#website"},"primaryImageOfPage":{"@id":"https:\/\/vosgesinfo.fr\/saintdieinfo\/2021\/09\/jardins-partages-deodatiens-recreer-lien-social\/#primaryimage"},"image":{"@id":"https:\/\/vosgesinfo.fr\/saintdieinfo\/2021\/09\/jardins-partages-deodatiens-recreer-lien-social\/#primaryimage"},"thumbnailUrl":"https:\/\/vosgesinfo.fr\/app\/uploads\/sites\/4\/2024\/08\/202109inauguration-jardins-partages-saint-roch-7.jpg","datePublished":"2021-09-09T13:15:10+00:00","dateModified":"2021-09-09T13:15:10+00:00","breadcrumb":{"@id":"https:\/\/vosgesinfo.fr\/saintdieinfo\/2021\/09\/jardins-partages-deodatiens-recreer-lien-social\/#breadcrumb"},"inLanguage":"fr-FR","potentialAction":[{"@type":"ReadAction","target":["https:\/\/vosgesinfo.fr\/saintdieinfo\/2021\/09\/jardins-partages-deodatiens-recreer-lien-social\/"]}]},{"@type":"ImageObject","inLanguage":"fr-FR","@id":"https:\/\/vosgesinfo.fr\/saintdieinfo\/2021\/09\/jardins-partages-deodatiens-recreer-lien-social\/#primaryimage","url":"https:\/\/vosgesinfo.fr\/app\/uploads\/sites\/4\/2024\/08\/202109inauguration-jardins-partages-saint-roch-7.jpg","contentUrl":"https:\/\/vosgesinfo.fr\/app\/uploads\/sites\/4\/2024\/08\/202109inauguration-jardins-partages-saint-roch-7.jpg","width":800,"height":600},{"@type":"BreadcrumbList","@id":"https:\/\/vosgesinfo.fr\/saintdieinfo\/2021\/09\/jardins-partages-deodatiens-recreer-lien-social\/#breadcrumb","itemListElement":[{"@type":"ListItem","position":1,"name":"Home","item":"https:\/\/vosgesinfo.fr\/saintdieinfo\/"},{"@type":"ListItem","position":2,"name":"Des jardins partag\u00e9s d\u00e9odatiens pour (re)cr\u00e9er du lien social"}]},{"@type":"WebSite","@id":"https:\/\/vosgesinfo.fr\/saintdieinfo\/#website","url":"https:\/\/vosgesinfo.fr\/saintdieinfo\/","name":"Saint Die Info","description":"Toute l&#039;actualit\u00e9 de Saint-Di\u00e9-Des-Vosges","publisher":{"@id":"https:\/\/vosgesinfo.fr\/saintdieinfo\/#organization"},"alternateName":"Toute l'actualit\u00e9 de Saint-Di\u00e9-Des-Vosges","potentialAction":[{"@type":"SearchAction","target":{"@type":"EntryPoint","urlTemplate":"https:\/\/vosgesinfo.fr\/saintdieinfo\/?s={search_term_string}"},"query-input":"required name=search_term_string"}],"inLanguage":"fr-FR"},{"@type":"Organization","@id":"https:\/\/vosgesinfo.fr\/saintdieinfo\/#organization","name":"Saint Die Info","url":"https:\/\/vosgesinfo.fr\/saintdieinfo\/","logo":{"@type":"ImageObject","inLanguage":"fr-FR","@id":"https:\/\/vosgesinfo.fr\/saintdieinfo\/#\/schema\/logo\/image\/","url":"https:\/\/vosgesinfo.fr\/app\/uploads\/sites\/4\/2024\/02\/logo-sdi.jpg","contentUrl":"https:\/\/vosgesinfo.fr\/app\/uploads\/sites\/4\/2024\/02\/logo-sdi.jpg","width":600,"height":600,"caption":"Saint Die Info"},"image":{"@id":"https:\/\/vosgesinfo.fr\/saintdieinfo\/#\/schema\/logo\/image\/"},"sameAs":["https:\/\/www.facebook.com\/Saintdieinfofr","https:\/\/x.com\/VosgesInfo88","https:\/\/www.youtube.com\/@vosgesinfo"]},{"@type":"Person","@id":"https:\/\/vosgesinfo.fr\/saintdieinfo\/#\/schema\/person\/faee6704a21f3977511db84bd1cd450f","name":"la r\u00e9daction","image":{"@type":"ImageObject","inLanguage":"fr-FR","@id":"https:\/\/vosgesinfo.fr\/saintdieinfo\/#\/schema\/person\/image\/","url":"https:\/\/secure.gravatar.com\/avatar\/6673d8bc6a9c17fa9a453eaa3448de834fa308c2ec9635b7aa99441a7c8d2cf6?s=96&d=mm&r=g","contentUrl":"https:\/\/secure.gravatar.com\/avatar\/6673d8bc6a9c17fa9a453eaa3448de834fa308c2ec9635b7aa99441a7c8d2cf6?s=96&d=mm&r=g","caption":"la r\u00e9daction"},"url":"https:\/\/vosgesinfo.fr\/saintdieinfo\/author\/redac\/"}]}},"_links":{"self":[{"href":"https:\/\/vosgesinfo.fr\/saintdieinfo\/wp-json\/wp\/v2\/posts\/43011","targetHints":{"allow":["GET"]}}],"collection":[{"href":"https:\/\/vosgesinfo.fr\/saintdieinfo\/wp-json\/wp\/v2\/posts"}],"about":[{"href":"https:\/\/vosgesinfo.fr\/saintdieinfo\/wp-json\/wp\/v2\/types\/post"}],"author":[{"embeddable":true,"href":"https:\/\/vosgesinfo.fr\/saintdieinfo\/wp-json\/wp\/v2\/users\/44"}],"replies":[{"embeddable":true,"href":"https:\/\/vosgesinfo.fr\/saintdieinfo\/wp-json\/wp\/v2\/comments?post=43011"}],"version-history":[{"count":0,"href":"https:\/\/vosgesinfo.fr\/saintdieinfo\/wp-json\/wp\/v2\/posts\/43011\/revisions"}],"wp:featuredmedia":[{"embeddable":true,"href":"https:\/\/vosgesinfo.fr\/saintdieinfo\/wp-json\/wp\/v2\/media\/43012"}],"wp:attachment":[{"href":"https:\/\/vosgesinfo.fr\/saintdieinfo\/wp-json\/wp\/v2\/media?parent=43011"}],"wp:term":[{"taxonomy":"category","embeddable":true,"href":"https:\/\/vosgesinfo.fr\/saintdieinfo\/wp-json\/wp\/v2\/categories?post=43011"},{"taxonomy":"post_tag","embeddable":true,"href":"https:\/\/vosgesinfo.fr\/saintdieinfo\/wp-json\/wp\/v2\/tags?post=43011"}],"curies":[{"name":"wp","href":"https:\/\/api.w.org\/{rel}","templated":true}]}}