{"id":43019,"date":"2021-09-09T18:12:42","date_gmt":"2021-09-09T16:12:42","guid":{"rendered":"https:\/\/vosgesinfo.fr\/saintdieinfo\/2021\/09\/rentree-scolaire-effectifs-toujours-baisse-vosges\/"},"modified":"2021-09-09T18:12:42","modified_gmt":"2021-09-09T16:12:42","slug":"rentree-scolaire-effectifs-toujours-baisse-vosges","status":"publish","type":"post","link":"https:\/\/vosgesinfo.fr\/saintdieinfo\/2021\/09\/rentree-scolaire-effectifs-toujours-baisse-vosges\/","title":{"rendered":"Rentr\u00e9e scolaire : des effectifs toujours en baisse dans les Vosges"},"content":{"rendered":"<h2><a href=\"\/2021\/09\/conference-de-presse-rentree-vosges-3.jpg\" target=\"_blank\" rel=\"noopener\"><img decoding=\"async\" class=\"aligncenter wp-image-171617 size-full\" src=\"\/2021\/09\/conference-de-presse-rentree-vosges-3.jpg\" alt=\"conference-de-presse-rentree-vosges-3\" width=\"800\" height=\"600\" \/><\/a><\/h2>\n<h2><span style=\"font-size: 14pt;\"><strong>Une semaine apr\u00e8s la rentr\u00e9e scolaire,\u00a0Emmanuel Bourel, l\u2019inspecteur d\u2019acad\u00e9mie des Vosges, a tenu ce jeudi la conf\u00e9rence de presse de rentr\u00e9e. Cette ann\u00e9e encore, les effectifs sont en baisse dans le d\u00e9partement des Vosges. En cette p\u00e9riode d\u2019\u00e9pid\u00e9mie, quelques classes ont d\u00e9j\u00e0 \u00e9t\u00e9 ferm\u00e9es dans les Vosges.<\/strong><\/span><\/h2>\n<p><!--more--><\/p>\n<p>C\u2019est dans un contexte un peu particulier que s\u2019est d\u00e9roul\u00e9e la rentr\u00e9e scolaire 2021-2022. L\u2019inspecteur d\u2019acad\u00e9mie des Vosges, Emmanuel Bourel a fait un point sur la situation dans les Vosges. <em>\u00ab\u00a0C\u2019\u00e9tait une rentr\u00e9e tr\u00e8s attendue. Il faut recr\u00e9er du lien entre les diff\u00e9rents acteurs de l\u2019\u00e9cole.\u00a0L\u2019ann\u00e9e scolaire devrait se tenir dans des conditions sanitaires plus favorables qu\u2019en 2020.\u00a0\u00bb<\/em>\u00a0commente-t-il.\u00a0L\u2019enseignement en pr\u00e9sentiel est privil\u00e9gi\u00e9 pour tous les \u00e9l\u00e8ves.<\/p>\n<h3>Des campagnes de vaccination<\/h3>\n<p>Quelques classes sont d\u00e9j\u00e0 ferm\u00e9es dans les Vosges sur les secteurs d\u2019Epinal et de Remiremont. <em>\u00ab\u00a0La continuit\u00e9 p\u00e9dagogique est assur\u00e9e. le contact est maintenu avec chaque \u00e9l\u00e8ve m\u00eame \u00e0 la maison pendant les jours d\u2019\u00e9viction.\u00a0\u00bb<\/em> explique l\u2019inspecteur d\u2019acad\u00e9mie des Vosges. La vaccination n\u2019est pas obligatoire chez les enseignants, mais selon Emmanuel Bourel, ils sont majoritairement vaccin\u00e9s. Dans tous les coll\u00e8ges et lyc\u00e9es du d\u00e9partement, des campagnes de vaccination sont propos\u00e9es.<\/p>\n<p>La suite de l&rsquo;article : <a href=\"https:\/\/epinalinfos.fr\/2021\/09\/rentree-scolaire-effectifs-toujours-baisse-vosges\/\" target=\"_blank\" rel=\"noopener\">https:\/\/epinalinfos.fr\/2021\/09\/rentree-scolaire-effectifs-toujours-baisse-vosges\/<\/a><\/p>\n","protected":false},"excerpt":{"rendered":"<p>Une semaine apr\u00e8s la rentr\u00e9e scolaire,\u00a0Emmanuel Bourel, l\u2019inspecteur d\u2019acad\u00e9mie des Vosges, a tenu ce jeudi la conf\u00e9rence de presse de [&hellip;]<\/p>\n","protected":false},"author":44,"featured_media":43020,"comment_status":"open","ping_status":"open","sticky":false,"template":"","format":"standard","meta":{"footnotes":""},"categories":[460,6,18],"tags":[1072,8801,41,8802,8803,150,8685],"class_list":["post-43019","post","type-post","status-publish","format-standard","has-post-thumbnail","hentry","category-a-la-une","category-education","category-vosges","tag-covid-19","tag-emmanuel-bourel","tag-epinal","tag-fermetures-de-classes-pour-covid-19","tag-inspecteur-dacademie-des-vosges","tag-remiremont","tag-rentree-2021-2022"],"acf":[],"yoast_head":"<!-- This site is optimized with the Yoast SEO plugin v22.5 - https:\/\/yoast.com\/wordpress\/plugins\/seo\/ -->\n<title>Rentr\u00e9e scolaire : des effectifs toujours en baisse dans les Vosges - Saint Die Info<\/title>\n<meta name=\"robots\" content=\"index, follow, max-snippet:-1, max-image-preview:large, max-video-preview:-1\" \/>\n<link rel=\"canonical\" href=\"https:\/\/vosgesinfo.fr\/saintdieinfo\/2021\/09\/rentree-scolaire-effectifs-toujours-baisse-vosges\/\" \/>\n<meta name=\"twitter:card\" content=\"summary_large_image\" \/>\n<meta name=\"twitter:title\" content=\"Rentr\u00e9e scolaire : des effectifs toujours en baisse dans les Vosges - Saint Die Info\" \/>\n<meta name=\"twitter:description\" content=\"Une semaine apr\u00e8s la rentr\u00e9e scolaire,\u00a0Emmanuel Bourel, l\u2019inspecteur d\u2019acad\u00e9mie des Vosges, a tenu ce jeudi la conf\u00e9rence de presse de [&hellip;]\" \/>\n<meta name=\"twitter:image\" content=\"https:\/\/vosgesinfo.fr\/app\/uploads\/sites\/4\/2024\/08\/202109conference-de-presse-rentree-vosges-3.jpg\" \/>\n<meta name=\"twitter:creator\" content=\"@VosgesInfo88\" \/>\n<meta name=\"twitter:site\" content=\"@VosgesInfo88\" \/>\n<meta name=\"twitter:label1\" content=\"\u00c9crit par\" \/>\n\t<meta name=\"twitter:data1\" content=\"la r\u00e9daction\" \/>\n\t<meta name=\"twitter:label2\" content=\"Dur\u00e9e de lecture estim\u00e9e\" \/>\n\t<meta name=\"twitter:data2\" content=\"1 minute\" \/>\n<script type=\"application\/ld+json\" class=\"yoast-schema-graph\">{\"@context\":\"https:\/\/schema.org\",\"@graph\":[{\"@type\":\"Article\",\"@id\":\"https:\/\/vosgesinfo.fr\/saintdieinfo\/2021\/09\/rentree-scolaire-effectifs-toujours-baisse-vosges\/#article\",\"isPartOf\":{\"@id\":\"https:\/\/vosgesinfo.fr\/saintdieinfo\/2021\/09\/rentree-scolaire-effectifs-toujours-baisse-vosges\/\"},\"author\":{\"name\":\"la r\u00e9daction\",\"@id\":\"https:\/\/vosgesinfo.fr\/saintdieinfo\/#\/schema\/person\/faee6704a21f3977511db84bd1cd450f\"},\"headline\":\"Rentr\u00e9e scolaire : des effectifs toujours en baisse dans les Vosges\",\"datePublished\":\"2021-09-09T16:12:42+00:00\",\"dateModified\":\"2021-09-09T16:12:42+00:00\",\"mainEntityOfPage\":{\"@id\":\"https:\/\/vosgesinfo.fr\/saintdieinfo\/2021\/09\/rentree-scolaire-effectifs-toujours-baisse-vosges\/\"},\"wordCount\":261,\"commentCount\":0,\"publisher\":{\"@id\":\"https:\/\/vosgesinfo.fr\/saintdieinfo\/#organization\"},\"image\":{\"@id\":\"https:\/\/vosgesinfo.fr\/saintdieinfo\/2021\/09\/rentree-scolaire-effectifs-toujours-baisse-vosges\/#primaryimage\"},\"thumbnailUrl\":\"https:\/\/vosgesinfo.fr\/app\/uploads\/sites\/4\/2024\/08\/202109conference-de-presse-rentree-vosges-3.jpg\",\"keywords\":[\"Covid-19\",\"Emmanuel Bourel\",\"Epinal\",\"Fermetures de classes pour Covid-19\",\"Inspecteur d\u2019acad\u00e9mie des Vosges\",\"Remiremont\",\"Rentr\u00e9e 2021-2022\"],\"articleSection\":[\"A la Une\",\"\u00c9ducation\",\"Vosges\"],\"inLanguage\":\"fr-FR\",\"potentialAction\":[{\"@type\":\"CommentAction\",\"name\":\"Comment\",\"target\":[\"https:\/\/vosgesinfo.fr\/saintdieinfo\/2021\/09\/rentree-scolaire-effectifs-toujours-baisse-vosges\/#respond\"]}]},{\"@type\":\"WebPage\",\"@id\":\"https:\/\/vosgesinfo.fr\/saintdieinfo\/2021\/09\/rentree-scolaire-effectifs-toujours-baisse-vosges\/\",\"url\":\"https:\/\/vosgesinfo.fr\/saintdieinfo\/2021\/09\/rentree-scolaire-effectifs-toujours-baisse-vosges\/\",\"name\":\"Rentr\u00e9e scolaire : des effectifs toujours en baisse dans les Vosges - Saint Die Info\",\"isPartOf\":{\"@id\":\"https:\/\/vosgesinfo.fr\/saintdieinfo\/#website\"},\"primaryImageOfPage\":{\"@id\":\"https:\/\/vosgesinfo.fr\/saintdieinfo\/2021\/09\/rentree-scolaire-effectifs-toujours-baisse-vosges\/#primaryimage\"},\"image\":{\"@id\":\"https:\/\/vosgesinfo.fr\/saintdieinfo\/2021\/09\/rentree-scolaire-effectifs-toujours-baisse-vosges\/#primaryimage\"},\"thumbnailUrl\":\"https:\/\/vosgesinfo.fr\/app\/uploads\/sites\/4\/2024\/08\/202109conference-de-presse-rentree-vosges-3.jpg\",\"datePublished\":\"2021-09-09T16:12:42+00:00\",\"dateModified\":\"2021-09-09T16:12:42+00:00\",\"breadcrumb\":{\"@id\":\"https:\/\/vosgesinfo.fr\/saintdieinfo\/2021\/09\/rentree-scolaire-effectifs-toujours-baisse-vosges\/#breadcrumb\"},\"inLanguage\":\"fr-FR\",\"potentialAction\":[{\"@type\":\"ReadAction\",\"target\":[\"https:\/\/vosgesinfo.fr\/saintdieinfo\/2021\/09\/rentree-scolaire-effectifs-toujours-baisse-vosges\/\"]}]},{\"@type\":\"ImageObject\",\"inLanguage\":\"fr-FR\",\"@id\":\"https:\/\/vosgesinfo.fr\/saintdieinfo\/2021\/09\/rentree-scolaire-effectifs-toujours-baisse-vosges\/#primaryimage\",\"url\":\"https:\/\/vosgesinfo.fr\/app\/uploads\/sites\/4\/2024\/08\/202109conference-de-presse-rentree-vosges-3.jpg\",\"contentUrl\":\"https:\/\/vosgesinfo.fr\/app\/uploads\/sites\/4\/2024\/08\/202109conference-de-presse-rentree-vosges-3.jpg\",\"width\":800,\"height\":600},{\"@type\":\"BreadcrumbList\",\"@id\":\"https:\/\/vosgesinfo.fr\/saintdieinfo\/2021\/09\/rentree-scolaire-effectifs-toujours-baisse-vosges\/#breadcrumb\",\"itemListElement\":[{\"@type\":\"ListItem\",\"position\":1,\"name\":\"Home\",\"item\":\"https:\/\/vosgesinfo.fr\/saintdieinfo\/\"},{\"@type\":\"ListItem\",\"position\":2,\"name\":\"Rentr\u00e9e scolaire : des effectifs toujours en baisse dans les Vosges\"}]},{\"@type\":\"WebSite\",\"@id\":\"https:\/\/vosgesinfo.fr\/saintdieinfo\/#website\",\"url\":\"https:\/\/vosgesinfo.fr\/saintdieinfo\/\",\"name\":\"Saint Die Info\",\"description\":\"Toute l&#039;actualit\u00e9 de Saint-Di\u00e9-Des-Vosges\",\"publisher\":{\"@id\":\"https:\/\/vosgesinfo.fr\/saintdieinfo\/#organization\"},\"alternateName\":\"Toute l'actualit\u00e9 de Saint-Di\u00e9-Des-Vosges\",\"potentialAction\":[{\"@type\":\"SearchAction\",\"target\":{\"@type\":\"EntryPoint\",\"urlTemplate\":\"https:\/\/vosgesinfo.fr\/saintdieinfo\/?s={search_term_string}\"},\"query-input\":\"required name=search_term_string\"}],\"inLanguage\":\"fr-FR\"},{\"@type\":\"Organization\",\"@id\":\"https:\/\/vosgesinfo.fr\/saintdieinfo\/#organization\",\"name\":\"Saint Die Info\",\"url\":\"https:\/\/vosgesinfo.fr\/saintdieinfo\/\",\"logo\":{\"@type\":\"ImageObject\",\"inLanguage\":\"fr-FR\",\"@id\":\"https:\/\/vosgesinfo.fr\/saintdieinfo\/#\/schema\/logo\/image\/\",\"url\":\"https:\/\/vosgesinfo.fr\/app\/uploads\/sites\/4\/2024\/02\/logo-sdi.jpg\",\"contentUrl\":\"https:\/\/vosgesinfo.fr\/app\/uploads\/sites\/4\/2024\/02\/logo-sdi.jpg\",\"width\":600,\"height\":600,\"caption\":\"Saint Die Info\"},\"image\":{\"@id\":\"https:\/\/vosgesinfo.fr\/saintdieinfo\/#\/schema\/logo\/image\/\"},\"sameAs\":[\"https:\/\/www.facebook.com\/Saintdieinfofr\",\"https:\/\/x.com\/VosgesInfo88\",\"https:\/\/www.youtube.com\/@vosgesinfo\"]},{\"@type\":\"Person\",\"@id\":\"https:\/\/vosgesinfo.fr\/saintdieinfo\/#\/schema\/person\/faee6704a21f3977511db84bd1cd450f\",\"name\":\"la r\u00e9daction\",\"image\":{\"@type\":\"ImageObject\",\"inLanguage\":\"fr-FR\",\"@id\":\"https:\/\/vosgesinfo.fr\/saintdieinfo\/#\/schema\/person\/image\/\",\"url\":\"https:\/\/secure.gravatar.com\/avatar\/6673d8bc6a9c17fa9a453eaa3448de834fa308c2ec9635b7aa99441a7c8d2cf6?s=96&d=mm&r=g\",\"contentUrl\":\"https:\/\/secure.gravatar.com\/avatar\/6673d8bc6a9c17fa9a453eaa3448de834fa308c2ec9635b7aa99441a7c8d2cf6?s=96&d=mm&r=g\",\"caption\":\"la r\u00e9daction\"},\"url\":\"https:\/\/vosgesinfo.fr\/saintdieinfo\/author\/redac\/\"}]}<\/script>\n<!-- \/ Yoast SEO plugin. -->","yoast_head_json":{"title":"Rentr\u00e9e scolaire : des effectifs toujours en baisse dans les Vosges - Saint Die Info","robots":{"index":"index","follow":"follow","max-snippet":"max-snippet:-1","max-image-preview":"max-image-preview:large","max-video-preview":"max-video-preview:-1"},"canonical":"https:\/\/vosgesinfo.fr\/saintdieinfo\/2021\/09\/rentree-scolaire-effectifs-toujours-baisse-vosges\/","twitter_card":"summary_large_image","twitter_title":"Rentr\u00e9e scolaire : des effectifs toujours en baisse dans les Vosges - Saint Die Info","twitter_description":"Une semaine apr\u00e8s la rentr\u00e9e scolaire,\u00a0Emmanuel Bourel, l\u2019inspecteur d\u2019acad\u00e9mie des Vosges, a tenu ce jeudi la conf\u00e9rence de presse de [&hellip;]","twitter_image":"https:\/\/vosgesinfo.fr\/app\/uploads\/sites\/4\/2024\/08\/202109conference-de-presse-rentree-vosges-3.jpg","twitter_creator":"@VosgesInfo88","twitter_site":"@VosgesInfo88","twitter_misc":{"\u00c9crit par":"la r\u00e9daction","Dur\u00e9e de lecture estim\u00e9e":"1 minute"},"schema":{"@context":"https:\/\/schema.org","@graph":[{"@type":"Article","@id":"https:\/\/vosgesinfo.fr\/saintdieinfo\/2021\/09\/rentree-scolaire-effectifs-toujours-baisse-vosges\/#article","isPartOf":{"@id":"https:\/\/vosgesinfo.fr\/saintdieinfo\/2021\/09\/rentree-scolaire-effectifs-toujours-baisse-vosges\/"},"author":{"name":"la r\u00e9daction","@id":"https:\/\/vosgesinfo.fr\/saintdieinfo\/#\/schema\/person\/faee6704a21f3977511db84bd1cd450f"},"headline":"Rentr\u00e9e scolaire : des effectifs toujours en baisse dans les Vosges","datePublished":"2021-09-09T16:12:42+00:00","dateModified":"2021-09-09T16:12:42+00:00","mainEntityOfPage":{"@id":"https:\/\/vosgesinfo.fr\/saintdieinfo\/2021\/09\/rentree-scolaire-effectifs-toujours-baisse-vosges\/"},"wordCount":261,"commentCount":0,"publisher":{"@id":"https:\/\/vosgesinfo.fr\/saintdieinfo\/#organization"},"image":{"@id":"https:\/\/vosgesinfo.fr\/saintdieinfo\/2021\/09\/rentree-scolaire-effectifs-toujours-baisse-vosges\/#primaryimage"},"thumbnailUrl":"https:\/\/vosgesinfo.fr\/app\/uploads\/sites\/4\/2024\/08\/202109conference-de-presse-rentree-vosges-3.jpg","keywords":["Covid-19","Emmanuel Bourel","Epinal","Fermetures de classes pour Covid-19","Inspecteur d\u2019acad\u00e9mie des Vosges","Remiremont","Rentr\u00e9e 2021-2022"],"articleSection":["A la Une","\u00c9ducation","Vosges"],"inLanguage":"fr-FR","potentialAction":[{"@type":"CommentAction","name":"Comment","target":["https:\/\/vosgesinfo.fr\/saintdieinfo\/2021\/09\/rentree-scolaire-effectifs-toujours-baisse-vosges\/#respond"]}]},{"@type":"WebPage","@id":"https:\/\/vosgesinfo.fr\/saintdieinfo\/2021\/09\/rentree-scolaire-effectifs-toujours-baisse-vosges\/","url":"https:\/\/vosgesinfo.fr\/saintdieinfo\/2021\/09\/rentree-scolaire-effectifs-toujours-baisse-vosges\/","name":"Rentr\u00e9e scolaire : des effectifs toujours en baisse dans les Vosges - Saint Die Info","isPartOf":{"@id":"https:\/\/vosgesinfo.fr\/saintdieinfo\/#website"},"primaryImageOfPage":{"@id":"https:\/\/vosgesinfo.fr\/saintdieinfo\/2021\/09\/rentree-scolaire-effectifs-toujours-baisse-vosges\/#primaryimage"},"image":{"@id":"https:\/\/vosgesinfo.fr\/saintdieinfo\/2021\/09\/rentree-scolaire-effectifs-toujours-baisse-vosges\/#primaryimage"},"thumbnailUrl":"https:\/\/vosgesinfo.fr\/app\/uploads\/sites\/4\/2024\/08\/202109conference-de-presse-rentree-vosges-3.jpg","datePublished":"2021-09-09T16:12:42+00:00","dateModified":"2021-09-09T16:12:42+00:00","breadcrumb":{"@id":"https:\/\/vosgesinfo.fr\/saintdieinfo\/2021\/09\/rentree-scolaire-effectifs-toujours-baisse-vosges\/#breadcrumb"},"inLanguage":"fr-FR","potentialAction":[{"@type":"ReadAction","target":["https:\/\/vosgesinfo.fr\/saintdieinfo\/2021\/09\/rentree-scolaire-effectifs-toujours-baisse-vosges\/"]}]},{"@type":"ImageObject","inLanguage":"fr-FR","@id":"https:\/\/vosgesinfo.fr\/saintdieinfo\/2021\/09\/rentree-scolaire-effectifs-toujours-baisse-vosges\/#primaryimage","url":"https:\/\/vosgesinfo.fr\/app\/uploads\/sites\/4\/2024\/08\/202109conference-de-presse-rentree-vosges-3.jpg","contentUrl":"https:\/\/vosgesinfo.fr\/app\/uploads\/sites\/4\/2024\/08\/202109conference-de-presse-rentree-vosges-3.jpg","width":800,"height":600},{"@type":"BreadcrumbList","@id":"https:\/\/vosgesinfo.fr\/saintdieinfo\/2021\/09\/rentree-scolaire-effectifs-toujours-baisse-vosges\/#breadcrumb","itemListElement":[{"@type":"ListItem","position":1,"name":"Home","item":"https:\/\/vosgesinfo.fr\/saintdieinfo\/"},{"@type":"ListItem","position":2,"name":"Rentr\u00e9e scolaire : des effectifs toujours en baisse dans les Vosges"}]},{"@type":"WebSite","@id":"https:\/\/vosgesinfo.fr\/saintdieinfo\/#website","url":"https:\/\/vosgesinfo.fr\/saintdieinfo\/","name":"Saint Die Info","description":"Toute l&#039;actualit\u00e9 de Saint-Di\u00e9-Des-Vosges","publisher":{"@id":"https:\/\/vosgesinfo.fr\/saintdieinfo\/#organization"},"alternateName":"Toute l'actualit\u00e9 de Saint-Di\u00e9-Des-Vosges","potentialAction":[{"@type":"SearchAction","target":{"@type":"EntryPoint","urlTemplate":"https:\/\/vosgesinfo.fr\/saintdieinfo\/?s={search_term_string}"},"query-input":"required name=search_term_string"}],"inLanguage":"fr-FR"},{"@type":"Organization","@id":"https:\/\/vosgesinfo.fr\/saintdieinfo\/#organization","name":"Saint Die Info","url":"https:\/\/vosgesinfo.fr\/saintdieinfo\/","logo":{"@type":"ImageObject","inLanguage":"fr-FR","@id":"https:\/\/vosgesinfo.fr\/saintdieinfo\/#\/schema\/logo\/image\/","url":"https:\/\/vosgesinfo.fr\/app\/uploads\/sites\/4\/2024\/02\/logo-sdi.jpg","contentUrl":"https:\/\/vosgesinfo.fr\/app\/uploads\/sites\/4\/2024\/02\/logo-sdi.jpg","width":600,"height":600,"caption":"Saint Die Info"},"image":{"@id":"https:\/\/vosgesinfo.fr\/saintdieinfo\/#\/schema\/logo\/image\/"},"sameAs":["https:\/\/www.facebook.com\/Saintdieinfofr","https:\/\/x.com\/VosgesInfo88","https:\/\/www.youtube.com\/@vosgesinfo"]},{"@type":"Person","@id":"https:\/\/vosgesinfo.fr\/saintdieinfo\/#\/schema\/person\/faee6704a21f3977511db84bd1cd450f","name":"la r\u00e9daction","image":{"@type":"ImageObject","inLanguage":"fr-FR","@id":"https:\/\/vosgesinfo.fr\/saintdieinfo\/#\/schema\/person\/image\/","url":"https:\/\/secure.gravatar.com\/avatar\/6673d8bc6a9c17fa9a453eaa3448de834fa308c2ec9635b7aa99441a7c8d2cf6?s=96&d=mm&r=g","contentUrl":"https:\/\/secure.gravatar.com\/avatar\/6673d8bc6a9c17fa9a453eaa3448de834fa308c2ec9635b7aa99441a7c8d2cf6?s=96&d=mm&r=g","caption":"la r\u00e9daction"},"url":"https:\/\/vosgesinfo.fr\/saintdieinfo\/author\/redac\/"}]}},"_links":{"self":[{"href":"https:\/\/vosgesinfo.fr\/saintdieinfo\/wp-json\/wp\/v2\/posts\/43019","targetHints":{"allow":["GET"]}}],"collection":[{"href":"https:\/\/vosgesinfo.fr\/saintdieinfo\/wp-json\/wp\/v2\/posts"}],"about":[{"href":"https:\/\/vosgesinfo.fr\/saintdieinfo\/wp-json\/wp\/v2\/types\/post"}],"author":[{"embeddable":true,"href":"https:\/\/vosgesinfo.fr\/saintdieinfo\/wp-json\/wp\/v2\/users\/44"}],"replies":[{"embeddable":true,"href":"https:\/\/vosgesinfo.fr\/saintdieinfo\/wp-json\/wp\/v2\/comments?post=43019"}],"version-history":[{"count":0,"href":"https:\/\/vosgesinfo.fr\/saintdieinfo\/wp-json\/wp\/v2\/posts\/43019\/revisions"}],"wp:featuredmedia":[{"embeddable":true,"href":"https:\/\/vosgesinfo.fr\/saintdieinfo\/wp-json\/wp\/v2\/media\/43020"}],"wp:attachment":[{"href":"https:\/\/vosgesinfo.fr\/saintdieinfo\/wp-json\/wp\/v2\/media?parent=43019"}],"wp:term":[{"taxonomy":"category","embeddable":true,"href":"https:\/\/vosgesinfo.fr\/saintdieinfo\/wp-json\/wp\/v2\/categories?post=43019"},{"taxonomy":"post_tag","embeddable":true,"href":"https:\/\/vosgesinfo.fr\/saintdieinfo\/wp-json\/wp\/v2\/tags?post=43019"}],"curies":[{"name":"wp","href":"https:\/\/api.w.org\/{rel}","templated":true}]}}