{"id":43027,"date":"2021-09-10T10:54:09","date_gmt":"2021-09-10T08:54:09","guid":{"rendered":"https:\/\/vosgesinfo.fr\/saintdieinfo\/2021\/09\/bonnes-affaires-de-rentree-chez-gamm-vert\/"},"modified":"2021-09-10T10:54:09","modified_gmt":"2021-09-10T08:54:09","slug":"bonnes-affaires-de-rentree-chez-gamm-vert","status":"publish","type":"post","link":"https:\/\/vosgesinfo.fr\/saintdieinfo\/2021\/09\/bonnes-affaires-de-rentree-chez-gamm-vert\/","title":{"rendered":"Les bonnes affaires de la rentr\u00e9e chez Gamm Vert"},"content":{"rendered":"<p style=\"text-align: left;\" align=\"JUSTIFY\"><a href=\"\/2021\/09\/Gamm-Vert-photo-premium-sept-2021.jpg\" target=\"_blank\" rel=\"noopener\"><img decoding=\"async\" class=\"aligncenter wp-image-171630 size-full\" src=\"\/2021\/09\/Gamm-Vert-photo-premium-sept-2021.jpg\" alt=\"Gamm Vert photo premium sept 2021\" width=\"747\" height=\"529\" \/><\/a><\/p>\n<h2 style=\"text-align: left;\" align=\"JUSTIFY\"><span style=\"font-size: 14pt;\"><strong>En ce d\u00e9but de rentr\u00e9e, votre magasin Gamm Vert affiche depuis quelques jours des promos dans tous les rayons\u00a0! A vous d\u2019en profiter jusqu\u2019au 19 septembre 2021\u00a0!<\/strong><\/span><\/h2>\n<p style=\"text-align: left;\" align=\"JUSTIFY\"><!--more--><\/p>\n<p style=\"text-align: left;\" align=\"JUSTIFY\"><span style=\"font-size: medium;\">Que se soient sur les produits phytosanitaires, d\u00e9sherbant, anti-mousse, r\u00e9pulsif, ou encore les engrais, les terreaux (2+1 sac offert), les semences potag\u00e8res (3+1 sachet offert), les protections naturelles du sol comme les plaquettes de bois (2+1 sac offert)\u2026 sans oublier les bonnes affaires sur le mat\u00e9riel de jardin, b\u00e8che, pioche, r\u00e2teau, cisaille et autres s\u00e9cateurs (2 outils manuels de la marque Fiskars achet\u00e9s le moins cher est \u00e0 moiti\u00e9 prix)\u2026ou encore les promos sur les v\u00eatements, les chaussures de protection, les bottes, les gants de travail\u2026 il y en a pour tous vos besoins quotidiens ou saisonniers..\u2026 et m\u00eame sur les aliments et les accessoires de vos animaux de compagnie\u00a0!<\/span><\/p>\n\n<p style=\"text-align: left;\" align=\"JUSTIFY\"><a name=\"_GoBack\"><\/a><span style=\"font-size: medium;\">Alors le rendez-vous est pris dans votre jardinerie pr\u00e9f\u00e9r\u00e9e, car maintenant c\u2019est \u00e0 vous d\u2019en profiter jusqu\u2019au 19 septembre et n\u2019h\u00e9sitez pas \u00e0 demander conseils aux experts de Chez Gamm Vert, comp\u00e9tents et en plus\u00a0 sympathiques !!<\/span><\/p>\n<p style=\"text-align: left;\" align=\"JUSTIFY\"><a href=\"\/2021\/09\/gamm-vert-ext.jpg\" target=\"_blank\" rel=\"noopener\"><img decoding=\"async\" class=\"aligncenter wp-image-171629 size-full\" src=\"\/2021\/09\/gamm-vert-ext.jpg\" alt=\"gamm vert ext\" width=\"800\" height=\"371\" \/><\/a><\/p>\n<p style=\"text-align: left;\"><strong><span style=\"font-size: 12pt;\">Gamm Vert Saint-Di\u00e9, 16 rue Emile de Durkheim, t\u00e9l.\u00a0: 03.29.56.94.70<\/span><\/strong><\/p>\n<p style=\"text-align: left;\"><strong><span style=\"font-size: 12pt;\">Gamm Vert Fraize, 1 rue Victor Lalev\u00e9e, t\u00e9l.\u00a0: 03.29.50.30.39<\/span><\/strong><\/p>\n<p style=\"text-align: left;\"><strong><span style=\"font-family: Times New Roman, serif; font-size: 12pt;\"><span style=\"font-family: Arial, serif;\">Gamm Vert Champs-Le-Duc, 1, Zone Artisanale, t\u00e9l.\u00a0: 03.29.52.48.97<\/span><\/span><\/strong><\/p>\n<p style=\"text-align: left;\"><strong><span style=\"font-size: 12pt;\">Gamm Vert Sainte-Croix-Aux-Mines, Rue Maurice Burrus, t\u00e9l.\u00a0: 03.89.58.78.11<\/span><\/strong><\/p>\n<p style=\"text-align: left;\"><span style=\"font-size: medium;\">R\u00e9daction\u00a0et photos : Patricia Ferry-Demange\u00a0; patricia.ferrydemange@gmail.com<\/span><\/p>\n","protected":false},"excerpt":{"rendered":"<p>En ce d\u00e9but de rentr\u00e9e, votre magasin Gamm Vert affiche depuis quelques jours des promos dans tous les rayons\u00a0! A [&hellip;]<\/p>\n","protected":false},"author":44,"featured_media":43028,"comment_status":"open","ping_status":"open","sticky":false,"template":"","format":"standard","meta":{"footnotes":""},"categories":[460,2915],"tags":[2942],"class_list":["post-43027","post","type-post","status-publish","format-standard","has-post-thumbnail","hentry","category-a-la-une","category-saint-die-son-canton","tag-gamm-vert"],"acf":[],"yoast_head":"<!-- This site is optimized with the Yoast SEO plugin v22.5 - https:\/\/yoast.com\/wordpress\/plugins\/seo\/ -->\n<title>Les bonnes affaires de la rentr\u00e9e chez Gamm Vert - Saint Die Info<\/title>\n<meta name=\"robots\" content=\"index, follow, max-snippet:-1, max-image-preview:large, max-video-preview:-1\" \/>\n<link rel=\"canonical\" href=\"https:\/\/vosgesinfo.fr\/saintdieinfo\/2021\/09\/bonnes-affaires-de-rentree-chez-gamm-vert\/\" \/>\n<meta name=\"twitter:card\" content=\"summary_large_image\" \/>\n<meta name=\"twitter:title\" content=\"Les bonnes affaires de la rentr\u00e9e chez Gamm Vert - Saint Die Info\" \/>\n<meta name=\"twitter:description\" content=\"En ce d\u00e9but de rentr\u00e9e, votre magasin Gamm Vert affiche depuis quelques jours des promos dans tous les rayons\u00a0! A [&hellip;]\" \/>\n<meta name=\"twitter:image\" content=\"https:\/\/vosgesinfo.fr\/app\/uploads\/sites\/4\/2024\/08\/202109gamm-vert-photo-premium-sept-2021.jpg\" \/>\n<meta name=\"twitter:creator\" content=\"@VosgesInfo88\" \/>\n<meta name=\"twitter:site\" content=\"@VosgesInfo88\" \/>\n<meta name=\"twitter:label1\" content=\"\u00c9crit par\" \/>\n\t<meta name=\"twitter:data1\" content=\"la r\u00e9daction\" \/>\n\t<meta name=\"twitter:label2\" content=\"Dur\u00e9e de lecture estim\u00e9e\" \/>\n\t<meta name=\"twitter:data2\" content=\"1 minute\" \/>\n<script type=\"application\/ld+json\" class=\"yoast-schema-graph\">{\"@context\":\"https:\/\/schema.org\",\"@graph\":[{\"@type\":\"Article\",\"@id\":\"https:\/\/vosgesinfo.fr\/saintdieinfo\/2021\/09\/bonnes-affaires-de-rentree-chez-gamm-vert\/#article\",\"isPartOf\":{\"@id\":\"https:\/\/vosgesinfo.fr\/saintdieinfo\/2021\/09\/bonnes-affaires-de-rentree-chez-gamm-vert\/\"},\"author\":{\"name\":\"la r\u00e9daction\",\"@id\":\"https:\/\/vosgesinfo.fr\/saintdieinfo\/#\/schema\/person\/faee6704a21f3977511db84bd1cd450f\"},\"headline\":\"Les bonnes affaires de la rentr\u00e9e chez Gamm Vert\",\"datePublished\":\"2021-09-10T08:54:09+00:00\",\"dateModified\":\"2021-09-10T08:54:09+00:00\",\"mainEntityOfPage\":{\"@id\":\"https:\/\/vosgesinfo.fr\/saintdieinfo\/2021\/09\/bonnes-affaires-de-rentree-chez-gamm-vert\/\"},\"wordCount\":246,\"commentCount\":0,\"publisher\":{\"@id\":\"https:\/\/vosgesinfo.fr\/saintdieinfo\/#organization\"},\"image\":{\"@id\":\"https:\/\/vosgesinfo.fr\/saintdieinfo\/2021\/09\/bonnes-affaires-de-rentree-chez-gamm-vert\/#primaryimage\"},\"thumbnailUrl\":\"https:\/\/vosgesinfo.fr\/app\/uploads\/sites\/4\/2024\/08\/202109gamm-vert-photo-premium-sept-2021.jpg\",\"keywords\":[\"Gamm Vert\"],\"articleSection\":[\"A la Une\",\"Saint-Di\u00e9-des-Vosges et son Agglom\u00e9ration\"],\"inLanguage\":\"fr-FR\",\"potentialAction\":[{\"@type\":\"CommentAction\",\"name\":\"Comment\",\"target\":[\"https:\/\/vosgesinfo.fr\/saintdieinfo\/2021\/09\/bonnes-affaires-de-rentree-chez-gamm-vert\/#respond\"]}]},{\"@type\":\"WebPage\",\"@id\":\"https:\/\/vosgesinfo.fr\/saintdieinfo\/2021\/09\/bonnes-affaires-de-rentree-chez-gamm-vert\/\",\"url\":\"https:\/\/vosgesinfo.fr\/saintdieinfo\/2021\/09\/bonnes-affaires-de-rentree-chez-gamm-vert\/\",\"name\":\"Les bonnes affaires de la rentr\u00e9e chez Gamm Vert - Saint Die Info\",\"isPartOf\":{\"@id\":\"https:\/\/vosgesinfo.fr\/saintdieinfo\/#website\"},\"primaryImageOfPage\":{\"@id\":\"https:\/\/vosgesinfo.fr\/saintdieinfo\/2021\/09\/bonnes-affaires-de-rentree-chez-gamm-vert\/#primaryimage\"},\"image\":{\"@id\":\"https:\/\/vosgesinfo.fr\/saintdieinfo\/2021\/09\/bonnes-affaires-de-rentree-chez-gamm-vert\/#primaryimage\"},\"thumbnailUrl\":\"https:\/\/vosgesinfo.fr\/app\/uploads\/sites\/4\/2024\/08\/202109gamm-vert-photo-premium-sept-2021.jpg\",\"datePublished\":\"2021-09-10T08:54:09+00:00\",\"dateModified\":\"2021-09-10T08:54:09+00:00\",\"breadcrumb\":{\"@id\":\"https:\/\/vosgesinfo.fr\/saintdieinfo\/2021\/09\/bonnes-affaires-de-rentree-chez-gamm-vert\/#breadcrumb\"},\"inLanguage\":\"fr-FR\",\"potentialAction\":[{\"@type\":\"ReadAction\",\"target\":[\"https:\/\/vosgesinfo.fr\/saintdieinfo\/2021\/09\/bonnes-affaires-de-rentree-chez-gamm-vert\/\"]}]},{\"@type\":\"ImageObject\",\"inLanguage\":\"fr-FR\",\"@id\":\"https:\/\/vosgesinfo.fr\/saintdieinfo\/2021\/09\/bonnes-affaires-de-rentree-chez-gamm-vert\/#primaryimage\",\"url\":\"https:\/\/vosgesinfo.fr\/app\/uploads\/sites\/4\/2024\/08\/202109gamm-vert-photo-premium-sept-2021.jpg\",\"contentUrl\":\"https:\/\/vosgesinfo.fr\/app\/uploads\/sites\/4\/2024\/08\/202109gamm-vert-photo-premium-sept-2021.jpg\",\"width\":747,\"height\":529},{\"@type\":\"BreadcrumbList\",\"@id\":\"https:\/\/vosgesinfo.fr\/saintdieinfo\/2021\/09\/bonnes-affaires-de-rentree-chez-gamm-vert\/#breadcrumb\",\"itemListElement\":[{\"@type\":\"ListItem\",\"position\":1,\"name\":\"Home\",\"item\":\"https:\/\/vosgesinfo.fr\/saintdieinfo\/\"},{\"@type\":\"ListItem\",\"position\":2,\"name\":\"Les bonnes affaires de la rentr\u00e9e chez Gamm Vert\"}]},{\"@type\":\"WebSite\",\"@id\":\"https:\/\/vosgesinfo.fr\/saintdieinfo\/#website\",\"url\":\"https:\/\/vosgesinfo.fr\/saintdieinfo\/\",\"name\":\"Saint Die Info\",\"description\":\"Toute l&#039;actualit\u00e9 de Saint-Di\u00e9-Des-Vosges\",\"publisher\":{\"@id\":\"https:\/\/vosgesinfo.fr\/saintdieinfo\/#organization\"},\"alternateName\":\"Toute l'actualit\u00e9 de Saint-Di\u00e9-Des-Vosges\",\"potentialAction\":[{\"@type\":\"SearchAction\",\"target\":{\"@type\":\"EntryPoint\",\"urlTemplate\":\"https:\/\/vosgesinfo.fr\/saintdieinfo\/?s={search_term_string}\"},\"query-input\":\"required name=search_term_string\"}],\"inLanguage\":\"fr-FR\"},{\"@type\":\"Organization\",\"@id\":\"https:\/\/vosgesinfo.fr\/saintdieinfo\/#organization\",\"name\":\"Saint Die Info\",\"url\":\"https:\/\/vosgesinfo.fr\/saintdieinfo\/\",\"logo\":{\"@type\":\"ImageObject\",\"inLanguage\":\"fr-FR\",\"@id\":\"https:\/\/vosgesinfo.fr\/saintdieinfo\/#\/schema\/logo\/image\/\",\"url\":\"https:\/\/vosgesinfo.fr\/app\/uploads\/sites\/4\/2024\/02\/logo-sdi.jpg\",\"contentUrl\":\"https:\/\/vosgesinfo.fr\/app\/uploads\/sites\/4\/2024\/02\/logo-sdi.jpg\",\"width\":600,\"height\":600,\"caption\":\"Saint Die Info\"},\"image\":{\"@id\":\"https:\/\/vosgesinfo.fr\/saintdieinfo\/#\/schema\/logo\/image\/\"},\"sameAs\":[\"https:\/\/www.facebook.com\/Saintdieinfofr\",\"https:\/\/x.com\/VosgesInfo88\",\"https:\/\/www.youtube.com\/@vosgesinfo\"]},{\"@type\":\"Person\",\"@id\":\"https:\/\/vosgesinfo.fr\/saintdieinfo\/#\/schema\/person\/faee6704a21f3977511db84bd1cd450f\",\"name\":\"la r\u00e9daction\",\"image\":{\"@type\":\"ImageObject\",\"inLanguage\":\"fr-FR\",\"@id\":\"https:\/\/vosgesinfo.fr\/saintdieinfo\/#\/schema\/person\/image\/\",\"url\":\"https:\/\/secure.gravatar.com\/avatar\/6673d8bc6a9c17fa9a453eaa3448de834fa308c2ec9635b7aa99441a7c8d2cf6?s=96&d=mm&r=g\",\"contentUrl\":\"https:\/\/secure.gravatar.com\/avatar\/6673d8bc6a9c17fa9a453eaa3448de834fa308c2ec9635b7aa99441a7c8d2cf6?s=96&d=mm&r=g\",\"caption\":\"la r\u00e9daction\"},\"url\":\"https:\/\/vosgesinfo.fr\/saintdieinfo\/author\/redac\/\"}]}<\/script>\n<!-- \/ Yoast SEO plugin. -->","yoast_head_json":{"title":"Les bonnes affaires de la rentr\u00e9e chez Gamm Vert - Saint Die Info","robots":{"index":"index","follow":"follow","max-snippet":"max-snippet:-1","max-image-preview":"max-image-preview:large","max-video-preview":"max-video-preview:-1"},"canonical":"https:\/\/vosgesinfo.fr\/saintdieinfo\/2021\/09\/bonnes-affaires-de-rentree-chez-gamm-vert\/","twitter_card":"summary_large_image","twitter_title":"Les bonnes affaires de la rentr\u00e9e chez Gamm Vert - Saint Die Info","twitter_description":"En ce d\u00e9but de rentr\u00e9e, votre magasin Gamm Vert affiche depuis quelques jours des promos dans tous les rayons\u00a0! A [&hellip;]","twitter_image":"https:\/\/vosgesinfo.fr\/app\/uploads\/sites\/4\/2024\/08\/202109gamm-vert-photo-premium-sept-2021.jpg","twitter_creator":"@VosgesInfo88","twitter_site":"@VosgesInfo88","twitter_misc":{"\u00c9crit par":"la r\u00e9daction","Dur\u00e9e de lecture estim\u00e9e":"1 minute"},"schema":{"@context":"https:\/\/schema.org","@graph":[{"@type":"Article","@id":"https:\/\/vosgesinfo.fr\/saintdieinfo\/2021\/09\/bonnes-affaires-de-rentree-chez-gamm-vert\/#article","isPartOf":{"@id":"https:\/\/vosgesinfo.fr\/saintdieinfo\/2021\/09\/bonnes-affaires-de-rentree-chez-gamm-vert\/"},"author":{"name":"la r\u00e9daction","@id":"https:\/\/vosgesinfo.fr\/saintdieinfo\/#\/schema\/person\/faee6704a21f3977511db84bd1cd450f"},"headline":"Les bonnes affaires de la rentr\u00e9e chez Gamm Vert","datePublished":"2021-09-10T08:54:09+00:00","dateModified":"2021-09-10T08:54:09+00:00","mainEntityOfPage":{"@id":"https:\/\/vosgesinfo.fr\/saintdieinfo\/2021\/09\/bonnes-affaires-de-rentree-chez-gamm-vert\/"},"wordCount":246,"commentCount":0,"publisher":{"@id":"https:\/\/vosgesinfo.fr\/saintdieinfo\/#organization"},"image":{"@id":"https:\/\/vosgesinfo.fr\/saintdieinfo\/2021\/09\/bonnes-affaires-de-rentree-chez-gamm-vert\/#primaryimage"},"thumbnailUrl":"https:\/\/vosgesinfo.fr\/app\/uploads\/sites\/4\/2024\/08\/202109gamm-vert-photo-premium-sept-2021.jpg","keywords":["Gamm Vert"],"articleSection":["A la Une","Saint-Di\u00e9-des-Vosges et son Agglom\u00e9ration"],"inLanguage":"fr-FR","potentialAction":[{"@type":"CommentAction","name":"Comment","target":["https:\/\/vosgesinfo.fr\/saintdieinfo\/2021\/09\/bonnes-affaires-de-rentree-chez-gamm-vert\/#respond"]}]},{"@type":"WebPage","@id":"https:\/\/vosgesinfo.fr\/saintdieinfo\/2021\/09\/bonnes-affaires-de-rentree-chez-gamm-vert\/","url":"https:\/\/vosgesinfo.fr\/saintdieinfo\/2021\/09\/bonnes-affaires-de-rentree-chez-gamm-vert\/","name":"Les bonnes affaires de la rentr\u00e9e chez Gamm Vert - Saint Die Info","isPartOf":{"@id":"https:\/\/vosgesinfo.fr\/saintdieinfo\/#website"},"primaryImageOfPage":{"@id":"https:\/\/vosgesinfo.fr\/saintdieinfo\/2021\/09\/bonnes-affaires-de-rentree-chez-gamm-vert\/#primaryimage"},"image":{"@id":"https:\/\/vosgesinfo.fr\/saintdieinfo\/2021\/09\/bonnes-affaires-de-rentree-chez-gamm-vert\/#primaryimage"},"thumbnailUrl":"https:\/\/vosgesinfo.fr\/app\/uploads\/sites\/4\/2024\/08\/202109gamm-vert-photo-premium-sept-2021.jpg","datePublished":"2021-09-10T08:54:09+00:00","dateModified":"2021-09-10T08:54:09+00:00","breadcrumb":{"@id":"https:\/\/vosgesinfo.fr\/saintdieinfo\/2021\/09\/bonnes-affaires-de-rentree-chez-gamm-vert\/#breadcrumb"},"inLanguage":"fr-FR","potentialAction":[{"@type":"ReadAction","target":["https:\/\/vosgesinfo.fr\/saintdieinfo\/2021\/09\/bonnes-affaires-de-rentree-chez-gamm-vert\/"]}]},{"@type":"ImageObject","inLanguage":"fr-FR","@id":"https:\/\/vosgesinfo.fr\/saintdieinfo\/2021\/09\/bonnes-affaires-de-rentree-chez-gamm-vert\/#primaryimage","url":"https:\/\/vosgesinfo.fr\/app\/uploads\/sites\/4\/2024\/08\/202109gamm-vert-photo-premium-sept-2021.jpg","contentUrl":"https:\/\/vosgesinfo.fr\/app\/uploads\/sites\/4\/2024\/08\/202109gamm-vert-photo-premium-sept-2021.jpg","width":747,"height":529},{"@type":"BreadcrumbList","@id":"https:\/\/vosgesinfo.fr\/saintdieinfo\/2021\/09\/bonnes-affaires-de-rentree-chez-gamm-vert\/#breadcrumb","itemListElement":[{"@type":"ListItem","position":1,"name":"Home","item":"https:\/\/vosgesinfo.fr\/saintdieinfo\/"},{"@type":"ListItem","position":2,"name":"Les bonnes affaires de la rentr\u00e9e chez Gamm Vert"}]},{"@type":"WebSite","@id":"https:\/\/vosgesinfo.fr\/saintdieinfo\/#website","url":"https:\/\/vosgesinfo.fr\/saintdieinfo\/","name":"Saint Die Info","description":"Toute l&#039;actualit\u00e9 de Saint-Di\u00e9-Des-Vosges","publisher":{"@id":"https:\/\/vosgesinfo.fr\/saintdieinfo\/#organization"},"alternateName":"Toute l'actualit\u00e9 de Saint-Di\u00e9-Des-Vosges","potentialAction":[{"@type":"SearchAction","target":{"@type":"EntryPoint","urlTemplate":"https:\/\/vosgesinfo.fr\/saintdieinfo\/?s={search_term_string}"},"query-input":"required name=search_term_string"}],"inLanguage":"fr-FR"},{"@type":"Organization","@id":"https:\/\/vosgesinfo.fr\/saintdieinfo\/#organization","name":"Saint Die Info","url":"https:\/\/vosgesinfo.fr\/saintdieinfo\/","logo":{"@type":"ImageObject","inLanguage":"fr-FR","@id":"https:\/\/vosgesinfo.fr\/saintdieinfo\/#\/schema\/logo\/image\/","url":"https:\/\/vosgesinfo.fr\/app\/uploads\/sites\/4\/2024\/02\/logo-sdi.jpg","contentUrl":"https:\/\/vosgesinfo.fr\/app\/uploads\/sites\/4\/2024\/02\/logo-sdi.jpg","width":600,"height":600,"caption":"Saint Die Info"},"image":{"@id":"https:\/\/vosgesinfo.fr\/saintdieinfo\/#\/schema\/logo\/image\/"},"sameAs":["https:\/\/www.facebook.com\/Saintdieinfofr","https:\/\/x.com\/VosgesInfo88","https:\/\/www.youtube.com\/@vosgesinfo"]},{"@type":"Person","@id":"https:\/\/vosgesinfo.fr\/saintdieinfo\/#\/schema\/person\/faee6704a21f3977511db84bd1cd450f","name":"la r\u00e9daction","image":{"@type":"ImageObject","inLanguage":"fr-FR","@id":"https:\/\/vosgesinfo.fr\/saintdieinfo\/#\/schema\/person\/image\/","url":"https:\/\/secure.gravatar.com\/avatar\/6673d8bc6a9c17fa9a453eaa3448de834fa308c2ec9635b7aa99441a7c8d2cf6?s=96&d=mm&r=g","contentUrl":"https:\/\/secure.gravatar.com\/avatar\/6673d8bc6a9c17fa9a453eaa3448de834fa308c2ec9635b7aa99441a7c8d2cf6?s=96&d=mm&r=g","caption":"la r\u00e9daction"},"url":"https:\/\/vosgesinfo.fr\/saintdieinfo\/author\/redac\/"}]}},"_links":{"self":[{"href":"https:\/\/vosgesinfo.fr\/saintdieinfo\/wp-json\/wp\/v2\/posts\/43027","targetHints":{"allow":["GET"]}}],"collection":[{"href":"https:\/\/vosgesinfo.fr\/saintdieinfo\/wp-json\/wp\/v2\/posts"}],"about":[{"href":"https:\/\/vosgesinfo.fr\/saintdieinfo\/wp-json\/wp\/v2\/types\/post"}],"author":[{"embeddable":true,"href":"https:\/\/vosgesinfo.fr\/saintdieinfo\/wp-json\/wp\/v2\/users\/44"}],"replies":[{"embeddable":true,"href":"https:\/\/vosgesinfo.fr\/saintdieinfo\/wp-json\/wp\/v2\/comments?post=43027"}],"version-history":[{"count":0,"href":"https:\/\/vosgesinfo.fr\/saintdieinfo\/wp-json\/wp\/v2\/posts\/43027\/revisions"}],"wp:featuredmedia":[{"embeddable":true,"href":"https:\/\/vosgesinfo.fr\/saintdieinfo\/wp-json\/wp\/v2\/media\/43028"}],"wp:attachment":[{"href":"https:\/\/vosgesinfo.fr\/saintdieinfo\/wp-json\/wp\/v2\/media?parent=43027"}],"wp:term":[{"taxonomy":"category","embeddable":true,"href":"https:\/\/vosgesinfo.fr\/saintdieinfo\/wp-json\/wp\/v2\/categories?post=43027"},{"taxonomy":"post_tag","embeddable":true,"href":"https:\/\/vosgesinfo.fr\/saintdieinfo\/wp-json\/wp\/v2\/tags?post=43027"}],"curies":[{"name":"wp","href":"https:\/\/api.w.org\/{rel}","templated":true}]}}